{"id":936,"date":"2019-11-14T09:36:24","date_gmt":"2019-11-14T08:36:24","guid":{"rendered":"http:\/\/alexandrecenis.com\/?p=936"},"modified":"2019-11-14T09:37:29","modified_gmt":"2019-11-14T08:37:29","slug":"martine-et-son-papi","status":"publish","type":"post","link":"https:\/\/alexandrecenis.com\/index.php\/2019\/11\/14\/martine-et-son-papi\/","title":{"rendered":"Martine et son papi"},"content":{"rendered":"<p style=\"text-align: justify;\">Bien le bonjour le monde digital ! La maladie d\u2019Alzheimer est sans conteste difficile \u00e0 comprendre pour un enfant. Alors, avec p\u00e9dagogie, comment expliquer pourquoi papi oublie votre propre pr\u00e9nom ou pourquoi Mamie ne reconna\u00eet pas sa propre fille ? Et bien, l\u2019agence de publicit\u00e9 Publicis Belgique a trouv\u00e9 une solution pour le moins originale afin d\u2019aborder le sujet aupr\u00e8s des plus jeunes.<\/p>\n<p><img loading=\"lazy\" decoding=\"async\" class=\"aligncenter wp-image-937 \" src=\"http:\/\/alexandrecenis.com\/wp-content\/uploads\/2019\/11\/alzheimer-sensibilisation-martine-1-803x1024.jpg\" alt=\"\" width=\"463\" height=\"590\" srcset=\"https:\/\/alexandrecenis.com\/wp-content\/uploads\/2019\/11\/alzheimer-sensibilisation-martine-1-803x1024.jpg 803w, https:\/\/alexandrecenis.com\/wp-content\/uploads\/2019\/11\/alzheimer-sensibilisation-martine-1-235x300.jpg 235w, https:\/\/alexandrecenis.com\/wp-content\/uploads\/2019\/11\/alzheimer-sensibilisation-martine-1-768x979.jpg 768w, https:\/\/alexandrecenis.com\/wp-content\/uploads\/2019\/11\/alzheimer-sensibilisation-martine-1-780x995.jpg 780w, https:\/\/alexandrecenis.com\/wp-content\/uploads\/2019\/11\/alzheimer-sensibilisation-martine-1-1120x1428.jpg 1120w, https:\/\/alexandrecenis.com\/wp-content\/uploads\/2019\/11\/alzheimer-sensibilisation-martine-1.jpg 1400w\" sizes=\"(max-width: 463px) 100vw, 463px\" \/><\/p>\n<p style=\"text-align: justify;\">En collaboration avec la\u00a0Ligue Belge d\u2019Alzheimer, l\u2019agence a con\u00e7u un livre pour enfants, publi\u00e9 par Casterman. Un livre pas comme les autres, puisque c\u2019est une \u00e9dition sp\u00e9ciale de la s\u00e9rie de livres pour enfants\u00a0Martine. Cet album raconte l\u2019histoire de la c\u00e9l\u00e8bre petite fille, qui tente cette fois-ci de comprendre ce qu\u2019il se passe avec son grand-p\u00e8re. Bas\u00e9 sur de v\u00e9ritables t\u00e9moignages de la part de patients atteints de la maladie, le livre saura parler aux plus jeunes.<\/p>\n<p><img loading=\"lazy\" decoding=\"async\" class=\"aligncenter wp-image-938 \" src=\"http:\/\/alexandrecenis.com\/wp-content\/uploads\/2019\/11\/alzheimer-sensibilisation-martine-2-989x1024.jpg\" alt=\"\" width=\"537\" height=\"556\" srcset=\"https:\/\/alexandrecenis.com\/wp-content\/uploads\/2019\/11\/alzheimer-sensibilisation-martine-2-989x1024.jpg 989w, https:\/\/alexandrecenis.com\/wp-content\/uploads\/2019\/11\/alzheimer-sensibilisation-martine-2-290x300.jpg 290w, https:\/\/alexandrecenis.com\/wp-content\/uploads\/2019\/11\/alzheimer-sensibilisation-martine-2-768x795.jpg 768w, https:\/\/alexandrecenis.com\/wp-content\/uploads\/2019\/11\/alzheimer-sensibilisation-martine-2-780x807.jpg 780w, https:\/\/alexandrecenis.com\/wp-content\/uploads\/2019\/11\/alzheimer-sensibilisation-martine-2-1120x1159.jpg 1120w, https:\/\/alexandrecenis.com\/wp-content\/uploads\/2019\/11\/alzheimer-sensibilisation-martine-2.jpg 1400w\" sizes=\"(max-width: 537px) 100vw, 537px\" \/><\/p>\n<p style=\"text-align: justify;\">Car il n\u2019est pas toujours simple de discuter d\u2019un sujet pareil avec des tout-petits, cette cr\u00e9ation r\u00e9ussit \u00e0 poser des mots sur des sympt\u00f4mes et d\u2019autres signes annonciateurs que les enfants ne voient pas forc\u00e9ment. Une solution qui aidera sans doute beaucoup de parents, qui ne savent pas toujours comment en parler. \u201cMartine a un papi bizarre\u201d\u00a0est disponible en tirage limit\u00e9, sur le\u00a0site officiel de la campagne ici, pour le prix de <strong>6 euros<\/strong>. Une partie des b\u00e9n\u00e9fices sera ensuite revers\u00e9e \u00e0 la Ligue Nationale Alzheimer Liga, qui est une association de patients et de b\u00e9n\u00e9voles offrant un soutien aux personnes atteintes de d\u00e9mence, \u00e0 leur famille et \u00e0 leurs proches. On applaudit cette initiative cr\u00e9ative, qui arrive \u00e0 communiquer sur un sujet douloureux.<\/p>\n<p><img loading=\"lazy\" decoding=\"async\" class=\"aligncenter wp-image-939 size-large\" src=\"http:\/\/alexandrecenis.com\/wp-content\/uploads\/2019\/11\/alzheimer-sensibilisation-martine-1-2-1024x535.jpg\" alt=\"\" width=\"1024\" height=\"535\" srcset=\"https:\/\/alexandrecenis.com\/wp-content\/uploads\/2019\/11\/alzheimer-sensibilisation-martine-1-2-1024x535.jpg 1024w, https:\/\/alexandrecenis.com\/wp-content\/uploads\/2019\/11\/alzheimer-sensibilisation-martine-1-2-300x157.jpg 300w, https:\/\/alexandrecenis.com\/wp-content\/uploads\/2019\/11\/alzheimer-sensibilisation-martine-1-2-768x402.jpg 768w, https:\/\/alexandrecenis.com\/wp-content\/uploads\/2019\/11\/alzheimer-sensibilisation-martine-1-2-780x408.jpg 780w, https:\/\/alexandrecenis.com\/wp-content\/uploads\/2019\/11\/alzheimer-sensibilisation-martine-1-2-1120x586.jpg 1120w, https:\/\/alexandrecenis.com\/wp-content\/uploads\/2019\/11\/alzheimer-sensibilisation-martine-1-2.jpg 1400w\" sizes=\"(max-width: 1024px) 100vw, 1024px\" \/><\/p>\n<p style=\"text-align: justify;\">\n","protected":false},"excerpt":{"rendered":"<p>Bien le bonjour le monde digital ! La maladie d\u2019Alzheimer est sans conteste difficile \u00e0 comprendre pour un enfant. Alors, avec p\u00e9dagogie, comment expliquer pourquoi papi oublie votre propre pr\u00e9nom ou pourquoi Mamie ne reconna\u00eet pas sa propre fille ? Et bien, l\u2019agence de publicit\u00e9 Publicis Belgique a trouv\u00e9 une solution pour le moins originale [&hellip;]<\/p>\n","protected":false},"author":1,"featured_media":937,"comment_status":"closed","ping_status":"open","sticky":false,"template":"","format":"standard","meta":{"_et_pb_use_builder":"","_et_pb_old_content":"","_et_gb_content_width":"","footnotes":""},"categories":[113,4],"tags":[378,377,379,376,374,375],"class_list":["post-936","post","type-post","status-publish","format-standard","has-post-thumbnail","hentry","category-communication","category-marketing","tag-casterman","tag-ligue-nationale-alzheimer-liga","tag-livre","tag-maladie","tag-martine","tag-papi"],"yoast_head":"<!-- This site is optimized with the Yoast SEO plugin v27.3 - https:\/\/yoast.com\/product\/yoast-seo-wordpress\/ -->\n<title>Martine et son papi - Alexandre Cenis<\/title>\n<meta name=\"robots\" content=\"index, follow, max-snippet:-1, max-image-preview:large, max-video-preview:-1\" \/>\n<link rel=\"canonical\" href=\"https:\/\/alexandrecenis.com\/index.php\/2019\/11\/14\/martine-et-son-papi\/\" \/>\n<meta property=\"og:locale\" content=\"fr_FR\" \/>\n<meta property=\"og:type\" content=\"article\" \/>\n<meta property=\"og:title\" content=\"Martine et son papi - Alexandre Cenis\" \/>\n<meta property=\"og:description\" content=\"Bien le bonjour le monde digital ! La maladie d\u2019Alzheimer est sans conteste difficile \u00e0 comprendre pour un enfant. Alors, avec p\u00e9dagogie, comment expliquer pourquoi papi oublie votre propre pr\u00e9nom ou pourquoi Mamie ne reconna\u00eet pas sa propre fille ? Et bien, l\u2019agence de publicit\u00e9 Publicis Belgique a trouv\u00e9 une solution pour le moins originale [&hellip;]\" \/>\n<meta property=\"og:url\" content=\"https:\/\/alexandrecenis.com\/index.php\/2019\/11\/14\/martine-et-son-papi\/\" \/>\n<meta property=\"og:site_name\" content=\"Alexandre Cenis\" \/>\n<meta property=\"article:published_time\" content=\"2019-11-14T08:36:24+00:00\" \/>\n<meta property=\"article:modified_time\" content=\"2019-11-14T08:37:29+00:00\" \/>\n<meta property=\"og:image\" content=\"https:\/\/alexandrecenis.com\/wp-content\/uploads\/2019\/11\/alzheimer-sensibilisation-martine-1.jpg\" \/>\n\t<meta property=\"og:image:width\" content=\"1400\" \/>\n\t<meta property=\"og:image:height\" content=\"1785\" \/>\n\t<meta property=\"og:image:type\" content=\"image\/jpeg\" \/>\n<meta name=\"author\" content=\"admin8497\" \/>\n<meta name=\"twitter:card\" content=\"summary_large_image\" \/>\n<meta name=\"twitter:creator\" content=\"@alexandrecenis\" \/>\n<meta name=\"twitter:site\" content=\"@alexandrecenis\" \/>\n<meta name=\"twitter:label1\" content=\"\u00c9crit par\" \/>\n\t<meta name=\"twitter:data1\" content=\"admin8497\" \/>\n\t<meta name=\"twitter:label2\" content=\"Dur\u00e9e de lecture estim\u00e9e\" \/>\n\t<meta name=\"twitter:data2\" content=\"1 minute\" \/>\n<script type=\"application\/ld+json\" class=\"yoast-schema-graph\">{\"@context\":\"https:\\\/\\\/schema.org\",\"@graph\":[{\"@type\":\"Article\",\"@id\":\"https:\\\/\\\/alexandrecenis.com\\\/index.php\\\/2019\\\/11\\\/14\\\/martine-et-son-papi\\\/#article\",\"isPartOf\":{\"@id\":\"https:\\\/\\\/alexandrecenis.com\\\/index.php\\\/2019\\\/11\\\/14\\\/martine-et-son-papi\\\/\"},\"author\":{\"name\":\"admin8497\",\"@id\":\"https:\\\/\\\/alexandrecenis.com\\\/#\\\/schema\\\/person\\\/cb034178deaf60a8602f9c700c5b1c83\"},\"headline\":\"Martine et son papi\",\"datePublished\":\"2019-11-14T08:36:24+00:00\",\"dateModified\":\"2019-11-14T08:37:29+00:00\",\"mainEntityOfPage\":{\"@id\":\"https:\\\/\\\/alexandrecenis.com\\\/index.php\\\/2019\\\/11\\\/14\\\/martine-et-son-papi\\\/\"},\"wordCount\":297,\"image\":{\"@id\":\"https:\\\/\\\/alexandrecenis.com\\\/index.php\\\/2019\\\/11\\\/14\\\/martine-et-son-papi\\\/#primaryimage\"},\"thumbnailUrl\":\"https:\\\/\\\/alexandrecenis.com\\\/wp-content\\\/uploads\\\/2019\\\/11\\\/alzheimer-sensibilisation-martine-1.jpg\",\"keywords\":[\"Casterman\",\"Ligue Nationale Alzheimer Liga\",\"livre\",\"maladie\",\"martine\",\"papi\"],\"articleSection\":[\"Communication\",\"Marketing\"],\"inLanguage\":\"fr-FR\"},{\"@type\":\"WebPage\",\"@id\":\"https:\\\/\\\/alexandrecenis.com\\\/index.php\\\/2019\\\/11\\\/14\\\/martine-et-son-papi\\\/\",\"url\":\"https:\\\/\\\/alexandrecenis.com\\\/index.php\\\/2019\\\/11\\\/14\\\/martine-et-son-papi\\\/\",\"name\":\"Martine et son papi - Alexandre Cenis\",\"isPartOf\":{\"@id\":\"https:\\\/\\\/alexandrecenis.com\\\/#website\"},\"primaryImageOfPage\":{\"@id\":\"https:\\\/\\\/alexandrecenis.com\\\/index.php\\\/2019\\\/11\\\/14\\\/martine-et-son-papi\\\/#primaryimage\"},\"image\":{\"@id\":\"https:\\\/\\\/alexandrecenis.com\\\/index.php\\\/2019\\\/11\\\/14\\\/martine-et-son-papi\\\/#primaryimage\"},\"thumbnailUrl\":\"https:\\\/\\\/alexandrecenis.com\\\/wp-content\\\/uploads\\\/2019\\\/11\\\/alzheimer-sensibilisation-martine-1.jpg\",\"datePublished\":\"2019-11-14T08:36:24+00:00\",\"dateModified\":\"2019-11-14T08:37:29+00:00\",\"author\":{\"@id\":\"https:\\\/\\\/alexandrecenis.com\\\/#\\\/schema\\\/person\\\/cb034178deaf60a8602f9c700c5b1c83\"},\"breadcrumb\":{\"@id\":\"https:\\\/\\\/alexandrecenis.com\\\/index.php\\\/2019\\\/11\\\/14\\\/martine-et-son-papi\\\/#breadcrumb\"},\"inLanguage\":\"fr-FR\",\"potentialAction\":[{\"@type\":\"ReadAction\",\"target\":[\"https:\\\/\\\/alexandrecenis.com\\\/index.php\\\/2019\\\/11\\\/14\\\/martine-et-son-papi\\\/\"]}]},{\"@type\":\"ImageObject\",\"inLanguage\":\"fr-FR\",\"@id\":\"https:\\\/\\\/alexandrecenis.com\\\/index.php\\\/2019\\\/11\\\/14\\\/martine-et-son-papi\\\/#primaryimage\",\"url\":\"https:\\\/\\\/alexandrecenis.com\\\/wp-content\\\/uploads\\\/2019\\\/11\\\/alzheimer-sensibilisation-martine-1.jpg\",\"contentUrl\":\"https:\\\/\\\/alexandrecenis.com\\\/wp-content\\\/uploads\\\/2019\\\/11\\\/alzheimer-sensibilisation-martine-1.jpg\",\"width\":1400,\"height\":1785},{\"@type\":\"BreadcrumbList\",\"@id\":\"https:\\\/\\\/alexandrecenis.com\\\/index.php\\\/2019\\\/11\\\/14\\\/martine-et-son-papi\\\/#breadcrumb\",\"itemListElement\":[{\"@type\":\"ListItem\",\"position\":1,\"name\":\"Home\",\"item\":\"https:\\\/\\\/alexandrecenis.com\\\/\"},{\"@type\":\"ListItem\",\"position\":2,\"name\":\"Martine et son papi\"}]},{\"@type\":\"WebSite\",\"@id\":\"https:\\\/\\\/alexandrecenis.com\\\/#website\",\"url\":\"https:\\\/\\\/alexandrecenis.com\\\/\",\"name\":\"Alexandre Cenis\",\"description\":\"Intelligence Cr\u00e9ative\",\"potentialAction\":[{\"@type\":\"SearchAction\",\"target\":{\"@type\":\"EntryPoint\",\"urlTemplate\":\"https:\\\/\\\/alexandrecenis.com\\\/?s={search_term_string}\"},\"query-input\":{\"@type\":\"PropertyValueSpecification\",\"valueRequired\":true,\"valueName\":\"search_term_string\"}}],\"inLanguage\":\"fr-FR\"},{\"@type\":\"Person\",\"@id\":\"https:\\\/\\\/alexandrecenis.com\\\/#\\\/schema\\\/person\\\/cb034178deaf60a8602f9c700c5b1c83\",\"name\":\"admin8497\",\"image\":{\"@type\":\"ImageObject\",\"inLanguage\":\"fr-FR\",\"@id\":\"https:\\\/\\\/secure.gravatar.com\\\/avatar\\\/9586a1b4e51047e1977e647153ddd075f143e741c8e5ba4d03f6cfa4c61126fd?s=96&d=mm&r=g\",\"url\":\"https:\\\/\\\/secure.gravatar.com\\\/avatar\\\/9586a1b4e51047e1977e647153ddd075f143e741c8e5ba4d03f6cfa4c61126fd?s=96&d=mm&r=g\",\"contentUrl\":\"https:\\\/\\\/secure.gravatar.com\\\/avatar\\\/9586a1b4e51047e1977e647153ddd075f143e741c8e5ba4d03f6cfa4c61126fd?s=96&d=mm&r=g\",\"caption\":\"admin8497\"},\"url\":\"https:\\\/\\\/alexandrecenis.com\\\/index.php\\\/author\\\/admin8497\\\/\"}]}<\/script>\n<!-- \/ Yoast SEO plugin. -->","yoast_head_json":{"title":"Martine et son papi - Alexandre Cenis","robots":{"index":"index","follow":"follow","max-snippet":"max-snippet:-1","max-image-preview":"max-image-preview:large","max-video-preview":"max-video-preview:-1"},"canonical":"https:\/\/alexandrecenis.com\/index.php\/2019\/11\/14\/martine-et-son-papi\/","og_locale":"fr_FR","og_type":"article","og_title":"Martine et son papi - Alexandre Cenis","og_description":"Bien le bonjour le monde digital ! La maladie d\u2019Alzheimer est sans conteste difficile \u00e0 comprendre pour un enfant. Alors, avec p\u00e9dagogie, comment expliquer pourquoi papi oublie votre propre pr\u00e9nom ou pourquoi Mamie ne reconna\u00eet pas sa propre fille ? Et bien, l\u2019agence de publicit\u00e9 Publicis Belgique a trouv\u00e9 une solution pour le moins originale [&hellip;]","og_url":"https:\/\/alexandrecenis.com\/index.php\/2019\/11\/14\/martine-et-son-papi\/","og_site_name":"Alexandre Cenis","article_published_time":"2019-11-14T08:36:24+00:00","article_modified_time":"2019-11-14T08:37:29+00:00","og_image":[{"width":1400,"height":1785,"url":"https:\/\/alexandrecenis.com\/wp-content\/uploads\/2019\/11\/alzheimer-sensibilisation-martine-1.jpg","type":"image\/jpeg"}],"author":"admin8497","twitter_card":"summary_large_image","twitter_creator":"@alexandrecenis","twitter_site":"@alexandrecenis","twitter_misc":{"\u00c9crit par":"admin8497","Dur\u00e9e de lecture estim\u00e9e":"1 minute"},"schema":{"@context":"https:\/\/schema.org","@graph":[{"@type":"Article","@id":"https:\/\/alexandrecenis.com\/index.php\/2019\/11\/14\/martine-et-son-papi\/#article","isPartOf":{"@id":"https:\/\/alexandrecenis.com\/index.php\/2019\/11\/14\/martine-et-son-papi\/"},"author":{"name":"admin8497","@id":"https:\/\/alexandrecenis.com\/#\/schema\/person\/cb034178deaf60a8602f9c700c5b1c83"},"headline":"Martine et son papi","datePublished":"2019-11-14T08:36:24+00:00","dateModified":"2019-11-14T08:37:29+00:00","mainEntityOfPage":{"@id":"https:\/\/alexandrecenis.com\/index.php\/2019\/11\/14\/martine-et-son-papi\/"},"wordCount":297,"image":{"@id":"https:\/\/alexandrecenis.com\/index.php\/2019\/11\/14\/martine-et-son-papi\/#primaryimage"},"thumbnailUrl":"https:\/\/alexandrecenis.com\/wp-content\/uploads\/2019\/11\/alzheimer-sensibilisation-martine-1.jpg","keywords":["Casterman","Ligue Nationale Alzheimer Liga","livre","maladie","martine","papi"],"articleSection":["Communication","Marketing"],"inLanguage":"fr-FR"},{"@type":"WebPage","@id":"https:\/\/alexandrecenis.com\/index.php\/2019\/11\/14\/martine-et-son-papi\/","url":"https:\/\/alexandrecenis.com\/index.php\/2019\/11\/14\/martine-et-son-papi\/","name":"Martine et son papi - Alexandre Cenis","isPartOf":{"@id":"https:\/\/alexandrecenis.com\/#website"},"primaryImageOfPage":{"@id":"https:\/\/alexandrecenis.com\/index.php\/2019\/11\/14\/martine-et-son-papi\/#primaryimage"},"image":{"@id":"https:\/\/alexandrecenis.com\/index.php\/2019\/11\/14\/martine-et-son-papi\/#primaryimage"},"thumbnailUrl":"https:\/\/alexandrecenis.com\/wp-content\/uploads\/2019\/11\/alzheimer-sensibilisation-martine-1.jpg","datePublished":"2019-11-14T08:36:24+00:00","dateModified":"2019-11-14T08:37:29+00:00","author":{"@id":"https:\/\/alexandrecenis.com\/#\/schema\/person\/cb034178deaf60a8602f9c700c5b1c83"},"breadcrumb":{"@id":"https:\/\/alexandrecenis.com\/index.php\/2019\/11\/14\/martine-et-son-papi\/#breadcrumb"},"inLanguage":"fr-FR","potentialAction":[{"@type":"ReadAction","target":["https:\/\/alexandrecenis.com\/index.php\/2019\/11\/14\/martine-et-son-papi\/"]}]},{"@type":"ImageObject","inLanguage":"fr-FR","@id":"https:\/\/alexandrecenis.com\/index.php\/2019\/11\/14\/martine-et-son-papi\/#primaryimage","url":"https:\/\/alexandrecenis.com\/wp-content\/uploads\/2019\/11\/alzheimer-sensibilisation-martine-1.jpg","contentUrl":"https:\/\/alexandrecenis.com\/wp-content\/uploads\/2019\/11\/alzheimer-sensibilisation-martine-1.jpg","width":1400,"height":1785},{"@type":"BreadcrumbList","@id":"https:\/\/alexandrecenis.com\/index.php\/2019\/11\/14\/martine-et-son-papi\/#breadcrumb","itemListElement":[{"@type":"ListItem","position":1,"name":"Home","item":"https:\/\/alexandrecenis.com\/"},{"@type":"ListItem","position":2,"name":"Martine et son papi"}]},{"@type":"WebSite","@id":"https:\/\/alexandrecenis.com\/#website","url":"https:\/\/alexandrecenis.com\/","name":"Alexandre Cenis","description":"Intelligence Cr\u00e9ative","potentialAction":[{"@type":"SearchAction","target":{"@type":"EntryPoint","urlTemplate":"https:\/\/alexandrecenis.com\/?s={search_term_string}"},"query-input":{"@type":"PropertyValueSpecification","valueRequired":true,"valueName":"search_term_string"}}],"inLanguage":"fr-FR"},{"@type":"Person","@id":"https:\/\/alexandrecenis.com\/#\/schema\/person\/cb034178deaf60a8602f9c700c5b1c83","name":"admin8497","image":{"@type":"ImageObject","inLanguage":"fr-FR","@id":"https:\/\/secure.gravatar.com\/avatar\/9586a1b4e51047e1977e647153ddd075f143e741c8e5ba4d03f6cfa4c61126fd?s=96&d=mm&r=g","url":"https:\/\/secure.gravatar.com\/avatar\/9586a1b4e51047e1977e647153ddd075f143e741c8e5ba4d03f6cfa4c61126fd?s=96&d=mm&r=g","contentUrl":"https:\/\/secure.gravatar.com\/avatar\/9586a1b4e51047e1977e647153ddd075f143e741c8e5ba4d03f6cfa4c61126fd?s=96&d=mm&r=g","caption":"admin8497"},"url":"https:\/\/alexandrecenis.com\/index.php\/author\/admin8497\/"}]}},"_links":{"self":[{"href":"https:\/\/alexandrecenis.com\/index.php\/wp-json\/wp\/v2\/posts\/936","targetHints":{"allow":["GET"]}}],"collection":[{"href":"https:\/\/alexandrecenis.com\/index.php\/wp-json\/wp\/v2\/posts"}],"about":[{"href":"https:\/\/alexandrecenis.com\/index.php\/wp-json\/wp\/v2\/types\/post"}],"author":[{"embeddable":true,"href":"https:\/\/alexandrecenis.com\/index.php\/wp-json\/wp\/v2\/users\/1"}],"replies":[{"embeddable":true,"href":"https:\/\/alexandrecenis.com\/index.php\/wp-json\/wp\/v2\/comments?post=936"}],"version-history":[{"count":4,"href":"https:\/\/alexandrecenis.com\/index.php\/wp-json\/wp\/v2\/posts\/936\/revisions"}],"predecessor-version":[{"id":943,"href":"https:\/\/alexandrecenis.com\/index.php\/wp-json\/wp\/v2\/posts\/936\/revisions\/943"}],"wp:featuredmedia":[{"embeddable":true,"href":"https:\/\/alexandrecenis.com\/index.php\/wp-json\/wp\/v2\/media\/937"}],"wp:attachment":[{"href":"https:\/\/alexandrecenis.com\/index.php\/wp-json\/wp\/v2\/media?parent=936"}],"wp:term":[{"taxonomy":"category","embeddable":true,"href":"https:\/\/alexandrecenis.com\/index.php\/wp-json\/wp\/v2\/categories?post=936"},{"taxonomy":"post_tag","embeddable":true,"href":"https:\/\/alexandrecenis.com\/index.php\/wp-json\/wp\/v2\/tags?post=936"}],"curies":[{"name":"wp","href":"https:\/\/api.w.org\/{rel}","templated":true}]}}