{"id":8768,"date":"2024-06-26T06:45:52","date_gmt":"2024-06-26T04:45:52","guid":{"rendered":"https:\/\/alexandrecenis.com\/?p=8768"},"modified":"2024-06-26T06:45:52","modified_gmt":"2024-06-26T04:45:52","slug":"la-charge-mentale","status":"publish","type":"post","link":"https:\/\/alexandrecenis.com\/index.php\/2024\/06\/26\/la-charge-mentale\/","title":{"rendered":"La charge mentale"},"content":{"rendered":"<p style=\"text-align: justify;\">Bien le bonjour le monde digital ! En 1978, Serge Lama chantait son c\u00e9l\u00e8bre titre \u00ab\u00a0Femme, femme, femme\u00a0\u00bb&#8230;.et bien aujourd&rsquo;hui, les femmes sont encore le sujet du jour. Pour \u00eatre clair, c&rsquo;est plus la charge mentale des femmes dont on parle&#8230;.Venez, je vais tout vous expliquer, allez : Com\u2019 with me !<\/p>\n<audio class=\"wp-audio-shortcode\" id=\"audio-8768-1\" preload=\"none\" style=\"width: 100%;\" controls=\"controls\"><source type=\"audio\/mpeg\" src=\"https:\/\/alexandrecenis.com\/wp-content\/uploads\/2024\/06\/charge-mentale-ok.mp3?_=1\" \/><a href=\"https:\/\/alexandrecenis.com\/wp-content\/uploads\/2024\/06\/charge-mentale-ok.mp3\">https:\/\/alexandrecenis.com\/wp-content\/uploads\/2024\/06\/charge-mentale-ok.mp3<\/a><\/audio>\n<p>&nbsp;<\/p>\n<p style=\"text-align: justify;\">Le r\u00e9seau de pharmacies Aprium renforce son engagement pour la sant\u00e9 des femmes \u00e0 travers une nouvelle campagne sign\u00e9e Score DDB pour la marque propre de l\u2019enseigne, Laboratoire Aprium. D\u00e8s les premi\u00e8res secondes, le storytelling est install\u00e9 d&rsquo;un point de vue audio et vid\u00e9o et la probl\u00e9matique se d\u00e9couvre rapidement.<\/p>\n<p><img loading=\"lazy\" decoding=\"async\" class=\"aligncenter wp-image-8769 size-large\" src=\"https:\/\/alexandrecenis.com\/wp-content\/uploads\/2024\/06\/1-7-1024x574.png\" alt=\"\" width=\"1024\" height=\"574\" srcset=\"https:\/\/alexandrecenis.com\/wp-content\/uploads\/2024\/06\/1-7-1024x574.png 1024w, https:\/\/alexandrecenis.com\/wp-content\/uploads\/2024\/06\/1-7-980x550.png 980w, https:\/\/alexandrecenis.com\/wp-content\/uploads\/2024\/06\/1-7-480x269.png 480w\" sizes=\"(min-width: 0px) and (max-width: 480px) 480px, (min-width: 481px) and (max-width: 980px) 980px, (min-width: 981px) 1024px, 100vw\" \/><\/p>\n<p><img loading=\"lazy\" decoding=\"async\" class=\"aligncenter wp-image-8770 size-large\" src=\"https:\/\/alexandrecenis.com\/wp-content\/uploads\/2024\/06\/2-7-1024x577.png\" alt=\"\" width=\"1024\" height=\"577\" srcset=\"https:\/\/alexandrecenis.com\/wp-content\/uploads\/2024\/06\/2-7-1024x577.png 1024w, https:\/\/alexandrecenis.com\/wp-content\/uploads\/2024\/06\/2-7-980x552.png 980w, https:\/\/alexandrecenis.com\/wp-content\/uploads\/2024\/06\/2-7-480x271.png 480w\" sizes=\"(min-width: 0px) and (max-width: 480px) 480px, (min-width: 481px) and (max-width: 980px) 980px, (min-width: 981px) 1024px, 100vw\" \/><\/p>\n<p style=\"text-align: justify;\">\u00c0 travers une galerie de portraits de femmes en noir et blanc, le film r\u00e9alis\u00e9 par Sonia Sieff (MAUL production) pr\u00e9sente diff\u00e9rentes situations de charge mentale auxquelles les femmes font quotidiennement faire face. Et pour les hommes qui en doutaient, oui, c&rsquo;est bel et bien le quotidien de beaucoup. je vous avoue qu&rsquo;au vu de la cible, je comprend parfaitement le pourquoi du comment mais ce qui me \u00ab\u00a0g\u00eane\u00a0\u00bb un peu c&rsquo;est que les hommes sont oubli\u00e9s.<\/p>\n<p style=\"text-align: justify;\">Pas mal d&rsquo;entre nous g\u00e8rent aussi un paquet de choses tout au long de la journ\u00e9e, dans les m\u00eame conditions et avec les m\u00eames attentes mais ce c\u00f4t\u00e9 \u00ab\u00a0exclusif\u00a0\u00bb pour les femmes &#8211; m\u00eame si elles sont la cible &#8211; occulte parfois que les hommes seuls aussi doivent g\u00e9rer les enfants, le travail, les activit\u00e9s sportives, la maison, etc..<\/p>\n<p><img loading=\"lazy\" decoding=\"async\" class=\"aligncenter wp-image-8771 size-large\" src=\"https:\/\/alexandrecenis.com\/wp-content\/uploads\/2024\/06\/3-7-1024x576.png\" alt=\"\" width=\"1024\" height=\"576\" srcset=\"https:\/\/alexandrecenis.com\/wp-content\/uploads\/2024\/06\/3-7-1024x576.png 1024w, https:\/\/alexandrecenis.com\/wp-content\/uploads\/2024\/06\/3-7-980x551.png 980w, https:\/\/alexandrecenis.com\/wp-content\/uploads\/2024\/06\/3-7-480x270.png 480w\" sizes=\"(min-width: 0px) and (max-width: 480px) 480px, (min-width: 481px) and (max-width: 980px) 980px, (min-width: 981px) 1024px, 100vw\" \/><\/p>\n<p><img loading=\"lazy\" decoding=\"async\" class=\"aligncenter wp-image-8772 size-large\" src=\"https:\/\/alexandrecenis.com\/wp-content\/uploads\/2024\/06\/4-5-1024x578.png\" alt=\"\" width=\"1024\" height=\"578\" srcset=\"https:\/\/alexandrecenis.com\/wp-content\/uploads\/2024\/06\/4-5-1024x578.png 1024w, https:\/\/alexandrecenis.com\/wp-content\/uploads\/2024\/06\/4-5-980x553.png 980w, https:\/\/alexandrecenis.com\/wp-content\/uploads\/2024\/06\/4-5-480x271.png 480w\" sizes=\"(min-width: 0px) and (max-width: 480px) 480px, (min-width: 481px) and (max-width: 980px) 980px, (min-width: 981px) 1024px, 100vw\" \/><\/p>\n<p style=\"text-align: justify;\">La marque leur propose alors une solution, une pause. Le film est diffus\u00e9e en VOL en 30s et 20s, en digital et sur les r\u00e9seaux sociaux tous les mois de juin et juillet 2024.<\/p>\n<p style=\"text-align: center;\"><iframe loading=\"lazy\" title=\"YouTube video player\" src=\"https:\/\/www.youtube.com\/embed\/5QxoQD8bOpM?si=RjYNRg0mcoRh2WUG\" width=\"560\" height=\"315\" frameborder=\"0\" allowfullscreen=\"allowfullscreen\"><\/iframe><\/p>\n","protected":false},"excerpt":{"rendered":"<p>Bien le bonjour le monde digital ! En 1978, Serge Lama chantait son c\u00e9l\u00e8bre titre \u00ab\u00a0Femme, femme, femme\u00a0\u00bb&#8230;.et bien aujourd&rsquo;hui, les femmes sont encore le sujet du jour. Pour \u00eatre clair, c&rsquo;est plus la charge mentale des femmes dont on parle&#8230;.Venez, je vais tout vous expliquer, allez : Com\u2019 with me ! &nbsp; Le r\u00e9seau [&hellip;]<\/p>\n","protected":false},"author":1,"featured_media":8773,"comment_status":"closed","ping_status":"open","sticky":false,"template":"","format":"standard","meta":{"_et_pb_use_builder":"","_et_pb_old_content":"","_et_gb_content_width":"","footnotes":""},"categories":[2],"tags":[2976,2977,45,2975,2974],"class_list":["post-8768","post","type-post","status-publish","format-standard","has-post-thumbnail","hentry","category-publicite","tag-aprium","tag-charge-mentale","tag-femme","tag-maul-production","tag-score-ddb"],"yoast_head":"<!-- This site is optimized with the Yoast SEO plugin v27.3 - https:\/\/yoast.com\/product\/yoast-seo-wordpress\/ -->\n<title>La charge mentale - Alexandre Cenis<\/title>\n<meta name=\"robots\" content=\"index, follow, max-snippet:-1, max-image-preview:large, max-video-preview:-1\" \/>\n<link rel=\"canonical\" href=\"https:\/\/alexandrecenis.com\/index.php\/2024\/06\/26\/la-charge-mentale\/\" \/>\n<meta property=\"og:locale\" content=\"fr_FR\" \/>\n<meta property=\"og:type\" content=\"article\" \/>\n<meta property=\"og:title\" content=\"La charge mentale - Alexandre Cenis\" \/>\n<meta property=\"og:description\" content=\"Bien le bonjour le monde digital ! En 1978, Serge Lama chantait son c\u00e9l\u00e8bre titre \u00ab\u00a0Femme, femme, femme\u00a0\u00bb&#8230;.et bien aujourd&rsquo;hui, les femmes sont encore le sujet du jour. Pour \u00eatre clair, c&rsquo;est plus la charge mentale des femmes dont on parle&#8230;.Venez, je vais tout vous expliquer, allez : Com\u2019 with me ! &nbsp; Le r\u00e9seau [&hellip;]\" \/>\n<meta property=\"og:url\" content=\"https:\/\/alexandrecenis.com\/index.php\/2024\/06\/26\/la-charge-mentale\/\" \/>\n<meta property=\"og:site_name\" content=\"Alexandre Cenis\" \/>\n<meta property=\"article:published_time\" content=\"2024-06-26T04:45:52+00:00\" \/>\n<meta property=\"og:image\" content=\"https:\/\/alexandrecenis.com\/wp-content\/uploads\/2024\/06\/vignette-7.png\" \/>\n\t<meta property=\"og:image:width\" content=\"1240\" \/>\n\t<meta property=\"og:image:height\" content=\"689\" \/>\n\t<meta property=\"og:image:type\" content=\"image\/png\" \/>\n<meta name=\"author\" content=\"admin8497\" \/>\n<meta name=\"twitter:card\" content=\"summary_large_image\" \/>\n<meta name=\"twitter:creator\" content=\"@alexandrecenis\" \/>\n<meta name=\"twitter:site\" content=\"@alexandrecenis\" \/>\n<meta name=\"twitter:label1\" content=\"\u00c9crit par\" \/>\n\t<meta name=\"twitter:data1\" content=\"admin8497\" \/>\n\t<meta name=\"twitter:label2\" content=\"Dur\u00e9e de lecture estim\u00e9e\" \/>\n\t<meta name=\"twitter:data2\" content=\"2 minutes\" \/>\n<script type=\"application\/ld+json\" class=\"yoast-schema-graph\">{\"@context\":\"https:\\\/\\\/schema.org\",\"@graph\":[{\"@type\":\"Article\",\"@id\":\"https:\\\/\\\/alexandrecenis.com\\\/index.php\\\/2024\\\/06\\\/26\\\/la-charge-mentale\\\/#article\",\"isPartOf\":{\"@id\":\"https:\\\/\\\/alexandrecenis.com\\\/index.php\\\/2024\\\/06\\\/26\\\/la-charge-mentale\\\/\"},\"author\":{\"name\":\"admin8497\",\"@id\":\"https:\\\/\\\/alexandrecenis.com\\\/#\\\/schema\\\/person\\\/cb034178deaf60a8602f9c700c5b1c83\"},\"headline\":\"La charge mentale\",\"datePublished\":\"2024-06-26T04:45:52+00:00\",\"mainEntityOfPage\":{\"@id\":\"https:\\\/\\\/alexandrecenis.com\\\/index.php\\\/2024\\\/06\\\/26\\\/la-charge-mentale\\\/\"},\"wordCount\":306,\"image\":{\"@id\":\"https:\\\/\\\/alexandrecenis.com\\\/index.php\\\/2024\\\/06\\\/26\\\/la-charge-mentale\\\/#primaryimage\"},\"thumbnailUrl\":\"https:\\\/\\\/alexandrecenis.com\\\/wp-content\\\/uploads\\\/2024\\\/06\\\/vignette-7.png\",\"keywords\":[\"Aprium\",\"charge mentale\",\"Femme\",\"MAUL production\",\"Score DDB\"],\"articleSection\":[\"Publicit\u00e9\"],\"inLanguage\":\"fr-FR\"},{\"@type\":\"WebPage\",\"@id\":\"https:\\\/\\\/alexandrecenis.com\\\/index.php\\\/2024\\\/06\\\/26\\\/la-charge-mentale\\\/\",\"url\":\"https:\\\/\\\/alexandrecenis.com\\\/index.php\\\/2024\\\/06\\\/26\\\/la-charge-mentale\\\/\",\"name\":\"La charge mentale - Alexandre Cenis\",\"isPartOf\":{\"@id\":\"https:\\\/\\\/alexandrecenis.com\\\/#website\"},\"primaryImageOfPage\":{\"@id\":\"https:\\\/\\\/alexandrecenis.com\\\/index.php\\\/2024\\\/06\\\/26\\\/la-charge-mentale\\\/#primaryimage\"},\"image\":{\"@id\":\"https:\\\/\\\/alexandrecenis.com\\\/index.php\\\/2024\\\/06\\\/26\\\/la-charge-mentale\\\/#primaryimage\"},\"thumbnailUrl\":\"https:\\\/\\\/alexandrecenis.com\\\/wp-content\\\/uploads\\\/2024\\\/06\\\/vignette-7.png\",\"datePublished\":\"2024-06-26T04:45:52+00:00\",\"author\":{\"@id\":\"https:\\\/\\\/alexandrecenis.com\\\/#\\\/schema\\\/person\\\/cb034178deaf60a8602f9c700c5b1c83\"},\"breadcrumb\":{\"@id\":\"https:\\\/\\\/alexandrecenis.com\\\/index.php\\\/2024\\\/06\\\/26\\\/la-charge-mentale\\\/#breadcrumb\"},\"inLanguage\":\"fr-FR\",\"potentialAction\":[{\"@type\":\"ReadAction\",\"target\":[\"https:\\\/\\\/alexandrecenis.com\\\/index.php\\\/2024\\\/06\\\/26\\\/la-charge-mentale\\\/\"]}]},{\"@type\":\"ImageObject\",\"inLanguage\":\"fr-FR\",\"@id\":\"https:\\\/\\\/alexandrecenis.com\\\/index.php\\\/2024\\\/06\\\/26\\\/la-charge-mentale\\\/#primaryimage\",\"url\":\"https:\\\/\\\/alexandrecenis.com\\\/wp-content\\\/uploads\\\/2024\\\/06\\\/vignette-7.png\",\"contentUrl\":\"https:\\\/\\\/alexandrecenis.com\\\/wp-content\\\/uploads\\\/2024\\\/06\\\/vignette-7.png\",\"width\":1240,\"height\":689},{\"@type\":\"BreadcrumbList\",\"@id\":\"https:\\\/\\\/alexandrecenis.com\\\/index.php\\\/2024\\\/06\\\/26\\\/la-charge-mentale\\\/#breadcrumb\",\"itemListElement\":[{\"@type\":\"ListItem\",\"position\":1,\"name\":\"Home\",\"item\":\"https:\\\/\\\/alexandrecenis.com\\\/\"},{\"@type\":\"ListItem\",\"position\":2,\"name\":\"La charge mentale\"}]},{\"@type\":\"WebSite\",\"@id\":\"https:\\\/\\\/alexandrecenis.com\\\/#website\",\"url\":\"https:\\\/\\\/alexandrecenis.com\\\/\",\"name\":\"Alexandre Cenis\",\"description\":\"Intelligence Cr\u00e9ative\",\"potentialAction\":[{\"@type\":\"SearchAction\",\"target\":{\"@type\":\"EntryPoint\",\"urlTemplate\":\"https:\\\/\\\/alexandrecenis.com\\\/?s={search_term_string}\"},\"query-input\":{\"@type\":\"PropertyValueSpecification\",\"valueRequired\":true,\"valueName\":\"search_term_string\"}}],\"inLanguage\":\"fr-FR\"},{\"@type\":\"Person\",\"@id\":\"https:\\\/\\\/alexandrecenis.com\\\/#\\\/schema\\\/person\\\/cb034178deaf60a8602f9c700c5b1c83\",\"name\":\"admin8497\",\"image\":{\"@type\":\"ImageObject\",\"inLanguage\":\"fr-FR\",\"@id\":\"https:\\\/\\\/secure.gravatar.com\\\/avatar\\\/9586a1b4e51047e1977e647153ddd075f143e741c8e5ba4d03f6cfa4c61126fd?s=96&d=mm&r=g\",\"url\":\"https:\\\/\\\/secure.gravatar.com\\\/avatar\\\/9586a1b4e51047e1977e647153ddd075f143e741c8e5ba4d03f6cfa4c61126fd?s=96&d=mm&r=g\",\"contentUrl\":\"https:\\\/\\\/secure.gravatar.com\\\/avatar\\\/9586a1b4e51047e1977e647153ddd075f143e741c8e5ba4d03f6cfa4c61126fd?s=96&d=mm&r=g\",\"caption\":\"admin8497\"},\"url\":\"https:\\\/\\\/alexandrecenis.com\\\/index.php\\\/author\\\/admin8497\\\/\"}]}<\/script>\n<!-- \/ Yoast SEO plugin. -->","yoast_head_json":{"title":"La charge mentale - Alexandre Cenis","robots":{"index":"index","follow":"follow","max-snippet":"max-snippet:-1","max-image-preview":"max-image-preview:large","max-video-preview":"max-video-preview:-1"},"canonical":"https:\/\/alexandrecenis.com\/index.php\/2024\/06\/26\/la-charge-mentale\/","og_locale":"fr_FR","og_type":"article","og_title":"La charge mentale - Alexandre Cenis","og_description":"Bien le bonjour le monde digital ! En 1978, Serge Lama chantait son c\u00e9l\u00e8bre titre \u00ab\u00a0Femme, femme, femme\u00a0\u00bb&#8230;.et bien aujourd&rsquo;hui, les femmes sont encore le sujet du jour. Pour \u00eatre clair, c&rsquo;est plus la charge mentale des femmes dont on parle&#8230;.Venez, je vais tout vous expliquer, allez : Com\u2019 with me ! &nbsp; Le r\u00e9seau [&hellip;]","og_url":"https:\/\/alexandrecenis.com\/index.php\/2024\/06\/26\/la-charge-mentale\/","og_site_name":"Alexandre Cenis","article_published_time":"2024-06-26T04:45:52+00:00","og_image":[{"width":1240,"height":689,"url":"https:\/\/alexandrecenis.com\/wp-content\/uploads\/2024\/06\/vignette-7.png","type":"image\/png"}],"author":"admin8497","twitter_card":"summary_large_image","twitter_creator":"@alexandrecenis","twitter_site":"@alexandrecenis","twitter_misc":{"\u00c9crit par":"admin8497","Dur\u00e9e de lecture estim\u00e9e":"2 minutes"},"schema":{"@context":"https:\/\/schema.org","@graph":[{"@type":"Article","@id":"https:\/\/alexandrecenis.com\/index.php\/2024\/06\/26\/la-charge-mentale\/#article","isPartOf":{"@id":"https:\/\/alexandrecenis.com\/index.php\/2024\/06\/26\/la-charge-mentale\/"},"author":{"name":"admin8497","@id":"https:\/\/alexandrecenis.com\/#\/schema\/person\/cb034178deaf60a8602f9c700c5b1c83"},"headline":"La charge mentale","datePublished":"2024-06-26T04:45:52+00:00","mainEntityOfPage":{"@id":"https:\/\/alexandrecenis.com\/index.php\/2024\/06\/26\/la-charge-mentale\/"},"wordCount":306,"image":{"@id":"https:\/\/alexandrecenis.com\/index.php\/2024\/06\/26\/la-charge-mentale\/#primaryimage"},"thumbnailUrl":"https:\/\/alexandrecenis.com\/wp-content\/uploads\/2024\/06\/vignette-7.png","keywords":["Aprium","charge mentale","Femme","MAUL production","Score DDB"],"articleSection":["Publicit\u00e9"],"inLanguage":"fr-FR"},{"@type":"WebPage","@id":"https:\/\/alexandrecenis.com\/index.php\/2024\/06\/26\/la-charge-mentale\/","url":"https:\/\/alexandrecenis.com\/index.php\/2024\/06\/26\/la-charge-mentale\/","name":"La charge mentale - Alexandre Cenis","isPartOf":{"@id":"https:\/\/alexandrecenis.com\/#website"},"primaryImageOfPage":{"@id":"https:\/\/alexandrecenis.com\/index.php\/2024\/06\/26\/la-charge-mentale\/#primaryimage"},"image":{"@id":"https:\/\/alexandrecenis.com\/index.php\/2024\/06\/26\/la-charge-mentale\/#primaryimage"},"thumbnailUrl":"https:\/\/alexandrecenis.com\/wp-content\/uploads\/2024\/06\/vignette-7.png","datePublished":"2024-06-26T04:45:52+00:00","author":{"@id":"https:\/\/alexandrecenis.com\/#\/schema\/person\/cb034178deaf60a8602f9c700c5b1c83"},"breadcrumb":{"@id":"https:\/\/alexandrecenis.com\/index.php\/2024\/06\/26\/la-charge-mentale\/#breadcrumb"},"inLanguage":"fr-FR","potentialAction":[{"@type":"ReadAction","target":["https:\/\/alexandrecenis.com\/index.php\/2024\/06\/26\/la-charge-mentale\/"]}]},{"@type":"ImageObject","inLanguage":"fr-FR","@id":"https:\/\/alexandrecenis.com\/index.php\/2024\/06\/26\/la-charge-mentale\/#primaryimage","url":"https:\/\/alexandrecenis.com\/wp-content\/uploads\/2024\/06\/vignette-7.png","contentUrl":"https:\/\/alexandrecenis.com\/wp-content\/uploads\/2024\/06\/vignette-7.png","width":1240,"height":689},{"@type":"BreadcrumbList","@id":"https:\/\/alexandrecenis.com\/index.php\/2024\/06\/26\/la-charge-mentale\/#breadcrumb","itemListElement":[{"@type":"ListItem","position":1,"name":"Home","item":"https:\/\/alexandrecenis.com\/"},{"@type":"ListItem","position":2,"name":"La charge mentale"}]},{"@type":"WebSite","@id":"https:\/\/alexandrecenis.com\/#website","url":"https:\/\/alexandrecenis.com\/","name":"Alexandre Cenis","description":"Intelligence Cr\u00e9ative","potentialAction":[{"@type":"SearchAction","target":{"@type":"EntryPoint","urlTemplate":"https:\/\/alexandrecenis.com\/?s={search_term_string}"},"query-input":{"@type":"PropertyValueSpecification","valueRequired":true,"valueName":"search_term_string"}}],"inLanguage":"fr-FR"},{"@type":"Person","@id":"https:\/\/alexandrecenis.com\/#\/schema\/person\/cb034178deaf60a8602f9c700c5b1c83","name":"admin8497","image":{"@type":"ImageObject","inLanguage":"fr-FR","@id":"https:\/\/secure.gravatar.com\/avatar\/9586a1b4e51047e1977e647153ddd075f143e741c8e5ba4d03f6cfa4c61126fd?s=96&d=mm&r=g","url":"https:\/\/secure.gravatar.com\/avatar\/9586a1b4e51047e1977e647153ddd075f143e741c8e5ba4d03f6cfa4c61126fd?s=96&d=mm&r=g","contentUrl":"https:\/\/secure.gravatar.com\/avatar\/9586a1b4e51047e1977e647153ddd075f143e741c8e5ba4d03f6cfa4c61126fd?s=96&d=mm&r=g","caption":"admin8497"},"url":"https:\/\/alexandrecenis.com\/index.php\/author\/admin8497\/"}]}},"_links":{"self":[{"href":"https:\/\/alexandrecenis.com\/index.php\/wp-json\/wp\/v2\/posts\/8768","targetHints":{"allow":["GET"]}}],"collection":[{"href":"https:\/\/alexandrecenis.com\/index.php\/wp-json\/wp\/v2\/posts"}],"about":[{"href":"https:\/\/alexandrecenis.com\/index.php\/wp-json\/wp\/v2\/types\/post"}],"author":[{"embeddable":true,"href":"https:\/\/alexandrecenis.com\/index.php\/wp-json\/wp\/v2\/users\/1"}],"replies":[{"embeddable":true,"href":"https:\/\/alexandrecenis.com\/index.php\/wp-json\/wp\/v2\/comments?post=8768"}],"version-history":[{"count":2,"href":"https:\/\/alexandrecenis.com\/index.php\/wp-json\/wp\/v2\/posts\/8768\/revisions"}],"predecessor-version":[{"id":8776,"href":"https:\/\/alexandrecenis.com\/index.php\/wp-json\/wp\/v2\/posts\/8768\/revisions\/8776"}],"wp:featuredmedia":[{"embeddable":true,"href":"https:\/\/alexandrecenis.com\/index.php\/wp-json\/wp\/v2\/media\/8773"}],"wp:attachment":[{"href":"https:\/\/alexandrecenis.com\/index.php\/wp-json\/wp\/v2\/media?parent=8768"}],"wp:term":[{"taxonomy":"category","embeddable":true,"href":"https:\/\/alexandrecenis.com\/index.php\/wp-json\/wp\/v2\/categories?post=8768"},{"taxonomy":"post_tag","embeddable":true,"href":"https:\/\/alexandrecenis.com\/index.php\/wp-json\/wp\/v2\/tags?post=8768"}],"curies":[{"name":"wp","href":"https:\/\/api.w.org\/{rel}","templated":true}]}}