{"id":8648,"date":"2024-05-29T06:33:52","date_gmt":"2024-05-29T04:33:52","guid":{"rendered":"https:\/\/alexandrecenis.com\/?p=8648"},"modified":"2024-05-29T06:33:52","modified_gmt":"2024-05-29T04:33:52","slug":"the-climb","status":"publish","type":"post","link":"https:\/\/alexandrecenis.com\/index.php\/2024\/05\/29\/the-climb\/","title":{"rendered":"The Climb"},"content":{"rendered":"<p style=\"text-align: justify;\">Bien le bonjour le monde digital ! Le saviez-vous ? De 1973 \u00e0 1984 la c\u00e9l\u00e8bre Renault 5 \u00e9tait la voiture la plus vendue en France et c&rsquo;\u00e9tait hyper tendance d&rsquo;en avoir une. Apr\u00e8s avoir teas\u00e9 le retour de sa \u00ab\u00a0R5\u00a0\u00bb en d\u00e9cembre dernier, la marque Renault est de retour avec Publicis Conseil et ca va se savoir&#8230;Venez, je vais tout vous expliquer, allez : Com\u2019 with me !<\/p>\n<audio class=\"wp-audio-shortcode\" id=\"audio-8648-1\" preload=\"none\" style=\"width: 100%;\" controls=\"controls\"><source type=\"audio\/mpeg\" src=\"https:\/\/alexandrecenis.com\/wp-content\/uploads\/2024\/05\/379090108-44100-2-7dcc2aa5d5f01.m4a?_=1\" \/><a href=\"https:\/\/alexandrecenis.com\/wp-content\/uploads\/2024\/05\/379090108-44100-2-7dcc2aa5d5f01.m4a\">https:\/\/alexandrecenis.com\/wp-content\/uploads\/2024\/05\/379090108-44100-2-7dcc2aa5d5f01.m4a<\/a><\/audio>\n<p style=\"text-align: justify;\">Quarante ans apr\u00e8s, la \u00ab\u00a0R5\u00a0\u00bb est de retour pour continuer \u00e0 \u00e9crire de nouveau l\u2019histoire de ce mod\u00e8le E-Tech 100 % \u00e9lectrique. Avec le film \u00ab The Climb \u00bb, r\u00e9alis\u00e9 par Sebastian Strasser et produit par Henry, la marque met en lumi\u00e8re le parcours \u00e9pique d&rsquo;un homme escaladant une gigantesque montagne faite d&rsquo;anciennes voitures Renault.<\/p>\n<p><img loading=\"lazy\" decoding=\"async\" class=\"aligncenter wp-image-8649 size-large\" src=\"https:\/\/alexandrecenis.com\/wp-content\/uploads\/2024\/05\/1-7-1024x467.png\" alt=\"\" width=\"1024\" height=\"467\" srcset=\"https:\/\/alexandrecenis.com\/wp-content\/uploads\/2024\/05\/1-7-1024x467.png 1024w, https:\/\/alexandrecenis.com\/wp-content\/uploads\/2024\/05\/1-7-980x447.png 980w, https:\/\/alexandrecenis.com\/wp-content\/uploads\/2024\/05\/1-7-480x219.png 480w\" sizes=\"(min-width: 0px) and (max-width: 480px) 480px, (min-width: 481px) and (max-width: 980px) 980px, (min-width: 981px) 1024px, 100vw\" \/><\/p>\n<p><img loading=\"lazy\" decoding=\"async\" class=\"aligncenter wp-image-8650 size-large\" src=\"https:\/\/alexandrecenis.com\/wp-content\/uploads\/2024\/05\/2-8-1024x468.png\" alt=\"\" width=\"1024\" height=\"468\" srcset=\"https:\/\/alexandrecenis.com\/wp-content\/uploads\/2024\/05\/2-8-1024x468.png 1024w, https:\/\/alexandrecenis.com\/wp-content\/uploads\/2024\/05\/2-8-980x447.png 980w, https:\/\/alexandrecenis.com\/wp-content\/uploads\/2024\/05\/2-8-480x219.png 480w\" sizes=\"(min-width: 0px) and (max-width: 480px) 480px, (min-width: 481px) and (max-width: 980px) 980px, (min-width: 981px) 1024px, 100vw\" \/><\/p>\n<p style=\"text-align: justify;\">Le tout sur fond du titre \u00ab Instant Crush \u00bb de Daft Punk, interpr\u00e9t\u00e9 par Julian Casablancas de The Strokes. \u00ab\u00a0La montagne elle-m\u00eame est une m\u00e9taphore de l&rsquo;industrie automobile depuis son origine au d\u00e9but du 20e si\u00e8cle : un amoncellement de voitures thermiques\u00a0\u00bb.<\/p>\n<p><img loading=\"lazy\" decoding=\"async\" class=\"aligncenter wp-image-8650 size-large\" src=\"https:\/\/alexandrecenis.com\/wp-content\/uploads\/2024\/05\/2-8-1024x468.png\" alt=\"\" width=\"1024\" height=\"468\" srcset=\"https:\/\/alexandrecenis.com\/wp-content\/uploads\/2024\/05\/2-8-1024x468.png 1024w, https:\/\/alexandrecenis.com\/wp-content\/uploads\/2024\/05\/2-8-980x447.png 980w, https:\/\/alexandrecenis.com\/wp-content\/uploads\/2024\/05\/2-8-480x219.png 480w\" sizes=\"(min-width: 0px) and (max-width: 480px) 480px, (min-width: 481px) and (max-width: 980px) 980px, (min-width: 981px) 1024px, 100vw\" \/><\/p>\n<p><img loading=\"lazy\" decoding=\"async\" class=\"aligncenter wp-image-8651 size-large\" src=\"https:\/\/alexandrecenis.com\/wp-content\/uploads\/2024\/05\/3-8-1024x467.png\" alt=\"\" width=\"1024\" height=\"467\" srcset=\"https:\/\/alexandrecenis.com\/wp-content\/uploads\/2024\/05\/3-8-1024x467.png 1024w, https:\/\/alexandrecenis.com\/wp-content\/uploads\/2024\/05\/3-8-980x447.png 980w, https:\/\/alexandrecenis.com\/wp-content\/uploads\/2024\/05\/3-8-480x219.png 480w\" sizes=\"(min-width: 0px) and (max-width: 480px) 480px, (min-width: 481px) and (max-width: 980px) 980px, (min-width: 981px) 1024px, 100vw\" \/><\/p>\n<p style=\"text-align: justify;\">La montagne a \u00e9t\u00e9 cr\u00e9\u00e9e en assemblant plus de 120 carcasses de vieilles voitures Renault. Elle mesurait 10 m\u00e8tres de haut et comportait 3 faces d&rsquo;escalade.<\/p>\n<p><img loading=\"lazy\" decoding=\"async\" class=\"aligncenter wp-image-8652 size-large\" src=\"https:\/\/alexandrecenis.com\/wp-content\/uploads\/2024\/05\/4-8-1024x472.png\" alt=\"\" width=\"1024\" height=\"472\" srcset=\"https:\/\/alexandrecenis.com\/wp-content\/uploads\/2024\/05\/4-8-1024x472.png 1024w, https:\/\/alexandrecenis.com\/wp-content\/uploads\/2024\/05\/4-8-980x452.png 980w, https:\/\/alexandrecenis.com\/wp-content\/uploads\/2024\/05\/4-8-480x221.png 480w\" sizes=\"(min-width: 0px) and (max-width: 480px) 480px, (min-width: 481px) and (max-width: 980px) 980px, (min-width: 981px) 1024px, 100vw\" \/><\/p>\n<p><img loading=\"lazy\" decoding=\"async\" class=\"aligncenter wp-image-8653 size-large\" src=\"https:\/\/alexandrecenis.com\/wp-content\/uploads\/2024\/05\/5-3-1024x466.png\" alt=\"\" width=\"1024\" height=\"466\" srcset=\"https:\/\/alexandrecenis.com\/wp-content\/uploads\/2024\/05\/5-3-1024x466.png 1024w, https:\/\/alexandrecenis.com\/wp-content\/uploads\/2024\/05\/5-3-980x446.png 980w, https:\/\/alexandrecenis.com\/wp-content\/uploads\/2024\/05\/5-3-480x219.png 480w\" sizes=\"(min-width: 0px) and (max-width: 480px) 480px, (min-width: 481px) and (max-width: 980px) 980px, (min-width: 981px) 1024px, 100vw\" \/><\/p>\n<p style=\"text-align: justify;\">Le com\u00e9dien \u00e9tait supervis\u00e9 et doubl\u00e9 par un directeur artistique du Cirque du Soleil. En France, le film sera diffus\u00e9 en TV en format 45 secondes \u00e0 partir du 31 mai.<\/p>\n<p style=\"text-align: center;\"><iframe loading=\"lazy\" title=\"YouTube video player\" src=\"https:\/\/www.youtube.com\/embed\/s4jQmht5NZU?si=dp6-oUfsckl5Rzv9\" width=\"560\" height=\"315\" frameborder=\"0\" allowfullscreen=\"allowfullscreen\"><\/iframe><\/p>\n","protected":false},"excerpt":{"rendered":"<p>Bien le bonjour le monde digital ! Le saviez-vous ? De 1973 \u00e0 1984 la c\u00e9l\u00e8bre Renault 5 \u00e9tait la voiture la plus vendue en France et c&rsquo;\u00e9tait hyper tendance d&rsquo;en avoir une. Apr\u00e8s avoir teas\u00e9 le retour de sa \u00ab\u00a0R5\u00a0\u00bb en d\u00e9cembre dernier, la marque Renault est de retour avec Publicis Conseil et ca [&hellip;]<\/p>\n","protected":false},"author":1,"featured_media":8654,"comment_status":"closed","ping_status":"open","sticky":false,"template":"","format":"standard","meta":{"_et_pb_use_builder":"","_et_pb_old_content":"","_et_gb_content_width":"","footnotes":""},"categories":[2],"tags":[2942,2939,2940,1156,842,2863,2938,2941,952],"class_list":["post-8648","post","type-post","status-publish","format-standard","has-post-thumbnail","hentry","category-publicite","tag-escalade","tag-henry","tag-julian-casablancas","tag-montagne","tag-publicis-conseil","tag-renault-5","tag-sebastian-strasser","tag-the-strokes","tag-voitures"],"yoast_head":"<!-- This site is optimized with the Yoast SEO plugin v27.3 - https:\/\/yoast.com\/product\/yoast-seo-wordpress\/ -->\n<title>The Climb - Alexandre Cenis<\/title>\n<meta name=\"robots\" content=\"index, follow, max-snippet:-1, max-image-preview:large, max-video-preview:-1\" \/>\n<link rel=\"canonical\" href=\"https:\/\/alexandrecenis.com\/index.php\/2024\/05\/29\/the-climb\/\" \/>\n<meta property=\"og:locale\" content=\"fr_FR\" \/>\n<meta property=\"og:type\" content=\"article\" \/>\n<meta property=\"og:title\" content=\"The Climb - Alexandre Cenis\" \/>\n<meta property=\"og:description\" content=\"Bien le bonjour le monde digital ! Le saviez-vous ? De 1973 \u00e0 1984 la c\u00e9l\u00e8bre Renault 5 \u00e9tait la voiture la plus vendue en France et c&rsquo;\u00e9tait hyper tendance d&rsquo;en avoir une. Apr\u00e8s avoir teas\u00e9 le retour de sa \u00ab\u00a0R5\u00a0\u00bb en d\u00e9cembre dernier, la marque Renault est de retour avec Publicis Conseil et ca [&hellip;]\" \/>\n<meta property=\"og:url\" content=\"https:\/\/alexandrecenis.com\/index.php\/2024\/05\/29\/the-climb\/\" \/>\n<meta property=\"og:site_name\" content=\"Alexandre Cenis\" \/>\n<meta property=\"article:published_time\" content=\"2024-05-29T04:33:52+00:00\" \/>\n<meta property=\"og:image\" content=\"https:\/\/alexandrecenis.com\/wp-content\/uploads\/2024\/05\/vignette-8.png\" \/>\n\t<meta property=\"og:image:width\" content=\"1241\" \/>\n\t<meta property=\"og:image:height\" content=\"701\" \/>\n\t<meta property=\"og:image:type\" content=\"image\/png\" \/>\n<meta name=\"author\" content=\"admin8497\" \/>\n<meta name=\"twitter:card\" content=\"summary_large_image\" \/>\n<meta name=\"twitter:creator\" content=\"@alexandrecenis\" \/>\n<meta name=\"twitter:site\" content=\"@alexandrecenis\" \/>\n<meta name=\"twitter:label1\" content=\"\u00c9crit par\" \/>\n\t<meta name=\"twitter:data1\" content=\"admin8497\" \/>\n\t<meta name=\"twitter:label2\" content=\"Dur\u00e9e de lecture estim\u00e9e\" \/>\n\t<meta name=\"twitter:data2\" content=\"1 minute\" \/>\n<script type=\"application\/ld+json\" class=\"yoast-schema-graph\">{\"@context\":\"https:\\\/\\\/schema.org\",\"@graph\":[{\"@type\":\"Article\",\"@id\":\"https:\\\/\\\/alexandrecenis.com\\\/index.php\\\/2024\\\/05\\\/29\\\/the-climb\\\/#article\",\"isPartOf\":{\"@id\":\"https:\\\/\\\/alexandrecenis.com\\\/index.php\\\/2024\\\/05\\\/29\\\/the-climb\\\/\"},\"author\":{\"name\":\"admin8497\",\"@id\":\"https:\\\/\\\/alexandrecenis.com\\\/#\\\/schema\\\/person\\\/cb034178deaf60a8602f9c700c5b1c83\"},\"headline\":\"The Climb\",\"datePublished\":\"2024-05-29T04:33:52+00:00\",\"mainEntityOfPage\":{\"@id\":\"https:\\\/\\\/alexandrecenis.com\\\/index.php\\\/2024\\\/05\\\/29\\\/the-climb\\\/\"},\"wordCount\":241,\"image\":{\"@id\":\"https:\\\/\\\/alexandrecenis.com\\\/index.php\\\/2024\\\/05\\\/29\\\/the-climb\\\/#primaryimage\"},\"thumbnailUrl\":\"https:\\\/\\\/alexandrecenis.com\\\/wp-content\\\/uploads\\\/2024\\\/05\\\/vignette-8.png\",\"keywords\":[\"escalade\",\"Henry\",\"Julian Casablancas\",\"montagne\",\"Publicis Conseil\",\"Renault 5\",\"Sebastian Strasser\",\"The Strokes\",\"voitures\"],\"articleSection\":[\"Publicit\u00e9\"],\"inLanguage\":\"fr-FR\"},{\"@type\":\"WebPage\",\"@id\":\"https:\\\/\\\/alexandrecenis.com\\\/index.php\\\/2024\\\/05\\\/29\\\/the-climb\\\/\",\"url\":\"https:\\\/\\\/alexandrecenis.com\\\/index.php\\\/2024\\\/05\\\/29\\\/the-climb\\\/\",\"name\":\"The Climb - Alexandre Cenis\",\"isPartOf\":{\"@id\":\"https:\\\/\\\/alexandrecenis.com\\\/#website\"},\"primaryImageOfPage\":{\"@id\":\"https:\\\/\\\/alexandrecenis.com\\\/index.php\\\/2024\\\/05\\\/29\\\/the-climb\\\/#primaryimage\"},\"image\":{\"@id\":\"https:\\\/\\\/alexandrecenis.com\\\/index.php\\\/2024\\\/05\\\/29\\\/the-climb\\\/#primaryimage\"},\"thumbnailUrl\":\"https:\\\/\\\/alexandrecenis.com\\\/wp-content\\\/uploads\\\/2024\\\/05\\\/vignette-8.png\",\"datePublished\":\"2024-05-29T04:33:52+00:00\",\"author\":{\"@id\":\"https:\\\/\\\/alexandrecenis.com\\\/#\\\/schema\\\/person\\\/cb034178deaf60a8602f9c700c5b1c83\"},\"breadcrumb\":{\"@id\":\"https:\\\/\\\/alexandrecenis.com\\\/index.php\\\/2024\\\/05\\\/29\\\/the-climb\\\/#breadcrumb\"},\"inLanguage\":\"fr-FR\",\"potentialAction\":[{\"@type\":\"ReadAction\",\"target\":[\"https:\\\/\\\/alexandrecenis.com\\\/index.php\\\/2024\\\/05\\\/29\\\/the-climb\\\/\"]}]},{\"@type\":\"ImageObject\",\"inLanguage\":\"fr-FR\",\"@id\":\"https:\\\/\\\/alexandrecenis.com\\\/index.php\\\/2024\\\/05\\\/29\\\/the-climb\\\/#primaryimage\",\"url\":\"https:\\\/\\\/alexandrecenis.com\\\/wp-content\\\/uploads\\\/2024\\\/05\\\/vignette-8.png\",\"contentUrl\":\"https:\\\/\\\/alexandrecenis.com\\\/wp-content\\\/uploads\\\/2024\\\/05\\\/vignette-8.png\",\"width\":1241,\"height\":701},{\"@type\":\"BreadcrumbList\",\"@id\":\"https:\\\/\\\/alexandrecenis.com\\\/index.php\\\/2024\\\/05\\\/29\\\/the-climb\\\/#breadcrumb\",\"itemListElement\":[{\"@type\":\"ListItem\",\"position\":1,\"name\":\"Home\",\"item\":\"https:\\\/\\\/alexandrecenis.com\\\/\"},{\"@type\":\"ListItem\",\"position\":2,\"name\":\"The Climb\"}]},{\"@type\":\"WebSite\",\"@id\":\"https:\\\/\\\/alexandrecenis.com\\\/#website\",\"url\":\"https:\\\/\\\/alexandrecenis.com\\\/\",\"name\":\"Alexandre Cenis\",\"description\":\"Intelligence Cr\u00e9ative\",\"potentialAction\":[{\"@type\":\"SearchAction\",\"target\":{\"@type\":\"EntryPoint\",\"urlTemplate\":\"https:\\\/\\\/alexandrecenis.com\\\/?s={search_term_string}\"},\"query-input\":{\"@type\":\"PropertyValueSpecification\",\"valueRequired\":true,\"valueName\":\"search_term_string\"}}],\"inLanguage\":\"fr-FR\"},{\"@type\":\"Person\",\"@id\":\"https:\\\/\\\/alexandrecenis.com\\\/#\\\/schema\\\/person\\\/cb034178deaf60a8602f9c700c5b1c83\",\"name\":\"admin8497\",\"image\":{\"@type\":\"ImageObject\",\"inLanguage\":\"fr-FR\",\"@id\":\"https:\\\/\\\/secure.gravatar.com\\\/avatar\\\/9586a1b4e51047e1977e647153ddd075f143e741c8e5ba4d03f6cfa4c61126fd?s=96&d=mm&r=g\",\"url\":\"https:\\\/\\\/secure.gravatar.com\\\/avatar\\\/9586a1b4e51047e1977e647153ddd075f143e741c8e5ba4d03f6cfa4c61126fd?s=96&d=mm&r=g\",\"contentUrl\":\"https:\\\/\\\/secure.gravatar.com\\\/avatar\\\/9586a1b4e51047e1977e647153ddd075f143e741c8e5ba4d03f6cfa4c61126fd?s=96&d=mm&r=g\",\"caption\":\"admin8497\"},\"url\":\"https:\\\/\\\/alexandrecenis.com\\\/index.php\\\/author\\\/admin8497\\\/\"}]}<\/script>\n<!-- \/ Yoast SEO plugin. -->","yoast_head_json":{"title":"The Climb - Alexandre Cenis","robots":{"index":"index","follow":"follow","max-snippet":"max-snippet:-1","max-image-preview":"max-image-preview:large","max-video-preview":"max-video-preview:-1"},"canonical":"https:\/\/alexandrecenis.com\/index.php\/2024\/05\/29\/the-climb\/","og_locale":"fr_FR","og_type":"article","og_title":"The Climb - Alexandre Cenis","og_description":"Bien le bonjour le monde digital ! Le saviez-vous ? De 1973 \u00e0 1984 la c\u00e9l\u00e8bre Renault 5 \u00e9tait la voiture la plus vendue en France et c&rsquo;\u00e9tait hyper tendance d&rsquo;en avoir une. Apr\u00e8s avoir teas\u00e9 le retour de sa \u00ab\u00a0R5\u00a0\u00bb en d\u00e9cembre dernier, la marque Renault est de retour avec Publicis Conseil et ca [&hellip;]","og_url":"https:\/\/alexandrecenis.com\/index.php\/2024\/05\/29\/the-climb\/","og_site_name":"Alexandre Cenis","article_published_time":"2024-05-29T04:33:52+00:00","og_image":[{"width":1241,"height":701,"url":"https:\/\/alexandrecenis.com\/wp-content\/uploads\/2024\/05\/vignette-8.png","type":"image\/png"}],"author":"admin8497","twitter_card":"summary_large_image","twitter_creator":"@alexandrecenis","twitter_site":"@alexandrecenis","twitter_misc":{"\u00c9crit par":"admin8497","Dur\u00e9e de lecture estim\u00e9e":"1 minute"},"schema":{"@context":"https:\/\/schema.org","@graph":[{"@type":"Article","@id":"https:\/\/alexandrecenis.com\/index.php\/2024\/05\/29\/the-climb\/#article","isPartOf":{"@id":"https:\/\/alexandrecenis.com\/index.php\/2024\/05\/29\/the-climb\/"},"author":{"name":"admin8497","@id":"https:\/\/alexandrecenis.com\/#\/schema\/person\/cb034178deaf60a8602f9c700c5b1c83"},"headline":"The Climb","datePublished":"2024-05-29T04:33:52+00:00","mainEntityOfPage":{"@id":"https:\/\/alexandrecenis.com\/index.php\/2024\/05\/29\/the-climb\/"},"wordCount":241,"image":{"@id":"https:\/\/alexandrecenis.com\/index.php\/2024\/05\/29\/the-climb\/#primaryimage"},"thumbnailUrl":"https:\/\/alexandrecenis.com\/wp-content\/uploads\/2024\/05\/vignette-8.png","keywords":["escalade","Henry","Julian Casablancas","montagne","Publicis Conseil","Renault 5","Sebastian Strasser","The Strokes","voitures"],"articleSection":["Publicit\u00e9"],"inLanguage":"fr-FR"},{"@type":"WebPage","@id":"https:\/\/alexandrecenis.com\/index.php\/2024\/05\/29\/the-climb\/","url":"https:\/\/alexandrecenis.com\/index.php\/2024\/05\/29\/the-climb\/","name":"The Climb - Alexandre Cenis","isPartOf":{"@id":"https:\/\/alexandrecenis.com\/#website"},"primaryImageOfPage":{"@id":"https:\/\/alexandrecenis.com\/index.php\/2024\/05\/29\/the-climb\/#primaryimage"},"image":{"@id":"https:\/\/alexandrecenis.com\/index.php\/2024\/05\/29\/the-climb\/#primaryimage"},"thumbnailUrl":"https:\/\/alexandrecenis.com\/wp-content\/uploads\/2024\/05\/vignette-8.png","datePublished":"2024-05-29T04:33:52+00:00","author":{"@id":"https:\/\/alexandrecenis.com\/#\/schema\/person\/cb034178deaf60a8602f9c700c5b1c83"},"breadcrumb":{"@id":"https:\/\/alexandrecenis.com\/index.php\/2024\/05\/29\/the-climb\/#breadcrumb"},"inLanguage":"fr-FR","potentialAction":[{"@type":"ReadAction","target":["https:\/\/alexandrecenis.com\/index.php\/2024\/05\/29\/the-climb\/"]}]},{"@type":"ImageObject","inLanguage":"fr-FR","@id":"https:\/\/alexandrecenis.com\/index.php\/2024\/05\/29\/the-climb\/#primaryimage","url":"https:\/\/alexandrecenis.com\/wp-content\/uploads\/2024\/05\/vignette-8.png","contentUrl":"https:\/\/alexandrecenis.com\/wp-content\/uploads\/2024\/05\/vignette-8.png","width":1241,"height":701},{"@type":"BreadcrumbList","@id":"https:\/\/alexandrecenis.com\/index.php\/2024\/05\/29\/the-climb\/#breadcrumb","itemListElement":[{"@type":"ListItem","position":1,"name":"Home","item":"https:\/\/alexandrecenis.com\/"},{"@type":"ListItem","position":2,"name":"The Climb"}]},{"@type":"WebSite","@id":"https:\/\/alexandrecenis.com\/#website","url":"https:\/\/alexandrecenis.com\/","name":"Alexandre Cenis","description":"Intelligence Cr\u00e9ative","potentialAction":[{"@type":"SearchAction","target":{"@type":"EntryPoint","urlTemplate":"https:\/\/alexandrecenis.com\/?s={search_term_string}"},"query-input":{"@type":"PropertyValueSpecification","valueRequired":true,"valueName":"search_term_string"}}],"inLanguage":"fr-FR"},{"@type":"Person","@id":"https:\/\/alexandrecenis.com\/#\/schema\/person\/cb034178deaf60a8602f9c700c5b1c83","name":"admin8497","image":{"@type":"ImageObject","inLanguage":"fr-FR","@id":"https:\/\/secure.gravatar.com\/avatar\/9586a1b4e51047e1977e647153ddd075f143e741c8e5ba4d03f6cfa4c61126fd?s=96&d=mm&r=g","url":"https:\/\/secure.gravatar.com\/avatar\/9586a1b4e51047e1977e647153ddd075f143e741c8e5ba4d03f6cfa4c61126fd?s=96&d=mm&r=g","contentUrl":"https:\/\/secure.gravatar.com\/avatar\/9586a1b4e51047e1977e647153ddd075f143e741c8e5ba4d03f6cfa4c61126fd?s=96&d=mm&r=g","caption":"admin8497"},"url":"https:\/\/alexandrecenis.com\/index.php\/author\/admin8497\/"}]}},"_links":{"self":[{"href":"https:\/\/alexandrecenis.com\/index.php\/wp-json\/wp\/v2\/posts\/8648","targetHints":{"allow":["GET"]}}],"collection":[{"href":"https:\/\/alexandrecenis.com\/index.php\/wp-json\/wp\/v2\/posts"}],"about":[{"href":"https:\/\/alexandrecenis.com\/index.php\/wp-json\/wp\/v2\/types\/post"}],"author":[{"embeddable":true,"href":"https:\/\/alexandrecenis.com\/index.php\/wp-json\/wp\/v2\/users\/1"}],"replies":[{"embeddable":true,"href":"https:\/\/alexandrecenis.com\/index.php\/wp-json\/wp\/v2\/comments?post=8648"}],"version-history":[{"count":3,"href":"https:\/\/alexandrecenis.com\/index.php\/wp-json\/wp\/v2\/posts\/8648\/revisions"}],"predecessor-version":[{"id":8658,"href":"https:\/\/alexandrecenis.com\/index.php\/wp-json\/wp\/v2\/posts\/8648\/revisions\/8658"}],"wp:featuredmedia":[{"embeddable":true,"href":"https:\/\/alexandrecenis.com\/index.php\/wp-json\/wp\/v2\/media\/8654"}],"wp:attachment":[{"href":"https:\/\/alexandrecenis.com\/index.php\/wp-json\/wp\/v2\/media?parent=8648"}],"wp:term":[{"taxonomy":"category","embeddable":true,"href":"https:\/\/alexandrecenis.com\/index.php\/wp-json\/wp\/v2\/categories?post=8648"},{"taxonomy":"post_tag","embeddable":true,"href":"https:\/\/alexandrecenis.com\/index.php\/wp-json\/wp\/v2\/tags?post=8648"}],"curies":[{"name":"wp","href":"https:\/\/api.w.org\/{rel}","templated":true}]}}