{"id":8636,"date":"2024-05-27T06:00:24","date_gmt":"2024-05-27T04:00:24","guid":{"rendered":"https:\/\/alexandrecenis.com\/?p=8636"},"modified":"2024-05-26T10:12:54","modified_gmt":"2024-05-26T08:12:54","slug":"le-premier-appartement","status":"publish","type":"post","link":"https:\/\/alexandrecenis.com\/index.php\/2024\/05\/27\/le-premier-appartement\/","title":{"rendered":"Le premier appartement"},"content":{"rendered":"<p style=\"text-align: justify;\"><span style=\"color: #000000;\">Bien le bonjour le monde digital ! C&rsquo;est une situation qui est peut-\u00eatre en train de vous arriver et que vous redoutiez (ou pas) : partir de chez ses parents et prendre son premier appartement. Ca tombe bien, c&rsquo;est le sujet du jour et c&rsquo;est la marque Herta qui donne son point de vue&#8230;Venez, je vais tout vous expliquer, allez : Com\u2019 with me !<\/span><\/p>\n<audio class=\"wp-audio-shortcode\" id=\"audio-8636-1\" preload=\"none\" style=\"width: 100%;\" controls=\"controls\"><source type=\"audio\/mpeg\" src=\"https:\/\/alexandrecenis.com\/wp-content\/uploads\/2024\/05\/378783347-44100-2-56d4c86609493.m4a?_=1\" \/><a href=\"https:\/\/alexandrecenis.com\/wp-content\/uploads\/2024\/05\/378783347-44100-2-56d4c86609493.m4a\">https:\/\/alexandrecenis.com\/wp-content\/uploads\/2024\/05\/378783347-44100-2-56d4c86609493.m4a<\/a><\/audio>\n<p>&nbsp;<\/p>\n<p style=\"text-align: justify;\"><span style=\"color: #000000;\">La marque Herta est de retour en T\u00e9l\u00e9vision et en digital, avec une nouvelle campagne intitul\u00e9e \u00ab\u00a0le premier appartement\u00a0\u00bb. Avec l&rsquo;agence Ogilvy, Herta s&rsquo;adresse aux jeunes familles d\u2019aujourd\u2019hui, dans un storytelling angl\u00e9 sur l\u2019\u00e9motion, la famille et les moments de convivialit\u00e9.<\/span><\/p>\n<p><img loading=\"lazy\" decoding=\"async\" class=\"aligncenter wp-image-8640 size-large\" src=\"https:\/\/alexandrecenis.com\/wp-content\/uploads\/2024\/05\/13-1024x543.png\" alt=\"\" width=\"1024\" height=\"543\" srcset=\"https:\/\/alexandrecenis.com\/wp-content\/uploads\/2024\/05\/13-1024x543.png 1024w, https:\/\/alexandrecenis.com\/wp-content\/uploads\/2024\/05\/13-980x519.png 980w, https:\/\/alexandrecenis.com\/wp-content\/uploads\/2024\/05\/13-480x254.png 480w\" sizes=\"(min-width: 0px) and (max-width: 480px) 480px, (min-width: 481px) and (max-width: 980px) 980px, (min-width: 981px) 1024px, 100vw\" \/><\/p>\n<p><img loading=\"lazy\" decoding=\"async\" class=\"aligncenter wp-image-8638 size-large\" src=\"https:\/\/alexandrecenis.com\/wp-content\/uploads\/2024\/05\/3-7-1024x540.png\" alt=\"\" width=\"1024\" height=\"540\" srcset=\"https:\/\/alexandrecenis.com\/wp-content\/uploads\/2024\/05\/3-7-1024x540.png 1024w, https:\/\/alexandrecenis.com\/wp-content\/uploads\/2024\/05\/3-7-980x516.png 980w, https:\/\/alexandrecenis.com\/wp-content\/uploads\/2024\/05\/3-7-480x253.png 480w\" sizes=\"(min-width: 0px) and (max-width: 480px) 480px, (min-width: 481px) and (max-width: 980px) 980px, (min-width: 981px) 1024px, 100vw\" \/><\/p>\n<p style=\"text-align: justify;\"><span style=\"color: #000000;\">La campagne c\u00e9l\u00e8bre alors l\u2019importance des instants partag\u00e9s autour de la table, \u00ab\u00a0o\u00f9 les sourires, les rires et les \u00e9changes chaleureux forgent des souvenirs durables\u00a0\u00bb. R\u00e9alis\u00e9e par Nad\u00e8ge Loiseau et le studio Divine Productions, la publicit\u00e9 est d\u00e9ploy\u00e9e depuis le 13 mai dernier en TV et relay\u00e9e en digital sur des plateformes de replay et VOD. <\/span><\/p>\n<p><img loading=\"lazy\" decoding=\"async\" class=\"aligncenter wp-image-8637 size-large\" src=\"https:\/\/alexandrecenis.com\/wp-content\/uploads\/2024\/05\/2-7-1024x543.png\" alt=\"\" width=\"1024\" height=\"543\" srcset=\"https:\/\/alexandrecenis.com\/wp-content\/uploads\/2024\/05\/2-7-1024x543.png 1024w, https:\/\/alexandrecenis.com\/wp-content\/uploads\/2024\/05\/2-7-980x520.png 980w, https:\/\/alexandrecenis.com\/wp-content\/uploads\/2024\/05\/2-7-480x254.png 480w\" sizes=\"(min-width: 0px) and (max-width: 480px) 480px, (min-width: 481px) and (max-width: 980px) 980px, (min-width: 981px) 1024px, 100vw\" \/><\/p>\n<p><img loading=\"lazy\" decoding=\"async\" class=\"aligncenter wp-image-8639 size-large\" src=\"https:\/\/alexandrecenis.com\/wp-content\/uploads\/2024\/05\/4-7-1024x538.png\" alt=\"\" width=\"1024\" height=\"538\" srcset=\"https:\/\/alexandrecenis.com\/wp-content\/uploads\/2024\/05\/4-7-1024x538.png 1024w, https:\/\/alexandrecenis.com\/wp-content\/uploads\/2024\/05\/4-7-980x515.png 980w, https:\/\/alexandrecenis.com\/wp-content\/uploads\/2024\/05\/4-7-480x252.png 480w\" sizes=\"(min-width: 0px) and (max-width: 480px) 480px, (min-width: 481px) and (max-width: 980px) 980px, (min-width: 981px) 1024px, 100vw\" \/><\/p>\n<p style=\"text-align: justify;\"><span style=\"color: #000000;\">Le film de 30 secondes se d\u00e9cline \u00e9galement en spots de 15 secondes durant lesquels les Jambons Herta Le Bon Paris, les Saucisses Knacki et les P\u00e2tes \u00e0 d\u00e9rouler seront mis en avant au travers de recettes.<\/span><\/p>\n<p style=\"text-align: center;\"><iframe loading=\"lazy\" title=\"YouTube video player\" src=\"https:\/\/www.youtube.com\/embed\/Ih9bCtwX6_w?si=198e4uX5yjg6tboi\" width=\"560\" height=\"315\" frameborder=\"0\" allowfullscreen=\"allowfullscreen\"><\/iframe><\/p>\n","protected":false},"excerpt":{"rendered":"<p>Bien le bonjour le monde digital ! C&rsquo;est une situation qui est peut-\u00eatre en train de vous arriver et que vous redoutiez (ou pas) : partir de chez ses parents et prendre son premier appartement. Ca tombe bien, c&rsquo;est le sujet du jour et c&rsquo;est la marque Herta qui donne son point de vue&#8230;Venez, je [&hellip;]<\/p>\n","protected":false},"author":1,"featured_media":8641,"comment_status":"closed","ping_status":"open","sticky":false,"template":"","format":"standard","meta":{"_et_pb_use_builder":"","_et_pb_old_content":"","_et_gb_content_width":"","footnotes":""},"categories":[2],"tags":[2935,751,2934,2936,745,2937],"class_list":["post-8636","post","type-post","status-publish","format-standard","has-post-thumbnail","hentry","category-publicite","tag-convivialite","tag-famille","tag-herta","tag-nadege-loiseau","tag-ogilvy","tag-studio-divine-productions"],"yoast_head":"<!-- This site is optimized with the Yoast SEO plugin v27.3 - https:\/\/yoast.com\/product\/yoast-seo-wordpress\/ -->\n<title>Le premier appartement - Alexandre Cenis<\/title>\n<meta name=\"robots\" content=\"index, follow, max-snippet:-1, max-image-preview:large, max-video-preview:-1\" \/>\n<link rel=\"canonical\" href=\"https:\/\/alexandrecenis.com\/index.php\/2024\/05\/27\/le-premier-appartement\/\" \/>\n<meta property=\"og:locale\" content=\"fr_FR\" \/>\n<meta property=\"og:type\" content=\"article\" \/>\n<meta property=\"og:title\" content=\"Le premier appartement - Alexandre Cenis\" \/>\n<meta property=\"og:description\" content=\"Bien le bonjour le monde digital ! C&rsquo;est une situation qui est peut-\u00eatre en train de vous arriver et que vous redoutiez (ou pas) : partir de chez ses parents et prendre son premier appartement. Ca tombe bien, c&rsquo;est le sujet du jour et c&rsquo;est la marque Herta qui donne son point de vue&#8230;Venez, je [&hellip;]\" \/>\n<meta property=\"og:url\" content=\"https:\/\/alexandrecenis.com\/index.php\/2024\/05\/27\/le-premier-appartement\/\" \/>\n<meta property=\"og:site_name\" content=\"Alexandre Cenis\" \/>\n<meta property=\"article:published_time\" content=\"2024-05-27T04:00:24+00:00\" \/>\n<meta property=\"og:image\" content=\"https:\/\/alexandrecenis.com\/wp-content\/uploads\/2024\/05\/vignette-7.png\" \/>\n\t<meta property=\"og:image:width\" content=\"1245\" \/>\n\t<meta property=\"og:image:height\" content=\"653\" \/>\n\t<meta property=\"og:image:type\" content=\"image\/png\" \/>\n<meta name=\"author\" content=\"admin8497\" \/>\n<meta name=\"twitter:card\" content=\"summary_large_image\" \/>\n<meta name=\"twitter:creator\" content=\"@alexandrecenis\" \/>\n<meta name=\"twitter:site\" content=\"@alexandrecenis\" \/>\n<meta name=\"twitter:label1\" content=\"\u00c9crit par\" \/>\n\t<meta name=\"twitter:data1\" content=\"admin8497\" \/>\n\t<meta name=\"twitter:label2\" content=\"Dur\u00e9e de lecture estim\u00e9e\" \/>\n\t<meta name=\"twitter:data2\" content=\"1 minute\" \/>\n<script type=\"application\/ld+json\" class=\"yoast-schema-graph\">{\"@context\":\"https:\\\/\\\/schema.org\",\"@graph\":[{\"@type\":\"Article\",\"@id\":\"https:\\\/\\\/alexandrecenis.com\\\/index.php\\\/2024\\\/05\\\/27\\\/le-premier-appartement\\\/#article\",\"isPartOf\":{\"@id\":\"https:\\\/\\\/alexandrecenis.com\\\/index.php\\\/2024\\\/05\\\/27\\\/le-premier-appartement\\\/\"},\"author\":{\"name\":\"admin8497\",\"@id\":\"https:\\\/\\\/alexandrecenis.com\\\/#\\\/schema\\\/person\\\/cb034178deaf60a8602f9c700c5b1c83\"},\"headline\":\"Le premier appartement\",\"datePublished\":\"2024-05-27T04:00:24+00:00\",\"mainEntityOfPage\":{\"@id\":\"https:\\\/\\\/alexandrecenis.com\\\/index.php\\\/2024\\\/05\\\/27\\\/le-premier-appartement\\\/\"},\"wordCount\":232,\"image\":{\"@id\":\"https:\\\/\\\/alexandrecenis.com\\\/index.php\\\/2024\\\/05\\\/27\\\/le-premier-appartement\\\/#primaryimage\"},\"thumbnailUrl\":\"https:\\\/\\\/alexandrecenis.com\\\/wp-content\\\/uploads\\\/2024\\\/05\\\/vignette-7.png\",\"keywords\":[\"convivialit\u00e9\",\"famille\",\"Herta\",\"Nad\u00e8ge Loiseau\",\"ogilvy\",\"studio Divine Productions\"],\"articleSection\":[\"Publicit\u00e9\"],\"inLanguage\":\"fr-FR\"},{\"@type\":\"WebPage\",\"@id\":\"https:\\\/\\\/alexandrecenis.com\\\/index.php\\\/2024\\\/05\\\/27\\\/le-premier-appartement\\\/\",\"url\":\"https:\\\/\\\/alexandrecenis.com\\\/index.php\\\/2024\\\/05\\\/27\\\/le-premier-appartement\\\/\",\"name\":\"Le premier appartement - Alexandre Cenis\",\"isPartOf\":{\"@id\":\"https:\\\/\\\/alexandrecenis.com\\\/#website\"},\"primaryImageOfPage\":{\"@id\":\"https:\\\/\\\/alexandrecenis.com\\\/index.php\\\/2024\\\/05\\\/27\\\/le-premier-appartement\\\/#primaryimage\"},\"image\":{\"@id\":\"https:\\\/\\\/alexandrecenis.com\\\/index.php\\\/2024\\\/05\\\/27\\\/le-premier-appartement\\\/#primaryimage\"},\"thumbnailUrl\":\"https:\\\/\\\/alexandrecenis.com\\\/wp-content\\\/uploads\\\/2024\\\/05\\\/vignette-7.png\",\"datePublished\":\"2024-05-27T04:00:24+00:00\",\"author\":{\"@id\":\"https:\\\/\\\/alexandrecenis.com\\\/#\\\/schema\\\/person\\\/cb034178deaf60a8602f9c700c5b1c83\"},\"breadcrumb\":{\"@id\":\"https:\\\/\\\/alexandrecenis.com\\\/index.php\\\/2024\\\/05\\\/27\\\/le-premier-appartement\\\/#breadcrumb\"},\"inLanguage\":\"fr-FR\",\"potentialAction\":[{\"@type\":\"ReadAction\",\"target\":[\"https:\\\/\\\/alexandrecenis.com\\\/index.php\\\/2024\\\/05\\\/27\\\/le-premier-appartement\\\/\"]}]},{\"@type\":\"ImageObject\",\"inLanguage\":\"fr-FR\",\"@id\":\"https:\\\/\\\/alexandrecenis.com\\\/index.php\\\/2024\\\/05\\\/27\\\/le-premier-appartement\\\/#primaryimage\",\"url\":\"https:\\\/\\\/alexandrecenis.com\\\/wp-content\\\/uploads\\\/2024\\\/05\\\/vignette-7.png\",\"contentUrl\":\"https:\\\/\\\/alexandrecenis.com\\\/wp-content\\\/uploads\\\/2024\\\/05\\\/vignette-7.png\",\"width\":1245,\"height\":653},{\"@type\":\"BreadcrumbList\",\"@id\":\"https:\\\/\\\/alexandrecenis.com\\\/index.php\\\/2024\\\/05\\\/27\\\/le-premier-appartement\\\/#breadcrumb\",\"itemListElement\":[{\"@type\":\"ListItem\",\"position\":1,\"name\":\"Home\",\"item\":\"https:\\\/\\\/alexandrecenis.com\\\/\"},{\"@type\":\"ListItem\",\"position\":2,\"name\":\"Le premier appartement\"}]},{\"@type\":\"WebSite\",\"@id\":\"https:\\\/\\\/alexandrecenis.com\\\/#website\",\"url\":\"https:\\\/\\\/alexandrecenis.com\\\/\",\"name\":\"Alexandre Cenis\",\"description\":\"Intelligence Cr\u00e9ative\",\"potentialAction\":[{\"@type\":\"SearchAction\",\"target\":{\"@type\":\"EntryPoint\",\"urlTemplate\":\"https:\\\/\\\/alexandrecenis.com\\\/?s={search_term_string}\"},\"query-input\":{\"@type\":\"PropertyValueSpecification\",\"valueRequired\":true,\"valueName\":\"search_term_string\"}}],\"inLanguage\":\"fr-FR\"},{\"@type\":\"Person\",\"@id\":\"https:\\\/\\\/alexandrecenis.com\\\/#\\\/schema\\\/person\\\/cb034178deaf60a8602f9c700c5b1c83\",\"name\":\"admin8497\",\"image\":{\"@type\":\"ImageObject\",\"inLanguage\":\"fr-FR\",\"@id\":\"https:\\\/\\\/secure.gravatar.com\\\/avatar\\\/9586a1b4e51047e1977e647153ddd075f143e741c8e5ba4d03f6cfa4c61126fd?s=96&d=mm&r=g\",\"url\":\"https:\\\/\\\/secure.gravatar.com\\\/avatar\\\/9586a1b4e51047e1977e647153ddd075f143e741c8e5ba4d03f6cfa4c61126fd?s=96&d=mm&r=g\",\"contentUrl\":\"https:\\\/\\\/secure.gravatar.com\\\/avatar\\\/9586a1b4e51047e1977e647153ddd075f143e741c8e5ba4d03f6cfa4c61126fd?s=96&d=mm&r=g\",\"caption\":\"admin8497\"},\"url\":\"https:\\\/\\\/alexandrecenis.com\\\/index.php\\\/author\\\/admin8497\\\/\"}]}<\/script>\n<!-- \/ Yoast SEO plugin. -->","yoast_head_json":{"title":"Le premier appartement - Alexandre Cenis","robots":{"index":"index","follow":"follow","max-snippet":"max-snippet:-1","max-image-preview":"max-image-preview:large","max-video-preview":"max-video-preview:-1"},"canonical":"https:\/\/alexandrecenis.com\/index.php\/2024\/05\/27\/le-premier-appartement\/","og_locale":"fr_FR","og_type":"article","og_title":"Le premier appartement - Alexandre Cenis","og_description":"Bien le bonjour le monde digital ! C&rsquo;est une situation qui est peut-\u00eatre en train de vous arriver et que vous redoutiez (ou pas) : partir de chez ses parents et prendre son premier appartement. Ca tombe bien, c&rsquo;est le sujet du jour et c&rsquo;est la marque Herta qui donne son point de vue&#8230;Venez, je [&hellip;]","og_url":"https:\/\/alexandrecenis.com\/index.php\/2024\/05\/27\/le-premier-appartement\/","og_site_name":"Alexandre Cenis","article_published_time":"2024-05-27T04:00:24+00:00","og_image":[{"width":1245,"height":653,"url":"https:\/\/alexandrecenis.com\/wp-content\/uploads\/2024\/05\/vignette-7.png","type":"image\/png"}],"author":"admin8497","twitter_card":"summary_large_image","twitter_creator":"@alexandrecenis","twitter_site":"@alexandrecenis","twitter_misc":{"\u00c9crit par":"admin8497","Dur\u00e9e de lecture estim\u00e9e":"1 minute"},"schema":{"@context":"https:\/\/schema.org","@graph":[{"@type":"Article","@id":"https:\/\/alexandrecenis.com\/index.php\/2024\/05\/27\/le-premier-appartement\/#article","isPartOf":{"@id":"https:\/\/alexandrecenis.com\/index.php\/2024\/05\/27\/le-premier-appartement\/"},"author":{"name":"admin8497","@id":"https:\/\/alexandrecenis.com\/#\/schema\/person\/cb034178deaf60a8602f9c700c5b1c83"},"headline":"Le premier appartement","datePublished":"2024-05-27T04:00:24+00:00","mainEntityOfPage":{"@id":"https:\/\/alexandrecenis.com\/index.php\/2024\/05\/27\/le-premier-appartement\/"},"wordCount":232,"image":{"@id":"https:\/\/alexandrecenis.com\/index.php\/2024\/05\/27\/le-premier-appartement\/#primaryimage"},"thumbnailUrl":"https:\/\/alexandrecenis.com\/wp-content\/uploads\/2024\/05\/vignette-7.png","keywords":["convivialit\u00e9","famille","Herta","Nad\u00e8ge Loiseau","ogilvy","studio Divine Productions"],"articleSection":["Publicit\u00e9"],"inLanguage":"fr-FR"},{"@type":"WebPage","@id":"https:\/\/alexandrecenis.com\/index.php\/2024\/05\/27\/le-premier-appartement\/","url":"https:\/\/alexandrecenis.com\/index.php\/2024\/05\/27\/le-premier-appartement\/","name":"Le premier appartement - Alexandre Cenis","isPartOf":{"@id":"https:\/\/alexandrecenis.com\/#website"},"primaryImageOfPage":{"@id":"https:\/\/alexandrecenis.com\/index.php\/2024\/05\/27\/le-premier-appartement\/#primaryimage"},"image":{"@id":"https:\/\/alexandrecenis.com\/index.php\/2024\/05\/27\/le-premier-appartement\/#primaryimage"},"thumbnailUrl":"https:\/\/alexandrecenis.com\/wp-content\/uploads\/2024\/05\/vignette-7.png","datePublished":"2024-05-27T04:00:24+00:00","author":{"@id":"https:\/\/alexandrecenis.com\/#\/schema\/person\/cb034178deaf60a8602f9c700c5b1c83"},"breadcrumb":{"@id":"https:\/\/alexandrecenis.com\/index.php\/2024\/05\/27\/le-premier-appartement\/#breadcrumb"},"inLanguage":"fr-FR","potentialAction":[{"@type":"ReadAction","target":["https:\/\/alexandrecenis.com\/index.php\/2024\/05\/27\/le-premier-appartement\/"]}]},{"@type":"ImageObject","inLanguage":"fr-FR","@id":"https:\/\/alexandrecenis.com\/index.php\/2024\/05\/27\/le-premier-appartement\/#primaryimage","url":"https:\/\/alexandrecenis.com\/wp-content\/uploads\/2024\/05\/vignette-7.png","contentUrl":"https:\/\/alexandrecenis.com\/wp-content\/uploads\/2024\/05\/vignette-7.png","width":1245,"height":653},{"@type":"BreadcrumbList","@id":"https:\/\/alexandrecenis.com\/index.php\/2024\/05\/27\/le-premier-appartement\/#breadcrumb","itemListElement":[{"@type":"ListItem","position":1,"name":"Home","item":"https:\/\/alexandrecenis.com\/"},{"@type":"ListItem","position":2,"name":"Le premier appartement"}]},{"@type":"WebSite","@id":"https:\/\/alexandrecenis.com\/#website","url":"https:\/\/alexandrecenis.com\/","name":"Alexandre Cenis","description":"Intelligence Cr\u00e9ative","potentialAction":[{"@type":"SearchAction","target":{"@type":"EntryPoint","urlTemplate":"https:\/\/alexandrecenis.com\/?s={search_term_string}"},"query-input":{"@type":"PropertyValueSpecification","valueRequired":true,"valueName":"search_term_string"}}],"inLanguage":"fr-FR"},{"@type":"Person","@id":"https:\/\/alexandrecenis.com\/#\/schema\/person\/cb034178deaf60a8602f9c700c5b1c83","name":"admin8497","image":{"@type":"ImageObject","inLanguage":"fr-FR","@id":"https:\/\/secure.gravatar.com\/avatar\/9586a1b4e51047e1977e647153ddd075f143e741c8e5ba4d03f6cfa4c61126fd?s=96&d=mm&r=g","url":"https:\/\/secure.gravatar.com\/avatar\/9586a1b4e51047e1977e647153ddd075f143e741c8e5ba4d03f6cfa4c61126fd?s=96&d=mm&r=g","contentUrl":"https:\/\/secure.gravatar.com\/avatar\/9586a1b4e51047e1977e647153ddd075f143e741c8e5ba4d03f6cfa4c61126fd?s=96&d=mm&r=g","caption":"admin8497"},"url":"https:\/\/alexandrecenis.com\/index.php\/author\/admin8497\/"}]}},"_links":{"self":[{"href":"https:\/\/alexandrecenis.com\/index.php\/wp-json\/wp\/v2\/posts\/8636","targetHints":{"allow":["GET"]}}],"collection":[{"href":"https:\/\/alexandrecenis.com\/index.php\/wp-json\/wp\/v2\/posts"}],"about":[{"href":"https:\/\/alexandrecenis.com\/index.php\/wp-json\/wp\/v2\/types\/post"}],"author":[{"embeddable":true,"href":"https:\/\/alexandrecenis.com\/index.php\/wp-json\/wp\/v2\/users\/1"}],"replies":[{"embeddable":true,"href":"https:\/\/alexandrecenis.com\/index.php\/wp-json\/wp\/v2\/comments?post=8636"}],"version-history":[{"count":2,"href":"https:\/\/alexandrecenis.com\/index.php\/wp-json\/wp\/v2\/posts\/8636\/revisions"}],"predecessor-version":[{"id":8645,"href":"https:\/\/alexandrecenis.com\/index.php\/wp-json\/wp\/v2\/posts\/8636\/revisions\/8645"}],"wp:featuredmedia":[{"embeddable":true,"href":"https:\/\/alexandrecenis.com\/index.php\/wp-json\/wp\/v2\/media\/8641"}],"wp:attachment":[{"href":"https:\/\/alexandrecenis.com\/index.php\/wp-json\/wp\/v2\/media?parent=8636"}],"wp:term":[{"taxonomy":"category","embeddable":true,"href":"https:\/\/alexandrecenis.com\/index.php\/wp-json\/wp\/v2\/categories?post=8636"},{"taxonomy":"post_tag","embeddable":true,"href":"https:\/\/alexandrecenis.com\/index.php\/wp-json\/wp\/v2\/tags?post=8636"}],"curies":[{"name":"wp","href":"https:\/\/api.w.org\/{rel}","templated":true}]}}