{"id":8382,"date":"2024-03-27T07:17:34","date_gmt":"2024-03-27T06:17:34","guid":{"rendered":"https:\/\/alexandrecenis.com\/?p=8382"},"modified":"2024-03-27T07:17:34","modified_gmt":"2024-03-27T06:17:34","slug":"premiere-conversation","status":"publish","type":"post","link":"https:\/\/alexandrecenis.com\/index.php\/2024\/03\/27\/premiere-conversation\/","title":{"rendered":"Premi\u00e8re Conversation"},"content":{"rendered":"<p style=\"text-align: justify;\"><span style=\"color: #000000;\">Bien le bonjour le monde digital ! C&rsquo;est une statistique qui fait peur mais e<\/span><span style=\"color: #000000;\">n 2024, un jeune sur cinq est touch\u00e9 par des troubles d\u00e9pressifs, mais dans beaucoup de cas, le silence r\u00e8gne. Vous imaginez bien que ce n&rsquo;est pas simple d&rsquo;en parler et pourtant cela fait tellement de bien de pouvoir expulser le sujet&#8230;.Alors comment faire quand on s&rsquo;appelle Heetch et que l&rsquo;on veut cr\u00e9er une campagne sur ce th\u00e8me avec une proposition de solution originale ? On s&rsquo;associe \u00e0 BETC et&#8230;Venez, je vais tout vous expliquer, allez : Com\u2019 with me !<\/span><\/p>\n<audio class=\"wp-audio-shortcode\" id=\"audio-8382-1\" preload=\"none\" style=\"width: 100%;\" controls=\"controls\"><source type=\"audio\/mpeg\" src=\"https:\/\/alexandrecenis.com\/wp-content\/uploads\/2024\/03\/7c18341b-2b23-db1c-cd99-e070071eec71.mp3?_=1\" \/><a href=\"https:\/\/alexandrecenis.com\/wp-content\/uploads\/2024\/03\/7c18341b-2b23-db1c-cd99-e070071eec71.mp3\">https:\/\/alexandrecenis.com\/wp-content\/uploads\/2024\/03\/7c18341b-2b23-db1c-cd99-e070071eec71.mp3<\/a><\/audio>\n<p>&nbsp;<\/p>\n<p style=\"text-align: justify;\"><span style=\"color: #000000;\">Dans nombre de cas, les jeunes ressentent cette forte d\u00e9prime, ne se sentent pas \u00e0 l\u2019aise d\u2019en parler, que ce soit avec un professionnel ou bien simplement quelqu\u2019un de l\u2019entourage. Bien que les initiatives pour briser ce tabou se multiplient, la culture populaire continue d\u2019entretenir les st\u00e9r\u00e9otypes qui enferment les jeunes dans leur souffrance.\u00a0<\/span><\/p>\n<p><img loading=\"lazy\" decoding=\"async\" class=\"aligncenter wp-image-8383 size-large\" src=\"https:\/\/alexandrecenis.com\/wp-content\/uploads\/2024\/03\/1-7-1024x582.png\" alt=\"\" width=\"1024\" height=\"582\" srcset=\"https:\/\/alexandrecenis.com\/wp-content\/uploads\/2024\/03\/1-7-1024x582.png 1024w, https:\/\/alexandrecenis.com\/wp-content\/uploads\/2024\/03\/1-7-980x557.png 980w, https:\/\/alexandrecenis.com\/wp-content\/uploads\/2024\/03\/1-7-480x273.png 480w\" sizes=\"(min-width: 0px) and (max-width: 480px) 480px, (min-width: 481px) and (max-width: 980px) 980px, (min-width: 981px) 1024px, 100vw\" \/><\/p>\n<p style=\"text-align: justify;\"><span style=\"color: #000000;\">Pourtant, la marque de VTC Heetch s\u2019est rendu compte que les jeunes dans le besoin se confient facilement aux chauffeurs. Chaque nuit, les chauffeurs de la marque croisent des jeunes, qui cherchent bien plus qu\u2019un simple trajet. Ils ont besoin de parler, de se confier.\u00a0<\/span><\/p>\n<p><img loading=\"lazy\" decoding=\"async\" class=\"aligncenter wp-image-8384 size-large\" src=\"https:\/\/alexandrecenis.com\/wp-content\/uploads\/2024\/03\/2-7-1024x578.png\" alt=\"\" width=\"1024\" height=\"578\" srcset=\"https:\/\/alexandrecenis.com\/wp-content\/uploads\/2024\/03\/2-7-1024x578.png 1024w, https:\/\/alexandrecenis.com\/wp-content\/uploads\/2024\/03\/2-7-980x553.png 980w, https:\/\/alexandrecenis.com\/wp-content\/uploads\/2024\/03\/2-7-480x271.png 480w\" sizes=\"(min-width: 0px) and (max-width: 480px) 480px, (min-width: 481px) and (max-width: 980px) 980px, (min-width: 981px) 1024px, 100vw\" \/><\/p>\n<p style=\"text-align: justify;\"><span style=\"color: #000000;\">Ce sont les t\u00e9moignages sur les r\u00e9seaux sociaux de clients qui ont inspir\u00e9 Heetch et l\u2019agence\u00a0<a style=\"color: #000000;\" href=\"https:\/\/lareclame.fr\/betcparis\">BETC<\/a>\u00a0\u00e0 lancer l\u2019initiative \u00ab\u00a0<em>Premi\u00e8re Conversation<\/em>\u00a0\u00bb en partenariat avec la\u00a0<a href=\"https:\/\/falret.org\/\" target=\"_blank\" rel=\"noopener\"><strong>Fondation Falret<\/strong><\/a>. Cette association lutte pour la sant\u00e9 mentale des Fran\u00e7ais depuis 1841.\u00a0<\/span><\/p>\n<p><img loading=\"lazy\" decoding=\"async\" class=\"aligncenter wp-image-8385 size-large\" src=\"https:\/\/alexandrecenis.com\/wp-content\/uploads\/2024\/03\/3-7-1024x573.png\" alt=\"\" width=\"1024\" height=\"573\" srcset=\"https:\/\/alexandrecenis.com\/wp-content\/uploads\/2024\/03\/3-7-1024x573.png 1024w, https:\/\/alexandrecenis.com\/wp-content\/uploads\/2024\/03\/3-7-980x548.png 980w, https:\/\/alexandrecenis.com\/wp-content\/uploads\/2024\/03\/3-7-480x269.png 480w\" sizes=\"(min-width: 0px) and (max-width: 480px) 480px, (min-width: 481px) and (max-width: 980px) 980px, (min-width: 981px) 1024px, 100vw\" \/><\/p>\n<p style=\"text-align: justify;\"><span style=\"color: #000000;\">Du 28 au 31 mars, des psychologues et ambassadeurs de la sant\u00e9 mentale de la fondation Falret remplacent les chauffeurs VTC Heetch pour accompagner les jeunes lors du trajet et pouvoir leur parler. Un premier contact avec un professionnel est ainsi offert, le temps d\u2019une course. <\/span><\/p>\n<p><img loading=\"lazy\" decoding=\"async\" class=\"aligncenter wp-image-8386 size-large\" src=\"https:\/\/alexandrecenis.com\/wp-content\/uploads\/2024\/03\/4-5-1024x580.png\" alt=\"\" width=\"1024\" height=\"580\" srcset=\"https:\/\/alexandrecenis.com\/wp-content\/uploads\/2024\/03\/4-5-1024x580.png 1024w, https:\/\/alexandrecenis.com\/wp-content\/uploads\/2024\/03\/4-5-980x555.png 980w, https:\/\/alexandrecenis.com\/wp-content\/uploads\/2024\/03\/4-5-480x272.png 480w\" sizes=\"(min-width: 0px) and (max-width: 480px) 480px, (min-width: 481px) and (max-width: 980px) 980px, (min-width: 981px) 1024px, 100vw\" \/><\/p>\n<p style=\"text-align: justify;\"><span style=\"color: #000000;\">\u00c0 la fin du trajet, les clients recevront ensuite une notification pour leur demander s\u2019ils souhaitent continuer cette conversation sur une plateforme d\u2019\u00e9coute. Tout ne s\u2019arr\u00eatera pas le 31 mars, car m\u00eame si vous ne serez plus face \u00e0 un psy, vous retrouverez vos chauffeurs VTC qui auront suivi une formation \u00e0 l\u2019\u00e9coute active afin de mieux vous \u00e9couter parler durant la course.\u00a0<\/span><\/p>\n<p style=\"text-align: center;\"><iframe loading=\"lazy\" title=\"YouTube video player\" src=\"https:\/\/www.youtube.com\/embed\/LROhFEYgmRY?si=gEgUukuSqScSsDA-\" width=\"560\" height=\"315\" frameborder=\"0\" allowfullscreen=\"allowfullscreen\"><\/iframe><\/p>\n","protected":false},"excerpt":{"rendered":"<p>Bien le bonjour le monde digital ! C&rsquo;est une statistique qui fait peur mais en 2024, un jeune sur cinq est touch\u00e9 par des troubles d\u00e9pressifs, mais dans beaucoup de cas, le silence r\u00e8gne. Vous imaginez bien que ce n&rsquo;est pas simple d&rsquo;en parler et pourtant cela fait tellement de bien de pouvoir expulser le [&hellip;]<\/p>\n","protected":false},"author":1,"featured_media":8387,"comment_status":"closed","ping_status":"open","sticky":false,"template":"","format":"standard","meta":{"_et_pb_use_builder":"","_et_pb_old_content":"","_et_gb_content_width":"","footnotes":""},"categories":[2],"tags":[1090,620,120,619],"class_list":["post-8382","post","type-post","status-publish","format-standard","has-post-thumbnail","hentry","category-publicite","tag-betc","tag-heetch","tag-sante-mentale","tag-vtc"],"yoast_head":"<!-- This site is optimized with the Yoast SEO plugin v27.3 - https:\/\/yoast.com\/product\/yoast-seo-wordpress\/ -->\n<title>Premi\u00e8re Conversation - Alexandre Cenis<\/title>\n<meta name=\"robots\" content=\"index, follow, max-snippet:-1, max-image-preview:large, max-video-preview:-1\" \/>\n<link rel=\"canonical\" href=\"https:\/\/alexandrecenis.com\/index.php\/2024\/03\/27\/premiere-conversation\/\" \/>\n<meta property=\"og:locale\" content=\"fr_FR\" \/>\n<meta property=\"og:type\" content=\"article\" \/>\n<meta property=\"og:title\" content=\"Premi\u00e8re Conversation - Alexandre Cenis\" \/>\n<meta property=\"og:description\" content=\"Bien le bonjour le monde digital ! C&rsquo;est une statistique qui fait peur mais en 2024, un jeune sur cinq est touch\u00e9 par des troubles d\u00e9pressifs, mais dans beaucoup de cas, le silence r\u00e8gne. Vous imaginez bien que ce n&rsquo;est pas simple d&rsquo;en parler et pourtant cela fait tellement de bien de pouvoir expulser le [&hellip;]\" \/>\n<meta property=\"og:url\" content=\"https:\/\/alexandrecenis.com\/index.php\/2024\/03\/27\/premiere-conversation\/\" \/>\n<meta property=\"og:site_name\" content=\"Alexandre Cenis\" \/>\n<meta property=\"article:published_time\" content=\"2024-03-27T06:17:34+00:00\" \/>\n<meta property=\"og:image\" content=\"https:\/\/alexandrecenis.com\/wp-content\/uploads\/2024\/03\/vignette-7.png\" \/>\n\t<meta property=\"og:image:width\" content=\"1240\" \/>\n\t<meta property=\"og:image:height\" content=\"689\" \/>\n\t<meta property=\"og:image:type\" content=\"image\/png\" \/>\n<meta name=\"author\" content=\"admin8497\" \/>\n<meta name=\"twitter:card\" content=\"summary_large_image\" \/>\n<meta name=\"twitter:creator\" content=\"@alexandrecenis\" \/>\n<meta name=\"twitter:site\" content=\"@alexandrecenis\" \/>\n<meta name=\"twitter:label1\" content=\"\u00c9crit par\" \/>\n\t<meta name=\"twitter:data1\" content=\"admin8497\" \/>\n\t<meta name=\"twitter:label2\" content=\"Dur\u00e9e de lecture estim\u00e9e\" \/>\n\t<meta name=\"twitter:data2\" content=\"2 minutes\" \/>\n<script type=\"application\/ld+json\" class=\"yoast-schema-graph\">{\"@context\":\"https:\\\/\\\/schema.org\",\"@graph\":[{\"@type\":\"Article\",\"@id\":\"https:\\\/\\\/alexandrecenis.com\\\/index.php\\\/2024\\\/03\\\/27\\\/premiere-conversation\\\/#article\",\"isPartOf\":{\"@id\":\"https:\\\/\\\/alexandrecenis.com\\\/index.php\\\/2024\\\/03\\\/27\\\/premiere-conversation\\\/\"},\"author\":{\"name\":\"admin8497\",\"@id\":\"https:\\\/\\\/alexandrecenis.com\\\/#\\\/schema\\\/person\\\/cb034178deaf60a8602f9c700c5b1c83\"},\"headline\":\"Premi\u00e8re Conversation\",\"datePublished\":\"2024-03-27T06:17:34+00:00\",\"mainEntityOfPage\":{\"@id\":\"https:\\\/\\\/alexandrecenis.com\\\/index.php\\\/2024\\\/03\\\/27\\\/premiere-conversation\\\/\"},\"wordCount\":377,\"image\":{\"@id\":\"https:\\\/\\\/alexandrecenis.com\\\/index.php\\\/2024\\\/03\\\/27\\\/premiere-conversation\\\/#primaryimage\"},\"thumbnailUrl\":\"https:\\\/\\\/alexandrecenis.com\\\/wp-content\\\/uploads\\\/2024\\\/03\\\/vignette-7.png\",\"keywords\":[\"betc\",\"Heetch\",\"sant\u00e9 mentale\",\"VTC\"],\"articleSection\":[\"Publicit\u00e9\"],\"inLanguage\":\"fr-FR\"},{\"@type\":\"WebPage\",\"@id\":\"https:\\\/\\\/alexandrecenis.com\\\/index.php\\\/2024\\\/03\\\/27\\\/premiere-conversation\\\/\",\"url\":\"https:\\\/\\\/alexandrecenis.com\\\/index.php\\\/2024\\\/03\\\/27\\\/premiere-conversation\\\/\",\"name\":\"Premi\u00e8re Conversation - Alexandre Cenis\",\"isPartOf\":{\"@id\":\"https:\\\/\\\/alexandrecenis.com\\\/#website\"},\"primaryImageOfPage\":{\"@id\":\"https:\\\/\\\/alexandrecenis.com\\\/index.php\\\/2024\\\/03\\\/27\\\/premiere-conversation\\\/#primaryimage\"},\"image\":{\"@id\":\"https:\\\/\\\/alexandrecenis.com\\\/index.php\\\/2024\\\/03\\\/27\\\/premiere-conversation\\\/#primaryimage\"},\"thumbnailUrl\":\"https:\\\/\\\/alexandrecenis.com\\\/wp-content\\\/uploads\\\/2024\\\/03\\\/vignette-7.png\",\"datePublished\":\"2024-03-27T06:17:34+00:00\",\"author\":{\"@id\":\"https:\\\/\\\/alexandrecenis.com\\\/#\\\/schema\\\/person\\\/cb034178deaf60a8602f9c700c5b1c83\"},\"breadcrumb\":{\"@id\":\"https:\\\/\\\/alexandrecenis.com\\\/index.php\\\/2024\\\/03\\\/27\\\/premiere-conversation\\\/#breadcrumb\"},\"inLanguage\":\"fr-FR\",\"potentialAction\":[{\"@type\":\"ReadAction\",\"target\":[\"https:\\\/\\\/alexandrecenis.com\\\/index.php\\\/2024\\\/03\\\/27\\\/premiere-conversation\\\/\"]}]},{\"@type\":\"ImageObject\",\"inLanguage\":\"fr-FR\",\"@id\":\"https:\\\/\\\/alexandrecenis.com\\\/index.php\\\/2024\\\/03\\\/27\\\/premiere-conversation\\\/#primaryimage\",\"url\":\"https:\\\/\\\/alexandrecenis.com\\\/wp-content\\\/uploads\\\/2024\\\/03\\\/vignette-7.png\",\"contentUrl\":\"https:\\\/\\\/alexandrecenis.com\\\/wp-content\\\/uploads\\\/2024\\\/03\\\/vignette-7.png\",\"width\":1240,\"height\":689},{\"@type\":\"BreadcrumbList\",\"@id\":\"https:\\\/\\\/alexandrecenis.com\\\/index.php\\\/2024\\\/03\\\/27\\\/premiere-conversation\\\/#breadcrumb\",\"itemListElement\":[{\"@type\":\"ListItem\",\"position\":1,\"name\":\"Home\",\"item\":\"https:\\\/\\\/alexandrecenis.com\\\/\"},{\"@type\":\"ListItem\",\"position\":2,\"name\":\"Premi\u00e8re Conversation\"}]},{\"@type\":\"WebSite\",\"@id\":\"https:\\\/\\\/alexandrecenis.com\\\/#website\",\"url\":\"https:\\\/\\\/alexandrecenis.com\\\/\",\"name\":\"Alexandre Cenis\",\"description\":\"Intelligence Cr\u00e9ative\",\"potentialAction\":[{\"@type\":\"SearchAction\",\"target\":{\"@type\":\"EntryPoint\",\"urlTemplate\":\"https:\\\/\\\/alexandrecenis.com\\\/?s={search_term_string}\"},\"query-input\":{\"@type\":\"PropertyValueSpecification\",\"valueRequired\":true,\"valueName\":\"search_term_string\"}}],\"inLanguage\":\"fr-FR\"},{\"@type\":\"Person\",\"@id\":\"https:\\\/\\\/alexandrecenis.com\\\/#\\\/schema\\\/person\\\/cb034178deaf60a8602f9c700c5b1c83\",\"name\":\"admin8497\",\"image\":{\"@type\":\"ImageObject\",\"inLanguage\":\"fr-FR\",\"@id\":\"https:\\\/\\\/secure.gravatar.com\\\/avatar\\\/9586a1b4e51047e1977e647153ddd075f143e741c8e5ba4d03f6cfa4c61126fd?s=96&d=mm&r=g\",\"url\":\"https:\\\/\\\/secure.gravatar.com\\\/avatar\\\/9586a1b4e51047e1977e647153ddd075f143e741c8e5ba4d03f6cfa4c61126fd?s=96&d=mm&r=g\",\"contentUrl\":\"https:\\\/\\\/secure.gravatar.com\\\/avatar\\\/9586a1b4e51047e1977e647153ddd075f143e741c8e5ba4d03f6cfa4c61126fd?s=96&d=mm&r=g\",\"caption\":\"admin8497\"},\"url\":\"https:\\\/\\\/alexandrecenis.com\\\/index.php\\\/author\\\/admin8497\\\/\"}]}<\/script>\n<!-- \/ Yoast SEO plugin. -->","yoast_head_json":{"title":"Premi\u00e8re Conversation - Alexandre Cenis","robots":{"index":"index","follow":"follow","max-snippet":"max-snippet:-1","max-image-preview":"max-image-preview:large","max-video-preview":"max-video-preview:-1"},"canonical":"https:\/\/alexandrecenis.com\/index.php\/2024\/03\/27\/premiere-conversation\/","og_locale":"fr_FR","og_type":"article","og_title":"Premi\u00e8re Conversation - Alexandre Cenis","og_description":"Bien le bonjour le monde digital ! C&rsquo;est une statistique qui fait peur mais en 2024, un jeune sur cinq est touch\u00e9 par des troubles d\u00e9pressifs, mais dans beaucoup de cas, le silence r\u00e8gne. Vous imaginez bien que ce n&rsquo;est pas simple d&rsquo;en parler et pourtant cela fait tellement de bien de pouvoir expulser le [&hellip;]","og_url":"https:\/\/alexandrecenis.com\/index.php\/2024\/03\/27\/premiere-conversation\/","og_site_name":"Alexandre Cenis","article_published_time":"2024-03-27T06:17:34+00:00","og_image":[{"width":1240,"height":689,"url":"https:\/\/alexandrecenis.com\/wp-content\/uploads\/2024\/03\/vignette-7.png","type":"image\/png"}],"author":"admin8497","twitter_card":"summary_large_image","twitter_creator":"@alexandrecenis","twitter_site":"@alexandrecenis","twitter_misc":{"\u00c9crit par":"admin8497","Dur\u00e9e de lecture estim\u00e9e":"2 minutes"},"schema":{"@context":"https:\/\/schema.org","@graph":[{"@type":"Article","@id":"https:\/\/alexandrecenis.com\/index.php\/2024\/03\/27\/premiere-conversation\/#article","isPartOf":{"@id":"https:\/\/alexandrecenis.com\/index.php\/2024\/03\/27\/premiere-conversation\/"},"author":{"name":"admin8497","@id":"https:\/\/alexandrecenis.com\/#\/schema\/person\/cb034178deaf60a8602f9c700c5b1c83"},"headline":"Premi\u00e8re Conversation","datePublished":"2024-03-27T06:17:34+00:00","mainEntityOfPage":{"@id":"https:\/\/alexandrecenis.com\/index.php\/2024\/03\/27\/premiere-conversation\/"},"wordCount":377,"image":{"@id":"https:\/\/alexandrecenis.com\/index.php\/2024\/03\/27\/premiere-conversation\/#primaryimage"},"thumbnailUrl":"https:\/\/alexandrecenis.com\/wp-content\/uploads\/2024\/03\/vignette-7.png","keywords":["betc","Heetch","sant\u00e9 mentale","VTC"],"articleSection":["Publicit\u00e9"],"inLanguage":"fr-FR"},{"@type":"WebPage","@id":"https:\/\/alexandrecenis.com\/index.php\/2024\/03\/27\/premiere-conversation\/","url":"https:\/\/alexandrecenis.com\/index.php\/2024\/03\/27\/premiere-conversation\/","name":"Premi\u00e8re Conversation - Alexandre Cenis","isPartOf":{"@id":"https:\/\/alexandrecenis.com\/#website"},"primaryImageOfPage":{"@id":"https:\/\/alexandrecenis.com\/index.php\/2024\/03\/27\/premiere-conversation\/#primaryimage"},"image":{"@id":"https:\/\/alexandrecenis.com\/index.php\/2024\/03\/27\/premiere-conversation\/#primaryimage"},"thumbnailUrl":"https:\/\/alexandrecenis.com\/wp-content\/uploads\/2024\/03\/vignette-7.png","datePublished":"2024-03-27T06:17:34+00:00","author":{"@id":"https:\/\/alexandrecenis.com\/#\/schema\/person\/cb034178deaf60a8602f9c700c5b1c83"},"breadcrumb":{"@id":"https:\/\/alexandrecenis.com\/index.php\/2024\/03\/27\/premiere-conversation\/#breadcrumb"},"inLanguage":"fr-FR","potentialAction":[{"@type":"ReadAction","target":["https:\/\/alexandrecenis.com\/index.php\/2024\/03\/27\/premiere-conversation\/"]}]},{"@type":"ImageObject","inLanguage":"fr-FR","@id":"https:\/\/alexandrecenis.com\/index.php\/2024\/03\/27\/premiere-conversation\/#primaryimage","url":"https:\/\/alexandrecenis.com\/wp-content\/uploads\/2024\/03\/vignette-7.png","contentUrl":"https:\/\/alexandrecenis.com\/wp-content\/uploads\/2024\/03\/vignette-7.png","width":1240,"height":689},{"@type":"BreadcrumbList","@id":"https:\/\/alexandrecenis.com\/index.php\/2024\/03\/27\/premiere-conversation\/#breadcrumb","itemListElement":[{"@type":"ListItem","position":1,"name":"Home","item":"https:\/\/alexandrecenis.com\/"},{"@type":"ListItem","position":2,"name":"Premi\u00e8re Conversation"}]},{"@type":"WebSite","@id":"https:\/\/alexandrecenis.com\/#website","url":"https:\/\/alexandrecenis.com\/","name":"Alexandre Cenis","description":"Intelligence Cr\u00e9ative","potentialAction":[{"@type":"SearchAction","target":{"@type":"EntryPoint","urlTemplate":"https:\/\/alexandrecenis.com\/?s={search_term_string}"},"query-input":{"@type":"PropertyValueSpecification","valueRequired":true,"valueName":"search_term_string"}}],"inLanguage":"fr-FR"},{"@type":"Person","@id":"https:\/\/alexandrecenis.com\/#\/schema\/person\/cb034178deaf60a8602f9c700c5b1c83","name":"admin8497","image":{"@type":"ImageObject","inLanguage":"fr-FR","@id":"https:\/\/secure.gravatar.com\/avatar\/9586a1b4e51047e1977e647153ddd075f143e741c8e5ba4d03f6cfa4c61126fd?s=96&d=mm&r=g","url":"https:\/\/secure.gravatar.com\/avatar\/9586a1b4e51047e1977e647153ddd075f143e741c8e5ba4d03f6cfa4c61126fd?s=96&d=mm&r=g","contentUrl":"https:\/\/secure.gravatar.com\/avatar\/9586a1b4e51047e1977e647153ddd075f143e741c8e5ba4d03f6cfa4c61126fd?s=96&d=mm&r=g","caption":"admin8497"},"url":"https:\/\/alexandrecenis.com\/index.php\/author\/admin8497\/"}]}},"_links":{"self":[{"href":"https:\/\/alexandrecenis.com\/index.php\/wp-json\/wp\/v2\/posts\/8382","targetHints":{"allow":["GET"]}}],"collection":[{"href":"https:\/\/alexandrecenis.com\/index.php\/wp-json\/wp\/v2\/posts"}],"about":[{"href":"https:\/\/alexandrecenis.com\/index.php\/wp-json\/wp\/v2\/types\/post"}],"author":[{"embeddable":true,"href":"https:\/\/alexandrecenis.com\/index.php\/wp-json\/wp\/v2\/users\/1"}],"replies":[{"embeddable":true,"href":"https:\/\/alexandrecenis.com\/index.php\/wp-json\/wp\/v2\/comments?post=8382"}],"version-history":[{"count":4,"href":"https:\/\/alexandrecenis.com\/index.php\/wp-json\/wp\/v2\/posts\/8382\/revisions"}],"predecessor-version":[{"id":8392,"href":"https:\/\/alexandrecenis.com\/index.php\/wp-json\/wp\/v2\/posts\/8382\/revisions\/8392"}],"wp:featuredmedia":[{"embeddable":true,"href":"https:\/\/alexandrecenis.com\/index.php\/wp-json\/wp\/v2\/media\/8387"}],"wp:attachment":[{"href":"https:\/\/alexandrecenis.com\/index.php\/wp-json\/wp\/v2\/media?parent=8382"}],"wp:term":[{"taxonomy":"category","embeddable":true,"href":"https:\/\/alexandrecenis.com\/index.php\/wp-json\/wp\/v2\/categories?post=8382"},{"taxonomy":"post_tag","embeddable":true,"href":"https:\/\/alexandrecenis.com\/index.php\/wp-json\/wp\/v2\/tags?post=8382"}],"curies":[{"name":"wp","href":"https:\/\/api.w.org\/{rel}","templated":true}]}}