{"id":7788,"date":"2023-10-27T09:49:19","date_gmt":"2023-10-27T07:49:19","guid":{"rendered":"https:\/\/alexandrecenis.com\/?p=7788"},"modified":"2023-10-27T09:49:19","modified_gmt":"2023-10-27T07:49:19","slug":"action-reaction-education","status":"publish","type":"post","link":"https:\/\/alexandrecenis.com\/index.php\/2023\/10\/27\/action-reaction-education\/","title":{"rendered":"Action, r\u00e9action, Education"},"content":{"rendered":"<p style=\"text-align: justify;\"><span style=\"color: #000000;\">Bien le bonjour le monde digital ! Le saviez-vous : plus de 800 millions de personnes ne sachant ni lire, ni \u00e9crire dans le monde sont recens\u00e9es \u00e0 ce jour. Parmi eux, 250 millions d\u2019enfants ne sont pas scolaris\u00e9s, les for\u00e7ant \u00e0 grandir dans une grande pr\u00e9carit\u00e9 et favorisant leur exclusion sociale. Pour d\u00e9noncer la situation qu\u2019ils subissent, l\u2019association Action \u00c9ducation a d\u00e9voil\u00e9 une campagne de sensibilisation o\u00f9 les messages sont tout bonnement illisibles. Venez, je vais tout vous expliquer, allez : Com&rsquo; with me !<\/span><\/p>\n<audio class=\"wp-audio-shortcode\" id=\"audio-7788-1\" preload=\"none\" style=\"width: 100%;\" controls=\"controls\"><source type=\"audio\/mpeg\" src=\"https:\/\/alexandrecenis.com\/wp-content\/uploads\/2023\/10\/352943786-22050-1-8bd9d7b9dfeeb.m4a?_=1\" \/><a href=\"https:\/\/alexandrecenis.com\/wp-content\/uploads\/2023\/10\/352943786-22050-1-8bd9d7b9dfeeb.m4a\">https:\/\/alexandrecenis.com\/wp-content\/uploads\/2023\/10\/352943786-22050-1-8bd9d7b9dfeeb.m4a<\/a><\/audio>\n<p style=\"text-align: justify;\"><span style=\"color: #000000;\">Comme tout probl\u00e8me, c&rsquo;est \u00e0 la base, \u00e0 la racine qu&rsquo;il faut s&rsquo;attaquer si l&rsquo;on veut r\u00e9soudre la probl\u00e9matique. L\u2019association Action Education qui \u0153uvre pour garantir un acc\u00e8s \u00e0 l\u2019\u00e9ducation aupr\u00e8s des populations les plus vuln\u00e9rables, a souhait\u00e9 que chacun se mette \u00e0 la place de personnes analphab\u00e8tes. <\/span><\/p>\n<p><img loading=\"lazy\" decoding=\"async\" class=\"aligncenter wp-image-7790 size-large\" src=\"https:\/\/alexandrecenis.com\/wp-content\/uploads\/2023\/10\/action-education-affiche-illisible-2-768x1024.jpg\" alt=\"\" width=\"768\" height=\"1024\" \/><\/p>\n<p style=\"text-align: justify;\"><span style=\"color: #000000;\">L\u2019objectif est \u00ab\u00a0simple\u00a0\u00bb : alerter et d\u00e9noncer l\u2019analphab\u00e9tisme dans le monde et ses cons\u00e9quences. <\/span><span style=\"color: #000000;\">En collaboration avec l\u2019agence La Secte, elle a ainsi expos\u00e9 une affiche tout bonnement illisible et aux antipodes des codes de communication habituels, dans le m\u00e9tro et dans la rue.<\/span><\/p>\n<p><img loading=\"lazy\" decoding=\"async\" class=\"aligncenter wp-image-7792 size-large\" src=\"https:\/\/alexandrecenis.com\/wp-content\/uploads\/2023\/10\/action-education-affiche-illisible-4-712x1024.jpg\" alt=\"\" width=\"712\" height=\"1024\" \/><\/p>\n<p><img loading=\"lazy\" decoding=\"async\" class=\"aligncenter wp-image-7793 size-large\" src=\"https:\/\/alexandrecenis.com\/wp-content\/uploads\/2023\/10\/action-education-affiche-illisible-42imageoptim-887x1920-1-473x1024.jpeg\" alt=\"\" width=\"473\" height=\"1024\" \/><\/p>\n<p style=\"text-align: justify;\"><span style=\"color: #000000;\">Une initiative poignante pour mettre en lumi\u00e8re l\u2019important taux d\u2019analphab\u00e9tisme \u00e0 l\u2019\u00e9chelle plan\u00e9taire qui tend \u00e0 stagner depuis bient\u00f4t 20 ans et qui s\u2019\u00e9tend m\u00eame aux enfants ayant acc\u00e8s \u00e0 l\u2019\u00e9ducation mais qui doivent faire face \u00e0 des classes surcharg\u00e9es ou au manque d\u2019enseignement.<\/span><\/p>\n","protected":false},"excerpt":{"rendered":"<p>Bien le bonjour le monde digital ! Le saviez-vous : plus de 800 millions de personnes ne sachant ni lire, ni \u00e9crire dans le monde sont recens\u00e9es \u00e0 ce jour. Parmi eux, 250 millions d\u2019enfants ne sont pas scolaris\u00e9s, les for\u00e7ant \u00e0 grandir dans une grande pr\u00e9carit\u00e9 et favorisant leur exclusion sociale. Pour d\u00e9noncer la [&hellip;]<\/p>\n","protected":false},"author":1,"featured_media":7789,"comment_status":"closed","ping_status":"open","sticky":false,"template":"","format":"standard","meta":{"_et_pb_use_builder":"","_et_pb_old_content":"","_et_gb_content_width":"","footnotes":""},"categories":[113],"tags":[2748,2747,2749],"class_list":["post-7788","post","type-post","status-publish","format-standard","has-post-thumbnail","hentry","category-communication","tag-action-education","tag-la-secte","tag-personnes-analphabetes"],"yoast_head":"<!-- This site is optimized with the Yoast SEO plugin v27.3 - https:\/\/yoast.com\/product\/yoast-seo-wordpress\/ -->\n<title>Action, r\u00e9action, Education - Alexandre Cenis<\/title>\n<meta name=\"robots\" content=\"index, follow, max-snippet:-1, max-image-preview:large, max-video-preview:-1\" \/>\n<link rel=\"canonical\" href=\"https:\/\/alexandrecenis.com\/index.php\/2023\/10\/27\/action-reaction-education\/\" \/>\n<meta property=\"og:locale\" content=\"fr_FR\" \/>\n<meta property=\"og:type\" content=\"article\" \/>\n<meta property=\"og:title\" content=\"Action, r\u00e9action, Education - Alexandre Cenis\" \/>\n<meta property=\"og:description\" content=\"Bien le bonjour le monde digital ! Le saviez-vous : plus de 800 millions de personnes ne sachant ni lire, ni \u00e9crire dans le monde sont recens\u00e9es \u00e0 ce jour. Parmi eux, 250 millions d\u2019enfants ne sont pas scolaris\u00e9s, les for\u00e7ant \u00e0 grandir dans une grande pr\u00e9carit\u00e9 et favorisant leur exclusion sociale. Pour d\u00e9noncer la [&hellip;]\" \/>\n<meta property=\"og:url\" content=\"https:\/\/alexandrecenis.com\/index.php\/2023\/10\/27\/action-reaction-education\/\" \/>\n<meta property=\"og:site_name\" content=\"Alexandre Cenis\" \/>\n<meta property=\"article:published_time\" content=\"2023-10-27T07:49:19+00:00\" \/>\n<meta property=\"og:image\" content=\"https:\/\/alexandrecenis.com\/wp-content\/uploads\/2023\/10\/6801_391_Action-education.jpg\" \/>\n\t<meta property=\"og:image:width\" content=\"1166\" \/>\n\t<meta property=\"og:image:height\" content=\"962\" \/>\n\t<meta property=\"og:image:type\" content=\"image\/jpeg\" \/>\n<meta name=\"author\" content=\"admin8497\" \/>\n<meta name=\"twitter:card\" content=\"summary_large_image\" \/>\n<meta name=\"twitter:creator\" content=\"@alexandrecenis\" \/>\n<meta name=\"twitter:site\" content=\"@alexandrecenis\" \/>\n<meta name=\"twitter:label1\" content=\"\u00c9crit par\" \/>\n\t<meta name=\"twitter:data1\" content=\"admin8497\" \/>\n\t<meta name=\"twitter:label2\" content=\"Dur\u00e9e de lecture estim\u00e9e\" \/>\n\t<meta name=\"twitter:data2\" content=\"1 minute\" \/>\n<script type=\"application\/ld+json\" class=\"yoast-schema-graph\">{\"@context\":\"https:\\\/\\\/schema.org\",\"@graph\":[{\"@type\":\"Article\",\"@id\":\"https:\\\/\\\/alexandrecenis.com\\\/index.php\\\/2023\\\/10\\\/27\\\/action-reaction-education\\\/#article\",\"isPartOf\":{\"@id\":\"https:\\\/\\\/alexandrecenis.com\\\/index.php\\\/2023\\\/10\\\/27\\\/action-reaction-education\\\/\"},\"author\":{\"name\":\"admin8497\",\"@id\":\"https:\\\/\\\/alexandrecenis.com\\\/#\\\/schema\\\/person\\\/cb034178deaf60a8602f9c700c5b1c83\"},\"headline\":\"Action, r\u00e9action, Education\",\"datePublished\":\"2023-10-27T07:49:19+00:00\",\"mainEntityOfPage\":{\"@id\":\"https:\\\/\\\/alexandrecenis.com\\\/index.php\\\/2023\\\/10\\\/27\\\/action-reaction-education\\\/\"},\"wordCount\":264,\"image\":{\"@id\":\"https:\\\/\\\/alexandrecenis.com\\\/index.php\\\/2023\\\/10\\\/27\\\/action-reaction-education\\\/#primaryimage\"},\"thumbnailUrl\":\"https:\\\/\\\/alexandrecenis.com\\\/wp-content\\\/uploads\\\/2023\\\/10\\\/6801_391_Action-education.jpg\",\"keywords\":[\"Action Education\",\"La Secte\",\"personnes analphab\u00e8tes\"],\"articleSection\":[\"Communication\"],\"inLanguage\":\"fr-FR\"},{\"@type\":\"WebPage\",\"@id\":\"https:\\\/\\\/alexandrecenis.com\\\/index.php\\\/2023\\\/10\\\/27\\\/action-reaction-education\\\/\",\"url\":\"https:\\\/\\\/alexandrecenis.com\\\/index.php\\\/2023\\\/10\\\/27\\\/action-reaction-education\\\/\",\"name\":\"Action, r\u00e9action, Education - Alexandre Cenis\",\"isPartOf\":{\"@id\":\"https:\\\/\\\/alexandrecenis.com\\\/#website\"},\"primaryImageOfPage\":{\"@id\":\"https:\\\/\\\/alexandrecenis.com\\\/index.php\\\/2023\\\/10\\\/27\\\/action-reaction-education\\\/#primaryimage\"},\"image\":{\"@id\":\"https:\\\/\\\/alexandrecenis.com\\\/index.php\\\/2023\\\/10\\\/27\\\/action-reaction-education\\\/#primaryimage\"},\"thumbnailUrl\":\"https:\\\/\\\/alexandrecenis.com\\\/wp-content\\\/uploads\\\/2023\\\/10\\\/6801_391_Action-education.jpg\",\"datePublished\":\"2023-10-27T07:49:19+00:00\",\"author\":{\"@id\":\"https:\\\/\\\/alexandrecenis.com\\\/#\\\/schema\\\/person\\\/cb034178deaf60a8602f9c700c5b1c83\"},\"breadcrumb\":{\"@id\":\"https:\\\/\\\/alexandrecenis.com\\\/index.php\\\/2023\\\/10\\\/27\\\/action-reaction-education\\\/#breadcrumb\"},\"inLanguage\":\"fr-FR\",\"potentialAction\":[{\"@type\":\"ReadAction\",\"target\":[\"https:\\\/\\\/alexandrecenis.com\\\/index.php\\\/2023\\\/10\\\/27\\\/action-reaction-education\\\/\"]}]},{\"@type\":\"ImageObject\",\"inLanguage\":\"fr-FR\",\"@id\":\"https:\\\/\\\/alexandrecenis.com\\\/index.php\\\/2023\\\/10\\\/27\\\/action-reaction-education\\\/#primaryimage\",\"url\":\"https:\\\/\\\/alexandrecenis.com\\\/wp-content\\\/uploads\\\/2023\\\/10\\\/6801_391_Action-education.jpg\",\"contentUrl\":\"https:\\\/\\\/alexandrecenis.com\\\/wp-content\\\/uploads\\\/2023\\\/10\\\/6801_391_Action-education.jpg\",\"width\":1166,\"height\":962},{\"@type\":\"BreadcrumbList\",\"@id\":\"https:\\\/\\\/alexandrecenis.com\\\/index.php\\\/2023\\\/10\\\/27\\\/action-reaction-education\\\/#breadcrumb\",\"itemListElement\":[{\"@type\":\"ListItem\",\"position\":1,\"name\":\"Home\",\"item\":\"https:\\\/\\\/alexandrecenis.com\\\/\"},{\"@type\":\"ListItem\",\"position\":2,\"name\":\"Action, r\u00e9action, Education\"}]},{\"@type\":\"WebSite\",\"@id\":\"https:\\\/\\\/alexandrecenis.com\\\/#website\",\"url\":\"https:\\\/\\\/alexandrecenis.com\\\/\",\"name\":\"Alexandre Cenis\",\"description\":\"Intelligence Cr\u00e9ative\",\"potentialAction\":[{\"@type\":\"SearchAction\",\"target\":{\"@type\":\"EntryPoint\",\"urlTemplate\":\"https:\\\/\\\/alexandrecenis.com\\\/?s={search_term_string}\"},\"query-input\":{\"@type\":\"PropertyValueSpecification\",\"valueRequired\":true,\"valueName\":\"search_term_string\"}}],\"inLanguage\":\"fr-FR\"},{\"@type\":\"Person\",\"@id\":\"https:\\\/\\\/alexandrecenis.com\\\/#\\\/schema\\\/person\\\/cb034178deaf60a8602f9c700c5b1c83\",\"name\":\"admin8497\",\"image\":{\"@type\":\"ImageObject\",\"inLanguage\":\"fr-FR\",\"@id\":\"https:\\\/\\\/secure.gravatar.com\\\/avatar\\\/9586a1b4e51047e1977e647153ddd075f143e741c8e5ba4d03f6cfa4c61126fd?s=96&d=mm&r=g\",\"url\":\"https:\\\/\\\/secure.gravatar.com\\\/avatar\\\/9586a1b4e51047e1977e647153ddd075f143e741c8e5ba4d03f6cfa4c61126fd?s=96&d=mm&r=g\",\"contentUrl\":\"https:\\\/\\\/secure.gravatar.com\\\/avatar\\\/9586a1b4e51047e1977e647153ddd075f143e741c8e5ba4d03f6cfa4c61126fd?s=96&d=mm&r=g\",\"caption\":\"admin8497\"},\"url\":\"https:\\\/\\\/alexandrecenis.com\\\/index.php\\\/author\\\/admin8497\\\/\"}]}<\/script>\n<!-- \/ Yoast SEO plugin. -->","yoast_head_json":{"title":"Action, r\u00e9action, Education - Alexandre Cenis","robots":{"index":"index","follow":"follow","max-snippet":"max-snippet:-1","max-image-preview":"max-image-preview:large","max-video-preview":"max-video-preview:-1"},"canonical":"https:\/\/alexandrecenis.com\/index.php\/2023\/10\/27\/action-reaction-education\/","og_locale":"fr_FR","og_type":"article","og_title":"Action, r\u00e9action, Education - Alexandre Cenis","og_description":"Bien le bonjour le monde digital ! Le saviez-vous : plus de 800 millions de personnes ne sachant ni lire, ni \u00e9crire dans le monde sont recens\u00e9es \u00e0 ce jour. Parmi eux, 250 millions d\u2019enfants ne sont pas scolaris\u00e9s, les for\u00e7ant \u00e0 grandir dans une grande pr\u00e9carit\u00e9 et favorisant leur exclusion sociale. Pour d\u00e9noncer la [&hellip;]","og_url":"https:\/\/alexandrecenis.com\/index.php\/2023\/10\/27\/action-reaction-education\/","og_site_name":"Alexandre Cenis","article_published_time":"2023-10-27T07:49:19+00:00","og_image":[{"width":1166,"height":962,"url":"https:\/\/alexandrecenis.com\/wp-content\/uploads\/2023\/10\/6801_391_Action-education.jpg","type":"image\/jpeg"}],"author":"admin8497","twitter_card":"summary_large_image","twitter_creator":"@alexandrecenis","twitter_site":"@alexandrecenis","twitter_misc":{"\u00c9crit par":"admin8497","Dur\u00e9e de lecture estim\u00e9e":"1 minute"},"schema":{"@context":"https:\/\/schema.org","@graph":[{"@type":"Article","@id":"https:\/\/alexandrecenis.com\/index.php\/2023\/10\/27\/action-reaction-education\/#article","isPartOf":{"@id":"https:\/\/alexandrecenis.com\/index.php\/2023\/10\/27\/action-reaction-education\/"},"author":{"name":"admin8497","@id":"https:\/\/alexandrecenis.com\/#\/schema\/person\/cb034178deaf60a8602f9c700c5b1c83"},"headline":"Action, r\u00e9action, Education","datePublished":"2023-10-27T07:49:19+00:00","mainEntityOfPage":{"@id":"https:\/\/alexandrecenis.com\/index.php\/2023\/10\/27\/action-reaction-education\/"},"wordCount":264,"image":{"@id":"https:\/\/alexandrecenis.com\/index.php\/2023\/10\/27\/action-reaction-education\/#primaryimage"},"thumbnailUrl":"https:\/\/alexandrecenis.com\/wp-content\/uploads\/2023\/10\/6801_391_Action-education.jpg","keywords":["Action Education","La Secte","personnes analphab\u00e8tes"],"articleSection":["Communication"],"inLanguage":"fr-FR"},{"@type":"WebPage","@id":"https:\/\/alexandrecenis.com\/index.php\/2023\/10\/27\/action-reaction-education\/","url":"https:\/\/alexandrecenis.com\/index.php\/2023\/10\/27\/action-reaction-education\/","name":"Action, r\u00e9action, Education - Alexandre Cenis","isPartOf":{"@id":"https:\/\/alexandrecenis.com\/#website"},"primaryImageOfPage":{"@id":"https:\/\/alexandrecenis.com\/index.php\/2023\/10\/27\/action-reaction-education\/#primaryimage"},"image":{"@id":"https:\/\/alexandrecenis.com\/index.php\/2023\/10\/27\/action-reaction-education\/#primaryimage"},"thumbnailUrl":"https:\/\/alexandrecenis.com\/wp-content\/uploads\/2023\/10\/6801_391_Action-education.jpg","datePublished":"2023-10-27T07:49:19+00:00","author":{"@id":"https:\/\/alexandrecenis.com\/#\/schema\/person\/cb034178deaf60a8602f9c700c5b1c83"},"breadcrumb":{"@id":"https:\/\/alexandrecenis.com\/index.php\/2023\/10\/27\/action-reaction-education\/#breadcrumb"},"inLanguage":"fr-FR","potentialAction":[{"@type":"ReadAction","target":["https:\/\/alexandrecenis.com\/index.php\/2023\/10\/27\/action-reaction-education\/"]}]},{"@type":"ImageObject","inLanguage":"fr-FR","@id":"https:\/\/alexandrecenis.com\/index.php\/2023\/10\/27\/action-reaction-education\/#primaryimage","url":"https:\/\/alexandrecenis.com\/wp-content\/uploads\/2023\/10\/6801_391_Action-education.jpg","contentUrl":"https:\/\/alexandrecenis.com\/wp-content\/uploads\/2023\/10\/6801_391_Action-education.jpg","width":1166,"height":962},{"@type":"BreadcrumbList","@id":"https:\/\/alexandrecenis.com\/index.php\/2023\/10\/27\/action-reaction-education\/#breadcrumb","itemListElement":[{"@type":"ListItem","position":1,"name":"Home","item":"https:\/\/alexandrecenis.com\/"},{"@type":"ListItem","position":2,"name":"Action, r\u00e9action, Education"}]},{"@type":"WebSite","@id":"https:\/\/alexandrecenis.com\/#website","url":"https:\/\/alexandrecenis.com\/","name":"Alexandre Cenis","description":"Intelligence Cr\u00e9ative","potentialAction":[{"@type":"SearchAction","target":{"@type":"EntryPoint","urlTemplate":"https:\/\/alexandrecenis.com\/?s={search_term_string}"},"query-input":{"@type":"PropertyValueSpecification","valueRequired":true,"valueName":"search_term_string"}}],"inLanguage":"fr-FR"},{"@type":"Person","@id":"https:\/\/alexandrecenis.com\/#\/schema\/person\/cb034178deaf60a8602f9c700c5b1c83","name":"admin8497","image":{"@type":"ImageObject","inLanguage":"fr-FR","@id":"https:\/\/secure.gravatar.com\/avatar\/9586a1b4e51047e1977e647153ddd075f143e741c8e5ba4d03f6cfa4c61126fd?s=96&d=mm&r=g","url":"https:\/\/secure.gravatar.com\/avatar\/9586a1b4e51047e1977e647153ddd075f143e741c8e5ba4d03f6cfa4c61126fd?s=96&d=mm&r=g","contentUrl":"https:\/\/secure.gravatar.com\/avatar\/9586a1b4e51047e1977e647153ddd075f143e741c8e5ba4d03f6cfa4c61126fd?s=96&d=mm&r=g","caption":"admin8497"},"url":"https:\/\/alexandrecenis.com\/index.php\/author\/admin8497\/"}]}},"_links":{"self":[{"href":"https:\/\/alexandrecenis.com\/index.php\/wp-json\/wp\/v2\/posts\/7788","targetHints":{"allow":["GET"]}}],"collection":[{"href":"https:\/\/alexandrecenis.com\/index.php\/wp-json\/wp\/v2\/posts"}],"about":[{"href":"https:\/\/alexandrecenis.com\/index.php\/wp-json\/wp\/v2\/types\/post"}],"author":[{"embeddable":true,"href":"https:\/\/alexandrecenis.com\/index.php\/wp-json\/wp\/v2\/users\/1"}],"replies":[{"embeddable":true,"href":"https:\/\/alexandrecenis.com\/index.php\/wp-json\/wp\/v2\/comments?post=7788"}],"version-history":[{"count":2,"href":"https:\/\/alexandrecenis.com\/index.php\/wp-json\/wp\/v2\/posts\/7788\/revisions"}],"predecessor-version":[{"id":7796,"href":"https:\/\/alexandrecenis.com\/index.php\/wp-json\/wp\/v2\/posts\/7788\/revisions\/7796"}],"wp:featuredmedia":[{"embeddable":true,"href":"https:\/\/alexandrecenis.com\/index.php\/wp-json\/wp\/v2\/media\/7789"}],"wp:attachment":[{"href":"https:\/\/alexandrecenis.com\/index.php\/wp-json\/wp\/v2\/media?parent=7788"}],"wp:term":[{"taxonomy":"category","embeddable":true,"href":"https:\/\/alexandrecenis.com\/index.php\/wp-json\/wp\/v2\/categories?post=7788"},{"taxonomy":"post_tag","embeddable":true,"href":"https:\/\/alexandrecenis.com\/index.php\/wp-json\/wp\/v2\/tags?post=7788"}],"curies":[{"name":"wp","href":"https:\/\/api.w.org\/{rel}","templated":true}]}}