{"id":759,"date":"2019-09-02T06:19:00","date_gmt":"2019-09-02T04:19:00","guid":{"rendered":"http:\/\/alexandrecenis.com\/?p=759"},"modified":"2019-09-02T06:22:05","modified_gmt":"2019-09-02T04:22:05","slug":"le-silence-est-dior","status":"publish","type":"post","link":"https:\/\/alexandrecenis.com\/index.php\/2019\/09\/02\/le-silence-est-dior\/","title":{"rendered":"Le silence est Dior"},"content":{"rendered":"<p style=\"text-align: justify;\">Bien le bonjour le monde digital ! Le vendredi 30 ao\u00fbt dernier, Dior s\u2019est retrouv\u00e9e au c\u0153ur d\u2019une pol\u00e9mique dont l\u2019enseigne de luxe se serait sans doute bien pass\u00e9e. En cause: la nouvelle publicit\u00e9 pour le parfum \u201cSauvage\u201d, dont l\u2019\u00e9g\u00e9rie est l\u2019acteur Johnny Depp. Le spot, qui \u00e9tait annonc\u00e9 dans un communiqu\u00e9 de presse, voulait \u00e9voquer \u201cun voyage authentique au plus profond de l\u2019\u00e2me am\u00e9ridienne, dans un territoire sacr\u00e9, s\u00e9culier et fondateur\u201d. Sauf qu\u2019\u00e0 lire les avis des internautes apr\u00e8s la mise en ligne de la pub, c\u2019est surtout le racisme de la s\u00e9quence qui a \u00e9t\u00e9 retenu.<\/p>\n<p style=\"text-align: center;\"><iframe loading=\"lazy\" src=\"https:\/\/www.youtube.com\/embed\/V6lFedrgbdI\" width=\"560\" height=\"315\" frameborder=\"0\" allowfullscreen=\"allowfullscreen\"><\/iframe><\/p>\n<p style=\"text-align: justify;\">Pour promouvoir un produit baptis\u00e9 \u201cSauvage\u201d, Dior a effectivement choisi de mettre en sc\u00e8ne l\u2019acteur Johnny Depp, affubl\u00e9 tant\u00f4t d\u2019un chapeau de cowboy, tant\u00f4t d\u2019un poncho et de bijoux d\u2019inspiration am\u00e9rindienne. Surtout, on aper\u00e7oit dans le spot une jeune femme \u00e0 la peau mate v\u00eatue d\u2019un v\u00eatement en peau de loup et un danseur portant une coiffe de plumes et des atours bigarr\u00e9s et caricaturaux des tribus autochtones am\u00e9ricaines.<\/p>\n<p style=\"text-align: justify;\">\u201cDior nomme son parfum \u2018Sauvage\u2019 et d\u00e9cide de le promouvoir avec une vid\u00e9o qui montre des Natifs am\u00e9ricains dansant de mani\u00e8re guerri\u00e8re dans le grand ouest. Cela pourrait \u00eatre une parodie, mais non&#8230; C\u2019est la r\u00e9alit\u00e9\u201d, a d\u00e9plor\u00e9 le com\u00e9dien am\u00e9rindien Dallas Goldtooth, lui m\u00eame membre d\u2019une troupe de comiques natifs am\u00e9ricains.<\/p>\n<p><img loading=\"lazy\" decoding=\"async\" class=\"aligncenter wp-image-760 size-full\" src=\"http:\/\/alexandrecenis.com\/wp-content\/uploads\/2019\/09\/1.jpg\" alt=\"\" width=\"500\" height=\"222\" srcset=\"https:\/\/alexandrecenis.com\/wp-content\/uploads\/2019\/09\/1.jpg 500w, https:\/\/alexandrecenis.com\/wp-content\/uploads\/2019\/09\/1-300x133.jpg 300w\" sizes=\"(max-width: 500px) 100vw, 500px\" \/><\/p>\n<p style=\"text-align: justify;\">Comme lui, de nombreuses personnes se sont indign\u00e9es sur les r\u00e9seaux sociaux du choix de mise en sc\u00e8ne de Dior. \u201cUtiliser des indig\u00e8nes am\u00e9ricains et leur culture pour promouvoir un parfum et l\u2019appeler \u2018Sauvage\u2019 est une erreur grossi\u00e8re\u201d, pouvait-on lire par exemple. Certains ont \u00e9galement regrett\u00e9 que ce parfum pourtant d\u00e9j\u00e0 existant chez la marque ait \u00e9t\u00e9 subitement r\u00e9invent\u00e9 au niveau esth\u00e9tique pour finalement faire dans l\u2019appropriation culturelle et le racisme.<\/p>\n<p><img loading=\"lazy\" decoding=\"async\" class=\"aligncenter wp-image-761 size-full\" src=\"http:\/\/alexandrecenis.com\/wp-content\/uploads\/2019\/09\/2.jpg\" alt=\"\" width=\"511\" height=\"476\" srcset=\"https:\/\/alexandrecenis.com\/wp-content\/uploads\/2019\/09\/2.jpg 511w, https:\/\/alexandrecenis.com\/wp-content\/uploads\/2019\/09\/2-300x279.jpg 300w\" sizes=\"(max-width: 511px) 100vw, 511px\" \/><\/p>\n<p style=\"text-align: justify;\">En outre, le choix du casting n\u2019a fait qu\u2019aggraver les choses. Car Johnny Depp n\u2019en est effectivement pas \u00e0 sa premi\u00e8re pol\u00e9mique. Alors qu\u2019il affirme avoir des origines cherokee, la Nation indienne refuse de les lui reconna\u00eetre. Par ailleurs, il a \u00e9t\u00e9 accus\u00e9 par son ancienne compagne Amber Heard de violences conjugales, ce que n\u2019ont pas manqu\u00e9 de rappeler certains internautes \u00e0 la suite de la mise en ligne du spot.<\/p>\n<p><img loading=\"lazy\" decoding=\"async\" class=\"aligncenter wp-image-762 size-full\" src=\"http:\/\/alexandrecenis.com\/wp-content\/uploads\/2019\/09\/3.jpg\" alt=\"\" width=\"505\" height=\"505\" srcset=\"https:\/\/alexandrecenis.com\/wp-content\/uploads\/2019\/09\/3.jpg 505w, https:\/\/alexandrecenis.com\/wp-content\/uploads\/2019\/09\/3-150x150.jpg 150w, https:\/\/alexandrecenis.com\/wp-content\/uploads\/2019\/09\/3-300x300.jpg 300w\" sizes=\"(max-width: 505px) 100vw, 505px\" \/><\/p>\n<p style=\"text-align: justify;\">\u00c0 la suite de cette pol\u00e9mique, Dior a fait dispara\u00eetre toute trace du spot de publicit\u00e9. Sur le compte Instagram de la marque, o\u00f9 la pub avait \u00e9t\u00e9 largement annonc\u00e9e, mais aussi sur le site et la page Twitter de Dior, les diff\u00e9rents visuels et r\u00e9f\u00e9rences ont tous disparu.<\/p>\n<p style=\"text-align: justify;\">Dans un premier temps, les communicants de l\u2019entreprise fran\u00e7aise s\u2019\u00e9taient pourtant d\u00e9fendus, aupr\u00e8s notamment du magazine Time. Expliquant avoir con\u00e7u la vid\u00e9o et travaill\u00e9 \u00e0 la communication du parfum avec des natifs am\u00e9ricains, Dior s\u2019\u00e9tait m\u00eame vant\u00e9e de \u201cs\u2019\u00e9loigner des clich\u00e9s pour \u00e9viter l\u2019appropriation culturelle et la subversion qui ternissent si souvent l\u2019image des am\u00e9rindiens\u201d.<\/p>\n<p style=\"text-align: justify;\">Comme le rappelle le YouTubeur Sanders Kennedy, Johnny Depp n\u2019a d\u2019ailleurs pas h\u00e9sit\u00e9 \u00e0 justifier le spot et sa participation \u00e0 celui-ci par le fait qu\u2019il estime avoir \u00e9t\u00e9 adapt\u00e9 par une tribu am\u00e9rindienne en 2012, les Comanche. Des explications longuement d\u00e9taill\u00e9es par Dior dans une vid\u00e9o expliquant que la musique utilis\u00e9e dans la publicit\u00e9 avait \u00e9t\u00e9 \u00e9crite par un artiste d\u2019origine autochtone, et que la danse et les costumes avaient \u00e9t\u00e9 valid\u00e9s par des membres de la communaut\u00e9 am\u00e9rindienne.<\/p>\n<p style=\"text-align: justify;\">En novembre, une campagne Dior mettant en avant l\u2019actrice Jennifer Lawrence avait d\u00e9j\u00e0 valu des critiques du m\u00eame acabit \u00e0 l\u2019entreprise. \u00c0 l\u2019\u00e9poque, c\u2019est\u00a0une esth\u00e9tique rappelant le Mexique qui avait \u00e9t\u00e9 utilis\u00e9e, sans jamais mettre en avant aucune femme mexicaine.<\/p>\n<p><img loading=\"lazy\" decoding=\"async\" class=\"aligncenter wp-image-763 size-full\" src=\"http:\/\/alexandrecenis.com\/wp-content\/uploads\/2019\/09\/4.jpg\" alt=\"\" width=\"500\" height=\"482\" srcset=\"https:\/\/alexandrecenis.com\/wp-content\/uploads\/2019\/09\/4.jpg 500w, https:\/\/alexandrecenis.com\/wp-content\/uploads\/2019\/09\/4-300x289.jpg 300w\" sizes=\"(max-width: 500px) 100vw, 500px\" \/><\/p>\n","protected":false},"excerpt":{"rendered":"<p>Bien le bonjour le monde digital ! Le vendredi 30 ao\u00fbt dernier, Dior s\u2019est retrouv\u00e9e au c\u0153ur d\u2019une pol\u00e9mique dont l\u2019enseigne de luxe se serait sans doute bien pass\u00e9e. En cause: la nouvelle publicit\u00e9 pour le parfum \u201cSauvage\u201d, dont l\u2019\u00e9g\u00e9rie est l\u2019acteur Johnny Depp. Le spot, qui \u00e9tait annonc\u00e9 dans un communiqu\u00e9 de presse, voulait [&hellip;]<\/p>\n","protected":false},"author":1,"featured_media":762,"comment_status":"closed","ping_status":"open","sticky":false,"template":"","format":"standard","meta":{"_et_pb_use_builder":"","_et_pb_old_content":"","_et_gb_content_width":"","footnotes":""},"categories":[1],"tags":[280,277,279,278,276],"class_list":["post-759","post","type-post","status-publish","format-standard","has-post-thumbnail","hentry","category-non-classe","tag-communaute-amerindienne","tag-dior","tag-johnny-depp","tag-parfum","tag-sauvage"],"yoast_head":"<!-- This site is optimized with the Yoast SEO plugin v27.3 - https:\/\/yoast.com\/product\/yoast-seo-wordpress\/ -->\n<title>Le silence est Dior - Alexandre Cenis<\/title>\n<meta name=\"robots\" content=\"index, follow, max-snippet:-1, max-image-preview:large, max-video-preview:-1\" \/>\n<link rel=\"canonical\" href=\"https:\/\/alexandrecenis.com\/index.php\/2019\/09\/02\/le-silence-est-dior\/\" \/>\n<meta property=\"og:locale\" content=\"fr_FR\" \/>\n<meta property=\"og:type\" content=\"article\" \/>\n<meta property=\"og:title\" content=\"Le silence est Dior - Alexandre Cenis\" \/>\n<meta property=\"og:description\" content=\"Bien le bonjour le monde digital ! Le vendredi 30 ao\u00fbt dernier, Dior s\u2019est retrouv\u00e9e au c\u0153ur d\u2019une pol\u00e9mique dont l\u2019enseigne de luxe se serait sans doute bien pass\u00e9e. En cause: la nouvelle publicit\u00e9 pour le parfum \u201cSauvage\u201d, dont l\u2019\u00e9g\u00e9rie est l\u2019acteur Johnny Depp. Le spot, qui \u00e9tait annonc\u00e9 dans un communiqu\u00e9 de presse, voulait [&hellip;]\" \/>\n<meta property=\"og:url\" content=\"https:\/\/alexandrecenis.com\/index.php\/2019\/09\/02\/le-silence-est-dior\/\" \/>\n<meta property=\"og:site_name\" content=\"Alexandre Cenis\" \/>\n<meta property=\"article:published_time\" content=\"2019-09-02T04:19:00+00:00\" \/>\n<meta property=\"article:modified_time\" content=\"2019-09-02T04:22:05+00:00\" \/>\n<meta property=\"og:image\" content=\"https:\/\/alexandrecenis.com\/wp-content\/uploads\/2019\/09\/3.jpg\" \/>\n\t<meta property=\"og:image:width\" content=\"505\" \/>\n\t<meta property=\"og:image:height\" content=\"505\" \/>\n\t<meta property=\"og:image:type\" content=\"image\/jpeg\" \/>\n<meta name=\"author\" content=\"admin8497\" \/>\n<meta name=\"twitter:card\" content=\"summary_large_image\" \/>\n<meta name=\"twitter:creator\" content=\"@alexandrecenis\" \/>\n<meta name=\"twitter:site\" content=\"@alexandrecenis\" \/>\n<meta name=\"twitter:label1\" content=\"\u00c9crit par\" \/>\n\t<meta name=\"twitter:data1\" content=\"admin8497\" \/>\n\t<meta name=\"twitter:label2\" content=\"Dur\u00e9e de lecture estim\u00e9e\" \/>\n\t<meta name=\"twitter:data2\" content=\"3 minutes\" \/>\n<script type=\"application\/ld+json\" class=\"yoast-schema-graph\">{\"@context\":\"https:\\\/\\\/schema.org\",\"@graph\":[{\"@type\":\"Article\",\"@id\":\"https:\\\/\\\/alexandrecenis.com\\\/index.php\\\/2019\\\/09\\\/02\\\/le-silence-est-dior\\\/#article\",\"isPartOf\":{\"@id\":\"https:\\\/\\\/alexandrecenis.com\\\/index.php\\\/2019\\\/09\\\/02\\\/le-silence-est-dior\\\/\"},\"author\":{\"name\":\"admin8497\",\"@id\":\"https:\\\/\\\/alexandrecenis.com\\\/#\\\/schema\\\/person\\\/cb034178deaf60a8602f9c700c5b1c83\"},\"headline\":\"Le silence est Dior\",\"datePublished\":\"2019-09-02T04:19:00+00:00\",\"dateModified\":\"2019-09-02T04:22:05+00:00\",\"mainEntityOfPage\":{\"@id\":\"https:\\\/\\\/alexandrecenis.com\\\/index.php\\\/2019\\\/09\\\/02\\\/le-silence-est-dior\\\/\"},\"wordCount\":683,\"image\":{\"@id\":\"https:\\\/\\\/alexandrecenis.com\\\/index.php\\\/2019\\\/09\\\/02\\\/le-silence-est-dior\\\/#primaryimage\"},\"thumbnailUrl\":\"https:\\\/\\\/alexandrecenis.com\\\/wp-content\\\/uploads\\\/2019\\\/09\\\/3.jpg\",\"keywords\":[\"communaut\u00e9 am\u00e9rindienne\",\"dior\",\"johnny depp\",\"parfum\",\"Sauvage\"],\"inLanguage\":\"fr-FR\"},{\"@type\":\"WebPage\",\"@id\":\"https:\\\/\\\/alexandrecenis.com\\\/index.php\\\/2019\\\/09\\\/02\\\/le-silence-est-dior\\\/\",\"url\":\"https:\\\/\\\/alexandrecenis.com\\\/index.php\\\/2019\\\/09\\\/02\\\/le-silence-est-dior\\\/\",\"name\":\"Le silence est Dior - Alexandre Cenis\",\"isPartOf\":{\"@id\":\"https:\\\/\\\/alexandrecenis.com\\\/#website\"},\"primaryImageOfPage\":{\"@id\":\"https:\\\/\\\/alexandrecenis.com\\\/index.php\\\/2019\\\/09\\\/02\\\/le-silence-est-dior\\\/#primaryimage\"},\"image\":{\"@id\":\"https:\\\/\\\/alexandrecenis.com\\\/index.php\\\/2019\\\/09\\\/02\\\/le-silence-est-dior\\\/#primaryimage\"},\"thumbnailUrl\":\"https:\\\/\\\/alexandrecenis.com\\\/wp-content\\\/uploads\\\/2019\\\/09\\\/3.jpg\",\"datePublished\":\"2019-09-02T04:19:00+00:00\",\"dateModified\":\"2019-09-02T04:22:05+00:00\",\"author\":{\"@id\":\"https:\\\/\\\/alexandrecenis.com\\\/#\\\/schema\\\/person\\\/cb034178deaf60a8602f9c700c5b1c83\"},\"breadcrumb\":{\"@id\":\"https:\\\/\\\/alexandrecenis.com\\\/index.php\\\/2019\\\/09\\\/02\\\/le-silence-est-dior\\\/#breadcrumb\"},\"inLanguage\":\"fr-FR\",\"potentialAction\":[{\"@type\":\"ReadAction\",\"target\":[\"https:\\\/\\\/alexandrecenis.com\\\/index.php\\\/2019\\\/09\\\/02\\\/le-silence-est-dior\\\/\"]}]},{\"@type\":\"ImageObject\",\"inLanguage\":\"fr-FR\",\"@id\":\"https:\\\/\\\/alexandrecenis.com\\\/index.php\\\/2019\\\/09\\\/02\\\/le-silence-est-dior\\\/#primaryimage\",\"url\":\"https:\\\/\\\/alexandrecenis.com\\\/wp-content\\\/uploads\\\/2019\\\/09\\\/3.jpg\",\"contentUrl\":\"https:\\\/\\\/alexandrecenis.com\\\/wp-content\\\/uploads\\\/2019\\\/09\\\/3.jpg\",\"width\":505,\"height\":505},{\"@type\":\"BreadcrumbList\",\"@id\":\"https:\\\/\\\/alexandrecenis.com\\\/index.php\\\/2019\\\/09\\\/02\\\/le-silence-est-dior\\\/#breadcrumb\",\"itemListElement\":[{\"@type\":\"ListItem\",\"position\":1,\"name\":\"Home\",\"item\":\"https:\\\/\\\/alexandrecenis.com\\\/\"},{\"@type\":\"ListItem\",\"position\":2,\"name\":\"Le silence est Dior\"}]},{\"@type\":\"WebSite\",\"@id\":\"https:\\\/\\\/alexandrecenis.com\\\/#website\",\"url\":\"https:\\\/\\\/alexandrecenis.com\\\/\",\"name\":\"Alexandre Cenis\",\"description\":\"Intelligence Cr\u00e9ative\",\"potentialAction\":[{\"@type\":\"SearchAction\",\"target\":{\"@type\":\"EntryPoint\",\"urlTemplate\":\"https:\\\/\\\/alexandrecenis.com\\\/?s={search_term_string}\"},\"query-input\":{\"@type\":\"PropertyValueSpecification\",\"valueRequired\":true,\"valueName\":\"search_term_string\"}}],\"inLanguage\":\"fr-FR\"},{\"@type\":\"Person\",\"@id\":\"https:\\\/\\\/alexandrecenis.com\\\/#\\\/schema\\\/person\\\/cb034178deaf60a8602f9c700c5b1c83\",\"name\":\"admin8497\",\"image\":{\"@type\":\"ImageObject\",\"inLanguage\":\"fr-FR\",\"@id\":\"https:\\\/\\\/secure.gravatar.com\\\/avatar\\\/9586a1b4e51047e1977e647153ddd075f143e741c8e5ba4d03f6cfa4c61126fd?s=96&d=mm&r=g\",\"url\":\"https:\\\/\\\/secure.gravatar.com\\\/avatar\\\/9586a1b4e51047e1977e647153ddd075f143e741c8e5ba4d03f6cfa4c61126fd?s=96&d=mm&r=g\",\"contentUrl\":\"https:\\\/\\\/secure.gravatar.com\\\/avatar\\\/9586a1b4e51047e1977e647153ddd075f143e741c8e5ba4d03f6cfa4c61126fd?s=96&d=mm&r=g\",\"caption\":\"admin8497\"},\"url\":\"https:\\\/\\\/alexandrecenis.com\\\/index.php\\\/author\\\/admin8497\\\/\"}]}<\/script>\n<!-- \/ Yoast SEO plugin. -->","yoast_head_json":{"title":"Le silence est Dior - Alexandre Cenis","robots":{"index":"index","follow":"follow","max-snippet":"max-snippet:-1","max-image-preview":"max-image-preview:large","max-video-preview":"max-video-preview:-1"},"canonical":"https:\/\/alexandrecenis.com\/index.php\/2019\/09\/02\/le-silence-est-dior\/","og_locale":"fr_FR","og_type":"article","og_title":"Le silence est Dior - Alexandre Cenis","og_description":"Bien le bonjour le monde digital ! Le vendredi 30 ao\u00fbt dernier, Dior s\u2019est retrouv\u00e9e au c\u0153ur d\u2019une pol\u00e9mique dont l\u2019enseigne de luxe se serait sans doute bien pass\u00e9e. En cause: la nouvelle publicit\u00e9 pour le parfum \u201cSauvage\u201d, dont l\u2019\u00e9g\u00e9rie est l\u2019acteur Johnny Depp. Le spot, qui \u00e9tait annonc\u00e9 dans un communiqu\u00e9 de presse, voulait [&hellip;]","og_url":"https:\/\/alexandrecenis.com\/index.php\/2019\/09\/02\/le-silence-est-dior\/","og_site_name":"Alexandre Cenis","article_published_time":"2019-09-02T04:19:00+00:00","article_modified_time":"2019-09-02T04:22:05+00:00","og_image":[{"width":505,"height":505,"url":"https:\/\/alexandrecenis.com\/wp-content\/uploads\/2019\/09\/3.jpg","type":"image\/jpeg"}],"author":"admin8497","twitter_card":"summary_large_image","twitter_creator":"@alexandrecenis","twitter_site":"@alexandrecenis","twitter_misc":{"\u00c9crit par":"admin8497","Dur\u00e9e de lecture estim\u00e9e":"3 minutes"},"schema":{"@context":"https:\/\/schema.org","@graph":[{"@type":"Article","@id":"https:\/\/alexandrecenis.com\/index.php\/2019\/09\/02\/le-silence-est-dior\/#article","isPartOf":{"@id":"https:\/\/alexandrecenis.com\/index.php\/2019\/09\/02\/le-silence-est-dior\/"},"author":{"name":"admin8497","@id":"https:\/\/alexandrecenis.com\/#\/schema\/person\/cb034178deaf60a8602f9c700c5b1c83"},"headline":"Le silence est Dior","datePublished":"2019-09-02T04:19:00+00:00","dateModified":"2019-09-02T04:22:05+00:00","mainEntityOfPage":{"@id":"https:\/\/alexandrecenis.com\/index.php\/2019\/09\/02\/le-silence-est-dior\/"},"wordCount":683,"image":{"@id":"https:\/\/alexandrecenis.com\/index.php\/2019\/09\/02\/le-silence-est-dior\/#primaryimage"},"thumbnailUrl":"https:\/\/alexandrecenis.com\/wp-content\/uploads\/2019\/09\/3.jpg","keywords":["communaut\u00e9 am\u00e9rindienne","dior","johnny depp","parfum","Sauvage"],"inLanguage":"fr-FR"},{"@type":"WebPage","@id":"https:\/\/alexandrecenis.com\/index.php\/2019\/09\/02\/le-silence-est-dior\/","url":"https:\/\/alexandrecenis.com\/index.php\/2019\/09\/02\/le-silence-est-dior\/","name":"Le silence est Dior - Alexandre Cenis","isPartOf":{"@id":"https:\/\/alexandrecenis.com\/#website"},"primaryImageOfPage":{"@id":"https:\/\/alexandrecenis.com\/index.php\/2019\/09\/02\/le-silence-est-dior\/#primaryimage"},"image":{"@id":"https:\/\/alexandrecenis.com\/index.php\/2019\/09\/02\/le-silence-est-dior\/#primaryimage"},"thumbnailUrl":"https:\/\/alexandrecenis.com\/wp-content\/uploads\/2019\/09\/3.jpg","datePublished":"2019-09-02T04:19:00+00:00","dateModified":"2019-09-02T04:22:05+00:00","author":{"@id":"https:\/\/alexandrecenis.com\/#\/schema\/person\/cb034178deaf60a8602f9c700c5b1c83"},"breadcrumb":{"@id":"https:\/\/alexandrecenis.com\/index.php\/2019\/09\/02\/le-silence-est-dior\/#breadcrumb"},"inLanguage":"fr-FR","potentialAction":[{"@type":"ReadAction","target":["https:\/\/alexandrecenis.com\/index.php\/2019\/09\/02\/le-silence-est-dior\/"]}]},{"@type":"ImageObject","inLanguage":"fr-FR","@id":"https:\/\/alexandrecenis.com\/index.php\/2019\/09\/02\/le-silence-est-dior\/#primaryimage","url":"https:\/\/alexandrecenis.com\/wp-content\/uploads\/2019\/09\/3.jpg","contentUrl":"https:\/\/alexandrecenis.com\/wp-content\/uploads\/2019\/09\/3.jpg","width":505,"height":505},{"@type":"BreadcrumbList","@id":"https:\/\/alexandrecenis.com\/index.php\/2019\/09\/02\/le-silence-est-dior\/#breadcrumb","itemListElement":[{"@type":"ListItem","position":1,"name":"Home","item":"https:\/\/alexandrecenis.com\/"},{"@type":"ListItem","position":2,"name":"Le silence est Dior"}]},{"@type":"WebSite","@id":"https:\/\/alexandrecenis.com\/#website","url":"https:\/\/alexandrecenis.com\/","name":"Alexandre Cenis","description":"Intelligence Cr\u00e9ative","potentialAction":[{"@type":"SearchAction","target":{"@type":"EntryPoint","urlTemplate":"https:\/\/alexandrecenis.com\/?s={search_term_string}"},"query-input":{"@type":"PropertyValueSpecification","valueRequired":true,"valueName":"search_term_string"}}],"inLanguage":"fr-FR"},{"@type":"Person","@id":"https:\/\/alexandrecenis.com\/#\/schema\/person\/cb034178deaf60a8602f9c700c5b1c83","name":"admin8497","image":{"@type":"ImageObject","inLanguage":"fr-FR","@id":"https:\/\/secure.gravatar.com\/avatar\/9586a1b4e51047e1977e647153ddd075f143e741c8e5ba4d03f6cfa4c61126fd?s=96&d=mm&r=g","url":"https:\/\/secure.gravatar.com\/avatar\/9586a1b4e51047e1977e647153ddd075f143e741c8e5ba4d03f6cfa4c61126fd?s=96&d=mm&r=g","contentUrl":"https:\/\/secure.gravatar.com\/avatar\/9586a1b4e51047e1977e647153ddd075f143e741c8e5ba4d03f6cfa4c61126fd?s=96&d=mm&r=g","caption":"admin8497"},"url":"https:\/\/alexandrecenis.com\/index.php\/author\/admin8497\/"}]}},"_links":{"self":[{"href":"https:\/\/alexandrecenis.com\/index.php\/wp-json\/wp\/v2\/posts\/759","targetHints":{"allow":["GET"]}}],"collection":[{"href":"https:\/\/alexandrecenis.com\/index.php\/wp-json\/wp\/v2\/posts"}],"about":[{"href":"https:\/\/alexandrecenis.com\/index.php\/wp-json\/wp\/v2\/types\/post"}],"author":[{"embeddable":true,"href":"https:\/\/alexandrecenis.com\/index.php\/wp-json\/wp\/v2\/users\/1"}],"replies":[{"embeddable":true,"href":"https:\/\/alexandrecenis.com\/index.php\/wp-json\/wp\/v2\/comments?post=759"}],"version-history":[{"count":3,"href":"https:\/\/alexandrecenis.com\/index.php\/wp-json\/wp\/v2\/posts\/759\/revisions"}],"predecessor-version":[{"id":766,"href":"https:\/\/alexandrecenis.com\/index.php\/wp-json\/wp\/v2\/posts\/759\/revisions\/766"}],"wp:featuredmedia":[{"embeddable":true,"href":"https:\/\/alexandrecenis.com\/index.php\/wp-json\/wp\/v2\/media\/762"}],"wp:attachment":[{"href":"https:\/\/alexandrecenis.com\/index.php\/wp-json\/wp\/v2\/media?parent=759"}],"wp:term":[{"taxonomy":"category","embeddable":true,"href":"https:\/\/alexandrecenis.com\/index.php\/wp-json\/wp\/v2\/categories?post=759"},{"taxonomy":"post_tag","embeddable":true,"href":"https:\/\/alexandrecenis.com\/index.php\/wp-json\/wp\/v2\/tags?post=759"}],"curies":[{"name":"wp","href":"https:\/\/api.w.org\/{rel}","templated":true}]}}