{"id":7390,"date":"2023-07-11T11:32:34","date_gmt":"2023-07-11T09:32:34","guid":{"rendered":"https:\/\/alexandrecenis.com\/?p=7390"},"modified":"2023-07-11T11:32:34","modified_gmt":"2023-07-11T09:32:34","slug":"bonnes-vacances-2","status":"publish","type":"post","link":"https:\/\/alexandrecenis.com\/index.php\/2023\/07\/11\/bonnes-vacances-2\/","title":{"rendered":"Bonnes vacances"},"content":{"rendered":"<p style=\"text-align: justify;\">Bien le bonjour le monde digital ! Vacances, vacances c&rsquo;est vite dit&#8230;.ca va charbonner comme dirait l&rsquo;autre.<\/p>\n<p><img loading=\"lazy\" decoding=\"async\" class=\"wp-image-7395 size-large\" src=\"https:\/\/alexandrecenis.com\/wp-content\/uploads\/2023\/07\/black-woman-videographer-developing-project-film-m-2022-01-18-23-39-59-utc-1024x683.jpg\" alt=\"\" width=\"1024\" height=\"683\" srcset=\"https:\/\/alexandrecenis.com\/wp-content\/uploads\/2023\/07\/black-woman-videographer-developing-project-film-m-2022-01-18-23-39-59-utc-980x653.jpg 980w, https:\/\/alexandrecenis.com\/wp-content\/uploads\/2023\/07\/black-woman-videographer-developing-project-film-m-2022-01-18-23-39-59-utc-480x320.jpg 480w\" sizes=\"(min-width: 0px) and (max-width: 480px) 480px, (min-width: 481px) and (max-width: 980px) 980px, (min-width: 981px) 1024px, 100vw\" \/><\/p>\n<p style=\"text-align: justify;\">Du repos pas trop, mais de la pr\u00e9paration pour la rentr\u00e9e ooooh oui ! Des nouveaux projets, la fin de l&rsquo;\u00e9criture de mon second livre pour la fin de l&rsquo;ann\u00e9e, la mise en place de la strat\u00e9gie de communication pour la <a href=\"https:\/\/www.foota2.fr\/\" target=\"_blank\" rel=\"noopener\">FSFA2.<\/a><\/p>\n<p><img loading=\"lazy\" decoding=\"async\" class=\"wp-image-7396 size-large\" src=\"https:\/\/alexandrecenis.com\/wp-content\/uploads\/2023\/07\/project-planner-on-brick-wall-2022-12-15-23-00-39-utc-1024x683.jpg\" alt=\"\" width=\"1024\" height=\"683\" srcset=\"https:\/\/alexandrecenis.com\/wp-content\/uploads\/2023\/07\/project-planner-on-brick-wall-2022-12-15-23-00-39-utc-980x653.jpg 980w, https:\/\/alexandrecenis.com\/wp-content\/uploads\/2023\/07\/project-planner-on-brick-wall-2022-12-15-23-00-39-utc-480x320.jpg 480w\" sizes=\"(min-width: 0px) and (max-width: 480px) 480px, (min-width: 481px) and (max-width: 980px) 980px, (min-width: 981px) 1024px, 100vw\" \/><\/p>\n<p>Amusez-vous bien et rdv tr\u00e8s vite pour de nouvelles aventures !!!!<\/p>\n<p>&nbsp;<\/p>\n<p style=\"text-align: justify;\">\n","protected":false},"excerpt":{"rendered":"<p>Bien le bonjour le monde digital ! Vacances, vacances c&rsquo;est vite dit&#8230;.ca va charbonner comme dirait l&rsquo;autre. Du repos pas trop, mais de la pr\u00e9paration pour la rentr\u00e9e ooooh oui ! Des nouveaux projets, la fin de l&rsquo;\u00e9criture de mon second livre pour la fin de l&rsquo;ann\u00e9e, la mise en place de la strat\u00e9gie de [&hellip;]<\/p>\n","protected":false},"author":1,"featured_media":7391,"comment_status":"closed","ping_status":"open","sticky":false,"template":"","format":"standard","meta":{"_et_pb_use_builder":"","_et_pb_old_content":"","_et_gb_content_width":"","footnotes":""},"categories":[1],"tags":[],"class_list":["post-7390","post","type-post","status-publish","format-standard","has-post-thumbnail","hentry","category-non-classe"],"yoast_head":"<!-- This site is optimized with the Yoast SEO plugin v27.3 - https:\/\/yoast.com\/product\/yoast-seo-wordpress\/ -->\n<title>Bonnes vacances - Alexandre Cenis<\/title>\n<meta name=\"robots\" content=\"index, follow, max-snippet:-1, max-image-preview:large, max-video-preview:-1\" \/>\n<link rel=\"canonical\" href=\"https:\/\/alexandrecenis.com\/index.php\/2023\/07\/11\/bonnes-vacances-2\/\" \/>\n<meta property=\"og:locale\" content=\"fr_FR\" \/>\n<meta property=\"og:type\" content=\"article\" \/>\n<meta property=\"og:title\" content=\"Bonnes vacances - Alexandre Cenis\" \/>\n<meta property=\"og:description\" content=\"Bien le bonjour le monde digital ! Vacances, vacances c&rsquo;est vite dit&#8230;.ca va charbonner comme dirait l&rsquo;autre. Du repos pas trop, mais de la pr\u00e9paration pour la rentr\u00e9e ooooh oui ! Des nouveaux projets, la fin de l&rsquo;\u00e9criture de mon second livre pour la fin de l&rsquo;ann\u00e9e, la mise en place de la strat\u00e9gie de [&hellip;]\" \/>\n<meta property=\"og:url\" content=\"https:\/\/alexandrecenis.com\/index.php\/2023\/07\/11\/bonnes-vacances-2\/\" \/>\n<meta property=\"og:site_name\" content=\"Alexandre Cenis\" \/>\n<meta property=\"article:published_time\" content=\"2023-07-11T09:32:34+00:00\" \/>\n<meta property=\"og:image\" content=\"https:\/\/alexandrecenis.com\/wp-content\/uploads\/2023\/07\/vacation-2021-08-31-16-06-15-utc-scaled.jpg\" \/>\n\t<meta property=\"og:image:width\" content=\"2560\" \/>\n\t<meta property=\"og:image:height\" content=\"1707\" \/>\n\t<meta property=\"og:image:type\" content=\"image\/jpeg\" \/>\n<meta name=\"author\" content=\"admin8497\" \/>\n<meta name=\"twitter:card\" content=\"summary_large_image\" \/>\n<meta name=\"twitter:creator\" content=\"@alexandrecenis\" \/>\n<meta name=\"twitter:site\" content=\"@alexandrecenis\" \/>\n<meta name=\"twitter:label1\" content=\"\u00c9crit par\" \/>\n\t<meta name=\"twitter:data1\" content=\"admin8497\" \/>\n<script type=\"application\/ld+json\" class=\"yoast-schema-graph\">{\"@context\":\"https:\\\/\\\/schema.org\",\"@graph\":[{\"@type\":\"Article\",\"@id\":\"https:\\\/\\\/alexandrecenis.com\\\/index.php\\\/2023\\\/07\\\/11\\\/bonnes-vacances-2\\\/#article\",\"isPartOf\":{\"@id\":\"https:\\\/\\\/alexandrecenis.com\\\/index.php\\\/2023\\\/07\\\/11\\\/bonnes-vacances-2\\\/\"},\"author\":{\"name\":\"admin8497\",\"@id\":\"https:\\\/\\\/alexandrecenis.com\\\/#\\\/schema\\\/person\\\/cb034178deaf60a8602f9c700c5b1c83\"},\"headline\":\"Bonnes vacances\",\"datePublished\":\"2023-07-11T09:32:34+00:00\",\"mainEntityOfPage\":{\"@id\":\"https:\\\/\\\/alexandrecenis.com\\\/index.php\\\/2023\\\/07\\\/11\\\/bonnes-vacances-2\\\/\"},\"wordCount\":77,\"image\":{\"@id\":\"https:\\\/\\\/alexandrecenis.com\\\/index.php\\\/2023\\\/07\\\/11\\\/bonnes-vacances-2\\\/#primaryimage\"},\"thumbnailUrl\":\"https:\\\/\\\/alexandrecenis.com\\\/wp-content\\\/uploads\\\/2023\\\/07\\\/vacation-2021-08-31-16-06-15-utc-scaled.jpg\",\"inLanguage\":\"fr-FR\"},{\"@type\":\"WebPage\",\"@id\":\"https:\\\/\\\/alexandrecenis.com\\\/index.php\\\/2023\\\/07\\\/11\\\/bonnes-vacances-2\\\/\",\"url\":\"https:\\\/\\\/alexandrecenis.com\\\/index.php\\\/2023\\\/07\\\/11\\\/bonnes-vacances-2\\\/\",\"name\":\"Bonnes vacances - Alexandre Cenis\",\"isPartOf\":{\"@id\":\"https:\\\/\\\/alexandrecenis.com\\\/#website\"},\"primaryImageOfPage\":{\"@id\":\"https:\\\/\\\/alexandrecenis.com\\\/index.php\\\/2023\\\/07\\\/11\\\/bonnes-vacances-2\\\/#primaryimage\"},\"image\":{\"@id\":\"https:\\\/\\\/alexandrecenis.com\\\/index.php\\\/2023\\\/07\\\/11\\\/bonnes-vacances-2\\\/#primaryimage\"},\"thumbnailUrl\":\"https:\\\/\\\/alexandrecenis.com\\\/wp-content\\\/uploads\\\/2023\\\/07\\\/vacation-2021-08-31-16-06-15-utc-scaled.jpg\",\"datePublished\":\"2023-07-11T09:32:34+00:00\",\"author\":{\"@id\":\"https:\\\/\\\/alexandrecenis.com\\\/#\\\/schema\\\/person\\\/cb034178deaf60a8602f9c700c5b1c83\"},\"breadcrumb\":{\"@id\":\"https:\\\/\\\/alexandrecenis.com\\\/index.php\\\/2023\\\/07\\\/11\\\/bonnes-vacances-2\\\/#breadcrumb\"},\"inLanguage\":\"fr-FR\",\"potentialAction\":[{\"@type\":\"ReadAction\",\"target\":[\"https:\\\/\\\/alexandrecenis.com\\\/index.php\\\/2023\\\/07\\\/11\\\/bonnes-vacances-2\\\/\"]}]},{\"@type\":\"ImageObject\",\"inLanguage\":\"fr-FR\",\"@id\":\"https:\\\/\\\/alexandrecenis.com\\\/index.php\\\/2023\\\/07\\\/11\\\/bonnes-vacances-2\\\/#primaryimage\",\"url\":\"https:\\\/\\\/alexandrecenis.com\\\/wp-content\\\/uploads\\\/2023\\\/07\\\/vacation-2021-08-31-16-06-15-utc-scaled.jpg\",\"contentUrl\":\"https:\\\/\\\/alexandrecenis.com\\\/wp-content\\\/uploads\\\/2023\\\/07\\\/vacation-2021-08-31-16-06-15-utc-scaled.jpg\",\"width\":2560,\"height\":1707,\"caption\":\"Holiday. Vacation at the beach\"},{\"@type\":\"BreadcrumbList\",\"@id\":\"https:\\\/\\\/alexandrecenis.com\\\/index.php\\\/2023\\\/07\\\/11\\\/bonnes-vacances-2\\\/#breadcrumb\",\"itemListElement\":[{\"@type\":\"ListItem\",\"position\":1,\"name\":\"Home\",\"item\":\"https:\\\/\\\/alexandrecenis.com\\\/\"},{\"@type\":\"ListItem\",\"position\":2,\"name\":\"Bonnes vacances\"}]},{\"@type\":\"WebSite\",\"@id\":\"https:\\\/\\\/alexandrecenis.com\\\/#website\",\"url\":\"https:\\\/\\\/alexandrecenis.com\\\/\",\"name\":\"Alexandre Cenis\",\"description\":\"Intelligence Cr\u00e9ative\",\"potentialAction\":[{\"@type\":\"SearchAction\",\"target\":{\"@type\":\"EntryPoint\",\"urlTemplate\":\"https:\\\/\\\/alexandrecenis.com\\\/?s={search_term_string}\"},\"query-input\":{\"@type\":\"PropertyValueSpecification\",\"valueRequired\":true,\"valueName\":\"search_term_string\"}}],\"inLanguage\":\"fr-FR\"},{\"@type\":\"Person\",\"@id\":\"https:\\\/\\\/alexandrecenis.com\\\/#\\\/schema\\\/person\\\/cb034178deaf60a8602f9c700c5b1c83\",\"name\":\"admin8497\",\"image\":{\"@type\":\"ImageObject\",\"inLanguage\":\"fr-FR\",\"@id\":\"https:\\\/\\\/secure.gravatar.com\\\/avatar\\\/9586a1b4e51047e1977e647153ddd075f143e741c8e5ba4d03f6cfa4c61126fd?s=96&d=mm&r=g\",\"url\":\"https:\\\/\\\/secure.gravatar.com\\\/avatar\\\/9586a1b4e51047e1977e647153ddd075f143e741c8e5ba4d03f6cfa4c61126fd?s=96&d=mm&r=g\",\"contentUrl\":\"https:\\\/\\\/secure.gravatar.com\\\/avatar\\\/9586a1b4e51047e1977e647153ddd075f143e741c8e5ba4d03f6cfa4c61126fd?s=96&d=mm&r=g\",\"caption\":\"admin8497\"},\"url\":\"https:\\\/\\\/alexandrecenis.com\\\/index.php\\\/author\\\/admin8497\\\/\"}]}<\/script>\n<!-- \/ Yoast SEO plugin. -->","yoast_head_json":{"title":"Bonnes vacances - Alexandre Cenis","robots":{"index":"index","follow":"follow","max-snippet":"max-snippet:-1","max-image-preview":"max-image-preview:large","max-video-preview":"max-video-preview:-1"},"canonical":"https:\/\/alexandrecenis.com\/index.php\/2023\/07\/11\/bonnes-vacances-2\/","og_locale":"fr_FR","og_type":"article","og_title":"Bonnes vacances - Alexandre Cenis","og_description":"Bien le bonjour le monde digital ! Vacances, vacances c&rsquo;est vite dit&#8230;.ca va charbonner comme dirait l&rsquo;autre. Du repos pas trop, mais de la pr\u00e9paration pour la rentr\u00e9e ooooh oui ! Des nouveaux projets, la fin de l&rsquo;\u00e9criture de mon second livre pour la fin de l&rsquo;ann\u00e9e, la mise en place de la strat\u00e9gie de [&hellip;]","og_url":"https:\/\/alexandrecenis.com\/index.php\/2023\/07\/11\/bonnes-vacances-2\/","og_site_name":"Alexandre Cenis","article_published_time":"2023-07-11T09:32:34+00:00","og_image":[{"width":2560,"height":1707,"url":"https:\/\/alexandrecenis.com\/wp-content\/uploads\/2023\/07\/vacation-2021-08-31-16-06-15-utc-scaled.jpg","type":"image\/jpeg"}],"author":"admin8497","twitter_card":"summary_large_image","twitter_creator":"@alexandrecenis","twitter_site":"@alexandrecenis","twitter_misc":{"\u00c9crit par":"admin8497"},"schema":{"@context":"https:\/\/schema.org","@graph":[{"@type":"Article","@id":"https:\/\/alexandrecenis.com\/index.php\/2023\/07\/11\/bonnes-vacances-2\/#article","isPartOf":{"@id":"https:\/\/alexandrecenis.com\/index.php\/2023\/07\/11\/bonnes-vacances-2\/"},"author":{"name":"admin8497","@id":"https:\/\/alexandrecenis.com\/#\/schema\/person\/cb034178deaf60a8602f9c700c5b1c83"},"headline":"Bonnes vacances","datePublished":"2023-07-11T09:32:34+00:00","mainEntityOfPage":{"@id":"https:\/\/alexandrecenis.com\/index.php\/2023\/07\/11\/bonnes-vacances-2\/"},"wordCount":77,"image":{"@id":"https:\/\/alexandrecenis.com\/index.php\/2023\/07\/11\/bonnes-vacances-2\/#primaryimage"},"thumbnailUrl":"https:\/\/alexandrecenis.com\/wp-content\/uploads\/2023\/07\/vacation-2021-08-31-16-06-15-utc-scaled.jpg","inLanguage":"fr-FR"},{"@type":"WebPage","@id":"https:\/\/alexandrecenis.com\/index.php\/2023\/07\/11\/bonnes-vacances-2\/","url":"https:\/\/alexandrecenis.com\/index.php\/2023\/07\/11\/bonnes-vacances-2\/","name":"Bonnes vacances - Alexandre Cenis","isPartOf":{"@id":"https:\/\/alexandrecenis.com\/#website"},"primaryImageOfPage":{"@id":"https:\/\/alexandrecenis.com\/index.php\/2023\/07\/11\/bonnes-vacances-2\/#primaryimage"},"image":{"@id":"https:\/\/alexandrecenis.com\/index.php\/2023\/07\/11\/bonnes-vacances-2\/#primaryimage"},"thumbnailUrl":"https:\/\/alexandrecenis.com\/wp-content\/uploads\/2023\/07\/vacation-2021-08-31-16-06-15-utc-scaled.jpg","datePublished":"2023-07-11T09:32:34+00:00","author":{"@id":"https:\/\/alexandrecenis.com\/#\/schema\/person\/cb034178deaf60a8602f9c700c5b1c83"},"breadcrumb":{"@id":"https:\/\/alexandrecenis.com\/index.php\/2023\/07\/11\/bonnes-vacances-2\/#breadcrumb"},"inLanguage":"fr-FR","potentialAction":[{"@type":"ReadAction","target":["https:\/\/alexandrecenis.com\/index.php\/2023\/07\/11\/bonnes-vacances-2\/"]}]},{"@type":"ImageObject","inLanguage":"fr-FR","@id":"https:\/\/alexandrecenis.com\/index.php\/2023\/07\/11\/bonnes-vacances-2\/#primaryimage","url":"https:\/\/alexandrecenis.com\/wp-content\/uploads\/2023\/07\/vacation-2021-08-31-16-06-15-utc-scaled.jpg","contentUrl":"https:\/\/alexandrecenis.com\/wp-content\/uploads\/2023\/07\/vacation-2021-08-31-16-06-15-utc-scaled.jpg","width":2560,"height":1707,"caption":"Holiday. Vacation at the beach"},{"@type":"BreadcrumbList","@id":"https:\/\/alexandrecenis.com\/index.php\/2023\/07\/11\/bonnes-vacances-2\/#breadcrumb","itemListElement":[{"@type":"ListItem","position":1,"name":"Home","item":"https:\/\/alexandrecenis.com\/"},{"@type":"ListItem","position":2,"name":"Bonnes vacances"}]},{"@type":"WebSite","@id":"https:\/\/alexandrecenis.com\/#website","url":"https:\/\/alexandrecenis.com\/","name":"Alexandre Cenis","description":"Intelligence Cr\u00e9ative","potentialAction":[{"@type":"SearchAction","target":{"@type":"EntryPoint","urlTemplate":"https:\/\/alexandrecenis.com\/?s={search_term_string}"},"query-input":{"@type":"PropertyValueSpecification","valueRequired":true,"valueName":"search_term_string"}}],"inLanguage":"fr-FR"},{"@type":"Person","@id":"https:\/\/alexandrecenis.com\/#\/schema\/person\/cb034178deaf60a8602f9c700c5b1c83","name":"admin8497","image":{"@type":"ImageObject","inLanguage":"fr-FR","@id":"https:\/\/secure.gravatar.com\/avatar\/9586a1b4e51047e1977e647153ddd075f143e741c8e5ba4d03f6cfa4c61126fd?s=96&d=mm&r=g","url":"https:\/\/secure.gravatar.com\/avatar\/9586a1b4e51047e1977e647153ddd075f143e741c8e5ba4d03f6cfa4c61126fd?s=96&d=mm&r=g","contentUrl":"https:\/\/secure.gravatar.com\/avatar\/9586a1b4e51047e1977e647153ddd075f143e741c8e5ba4d03f6cfa4c61126fd?s=96&d=mm&r=g","caption":"admin8497"},"url":"https:\/\/alexandrecenis.com\/index.php\/author\/admin8497\/"}]}},"_links":{"self":[{"href":"https:\/\/alexandrecenis.com\/index.php\/wp-json\/wp\/v2\/posts\/7390","targetHints":{"allow":["GET"]}}],"collection":[{"href":"https:\/\/alexandrecenis.com\/index.php\/wp-json\/wp\/v2\/posts"}],"about":[{"href":"https:\/\/alexandrecenis.com\/index.php\/wp-json\/wp\/v2\/types\/post"}],"author":[{"embeddable":true,"href":"https:\/\/alexandrecenis.com\/index.php\/wp-json\/wp\/v2\/users\/1"}],"replies":[{"embeddable":true,"href":"https:\/\/alexandrecenis.com\/index.php\/wp-json\/wp\/v2\/comments?post=7390"}],"version-history":[{"count":5,"href":"https:\/\/alexandrecenis.com\/index.php\/wp-json\/wp\/v2\/posts\/7390\/revisions"}],"predecessor-version":[{"id":7398,"href":"https:\/\/alexandrecenis.com\/index.php\/wp-json\/wp\/v2\/posts\/7390\/revisions\/7398"}],"wp:featuredmedia":[{"embeddable":true,"href":"https:\/\/alexandrecenis.com\/index.php\/wp-json\/wp\/v2\/media\/7391"}],"wp:attachment":[{"href":"https:\/\/alexandrecenis.com\/index.php\/wp-json\/wp\/v2\/media?parent=7390"}],"wp:term":[{"taxonomy":"category","embeddable":true,"href":"https:\/\/alexandrecenis.com\/index.php\/wp-json\/wp\/v2\/categories?post=7390"},{"taxonomy":"post_tag","embeddable":true,"href":"https:\/\/alexandrecenis.com\/index.php\/wp-json\/wp\/v2\/tags?post=7390"}],"curies":[{"name":"wp","href":"https:\/\/api.w.org\/{rel}","templated":true}]}}