{"id":7208,"date":"2023-05-15T06:36:09","date_gmt":"2023-05-15T04:36:09","guid":{"rendered":"https:\/\/alexandrecenis.com\/?p=7208"},"modified":"2023-05-15T06:36:09","modified_gmt":"2023-05-15T04:36:09","slug":"opal-detourne-le-mal","status":"publish","type":"post","link":"https:\/\/alexandrecenis.com\/index.php\/2023\/05\/15\/opal-detourne-le-mal\/","title":{"rendered":"Opal d\u00e9tourne le mal"},"content":{"rendered":"<p style=\"text-align: justify;\">Bien le bonjour le monde digital ! Connaissez-vous la marque Opal ? Cette marque de lessive pense avoir des produits qui sont capables de venir \u00e0 bout de toutes les taches quelles qu\u2019elles soient. Mais certaines d\u2019entre elles ne peuvent dispara\u00eetre aussi facilement que cela\u2026\u00e0 l\u2019image des m\u00e9lanomes qui se caract\u00e9risent par une coloration de l\u2019\u00e9piderme et qui est l\u2019un des cancers les plus dangereux. Alors comment relier les deux ? Venez, je vais tout vous expliquer allez : Com\u2019 with me !<\/p>\n<p style=\"text-align: center;\"><iframe loading=\"lazy\" src=\"https:\/\/podcasters.spotify.com\/pod\/show\/alexandrecenis\/embed\/episodes\/Com-With-Me-S2E75--Opal-dtourne-le-mal-e24242v\" width=\"400px\" height=\"102px\" frameborder=\"0\" scrolling=\"no\"><\/iframe><\/p>\n<p style=\"text-align: justify;\">A l\u2019occasion de la Journ\u00e9e nationale de sensibilisation aux grains de beaut\u00e9 et aux soins de la peau, Opal a d\u00e9voil\u00e9 une campagne de sensibilisation poignante avec l\u2019agence p\u00e9ruvienne VMLY&amp;R. Avec le soutien de dermatologue et d\u2019un expert en macrophotographie, elle est ainsi parvenue \u00e0 d\u00e9tourner les taches des v\u00eatements pour les faire ressembler le plus r\u00e9ellement possible \u00e0 des m\u00e9lanomes.<\/p>\n<p><img loading=\"lazy\" decoding=\"async\" class=\"aligncenter wp-image-7210 size-full\" src=\"https:\/\/alexandrecenis.com\/wp-content\/uploads\/2023\/05\/2.jpg\" alt=\"\" width=\"680\" height=\"424\" srcset=\"https:\/\/alexandrecenis.com\/wp-content\/uploads\/2023\/05\/2.jpg 680w, https:\/\/alexandrecenis.com\/wp-content\/uploads\/2023\/05\/2-480x299.jpg 480w\" sizes=\"(min-width: 0px) and (max-width: 480px) 480px, (min-width: 481px) 680px, 100vw\" \/><\/p>\n<p style=\"text-align: justify;\">\u00c0 travers cette initiative, Opal tenait \u00e0 sensibiliser les personnes sur les risques de cancer de la peau qui sont notamment plus importants au P\u00e9rou en raison des rayons UV qui sont les plus \u00e9lev\u00e9s au monde. Les diff\u00e9rentes affiches arboraient alors un QR code que les passants avaient simplement \u00e0 scanner pour obtenir un d\u00e9pistage gratuit et leur rappeler l\u2019importance de se faire diagnostiquer \u00e0 temps.<\/p>\n<p><img loading=\"lazy\" decoding=\"async\" class=\"aligncenter wp-image-7209 size-full\" src=\"https:\/\/alexandrecenis.com\/wp-content\/uploads\/2023\/05\/1.jpg\" alt=\"\" width=\"678\" height=\"425\" srcset=\"https:\/\/alexandrecenis.com\/wp-content\/uploads\/2023\/05\/1.jpg 678w, https:\/\/alexandrecenis.com\/wp-content\/uploads\/2023\/05\/1-480x301.jpg 480w\" sizes=\"(min-width: 0px) and (max-width: 480px) 480px, (min-width: 481px) 678px, 100vw\" \/><\/p>\n<p>Deux mois apr\u00e8s la mise en place de sa campagne \u00e0 l\u2019\u00e9chelle nationale, Opal a d\u00e9clar\u00e9 que le nombre de d\u00e9pistages avait fortement augment\u00e9 par rapport \u00e0 l\u2019ann\u00e9e pr\u00e9c\u00e9dente tandis que le nombre d\u2019hommes test\u00e9s avait tripl\u00e9.<\/p>\n<div style=\"width: 1080px;\" class=\"wp-video\"><video class=\"wp-video-shortcode\" id=\"video-7208-1\" width=\"1080\" height=\"608\" preload=\"metadata\" controls=\"controls\"><source type=\"video\/mp4\" src=\"https:\/\/alexandrecenis.com\/wp-content\/uploads\/2023\/05\/high.mp4?_=1\" \/><a href=\"https:\/\/alexandrecenis.com\/wp-content\/uploads\/2023\/05\/high.mp4\">https:\/\/alexandrecenis.com\/wp-content\/uploads\/2023\/05\/high.mp4<\/a><\/video><\/div>\n","protected":false},"excerpt":{"rendered":"<p>Bien le bonjour le monde digital ! Connaissez-vous la marque Opal ? Cette marque de lessive pense avoir des produits qui sont capables de venir \u00e0 bout de toutes les taches quelles qu\u2019elles soient. Mais certaines d\u2019entre elles ne peuvent dispara\u00eetre aussi facilement que cela\u2026\u00e0 l\u2019image des m\u00e9lanomes qui se caract\u00e9risent par une coloration de [&hellip;]<\/p>\n","protected":false},"author":1,"featured_media":7211,"comment_status":"closed","ping_status":"open","sticky":false,"template":"","format":"standard","meta":{"_et_pb_use_builder":"","_et_pb_old_content":"","_et_gb_content_width":"","footnotes":""},"categories":[1],"tags":[2627,2626,2624,945,2625],"class_list":["post-7208","post","type-post","status-publish","format-standard","has-post-thumbnail","hentry","category-non-classe","tag-cancer-de-la-peau","tag-melanomes","tag-opal","tag-sensibilisation","tag-taches"],"yoast_head":"<!-- This site is optimized with the Yoast SEO plugin v27.3 - https:\/\/yoast.com\/product\/yoast-seo-wordpress\/ -->\n<title>Opal d\u00e9tourne le mal - Alexandre Cenis<\/title>\n<meta name=\"robots\" content=\"index, follow, max-snippet:-1, max-image-preview:large, max-video-preview:-1\" \/>\n<link rel=\"canonical\" href=\"https:\/\/alexandrecenis.com\/index.php\/2023\/05\/15\/opal-detourne-le-mal\/\" \/>\n<meta property=\"og:locale\" content=\"fr_FR\" \/>\n<meta property=\"og:type\" content=\"article\" \/>\n<meta property=\"og:title\" content=\"Opal d\u00e9tourne le mal - Alexandre Cenis\" \/>\n<meta property=\"og:description\" content=\"Bien le bonjour le monde digital ! Connaissez-vous la marque Opal ? Cette marque de lessive pense avoir des produits qui sont capables de venir \u00e0 bout de toutes les taches quelles qu\u2019elles soient. Mais certaines d\u2019entre elles ne peuvent dispara\u00eetre aussi facilement que cela\u2026\u00e0 l\u2019image des m\u00e9lanomes qui se caract\u00e9risent par une coloration de [&hellip;]\" \/>\n<meta property=\"og:url\" content=\"https:\/\/alexandrecenis.com\/index.php\/2023\/05\/15\/opal-detourne-le-mal\/\" \/>\n<meta property=\"og:site_name\" content=\"Alexandre Cenis\" \/>\n<meta property=\"article:published_time\" content=\"2023-05-15T04:36:09+00:00\" \/>\n<meta property=\"og:image\" content=\"https:\/\/alexandrecenis.com\/wp-content\/uploads\/2023\/05\/3.jpg\" \/>\n\t<meta property=\"og:image:width\" content=\"680\" \/>\n\t<meta property=\"og:image:height\" content=\"425\" \/>\n\t<meta property=\"og:image:type\" content=\"image\/jpeg\" \/>\n<meta name=\"author\" content=\"admin8497\" \/>\n<meta name=\"twitter:card\" content=\"summary_large_image\" \/>\n<meta name=\"twitter:creator\" content=\"@alexandrecenis\" \/>\n<meta name=\"twitter:site\" content=\"@alexandrecenis\" \/>\n<meta name=\"twitter:label1\" content=\"\u00c9crit par\" \/>\n\t<meta name=\"twitter:data1\" content=\"admin8497\" \/>\n\t<meta name=\"twitter:label2\" content=\"Dur\u00e9e de lecture estim\u00e9e\" \/>\n\t<meta name=\"twitter:data2\" content=\"1 minute\" \/>\n<script type=\"application\/ld+json\" class=\"yoast-schema-graph\">{\"@context\":\"https:\\\/\\\/schema.org\",\"@graph\":[{\"@type\":\"Article\",\"@id\":\"https:\\\/\\\/alexandrecenis.com\\\/index.php\\\/2023\\\/05\\\/15\\\/opal-detourne-le-mal\\\/#article\",\"isPartOf\":{\"@id\":\"https:\\\/\\\/alexandrecenis.com\\\/index.php\\\/2023\\\/05\\\/15\\\/opal-detourne-le-mal\\\/\"},\"author\":{\"name\":\"admin8497\",\"@id\":\"https:\\\/\\\/alexandrecenis.com\\\/#\\\/schema\\\/person\\\/cb034178deaf60a8602f9c700c5b1c83\"},\"headline\":\"Opal d\u00e9tourne le mal\",\"datePublished\":\"2023-05-15T04:36:09+00:00\",\"mainEntityOfPage\":{\"@id\":\"https:\\\/\\\/alexandrecenis.com\\\/index.php\\\/2023\\\/05\\\/15\\\/opal-detourne-le-mal\\\/\"},\"wordCount\":286,\"image\":{\"@id\":\"https:\\\/\\\/alexandrecenis.com\\\/index.php\\\/2023\\\/05\\\/15\\\/opal-detourne-le-mal\\\/#primaryimage\"},\"thumbnailUrl\":\"https:\\\/\\\/alexandrecenis.com\\\/wp-content\\\/uploads\\\/2023\\\/05\\\/3.jpg\",\"keywords\":[\"cancer de la peau\",\"m\u00e9lanomes\",\"Opal\",\"sensibilisation\",\"taches\"],\"inLanguage\":\"fr-FR\"},{\"@type\":\"WebPage\",\"@id\":\"https:\\\/\\\/alexandrecenis.com\\\/index.php\\\/2023\\\/05\\\/15\\\/opal-detourne-le-mal\\\/\",\"url\":\"https:\\\/\\\/alexandrecenis.com\\\/index.php\\\/2023\\\/05\\\/15\\\/opal-detourne-le-mal\\\/\",\"name\":\"Opal d\u00e9tourne le mal - Alexandre Cenis\",\"isPartOf\":{\"@id\":\"https:\\\/\\\/alexandrecenis.com\\\/#website\"},\"primaryImageOfPage\":{\"@id\":\"https:\\\/\\\/alexandrecenis.com\\\/index.php\\\/2023\\\/05\\\/15\\\/opal-detourne-le-mal\\\/#primaryimage\"},\"image\":{\"@id\":\"https:\\\/\\\/alexandrecenis.com\\\/index.php\\\/2023\\\/05\\\/15\\\/opal-detourne-le-mal\\\/#primaryimage\"},\"thumbnailUrl\":\"https:\\\/\\\/alexandrecenis.com\\\/wp-content\\\/uploads\\\/2023\\\/05\\\/3.jpg\",\"datePublished\":\"2023-05-15T04:36:09+00:00\",\"author\":{\"@id\":\"https:\\\/\\\/alexandrecenis.com\\\/#\\\/schema\\\/person\\\/cb034178deaf60a8602f9c700c5b1c83\"},\"breadcrumb\":{\"@id\":\"https:\\\/\\\/alexandrecenis.com\\\/index.php\\\/2023\\\/05\\\/15\\\/opal-detourne-le-mal\\\/#breadcrumb\"},\"inLanguage\":\"fr-FR\",\"potentialAction\":[{\"@type\":\"ReadAction\",\"target\":[\"https:\\\/\\\/alexandrecenis.com\\\/index.php\\\/2023\\\/05\\\/15\\\/opal-detourne-le-mal\\\/\"]}]},{\"@type\":\"ImageObject\",\"inLanguage\":\"fr-FR\",\"@id\":\"https:\\\/\\\/alexandrecenis.com\\\/index.php\\\/2023\\\/05\\\/15\\\/opal-detourne-le-mal\\\/#primaryimage\",\"url\":\"https:\\\/\\\/alexandrecenis.com\\\/wp-content\\\/uploads\\\/2023\\\/05\\\/3.jpg\",\"contentUrl\":\"https:\\\/\\\/alexandrecenis.com\\\/wp-content\\\/uploads\\\/2023\\\/05\\\/3.jpg\",\"width\":680,\"height\":425},{\"@type\":\"BreadcrumbList\",\"@id\":\"https:\\\/\\\/alexandrecenis.com\\\/index.php\\\/2023\\\/05\\\/15\\\/opal-detourne-le-mal\\\/#breadcrumb\",\"itemListElement\":[{\"@type\":\"ListItem\",\"position\":1,\"name\":\"Home\",\"item\":\"https:\\\/\\\/alexandrecenis.com\\\/\"},{\"@type\":\"ListItem\",\"position\":2,\"name\":\"Opal d\u00e9tourne le mal\"}]},{\"@type\":\"WebSite\",\"@id\":\"https:\\\/\\\/alexandrecenis.com\\\/#website\",\"url\":\"https:\\\/\\\/alexandrecenis.com\\\/\",\"name\":\"Alexandre Cenis\",\"description\":\"Intelligence Cr\u00e9ative\",\"potentialAction\":[{\"@type\":\"SearchAction\",\"target\":{\"@type\":\"EntryPoint\",\"urlTemplate\":\"https:\\\/\\\/alexandrecenis.com\\\/?s={search_term_string}\"},\"query-input\":{\"@type\":\"PropertyValueSpecification\",\"valueRequired\":true,\"valueName\":\"search_term_string\"}}],\"inLanguage\":\"fr-FR\"},{\"@type\":\"Person\",\"@id\":\"https:\\\/\\\/alexandrecenis.com\\\/#\\\/schema\\\/person\\\/cb034178deaf60a8602f9c700c5b1c83\",\"name\":\"admin8497\",\"image\":{\"@type\":\"ImageObject\",\"inLanguage\":\"fr-FR\",\"@id\":\"https:\\\/\\\/secure.gravatar.com\\\/avatar\\\/9586a1b4e51047e1977e647153ddd075f143e741c8e5ba4d03f6cfa4c61126fd?s=96&d=mm&r=g\",\"url\":\"https:\\\/\\\/secure.gravatar.com\\\/avatar\\\/9586a1b4e51047e1977e647153ddd075f143e741c8e5ba4d03f6cfa4c61126fd?s=96&d=mm&r=g\",\"contentUrl\":\"https:\\\/\\\/secure.gravatar.com\\\/avatar\\\/9586a1b4e51047e1977e647153ddd075f143e741c8e5ba4d03f6cfa4c61126fd?s=96&d=mm&r=g\",\"caption\":\"admin8497\"},\"url\":\"https:\\\/\\\/alexandrecenis.com\\\/index.php\\\/author\\\/admin8497\\\/\"}]}<\/script>\n<!-- \/ Yoast SEO plugin. -->","yoast_head_json":{"title":"Opal d\u00e9tourne le mal - Alexandre Cenis","robots":{"index":"index","follow":"follow","max-snippet":"max-snippet:-1","max-image-preview":"max-image-preview:large","max-video-preview":"max-video-preview:-1"},"canonical":"https:\/\/alexandrecenis.com\/index.php\/2023\/05\/15\/opal-detourne-le-mal\/","og_locale":"fr_FR","og_type":"article","og_title":"Opal d\u00e9tourne le mal - Alexandre Cenis","og_description":"Bien le bonjour le monde digital ! Connaissez-vous la marque Opal ? Cette marque de lessive pense avoir des produits qui sont capables de venir \u00e0 bout de toutes les taches quelles qu\u2019elles soient. Mais certaines d\u2019entre elles ne peuvent dispara\u00eetre aussi facilement que cela\u2026\u00e0 l\u2019image des m\u00e9lanomes qui se caract\u00e9risent par une coloration de [&hellip;]","og_url":"https:\/\/alexandrecenis.com\/index.php\/2023\/05\/15\/opal-detourne-le-mal\/","og_site_name":"Alexandre Cenis","article_published_time":"2023-05-15T04:36:09+00:00","og_image":[{"width":680,"height":425,"url":"https:\/\/alexandrecenis.com\/wp-content\/uploads\/2023\/05\/3.jpg","type":"image\/jpeg"}],"author":"admin8497","twitter_card":"summary_large_image","twitter_creator":"@alexandrecenis","twitter_site":"@alexandrecenis","twitter_misc":{"\u00c9crit par":"admin8497","Dur\u00e9e de lecture estim\u00e9e":"1 minute"},"schema":{"@context":"https:\/\/schema.org","@graph":[{"@type":"Article","@id":"https:\/\/alexandrecenis.com\/index.php\/2023\/05\/15\/opal-detourne-le-mal\/#article","isPartOf":{"@id":"https:\/\/alexandrecenis.com\/index.php\/2023\/05\/15\/opal-detourne-le-mal\/"},"author":{"name":"admin8497","@id":"https:\/\/alexandrecenis.com\/#\/schema\/person\/cb034178deaf60a8602f9c700c5b1c83"},"headline":"Opal d\u00e9tourne le mal","datePublished":"2023-05-15T04:36:09+00:00","mainEntityOfPage":{"@id":"https:\/\/alexandrecenis.com\/index.php\/2023\/05\/15\/opal-detourne-le-mal\/"},"wordCount":286,"image":{"@id":"https:\/\/alexandrecenis.com\/index.php\/2023\/05\/15\/opal-detourne-le-mal\/#primaryimage"},"thumbnailUrl":"https:\/\/alexandrecenis.com\/wp-content\/uploads\/2023\/05\/3.jpg","keywords":["cancer de la peau","m\u00e9lanomes","Opal","sensibilisation","taches"],"inLanguage":"fr-FR"},{"@type":"WebPage","@id":"https:\/\/alexandrecenis.com\/index.php\/2023\/05\/15\/opal-detourne-le-mal\/","url":"https:\/\/alexandrecenis.com\/index.php\/2023\/05\/15\/opal-detourne-le-mal\/","name":"Opal d\u00e9tourne le mal - Alexandre Cenis","isPartOf":{"@id":"https:\/\/alexandrecenis.com\/#website"},"primaryImageOfPage":{"@id":"https:\/\/alexandrecenis.com\/index.php\/2023\/05\/15\/opal-detourne-le-mal\/#primaryimage"},"image":{"@id":"https:\/\/alexandrecenis.com\/index.php\/2023\/05\/15\/opal-detourne-le-mal\/#primaryimage"},"thumbnailUrl":"https:\/\/alexandrecenis.com\/wp-content\/uploads\/2023\/05\/3.jpg","datePublished":"2023-05-15T04:36:09+00:00","author":{"@id":"https:\/\/alexandrecenis.com\/#\/schema\/person\/cb034178deaf60a8602f9c700c5b1c83"},"breadcrumb":{"@id":"https:\/\/alexandrecenis.com\/index.php\/2023\/05\/15\/opal-detourne-le-mal\/#breadcrumb"},"inLanguage":"fr-FR","potentialAction":[{"@type":"ReadAction","target":["https:\/\/alexandrecenis.com\/index.php\/2023\/05\/15\/opal-detourne-le-mal\/"]}]},{"@type":"ImageObject","inLanguage":"fr-FR","@id":"https:\/\/alexandrecenis.com\/index.php\/2023\/05\/15\/opal-detourne-le-mal\/#primaryimage","url":"https:\/\/alexandrecenis.com\/wp-content\/uploads\/2023\/05\/3.jpg","contentUrl":"https:\/\/alexandrecenis.com\/wp-content\/uploads\/2023\/05\/3.jpg","width":680,"height":425},{"@type":"BreadcrumbList","@id":"https:\/\/alexandrecenis.com\/index.php\/2023\/05\/15\/opal-detourne-le-mal\/#breadcrumb","itemListElement":[{"@type":"ListItem","position":1,"name":"Home","item":"https:\/\/alexandrecenis.com\/"},{"@type":"ListItem","position":2,"name":"Opal d\u00e9tourne le mal"}]},{"@type":"WebSite","@id":"https:\/\/alexandrecenis.com\/#website","url":"https:\/\/alexandrecenis.com\/","name":"Alexandre Cenis","description":"Intelligence Cr\u00e9ative","potentialAction":[{"@type":"SearchAction","target":{"@type":"EntryPoint","urlTemplate":"https:\/\/alexandrecenis.com\/?s={search_term_string}"},"query-input":{"@type":"PropertyValueSpecification","valueRequired":true,"valueName":"search_term_string"}}],"inLanguage":"fr-FR"},{"@type":"Person","@id":"https:\/\/alexandrecenis.com\/#\/schema\/person\/cb034178deaf60a8602f9c700c5b1c83","name":"admin8497","image":{"@type":"ImageObject","inLanguage":"fr-FR","@id":"https:\/\/secure.gravatar.com\/avatar\/9586a1b4e51047e1977e647153ddd075f143e741c8e5ba4d03f6cfa4c61126fd?s=96&d=mm&r=g","url":"https:\/\/secure.gravatar.com\/avatar\/9586a1b4e51047e1977e647153ddd075f143e741c8e5ba4d03f6cfa4c61126fd?s=96&d=mm&r=g","contentUrl":"https:\/\/secure.gravatar.com\/avatar\/9586a1b4e51047e1977e647153ddd075f143e741c8e5ba4d03f6cfa4c61126fd?s=96&d=mm&r=g","caption":"admin8497"},"url":"https:\/\/alexandrecenis.com\/index.php\/author\/admin8497\/"}]}},"_links":{"self":[{"href":"https:\/\/alexandrecenis.com\/index.php\/wp-json\/wp\/v2\/posts\/7208","targetHints":{"allow":["GET"]}}],"collection":[{"href":"https:\/\/alexandrecenis.com\/index.php\/wp-json\/wp\/v2\/posts"}],"about":[{"href":"https:\/\/alexandrecenis.com\/index.php\/wp-json\/wp\/v2\/types\/post"}],"author":[{"embeddable":true,"href":"https:\/\/alexandrecenis.com\/index.php\/wp-json\/wp\/v2\/users\/1"}],"replies":[{"embeddable":true,"href":"https:\/\/alexandrecenis.com\/index.php\/wp-json\/wp\/v2\/comments?post=7208"}],"version-history":[{"count":2,"href":"https:\/\/alexandrecenis.com\/index.php\/wp-json\/wp\/v2\/posts\/7208\/revisions"}],"predecessor-version":[{"id":7214,"href":"https:\/\/alexandrecenis.com\/index.php\/wp-json\/wp\/v2\/posts\/7208\/revisions\/7214"}],"wp:featuredmedia":[{"embeddable":true,"href":"https:\/\/alexandrecenis.com\/index.php\/wp-json\/wp\/v2\/media\/7211"}],"wp:attachment":[{"href":"https:\/\/alexandrecenis.com\/index.php\/wp-json\/wp\/v2\/media?parent=7208"}],"wp:term":[{"taxonomy":"category","embeddable":true,"href":"https:\/\/alexandrecenis.com\/index.php\/wp-json\/wp\/v2\/categories?post=7208"},{"taxonomy":"post_tag","embeddable":true,"href":"https:\/\/alexandrecenis.com\/index.php\/wp-json\/wp\/v2\/tags?post=7208"}],"curies":[{"name":"wp","href":"https:\/\/api.w.org\/{rel}","templated":true}]}}