{"id":6736,"date":"2022-12-09T06:14:25","date_gmt":"2022-12-09T05:14:25","guid":{"rendered":"https:\/\/alexandrecenis.com\/?p=6736"},"modified":"2022-12-09T06:14:25","modified_gmt":"2022-12-09T05:14:25","slug":"des-voeux-qui-font-reflechir","status":"publish","type":"post","link":"https:\/\/alexandrecenis.com\/index.php\/2022\/12\/09\/des-voeux-qui-font-reflechir\/","title":{"rendered":"Des v\u0153ux qui font r\u00e9fl\u00e9chir"},"content":{"rendered":"<p style=\"text-align: justify;\">Bien le bonjour le monde digital ! Le 3e groupe publicitaire au monde, Publicis, a d\u00e9cid\u00e9 de faire de ses traditionnels v\u0153ux de fin d\u2019ann\u00e9e, un appel \u00e0 la pr\u00e9vention des cancers li\u00e9s au papillomavirus humain (PVH). Et qui de mieux pour se (re)mettre en sc\u00e8ne que l\u2019ancien PDG du groupe en personne, Maurice L\u00e9vy et son successeur, Arthur Sadoun. Une liaison fatale au c\u00f4t\u00e9 de l\u2019illustre acteur Michael Douglas, touch\u00e9 il y a 10 ans par la maladie. Oui, vous avez bien lu : Michael Douglas. Venez, je vais tout vous expliquer allez : Com\u2019 with me !<\/p>\n<p style=\"text-align: center;\"><iframe loading=\"lazy\" src=\"https:\/\/anchor.fm\/alexandrecenis\/embed\/episodes\/Com-With-Me-S2E35--Des-vux-qui-font-rflchir-e1s08o5\" width=\"400px\" height=\"102px\" frameborder=\"0\" scrolling=\"no\"><\/iframe><\/p>\n<p style=\"text-align: justify;\">Sortis sains et saufs\u00a0d\u2019un bon Squid Game, les deux comp\u00e8res ont de nouveau fi\u00e8re allure. Il faut dire qu\u2019apr\u00e8s une ann\u00e9e comme\u00a0celle-ci, on ne peut que reprendre du poil de b\u00eate. R\u00e9alis\u00e9 par l\u2019agence new-yorkaise Le Truc et la soci\u00e9t\u00e9 de production Prodigious, deux filiales de Publicis, le film profite de l\u2019impact des v\u0153ux annuels pour aborder, tout en humour, le sujet d\u2019un cancer qui a touch\u00e9 Arthur Sadoun et valu une op\u00e9ration\u00a0 \u00e0 l\u2019ancien pr\u00e9sident de TBWA France en mars dernier.<\/p>\n<p><img loading=\"lazy\" decoding=\"async\" class=\"aligncenter wp-image-6737 size-full\" src=\"https:\/\/alexandrecenis.com\/wp-content\/uploads\/2022\/12\/1-2.png\" alt=\"\" width=\"718\" height=\"404\" srcset=\"https:\/\/alexandrecenis.com\/wp-content\/uploads\/2022\/12\/1-2.png 718w, https:\/\/alexandrecenis.com\/wp-content\/uploads\/2022\/12\/1-2-480x270.png 480w\" sizes=\"(min-width: 0px) and (max-width: 480px) 480px, (min-width: 481px) 718px, 100vw\" \/><\/p>\n<p><img loading=\"lazy\" decoding=\"async\" class=\"aligncenter wp-image-6738 size-full\" src=\"https:\/\/alexandrecenis.com\/wp-content\/uploads\/2022\/12\/2-2.png\" alt=\"\" width=\"721\" height=\"406\" srcset=\"https:\/\/alexandrecenis.com\/wp-content\/uploads\/2022\/12\/2-2.png 721w, https:\/\/alexandrecenis.com\/wp-content\/uploads\/2022\/12\/2-2-480x270.png 480w\" sizes=\"(min-width: 0px) and (max-width: 480px) 480px, (min-width: 481px) 721px, 100vw\" \/><\/p>\n<p style=\"text-align: justify;\">Si l\u2019id\u00e9e est d\u00e9j\u00e0 engageante, quelle ne fut pas notre surprise de voir\u00a0\u201cThe\u201d\u00a0Michael Douglas en chair et en os rejoindre la discussion pour encourager les salari\u00e9s de Publicis Groupe et au-del\u00e0, \u00e0 se prot\u00e9ger face \u00e0 cette maladie qui, rappelons-le, peut \u00eatre \u00e9vit\u00e9e, notamment via\u00a0la vaccination chez les jeunes.<\/p>\n<p><img loading=\"lazy\" decoding=\"async\" class=\"aligncenter wp-image-6739 size-full\" src=\"https:\/\/alexandrecenis.com\/wp-content\/uploads\/2022\/12\/3-2.png\" alt=\"\" width=\"721\" height=\"408\" srcset=\"https:\/\/alexandrecenis.com\/wp-content\/uploads\/2022\/12\/3-2.png 721w, https:\/\/alexandrecenis.com\/wp-content\/uploads\/2022\/12\/3-2-480x272.png 480w\" sizes=\"(min-width: 0px) and (max-width: 480px) 480px, (min-width: 481px) 721px, 100vw\" \/><\/p>\n<p><img loading=\"lazy\" decoding=\"async\" class=\"aligncenter wp-image-6740 size-full\" src=\"https:\/\/alexandrecenis.com\/wp-content\/uploads\/2022\/12\/4-2.png\" alt=\"\" width=\"719\" height=\"405\" srcset=\"https:\/\/alexandrecenis.com\/wp-content\/uploads\/2022\/12\/4-2.png 719w, https:\/\/alexandrecenis.com\/wp-content\/uploads\/2022\/12\/4-2-480x270.png 480w\" sizes=\"(min-width: 0px) and (max-width: 480px) 480px, (min-width: 481px) 719px, 100vw\" \/><\/p>\n<p style=\"text-align: justify;\">Le papillomavirus humain ou virus du papillome humain, c\u2019est l\u2019infection virale la plus courante de l\u2019appareil reproducteur. En France, on compterait plus de 6 000 nouveaux cas de cancers \u2013 comme celui du col de l\u2019ut\u00e9rus \u2013 dus \u00e0 cette maladie particuli\u00e8rement contagieuse.<\/p>\n<p><img loading=\"lazy\" decoding=\"async\" class=\"aligncenter wp-image-6741 size-full\" src=\"https:\/\/alexandrecenis.com\/wp-content\/uploads\/2022\/12\/5-1.png\" alt=\"\" width=\"717\" height=\"404\" srcset=\"https:\/\/alexandrecenis.com\/wp-content\/uploads\/2022\/12\/5-1.png 717w, https:\/\/alexandrecenis.com\/wp-content\/uploads\/2022\/12\/5-1-480x270.png 480w\" sizes=\"(min-width: 0px) and (max-width: 480px) 480px, (min-width: 481px) 717px, 100vw\" \/><\/p>\n<p><img loading=\"lazy\" decoding=\"async\" class=\"aligncenter wp-image-6742 size-full\" src=\"https:\/\/alexandrecenis.com\/wp-content\/uploads\/2022\/12\/vignette-1.png\" alt=\"\" width=\"721\" height=\"393\" srcset=\"https:\/\/alexandrecenis.com\/wp-content\/uploads\/2022\/12\/vignette-1.png 721w, https:\/\/alexandrecenis.com\/wp-content\/uploads\/2022\/12\/vignette-1-480x262.png 480w\" sizes=\"(min-width: 0px) and (max-width: 480px) 480px, (min-width: 481px) 721px, 100vw\" \/><\/p>\n<p style=\"text-align: justify;\">Malheureusement, il n\u2019existe pour l\u2019instant aucun traitement contre ce virus. Se faire vacciner reste donc la seule m\u00e9thode de protection envisageable \u00e0 l\u2019heure actuelle. Alors oui\u00a0\u201cMicky\u201d, on y pensera pour 2023, en attendant\u00a0\u201cmerry christmas\u201d\u00a0\u00e0 toi aussi !<\/p>\n<p style=\"text-align: center;\"><iframe loading=\"lazy\" title=\"YouTube video player\" src=\"https:\/\/www.youtube.com\/embed\/y5VCPVsfN3U\" width=\"560\" height=\"315\" frameborder=\"0\" allowfullscreen=\"allowfullscreen\"><\/iframe><\/p>\n","protected":false},"excerpt":{"rendered":"<p>Bien le bonjour le monde digital ! Le 3e groupe publicitaire au monde, Publicis, a d\u00e9cid\u00e9 de faire de ses traditionnels v\u0153ux de fin d\u2019ann\u00e9e, un appel \u00e0 la pr\u00e9vention des cancers li\u00e9s au papillomavirus humain (PVH). Et qui de mieux pour se (re)mettre en sc\u00e8ne que l\u2019ancien PDG du groupe en personne, Maurice L\u00e9vy [&hellip;]<\/p>\n","protected":false},"author":1,"featured_media":6738,"comment_status":"closed","ping_status":"open","sticky":false,"template":"","format":"standard","meta":{"_et_pb_use_builder":"","_et_pb_old_content":"","_et_gb_content_width":"","footnotes":""},"categories":[2],"tags":[2468,2469,2470,2471,1731,2033],"class_list":["post-6736","post","type-post","status-publish","format-standard","has-post-thumbnail","hentry","category-publicite","tag-arthur-sadoun","tag-maurice-levy","tag-michael-douglas","tag-papillomavirus-humain","tag-publicis","tag-voeux"],"yoast_head":"<!-- This site is optimized with the Yoast SEO plugin v27.3 - https:\/\/yoast.com\/product\/yoast-seo-wordpress\/ -->\n<title>Des v\u0153ux qui font r\u00e9fl\u00e9chir - Alexandre Cenis<\/title>\n<meta name=\"robots\" content=\"index, follow, max-snippet:-1, max-image-preview:large, max-video-preview:-1\" \/>\n<link rel=\"canonical\" href=\"https:\/\/alexandrecenis.com\/index.php\/2022\/12\/09\/des-voeux-qui-font-reflechir\/\" \/>\n<meta property=\"og:locale\" content=\"fr_FR\" \/>\n<meta property=\"og:type\" content=\"article\" \/>\n<meta property=\"og:title\" content=\"Des v\u0153ux qui font r\u00e9fl\u00e9chir - Alexandre Cenis\" \/>\n<meta property=\"og:description\" content=\"Bien le bonjour le monde digital ! Le 3e groupe publicitaire au monde, Publicis, a d\u00e9cid\u00e9 de faire de ses traditionnels v\u0153ux de fin d\u2019ann\u00e9e, un appel \u00e0 la pr\u00e9vention des cancers li\u00e9s au papillomavirus humain (PVH). Et qui de mieux pour se (re)mettre en sc\u00e8ne que l\u2019ancien PDG du groupe en personne, Maurice L\u00e9vy [&hellip;]\" \/>\n<meta property=\"og:url\" content=\"https:\/\/alexandrecenis.com\/index.php\/2022\/12\/09\/des-voeux-qui-font-reflechir\/\" \/>\n<meta property=\"og:site_name\" content=\"Alexandre Cenis\" \/>\n<meta property=\"article:published_time\" content=\"2022-12-09T05:14:25+00:00\" \/>\n<meta property=\"og:image\" content=\"https:\/\/alexandrecenis.com\/wp-content\/uploads\/2022\/12\/2-2.png\" \/>\n\t<meta property=\"og:image:width\" content=\"721\" \/>\n\t<meta property=\"og:image:height\" content=\"406\" \/>\n\t<meta property=\"og:image:type\" content=\"image\/png\" \/>\n<meta name=\"author\" content=\"admin8497\" \/>\n<meta name=\"twitter:card\" content=\"summary_large_image\" \/>\n<meta name=\"twitter:creator\" content=\"@alexandrecenis\" \/>\n<meta name=\"twitter:site\" content=\"@alexandrecenis\" \/>\n<meta name=\"twitter:label1\" content=\"\u00c9crit par\" \/>\n\t<meta name=\"twitter:data1\" content=\"admin8497\" \/>\n\t<meta name=\"twitter:label2\" content=\"Dur\u00e9e de lecture estim\u00e9e\" \/>\n\t<meta name=\"twitter:data2\" content=\"3 minutes\" \/>\n<script type=\"application\/ld+json\" class=\"yoast-schema-graph\">{\"@context\":\"https:\\\/\\\/schema.org\",\"@graph\":[{\"@type\":\"Article\",\"@id\":\"https:\\\/\\\/alexandrecenis.com\\\/index.php\\\/2022\\\/12\\\/09\\\/des-voeux-qui-font-reflechir\\\/#article\",\"isPartOf\":{\"@id\":\"https:\\\/\\\/alexandrecenis.com\\\/index.php\\\/2022\\\/12\\\/09\\\/des-voeux-qui-font-reflechir\\\/\"},\"author\":{\"name\":\"admin8497\",\"@id\":\"https:\\\/\\\/alexandrecenis.com\\\/#\\\/schema\\\/person\\\/cb034178deaf60a8602f9c700c5b1c83\"},\"headline\":\"Des v\u0153ux qui font r\u00e9fl\u00e9chir\",\"datePublished\":\"2022-12-09T05:14:25+00:00\",\"mainEntityOfPage\":{\"@id\":\"https:\\\/\\\/alexandrecenis.com\\\/index.php\\\/2022\\\/12\\\/09\\\/des-voeux-qui-font-reflechir\\\/\"},\"wordCount\":352,\"image\":{\"@id\":\"https:\\\/\\\/alexandrecenis.com\\\/index.php\\\/2022\\\/12\\\/09\\\/des-voeux-qui-font-reflechir\\\/#primaryimage\"},\"thumbnailUrl\":\"https:\\\/\\\/alexandrecenis.com\\\/wp-content\\\/uploads\\\/2022\\\/12\\\/2-2.png\",\"keywords\":[\"Arthur Sadoun\",\"Maurice L\u00e9vy\",\"Michael Douglas\",\"papillomavirus humain\",\"Publicis\",\"voeux\"],\"articleSection\":[\"Publicit\u00e9\"],\"inLanguage\":\"fr-FR\"},{\"@type\":\"WebPage\",\"@id\":\"https:\\\/\\\/alexandrecenis.com\\\/index.php\\\/2022\\\/12\\\/09\\\/des-voeux-qui-font-reflechir\\\/\",\"url\":\"https:\\\/\\\/alexandrecenis.com\\\/index.php\\\/2022\\\/12\\\/09\\\/des-voeux-qui-font-reflechir\\\/\",\"name\":\"Des v\u0153ux qui font r\u00e9fl\u00e9chir - Alexandre Cenis\",\"isPartOf\":{\"@id\":\"https:\\\/\\\/alexandrecenis.com\\\/#website\"},\"primaryImageOfPage\":{\"@id\":\"https:\\\/\\\/alexandrecenis.com\\\/index.php\\\/2022\\\/12\\\/09\\\/des-voeux-qui-font-reflechir\\\/#primaryimage\"},\"image\":{\"@id\":\"https:\\\/\\\/alexandrecenis.com\\\/index.php\\\/2022\\\/12\\\/09\\\/des-voeux-qui-font-reflechir\\\/#primaryimage\"},\"thumbnailUrl\":\"https:\\\/\\\/alexandrecenis.com\\\/wp-content\\\/uploads\\\/2022\\\/12\\\/2-2.png\",\"datePublished\":\"2022-12-09T05:14:25+00:00\",\"author\":{\"@id\":\"https:\\\/\\\/alexandrecenis.com\\\/#\\\/schema\\\/person\\\/cb034178deaf60a8602f9c700c5b1c83\"},\"breadcrumb\":{\"@id\":\"https:\\\/\\\/alexandrecenis.com\\\/index.php\\\/2022\\\/12\\\/09\\\/des-voeux-qui-font-reflechir\\\/#breadcrumb\"},\"inLanguage\":\"fr-FR\",\"potentialAction\":[{\"@type\":\"ReadAction\",\"target\":[\"https:\\\/\\\/alexandrecenis.com\\\/index.php\\\/2022\\\/12\\\/09\\\/des-voeux-qui-font-reflechir\\\/\"]}]},{\"@type\":\"ImageObject\",\"inLanguage\":\"fr-FR\",\"@id\":\"https:\\\/\\\/alexandrecenis.com\\\/index.php\\\/2022\\\/12\\\/09\\\/des-voeux-qui-font-reflechir\\\/#primaryimage\",\"url\":\"https:\\\/\\\/alexandrecenis.com\\\/wp-content\\\/uploads\\\/2022\\\/12\\\/2-2.png\",\"contentUrl\":\"https:\\\/\\\/alexandrecenis.com\\\/wp-content\\\/uploads\\\/2022\\\/12\\\/2-2.png\",\"width\":721,\"height\":406},{\"@type\":\"BreadcrumbList\",\"@id\":\"https:\\\/\\\/alexandrecenis.com\\\/index.php\\\/2022\\\/12\\\/09\\\/des-voeux-qui-font-reflechir\\\/#breadcrumb\",\"itemListElement\":[{\"@type\":\"ListItem\",\"position\":1,\"name\":\"Home\",\"item\":\"https:\\\/\\\/alexandrecenis.com\\\/\"},{\"@type\":\"ListItem\",\"position\":2,\"name\":\"Des v\u0153ux qui font r\u00e9fl\u00e9chir\"}]},{\"@type\":\"WebSite\",\"@id\":\"https:\\\/\\\/alexandrecenis.com\\\/#website\",\"url\":\"https:\\\/\\\/alexandrecenis.com\\\/\",\"name\":\"Alexandre Cenis\",\"description\":\"Intelligence Cr\u00e9ative\",\"potentialAction\":[{\"@type\":\"SearchAction\",\"target\":{\"@type\":\"EntryPoint\",\"urlTemplate\":\"https:\\\/\\\/alexandrecenis.com\\\/?s={search_term_string}\"},\"query-input\":{\"@type\":\"PropertyValueSpecification\",\"valueRequired\":true,\"valueName\":\"search_term_string\"}}],\"inLanguage\":\"fr-FR\"},{\"@type\":\"Person\",\"@id\":\"https:\\\/\\\/alexandrecenis.com\\\/#\\\/schema\\\/person\\\/cb034178deaf60a8602f9c700c5b1c83\",\"name\":\"admin8497\",\"image\":{\"@type\":\"ImageObject\",\"inLanguage\":\"fr-FR\",\"@id\":\"https:\\\/\\\/secure.gravatar.com\\\/avatar\\\/9586a1b4e51047e1977e647153ddd075f143e741c8e5ba4d03f6cfa4c61126fd?s=96&d=mm&r=g\",\"url\":\"https:\\\/\\\/secure.gravatar.com\\\/avatar\\\/9586a1b4e51047e1977e647153ddd075f143e741c8e5ba4d03f6cfa4c61126fd?s=96&d=mm&r=g\",\"contentUrl\":\"https:\\\/\\\/secure.gravatar.com\\\/avatar\\\/9586a1b4e51047e1977e647153ddd075f143e741c8e5ba4d03f6cfa4c61126fd?s=96&d=mm&r=g\",\"caption\":\"admin8497\"},\"url\":\"https:\\\/\\\/alexandrecenis.com\\\/index.php\\\/author\\\/admin8497\\\/\"}]}<\/script>\n<!-- \/ Yoast SEO plugin. -->","yoast_head_json":{"title":"Des v\u0153ux qui font r\u00e9fl\u00e9chir - Alexandre Cenis","robots":{"index":"index","follow":"follow","max-snippet":"max-snippet:-1","max-image-preview":"max-image-preview:large","max-video-preview":"max-video-preview:-1"},"canonical":"https:\/\/alexandrecenis.com\/index.php\/2022\/12\/09\/des-voeux-qui-font-reflechir\/","og_locale":"fr_FR","og_type":"article","og_title":"Des v\u0153ux qui font r\u00e9fl\u00e9chir - Alexandre Cenis","og_description":"Bien le bonjour le monde digital ! Le 3e groupe publicitaire au monde, Publicis, a d\u00e9cid\u00e9 de faire de ses traditionnels v\u0153ux de fin d\u2019ann\u00e9e, un appel \u00e0 la pr\u00e9vention des cancers li\u00e9s au papillomavirus humain (PVH). Et qui de mieux pour se (re)mettre en sc\u00e8ne que l\u2019ancien PDG du groupe en personne, Maurice L\u00e9vy [&hellip;]","og_url":"https:\/\/alexandrecenis.com\/index.php\/2022\/12\/09\/des-voeux-qui-font-reflechir\/","og_site_name":"Alexandre Cenis","article_published_time":"2022-12-09T05:14:25+00:00","og_image":[{"width":721,"height":406,"url":"https:\/\/alexandrecenis.com\/wp-content\/uploads\/2022\/12\/2-2.png","type":"image\/png"}],"author":"admin8497","twitter_card":"summary_large_image","twitter_creator":"@alexandrecenis","twitter_site":"@alexandrecenis","twitter_misc":{"\u00c9crit par":"admin8497","Dur\u00e9e de lecture estim\u00e9e":"3 minutes"},"schema":{"@context":"https:\/\/schema.org","@graph":[{"@type":"Article","@id":"https:\/\/alexandrecenis.com\/index.php\/2022\/12\/09\/des-voeux-qui-font-reflechir\/#article","isPartOf":{"@id":"https:\/\/alexandrecenis.com\/index.php\/2022\/12\/09\/des-voeux-qui-font-reflechir\/"},"author":{"name":"admin8497","@id":"https:\/\/alexandrecenis.com\/#\/schema\/person\/cb034178deaf60a8602f9c700c5b1c83"},"headline":"Des v\u0153ux qui font r\u00e9fl\u00e9chir","datePublished":"2022-12-09T05:14:25+00:00","mainEntityOfPage":{"@id":"https:\/\/alexandrecenis.com\/index.php\/2022\/12\/09\/des-voeux-qui-font-reflechir\/"},"wordCount":352,"image":{"@id":"https:\/\/alexandrecenis.com\/index.php\/2022\/12\/09\/des-voeux-qui-font-reflechir\/#primaryimage"},"thumbnailUrl":"https:\/\/alexandrecenis.com\/wp-content\/uploads\/2022\/12\/2-2.png","keywords":["Arthur Sadoun","Maurice L\u00e9vy","Michael Douglas","papillomavirus humain","Publicis","voeux"],"articleSection":["Publicit\u00e9"],"inLanguage":"fr-FR"},{"@type":"WebPage","@id":"https:\/\/alexandrecenis.com\/index.php\/2022\/12\/09\/des-voeux-qui-font-reflechir\/","url":"https:\/\/alexandrecenis.com\/index.php\/2022\/12\/09\/des-voeux-qui-font-reflechir\/","name":"Des v\u0153ux qui font r\u00e9fl\u00e9chir - Alexandre Cenis","isPartOf":{"@id":"https:\/\/alexandrecenis.com\/#website"},"primaryImageOfPage":{"@id":"https:\/\/alexandrecenis.com\/index.php\/2022\/12\/09\/des-voeux-qui-font-reflechir\/#primaryimage"},"image":{"@id":"https:\/\/alexandrecenis.com\/index.php\/2022\/12\/09\/des-voeux-qui-font-reflechir\/#primaryimage"},"thumbnailUrl":"https:\/\/alexandrecenis.com\/wp-content\/uploads\/2022\/12\/2-2.png","datePublished":"2022-12-09T05:14:25+00:00","author":{"@id":"https:\/\/alexandrecenis.com\/#\/schema\/person\/cb034178deaf60a8602f9c700c5b1c83"},"breadcrumb":{"@id":"https:\/\/alexandrecenis.com\/index.php\/2022\/12\/09\/des-voeux-qui-font-reflechir\/#breadcrumb"},"inLanguage":"fr-FR","potentialAction":[{"@type":"ReadAction","target":["https:\/\/alexandrecenis.com\/index.php\/2022\/12\/09\/des-voeux-qui-font-reflechir\/"]}]},{"@type":"ImageObject","inLanguage":"fr-FR","@id":"https:\/\/alexandrecenis.com\/index.php\/2022\/12\/09\/des-voeux-qui-font-reflechir\/#primaryimage","url":"https:\/\/alexandrecenis.com\/wp-content\/uploads\/2022\/12\/2-2.png","contentUrl":"https:\/\/alexandrecenis.com\/wp-content\/uploads\/2022\/12\/2-2.png","width":721,"height":406},{"@type":"BreadcrumbList","@id":"https:\/\/alexandrecenis.com\/index.php\/2022\/12\/09\/des-voeux-qui-font-reflechir\/#breadcrumb","itemListElement":[{"@type":"ListItem","position":1,"name":"Home","item":"https:\/\/alexandrecenis.com\/"},{"@type":"ListItem","position":2,"name":"Des v\u0153ux qui font r\u00e9fl\u00e9chir"}]},{"@type":"WebSite","@id":"https:\/\/alexandrecenis.com\/#website","url":"https:\/\/alexandrecenis.com\/","name":"Alexandre Cenis","description":"Intelligence Cr\u00e9ative","potentialAction":[{"@type":"SearchAction","target":{"@type":"EntryPoint","urlTemplate":"https:\/\/alexandrecenis.com\/?s={search_term_string}"},"query-input":{"@type":"PropertyValueSpecification","valueRequired":true,"valueName":"search_term_string"}}],"inLanguage":"fr-FR"},{"@type":"Person","@id":"https:\/\/alexandrecenis.com\/#\/schema\/person\/cb034178deaf60a8602f9c700c5b1c83","name":"admin8497","image":{"@type":"ImageObject","inLanguage":"fr-FR","@id":"https:\/\/secure.gravatar.com\/avatar\/9586a1b4e51047e1977e647153ddd075f143e741c8e5ba4d03f6cfa4c61126fd?s=96&d=mm&r=g","url":"https:\/\/secure.gravatar.com\/avatar\/9586a1b4e51047e1977e647153ddd075f143e741c8e5ba4d03f6cfa4c61126fd?s=96&d=mm&r=g","contentUrl":"https:\/\/secure.gravatar.com\/avatar\/9586a1b4e51047e1977e647153ddd075f143e741c8e5ba4d03f6cfa4c61126fd?s=96&d=mm&r=g","caption":"admin8497"},"url":"https:\/\/alexandrecenis.com\/index.php\/author\/admin8497\/"}]}},"_links":{"self":[{"href":"https:\/\/alexandrecenis.com\/index.php\/wp-json\/wp\/v2\/posts\/6736","targetHints":{"allow":["GET"]}}],"collection":[{"href":"https:\/\/alexandrecenis.com\/index.php\/wp-json\/wp\/v2\/posts"}],"about":[{"href":"https:\/\/alexandrecenis.com\/index.php\/wp-json\/wp\/v2\/types\/post"}],"author":[{"embeddable":true,"href":"https:\/\/alexandrecenis.com\/index.php\/wp-json\/wp\/v2\/users\/1"}],"replies":[{"embeddable":true,"href":"https:\/\/alexandrecenis.com\/index.php\/wp-json\/wp\/v2\/comments?post=6736"}],"version-history":[{"count":2,"href":"https:\/\/alexandrecenis.com\/index.php\/wp-json\/wp\/v2\/posts\/6736\/revisions"}],"predecessor-version":[{"id":6744,"href":"https:\/\/alexandrecenis.com\/index.php\/wp-json\/wp\/v2\/posts\/6736\/revisions\/6744"}],"wp:featuredmedia":[{"embeddable":true,"href":"https:\/\/alexandrecenis.com\/index.php\/wp-json\/wp\/v2\/media\/6738"}],"wp:attachment":[{"href":"https:\/\/alexandrecenis.com\/index.php\/wp-json\/wp\/v2\/media?parent=6736"}],"wp:term":[{"taxonomy":"category","embeddable":true,"href":"https:\/\/alexandrecenis.com\/index.php\/wp-json\/wp\/v2\/categories?post=6736"},{"taxonomy":"post_tag","embeddable":true,"href":"https:\/\/alexandrecenis.com\/index.php\/wp-json\/wp\/v2\/tags?post=6736"}],"curies":[{"name":"wp","href":"https:\/\/api.w.org\/{rel}","templated":true}]}}