{"id":648,"date":"2019-06-19T08:01:17","date_gmt":"2019-06-19T06:01:17","guid":{"rendered":"http:\/\/alexandrecenis.com\/?p=648"},"modified":"2019-06-19T08:01:17","modified_gmt":"2019-06-19T06:01:17","slug":"116-000","status":"publish","type":"post","link":"https:\/\/alexandrecenis.com\/index.php\/2019\/06\/19\/116-000\/","title":{"rendered":"116 000"},"content":{"rendered":"<p style=\"text-align: justify;\">Bien le bonjour le monde digital ! Attention aujourd&rsquo;hui sujet difficile mais malheureusement existant. Lorsqu\u2019un enfant dispara\u00eet, le facteur temps est essentiel dans le processus de recherche. Il n\u2019y a aucun d\u00e9lai minimum pour signaler sa disparition dans le poste de police ou de gendarmerie le plus proche.<\/p>\n<p style=\"text-align: justify;\">Si les <strong><span style=\"color: #ff0000;\">fugues<\/span><\/strong> constituent \u00e0 <span style=\"color: #ff0000;\"><strong>plus de 80%<\/strong><\/span> le motif de d\u00e9claration de <strong><span style=\"color: #ff0000;\">disparition de mineurs<\/span><\/strong>, les enl\u00e8vements et les disparitions inqui\u00e9tantes repr\u00e9sentent le pourcentage restant. <span style=\"color: #000000;\">Rien qu\u2019en 2018<\/span><span style=\"color: #ff0000;\"><span style=\"color: #000000;\">,<\/span><\/span><strong><span style=\"color: #ff0000;\"> 53 439 enfants<\/span><\/strong> ont \u00e9t\u00e9 inscrits au fichier des personnes recherch\u00e9es.<\/p>\n<p><img loading=\"lazy\" decoding=\"async\" class=\"aligncenter wp-image-649 size-large\" src=\"http:\/\/alexandrecenis.com\/wp-content\/uploads\/2019\/06\/1-affiche-enfants-disparus-Deliveroo-Droit-denfance-1024x857.jpg\" alt=\"\" width=\"1024\" height=\"857\" srcset=\"https:\/\/alexandrecenis.com\/wp-content\/uploads\/2019\/06\/1-affiche-enfants-disparus-Deliveroo-Droit-denfance-1024x857.jpg 1024w, https:\/\/alexandrecenis.com\/wp-content\/uploads\/2019\/06\/1-affiche-enfants-disparus-Deliveroo-Droit-denfance-300x251.jpg 300w, https:\/\/alexandrecenis.com\/wp-content\/uploads\/2019\/06\/1-affiche-enfants-disparus-Deliveroo-Droit-denfance-768x643.jpg 768w, https:\/\/alexandrecenis.com\/wp-content\/uploads\/2019\/06\/1-affiche-enfants-disparus-Deliveroo-Droit-denfance-780x653.jpg 780w, https:\/\/alexandrecenis.com\/wp-content\/uploads\/2019\/06\/1-affiche-enfants-disparus-Deliveroo-Droit-denfance-1120x937.jpg 1120w, https:\/\/alexandrecenis.com\/wp-content\/uploads\/2019\/06\/1-affiche-enfants-disparus-Deliveroo-Droit-denfance.jpg 1200w\" sizes=\"(max-width: 1024px) 100vw, 1024px\" \/><\/p>\n<p style=\"text-align: justify;\">\u00c0 l\u2019occasion de la campagne\u00a0Ride to find\u00a0(\u201cRouler pour trouver\u201c),\u00a0Deliveroo\u00a0et l\u2019association fran\u00e7aise\u00a0Droit d\u2019Enfance\u00a0se sont associ\u00e9s pour aider \u00e0 la recherche de ces enfants disparus. Du 9 au 31 mai dernier, un\u00a0avis de recherche\u00a0\u00e9tait coll\u00e9 sur chaque sac de livraison Deliveroo et visible de tous : des pi\u00e9tons aux automobilistes.<\/p>\n<p><img loading=\"lazy\" decoding=\"async\" class=\"aligncenter wp-image-650 size-large\" src=\"http:\/\/alexandrecenis.com\/wp-content\/uploads\/2019\/06\/2-affiche-enfants-disparus-Deliveroo-Droit-denfance-1024x1024.jpg\" alt=\"\" width=\"1024\" height=\"1024\" srcset=\"https:\/\/alexandrecenis.com\/wp-content\/uploads\/2019\/06\/2-affiche-enfants-disparus-Deliveroo-Droit-denfance-1024x1024.jpg 1024w, https:\/\/alexandrecenis.com\/wp-content\/uploads\/2019\/06\/2-affiche-enfants-disparus-Deliveroo-Droit-denfance-150x150.jpg 150w, https:\/\/alexandrecenis.com\/wp-content\/uploads\/2019\/06\/2-affiche-enfants-disparus-Deliveroo-Droit-denfance-300x300.jpg 300w, https:\/\/alexandrecenis.com\/wp-content\/uploads\/2019\/06\/2-affiche-enfants-disparus-Deliveroo-Droit-denfance-768x768.jpg 768w, https:\/\/alexandrecenis.com\/wp-content\/uploads\/2019\/06\/2-affiche-enfants-disparus-Deliveroo-Droit-denfance-780x780.jpg 780w, https:\/\/alexandrecenis.com\/wp-content\/uploads\/2019\/06\/2-affiche-enfants-disparus-Deliveroo-Droit-denfance-1120x1120.jpg 1120w, https:\/\/alexandrecenis.com\/wp-content\/uploads\/2019\/06\/2-affiche-enfants-disparus-Deliveroo-Droit-denfance-640x640.jpg 640w, https:\/\/alexandrecenis.com\/wp-content\/uploads\/2019\/06\/2-affiche-enfants-disparus-Deliveroo-Droit-denfance.jpg 1200w\" sizes=\"(max-width: 1024px) 100vw, 1024px\" \/><\/p>\n<p style=\"text-align: justify;\">La startup et l\u2019association se sont unies afin de r\u00e9colter des t\u00e9moignages sur la disparition de 4 enfants et adolescents. Certains ont disparu depuis quelques mois, d\u2019autres depuis des ann\u00e9es. Ainsi, 200 livreurs ont arpent\u00e9 les villes de Paris, Lyon et Bordeaux arborant le num\u00e9ro <strong><span style=\"color: #ff0000;\">116 000<\/span><\/strong>\u00a0et sa\u00a0cellule de soutien, encore trop peu connus dans notre pays.<\/p>\n<p><img loading=\"lazy\" decoding=\"async\" class=\"aligncenter wp-image-652 size-large\" src=\"http:\/\/alexandrecenis.com\/wp-content\/uploads\/2019\/06\/10-affiche-enfants-disparus-Deliveroo-et-Droit-denfance-1024x576.jpg\" alt=\"\" width=\"1024\" height=\"576\" srcset=\"https:\/\/alexandrecenis.com\/wp-content\/uploads\/2019\/06\/10-affiche-enfants-disparus-Deliveroo-et-Droit-denfance-1024x576.jpg 1024w, https:\/\/alexandrecenis.com\/wp-content\/uploads\/2019\/06\/10-affiche-enfants-disparus-Deliveroo-et-Droit-denfance-300x169.jpg 300w, https:\/\/alexandrecenis.com\/wp-content\/uploads\/2019\/06\/10-affiche-enfants-disparus-Deliveroo-et-Droit-denfance-768x432.jpg 768w, https:\/\/alexandrecenis.com\/wp-content\/uploads\/2019\/06\/10-affiche-enfants-disparus-Deliveroo-et-Droit-denfance-780x439.jpg 780w, https:\/\/alexandrecenis.com\/wp-content\/uploads\/2019\/06\/10-affiche-enfants-disparus-Deliveroo-et-Droit-denfance-1120x630.jpg 1120w, https:\/\/alexandrecenis.com\/wp-content\/uploads\/2019\/06\/10-affiche-enfants-disparus-Deliveroo-et-Droit-denfance.jpg 1200w\" sizes=\"(max-width: 1024px) 100vw, 1024px\" \/><\/p>\n<p style=\"text-align: justify;\">Selon\u00a0Pierre Verdier, le directeur commercial de Deliveroo, il s\u2019agit d\u2019une contribution naturelle car les coursiers voient et sont vus par beaucoup de personnes chaque jour : \u201cIl n\u2019est donc pas \u00e9tonnant que notre r\u00e9seau de livreurs se soit port\u00e9 volontaire pour utiliser les sacs \u00e0 dos reconvertis en\u00a0panneaux d\u2019affichage mobiles\u00a0pour soutenir une cause aussi importante. Nous esp\u00e9rons que notre campagne\u00a0Ride to Find\u00a0contribuera \u00e0 ramener les enfants disparus aupr\u00e8s de leurs proches et \u00e0 sensibiliser les citoyens aux missions de Droit d\u2019Enfance.\u201d<\/p>\n<p><img loading=\"lazy\" decoding=\"async\" class=\"aligncenter wp-image-651 size-large\" src=\"http:\/\/alexandrecenis.com\/wp-content\/uploads\/2019\/06\/5-affiche-enfants-disparus-Deliveroo-et-Droit-denfance-1024x683.jpg\" alt=\"\" width=\"1024\" height=\"683\" srcset=\"https:\/\/alexandrecenis.com\/wp-content\/uploads\/2019\/06\/5-affiche-enfants-disparus-Deliveroo-et-Droit-denfance-1024x683.jpg 1024w, https:\/\/alexandrecenis.com\/wp-content\/uploads\/2019\/06\/5-affiche-enfants-disparus-Deliveroo-et-Droit-denfance-300x200.jpg 300w, https:\/\/alexandrecenis.com\/wp-content\/uploads\/2019\/06\/5-affiche-enfants-disparus-Deliveroo-et-Droit-denfance-768x512.jpg 768w, https:\/\/alexandrecenis.com\/wp-content\/uploads\/2019\/06\/5-affiche-enfants-disparus-Deliveroo-et-Droit-denfance-780x520.jpg 780w, https:\/\/alexandrecenis.com\/wp-content\/uploads\/2019\/06\/5-affiche-enfants-disparus-Deliveroo-et-Droit-denfance-1120x747.jpg 1120w, https:\/\/alexandrecenis.com\/wp-content\/uploads\/2019\/06\/5-affiche-enfants-disparus-Deliveroo-et-Droit-denfance.jpg 1200w\" sizes=\"(max-width: 1024px) 100vw, 1024px\" \/><\/p>\n<p style=\"text-align: justify;\">Si cette collaboration est une premi\u00e8re en France, l\u2019Hexagone est le quatri\u00e8me pays \u00e0 lancer cette initiative. Une campagne similaire \u00e0 \u00e9t\u00e9 men\u00e9e au Royaume-Uni en d\u00e9cembre 2018. Elle a ensuite \u00e9t\u00e9 conduite en Belgique en d\u00e9but d\u2019ann\u00e9e puis aux Pays-Bas d\u00e9but mai.<\/p>\n","protected":false},"excerpt":{"rendered":"<p>Bien le bonjour le monde digital ! Attention aujourd&rsquo;hui sujet difficile mais malheureusement existant. Lorsqu\u2019un enfant dispara\u00eet, le facteur temps est essentiel dans le processus de recherche. Il n\u2019y a aucun d\u00e9lai minimum pour signaler sa disparition dans le poste de police ou de gendarmerie le plus proche. Si les fugues constituent \u00e0 plus de [&hellip;]<\/p>\n","protected":false},"author":1,"featured_media":653,"comment_status":"closed","ping_status":"open","sticky":false,"template":"","format":"standard","meta":{"_et_pb_use_builder":"","_et_pb_old_content":"","_et_gb_content_width":"","footnotes":""},"categories":[1],"tags":[212,214,211,215,213],"class_list":["post-648","post","type-post","status-publish","format-standard","has-post-thumbnail","hentry","category-non-classe","tag-212","tag-association-francaise-droit-denfance","tag-deliveroo","tag-fugues","tag-ride-to-find"],"yoast_head":"<!-- This site is optimized with the Yoast SEO plugin v27.3 - https:\/\/yoast.com\/product\/yoast-seo-wordpress\/ -->\n<title>116 000 - Alexandre Cenis<\/title>\n<meta name=\"robots\" content=\"index, follow, max-snippet:-1, max-image-preview:large, max-video-preview:-1\" \/>\n<link rel=\"canonical\" href=\"https:\/\/alexandrecenis.com\/index.php\/2019\/06\/19\/116-000\/\" \/>\n<meta property=\"og:locale\" content=\"fr_FR\" \/>\n<meta property=\"og:type\" content=\"article\" \/>\n<meta property=\"og:title\" content=\"116 000 - Alexandre Cenis\" \/>\n<meta property=\"og:description\" content=\"Bien le bonjour le monde digital ! Attention aujourd&rsquo;hui sujet difficile mais malheureusement existant. Lorsqu\u2019un enfant dispara\u00eet, le facteur temps est essentiel dans le processus de recherche. Il n\u2019y a aucun d\u00e9lai minimum pour signaler sa disparition dans le poste de police ou de gendarmerie le plus proche. Si les fugues constituent \u00e0 plus de [&hellip;]\" \/>\n<meta property=\"og:url\" content=\"https:\/\/alexandrecenis.com\/index.php\/2019\/06\/19\/116-000\/\" \/>\n<meta property=\"og:site_name\" content=\"Alexandre Cenis\" \/>\n<meta property=\"article:published_time\" content=\"2019-06-19T06:01:17+00:00\" \/>\n<meta property=\"og:image\" content=\"https:\/\/alexandrecenis.com\/wp-content\/uploads\/2019\/06\/9-affiche-enfants-disparus-Deliveroo-et-Droit-denfance.jpg\" \/>\n\t<meta property=\"og:image:width\" content=\"1200\" \/>\n\t<meta property=\"og:image:height\" content=\"675\" \/>\n\t<meta property=\"og:image:type\" content=\"image\/jpeg\" \/>\n<meta name=\"author\" content=\"admin8497\" \/>\n<meta name=\"twitter:card\" content=\"summary_large_image\" \/>\n<meta name=\"twitter:creator\" content=\"@alexandrecenis\" \/>\n<meta name=\"twitter:site\" content=\"@alexandrecenis\" \/>\n<meta name=\"twitter:label1\" content=\"\u00c9crit par\" \/>\n\t<meta name=\"twitter:data1\" content=\"admin8497\" \/>\n\t<meta name=\"twitter:label2\" content=\"Dur\u00e9e de lecture estim\u00e9e\" \/>\n\t<meta name=\"twitter:data2\" content=\"2 minutes\" \/>\n<script type=\"application\/ld+json\" class=\"yoast-schema-graph\">{\"@context\":\"https:\\\/\\\/schema.org\",\"@graph\":[{\"@type\":\"Article\",\"@id\":\"https:\\\/\\\/alexandrecenis.com\\\/index.php\\\/2019\\\/06\\\/19\\\/116-000\\\/#article\",\"isPartOf\":{\"@id\":\"https:\\\/\\\/alexandrecenis.com\\\/index.php\\\/2019\\\/06\\\/19\\\/116-000\\\/\"},\"author\":{\"name\":\"admin8497\",\"@id\":\"https:\\\/\\\/alexandrecenis.com\\\/#\\\/schema\\\/person\\\/cb034178deaf60a8602f9c700c5b1c83\"},\"headline\":\"116 000\",\"datePublished\":\"2019-06-19T06:01:17+00:00\",\"mainEntityOfPage\":{\"@id\":\"https:\\\/\\\/alexandrecenis.com\\\/index.php\\\/2019\\\/06\\\/19\\\/116-000\\\/\"},\"wordCount\":349,\"image\":{\"@id\":\"https:\\\/\\\/alexandrecenis.com\\\/index.php\\\/2019\\\/06\\\/19\\\/116-000\\\/#primaryimage\"},\"thumbnailUrl\":\"https:\\\/\\\/alexandrecenis.com\\\/wp-content\\\/uploads\\\/2019\\\/06\\\/9-affiche-enfants-disparus-Deliveroo-et-Droit-denfance.jpg\",\"keywords\":[\"116000\",\"association fran\u00e7aise\u00a0Droit d\u2019Enfance\",\"deliveroo\",\"fugues\",\"Ride to find\"],\"inLanguage\":\"fr-FR\"},{\"@type\":\"WebPage\",\"@id\":\"https:\\\/\\\/alexandrecenis.com\\\/index.php\\\/2019\\\/06\\\/19\\\/116-000\\\/\",\"url\":\"https:\\\/\\\/alexandrecenis.com\\\/index.php\\\/2019\\\/06\\\/19\\\/116-000\\\/\",\"name\":\"116 000 - Alexandre Cenis\",\"isPartOf\":{\"@id\":\"https:\\\/\\\/alexandrecenis.com\\\/#website\"},\"primaryImageOfPage\":{\"@id\":\"https:\\\/\\\/alexandrecenis.com\\\/index.php\\\/2019\\\/06\\\/19\\\/116-000\\\/#primaryimage\"},\"image\":{\"@id\":\"https:\\\/\\\/alexandrecenis.com\\\/index.php\\\/2019\\\/06\\\/19\\\/116-000\\\/#primaryimage\"},\"thumbnailUrl\":\"https:\\\/\\\/alexandrecenis.com\\\/wp-content\\\/uploads\\\/2019\\\/06\\\/9-affiche-enfants-disparus-Deliveroo-et-Droit-denfance.jpg\",\"datePublished\":\"2019-06-19T06:01:17+00:00\",\"author\":{\"@id\":\"https:\\\/\\\/alexandrecenis.com\\\/#\\\/schema\\\/person\\\/cb034178deaf60a8602f9c700c5b1c83\"},\"breadcrumb\":{\"@id\":\"https:\\\/\\\/alexandrecenis.com\\\/index.php\\\/2019\\\/06\\\/19\\\/116-000\\\/#breadcrumb\"},\"inLanguage\":\"fr-FR\",\"potentialAction\":[{\"@type\":\"ReadAction\",\"target\":[\"https:\\\/\\\/alexandrecenis.com\\\/index.php\\\/2019\\\/06\\\/19\\\/116-000\\\/\"]}]},{\"@type\":\"ImageObject\",\"inLanguage\":\"fr-FR\",\"@id\":\"https:\\\/\\\/alexandrecenis.com\\\/index.php\\\/2019\\\/06\\\/19\\\/116-000\\\/#primaryimage\",\"url\":\"https:\\\/\\\/alexandrecenis.com\\\/wp-content\\\/uploads\\\/2019\\\/06\\\/9-affiche-enfants-disparus-Deliveroo-et-Droit-denfance.jpg\",\"contentUrl\":\"https:\\\/\\\/alexandrecenis.com\\\/wp-content\\\/uploads\\\/2019\\\/06\\\/9-affiche-enfants-disparus-Deliveroo-et-Droit-denfance.jpg\",\"width\":1200,\"height\":675},{\"@type\":\"BreadcrumbList\",\"@id\":\"https:\\\/\\\/alexandrecenis.com\\\/index.php\\\/2019\\\/06\\\/19\\\/116-000\\\/#breadcrumb\",\"itemListElement\":[{\"@type\":\"ListItem\",\"position\":1,\"name\":\"Home\",\"item\":\"https:\\\/\\\/alexandrecenis.com\\\/\"},{\"@type\":\"ListItem\",\"position\":2,\"name\":\"116 000\"}]},{\"@type\":\"WebSite\",\"@id\":\"https:\\\/\\\/alexandrecenis.com\\\/#website\",\"url\":\"https:\\\/\\\/alexandrecenis.com\\\/\",\"name\":\"Alexandre Cenis\",\"description\":\"Intelligence Cr\u00e9ative\",\"potentialAction\":[{\"@type\":\"SearchAction\",\"target\":{\"@type\":\"EntryPoint\",\"urlTemplate\":\"https:\\\/\\\/alexandrecenis.com\\\/?s={search_term_string}\"},\"query-input\":{\"@type\":\"PropertyValueSpecification\",\"valueRequired\":true,\"valueName\":\"search_term_string\"}}],\"inLanguage\":\"fr-FR\"},{\"@type\":\"Person\",\"@id\":\"https:\\\/\\\/alexandrecenis.com\\\/#\\\/schema\\\/person\\\/cb034178deaf60a8602f9c700c5b1c83\",\"name\":\"admin8497\",\"image\":{\"@type\":\"ImageObject\",\"inLanguage\":\"fr-FR\",\"@id\":\"https:\\\/\\\/secure.gravatar.com\\\/avatar\\\/9586a1b4e51047e1977e647153ddd075f143e741c8e5ba4d03f6cfa4c61126fd?s=96&d=mm&r=g\",\"url\":\"https:\\\/\\\/secure.gravatar.com\\\/avatar\\\/9586a1b4e51047e1977e647153ddd075f143e741c8e5ba4d03f6cfa4c61126fd?s=96&d=mm&r=g\",\"contentUrl\":\"https:\\\/\\\/secure.gravatar.com\\\/avatar\\\/9586a1b4e51047e1977e647153ddd075f143e741c8e5ba4d03f6cfa4c61126fd?s=96&d=mm&r=g\",\"caption\":\"admin8497\"},\"url\":\"https:\\\/\\\/alexandrecenis.com\\\/index.php\\\/author\\\/admin8497\\\/\"}]}<\/script>\n<!-- \/ Yoast SEO plugin. -->","yoast_head_json":{"title":"116 000 - Alexandre Cenis","robots":{"index":"index","follow":"follow","max-snippet":"max-snippet:-1","max-image-preview":"max-image-preview:large","max-video-preview":"max-video-preview:-1"},"canonical":"https:\/\/alexandrecenis.com\/index.php\/2019\/06\/19\/116-000\/","og_locale":"fr_FR","og_type":"article","og_title":"116 000 - Alexandre Cenis","og_description":"Bien le bonjour le monde digital ! Attention aujourd&rsquo;hui sujet difficile mais malheureusement existant. Lorsqu\u2019un enfant dispara\u00eet, le facteur temps est essentiel dans le processus de recherche. Il n\u2019y a aucun d\u00e9lai minimum pour signaler sa disparition dans le poste de police ou de gendarmerie le plus proche. Si les fugues constituent \u00e0 plus de [&hellip;]","og_url":"https:\/\/alexandrecenis.com\/index.php\/2019\/06\/19\/116-000\/","og_site_name":"Alexandre Cenis","article_published_time":"2019-06-19T06:01:17+00:00","og_image":[{"width":1200,"height":675,"url":"https:\/\/alexandrecenis.com\/wp-content\/uploads\/2019\/06\/9-affiche-enfants-disparus-Deliveroo-et-Droit-denfance.jpg","type":"image\/jpeg"}],"author":"admin8497","twitter_card":"summary_large_image","twitter_creator":"@alexandrecenis","twitter_site":"@alexandrecenis","twitter_misc":{"\u00c9crit par":"admin8497","Dur\u00e9e de lecture estim\u00e9e":"2 minutes"},"schema":{"@context":"https:\/\/schema.org","@graph":[{"@type":"Article","@id":"https:\/\/alexandrecenis.com\/index.php\/2019\/06\/19\/116-000\/#article","isPartOf":{"@id":"https:\/\/alexandrecenis.com\/index.php\/2019\/06\/19\/116-000\/"},"author":{"name":"admin8497","@id":"https:\/\/alexandrecenis.com\/#\/schema\/person\/cb034178deaf60a8602f9c700c5b1c83"},"headline":"116 000","datePublished":"2019-06-19T06:01:17+00:00","mainEntityOfPage":{"@id":"https:\/\/alexandrecenis.com\/index.php\/2019\/06\/19\/116-000\/"},"wordCount":349,"image":{"@id":"https:\/\/alexandrecenis.com\/index.php\/2019\/06\/19\/116-000\/#primaryimage"},"thumbnailUrl":"https:\/\/alexandrecenis.com\/wp-content\/uploads\/2019\/06\/9-affiche-enfants-disparus-Deliveroo-et-Droit-denfance.jpg","keywords":["116000","association fran\u00e7aise\u00a0Droit d\u2019Enfance","deliveroo","fugues","Ride to find"],"inLanguage":"fr-FR"},{"@type":"WebPage","@id":"https:\/\/alexandrecenis.com\/index.php\/2019\/06\/19\/116-000\/","url":"https:\/\/alexandrecenis.com\/index.php\/2019\/06\/19\/116-000\/","name":"116 000 - Alexandre Cenis","isPartOf":{"@id":"https:\/\/alexandrecenis.com\/#website"},"primaryImageOfPage":{"@id":"https:\/\/alexandrecenis.com\/index.php\/2019\/06\/19\/116-000\/#primaryimage"},"image":{"@id":"https:\/\/alexandrecenis.com\/index.php\/2019\/06\/19\/116-000\/#primaryimage"},"thumbnailUrl":"https:\/\/alexandrecenis.com\/wp-content\/uploads\/2019\/06\/9-affiche-enfants-disparus-Deliveroo-et-Droit-denfance.jpg","datePublished":"2019-06-19T06:01:17+00:00","author":{"@id":"https:\/\/alexandrecenis.com\/#\/schema\/person\/cb034178deaf60a8602f9c700c5b1c83"},"breadcrumb":{"@id":"https:\/\/alexandrecenis.com\/index.php\/2019\/06\/19\/116-000\/#breadcrumb"},"inLanguage":"fr-FR","potentialAction":[{"@type":"ReadAction","target":["https:\/\/alexandrecenis.com\/index.php\/2019\/06\/19\/116-000\/"]}]},{"@type":"ImageObject","inLanguage":"fr-FR","@id":"https:\/\/alexandrecenis.com\/index.php\/2019\/06\/19\/116-000\/#primaryimage","url":"https:\/\/alexandrecenis.com\/wp-content\/uploads\/2019\/06\/9-affiche-enfants-disparus-Deliveroo-et-Droit-denfance.jpg","contentUrl":"https:\/\/alexandrecenis.com\/wp-content\/uploads\/2019\/06\/9-affiche-enfants-disparus-Deliveroo-et-Droit-denfance.jpg","width":1200,"height":675},{"@type":"BreadcrumbList","@id":"https:\/\/alexandrecenis.com\/index.php\/2019\/06\/19\/116-000\/#breadcrumb","itemListElement":[{"@type":"ListItem","position":1,"name":"Home","item":"https:\/\/alexandrecenis.com\/"},{"@type":"ListItem","position":2,"name":"116 000"}]},{"@type":"WebSite","@id":"https:\/\/alexandrecenis.com\/#website","url":"https:\/\/alexandrecenis.com\/","name":"Alexandre Cenis","description":"Intelligence Cr\u00e9ative","potentialAction":[{"@type":"SearchAction","target":{"@type":"EntryPoint","urlTemplate":"https:\/\/alexandrecenis.com\/?s={search_term_string}"},"query-input":{"@type":"PropertyValueSpecification","valueRequired":true,"valueName":"search_term_string"}}],"inLanguage":"fr-FR"},{"@type":"Person","@id":"https:\/\/alexandrecenis.com\/#\/schema\/person\/cb034178deaf60a8602f9c700c5b1c83","name":"admin8497","image":{"@type":"ImageObject","inLanguage":"fr-FR","@id":"https:\/\/secure.gravatar.com\/avatar\/9586a1b4e51047e1977e647153ddd075f143e741c8e5ba4d03f6cfa4c61126fd?s=96&d=mm&r=g","url":"https:\/\/secure.gravatar.com\/avatar\/9586a1b4e51047e1977e647153ddd075f143e741c8e5ba4d03f6cfa4c61126fd?s=96&d=mm&r=g","contentUrl":"https:\/\/secure.gravatar.com\/avatar\/9586a1b4e51047e1977e647153ddd075f143e741c8e5ba4d03f6cfa4c61126fd?s=96&d=mm&r=g","caption":"admin8497"},"url":"https:\/\/alexandrecenis.com\/index.php\/author\/admin8497\/"}]}},"_links":{"self":[{"href":"https:\/\/alexandrecenis.com\/index.php\/wp-json\/wp\/v2\/posts\/648","targetHints":{"allow":["GET"]}}],"collection":[{"href":"https:\/\/alexandrecenis.com\/index.php\/wp-json\/wp\/v2\/posts"}],"about":[{"href":"https:\/\/alexandrecenis.com\/index.php\/wp-json\/wp\/v2\/types\/post"}],"author":[{"embeddable":true,"href":"https:\/\/alexandrecenis.com\/index.php\/wp-json\/wp\/v2\/users\/1"}],"replies":[{"embeddable":true,"href":"https:\/\/alexandrecenis.com\/index.php\/wp-json\/wp\/v2\/comments?post=648"}],"version-history":[{"count":3,"href":"https:\/\/alexandrecenis.com\/index.php\/wp-json\/wp\/v2\/posts\/648\/revisions"}],"predecessor-version":[{"id":656,"href":"https:\/\/alexandrecenis.com\/index.php\/wp-json\/wp\/v2\/posts\/648\/revisions\/656"}],"wp:featuredmedia":[{"embeddable":true,"href":"https:\/\/alexandrecenis.com\/index.php\/wp-json\/wp\/v2\/media\/653"}],"wp:attachment":[{"href":"https:\/\/alexandrecenis.com\/index.php\/wp-json\/wp\/v2\/media?parent=648"}],"wp:term":[{"taxonomy":"category","embeddable":true,"href":"https:\/\/alexandrecenis.com\/index.php\/wp-json\/wp\/v2\/categories?post=648"},{"taxonomy":"post_tag","embeddable":true,"href":"https:\/\/alexandrecenis.com\/index.php\/wp-json\/wp\/v2\/tags?post=648"}],"curies":[{"name":"wp","href":"https:\/\/api.w.org\/{rel}","templated":true}]}}