{"id":6403,"date":"2022-09-08T08:20:19","date_gmt":"2022-09-08T06:20:19","guid":{"rendered":"https:\/\/alexandrecenis.com\/?p=6403"},"modified":"2022-09-08T08:20:19","modified_gmt":"2022-09-08T06:20:19","slug":"volkswagen-des-raps","status":"publish","type":"post","link":"https:\/\/alexandrecenis.com\/index.php\/2022\/09\/08\/volkswagen-des-raps\/","title":{"rendered":"Volkswagen des raps"},"content":{"rendered":"<p style=\"text-align: justify;\">Bien le bonjour le monde digital ! Le manque de personnel est de plus en plus pr\u00e9occupant dans plusieurs corps de m\u00e9tiers et les perspectives n&rsquo;ont pas l&rsquo;air bien bonnes pour le futur. Le r\u00e9seau du Groupe Volkswagen (Volkswagen, Audi, Seat, Skoda, Crupa) est actuellement \u00e0 la recherche de 1000 talents : qu\u2019il s\u2019agisse de m\u00e9caniciens, techniciens, conseillers, carrossiers-peintres et autres \u00e9lectroniciens. Bien que ces m\u00e9tiers soient tr\u00e8s techniques et parfois \u00e9prouvants, ils n\u2019en sont pas pour autant mis en valeur. Et pour recruter, le Groupe Volkswagen&#8230;.des raps&#8230;je vais tout vous expliquer allez : Com\u2019 with me !<\/p>\n<p style=\"text-align: center;\"><iframe loading=\"lazy\" src=\"https:\/\/anchor.fm\/alexandrecenis\/embed\/episodes\/Com-With-Me-S2E4--Volkswagen-des-raps-e1nhp6j\" width=\"400px\" height=\"102px\" frameborder=\"0\" scrolling=\"no\"><\/iframe><\/p>\n<p style=\"text-align: justify;\">Apr\u00e8s avoir soulev\u00e9 ce probl\u00e8me avec DDB Paris, le groupe automobile a d\u00e9cid\u00e9 de placer \u2013 dans un premier temps \u2013 des acteurs au c\u0153ur de sa derni\u00e8re campagne d\u00e9cal\u00e9e. Des acteurs\u2026comme dans tous les spots, vous pourriez vous dire&#8230;..<\/p>\n<p><img loading=\"lazy\" decoding=\"async\" class=\"aligncenter wp-image-6407 size-full\" src=\"https:\/\/alexandrecenis.com\/wp-content\/uploads\/2022\/09\/4-3.png\" alt=\"\" width=\"716\" height=\"374\" srcset=\"https:\/\/alexandrecenis.com\/wp-content\/uploads\/2022\/09\/4-3.png 716w, https:\/\/alexandrecenis.com\/wp-content\/uploads\/2022\/09\/4-3-480x251.png 480w\" sizes=\"(min-width: 0px) and (max-width: 480px) 480px, (min-width: 481px) 716px, 100vw\" \/><\/p>\n<p style=\"text-align: justify;\">Sauf qu\u2019un acteur improvise, pas un m\u00e9canicien. Cette partie de la campagne parodie toutes les publicit\u00e9s de r\u00e9visions classiques, souvent trop strictes et surjou\u00e9es.<\/p>\n<p><img loading=\"lazy\" decoding=\"async\" class=\"aligncenter wp-image-6406 size-full\" src=\"https:\/\/alexandrecenis.com\/wp-content\/uploads\/2022\/09\/3-2.png\" alt=\"\" width=\"719\" height=\"339\" srcset=\"https:\/\/alexandrecenis.com\/wp-content\/uploads\/2022\/09\/3-2.png 719w, https:\/\/alexandrecenis.com\/wp-content\/uploads\/2022\/09\/3-2-480x226.png 480w\" sizes=\"(min-width: 0px) and (max-width: 480px) 480px, (min-width: 481px) 719px, 100vw\" \/><\/p>\n<p><img loading=\"lazy\" decoding=\"async\" class=\"aligncenter wp-image-6405 size-full\" src=\"https:\/\/alexandrecenis.com\/wp-content\/uploads\/2022\/09\/2-3.png\" alt=\"\" width=\"718\" height=\"341\" srcset=\"https:\/\/alexandrecenis.com\/wp-content\/uploads\/2022\/09\/2-3.png 718w, https:\/\/alexandrecenis.com\/wp-content\/uploads\/2022\/09\/2-3-480x228.png 480w\" sizes=\"(min-width: 0px) and (max-width: 480px) 480px, (min-width: 481px) 718px, 100vw\" \/><\/p>\n<p><img loading=\"lazy\" decoding=\"async\" class=\"aligncenter wp-image-6404 size-full\" src=\"https:\/\/alexandrecenis.com\/wp-content\/uploads\/2022\/09\/1-2.png\" alt=\"\" width=\"717\" height=\"338\" srcset=\"https:\/\/alexandrecenis.com\/wp-content\/uploads\/2022\/09\/1-2.png 717w, https:\/\/alexandrecenis.com\/wp-content\/uploads\/2022\/09\/1-2-480x226.png 480w\" sizes=\"(min-width: 0px) and (max-width: 480px) 480px, (min-width: 481px) 717px, 100vw\" \/><\/p>\n<p style=\"text-align: center;\"><iframe loading=\"lazy\" title=\"YouTube video player\" src=\"https:\/\/www.youtube.com\/embed\/FiewGnYnCX4\" width=\"560\" height=\"315\" frameborder=\"0\" allowfullscreen=\"allowfullscreen\"><\/iframe><\/p>\n<p style=\"text-align: justify;\">Un dispositif social m\u00e9dia vient compl\u00e9ter la campagne de recrutement, incluant des\u2026jeunes rappeurs. Pourquoi des rappeurs ? D\u2019une part parce qu\u2019ils touchent la cible que Volkswagen cherche \u00e0 recruter, mais d\u2019une autre part car eux aussi sont les rois de l\u2019improvisation. Voici donc un floril\u00e8ge de freestyles \u00ab en r\u00e9f\u00e9rence \u00bb \u00e0 la m\u00e9canique \u2013 qui feront tr\u00e8s certainement saigner les oreilles de nos m\u00e9caniciens en herbe. Pour postuler, c\u2019est <a href=\"https:\/\/volkswagengroup.fr\/\" target=\"_blank\" rel=\"noopener\">ici<\/a>.<\/p>\n<p style=\"text-align: center;\"><iframe loading=\"lazy\" title=\"YouTube video player\" src=\"https:\/\/www.youtube.com\/embed\/rUF8WlyJrt8\" width=\"560\" height=\"315\" frameborder=\"0\" allowfullscreen=\"allowfullscreen\"><\/iframe><\/p>\n<p style=\"text-align: center;\"><iframe loading=\"lazy\" title=\"YouTube video player\" src=\"https:\/\/www.youtube.com\/embed\/adqQyiJlCcI\" width=\"560\" height=\"315\" frameborder=\"0\" allowfullscreen=\"allowfullscreen\"><\/iframe><\/p>\n<p style=\"text-align: center;\"><iframe loading=\"lazy\" title=\"YouTube video player\" src=\"https:\/\/www.youtube.com\/embed\/ONcjL1BniVM\" width=\"560\" height=\"315\" frameborder=\"0\" allowfullscreen=\"allowfullscreen\"><\/iframe><\/p>\n<p style=\"text-align: center;\"><iframe loading=\"lazy\" title=\"YouTube video player\" src=\"https:\/\/www.youtube.com\/embed\/NZ-_I9TAiuU\" width=\"560\" height=\"315\" frameborder=\"0\" allowfullscreen=\"allowfullscreen\"><\/iframe><\/p>\n","protected":false},"excerpt":{"rendered":"<p>Bien le bonjour le monde digital ! Le manque de personnel est de plus en plus pr\u00e9occupant dans plusieurs corps de m\u00e9tiers et les perspectives n&rsquo;ont pas l&rsquo;air bien bonnes pour le futur. Le r\u00e9seau du Groupe Volkswagen (Volkswagen, Audi, Seat, Skoda, Crupa) est actuellement \u00e0 la recherche de 1000 talents : qu\u2019il s\u2019agisse de [&hellip;]<\/p>\n","protected":false},"author":1,"featured_media":6410,"comment_status":"closed","ping_status":"open","sticky":false,"template":"","format":"standard","meta":{"_et_pb_use_builder":"","_et_pb_old_content":"","_et_gb_content_width":"","footnotes":""},"categories":[2],"tags":[2362,817,136,2180,2363,289],"class_list":["post-6403","post","type-post","status-publish","format-standard","has-post-thumbnail","hentry","category-publicite","tag-mecanicien","tag-parodie","tag-rap","tag-rappeurs","tag-recrutement","tag-volkswagen"],"yoast_head":"<!-- This site is optimized with the Yoast SEO plugin v27.3 - https:\/\/yoast.com\/product\/yoast-seo-wordpress\/ -->\n<title>Volkswagen des raps - Alexandre Cenis<\/title>\n<meta name=\"robots\" content=\"index, follow, max-snippet:-1, max-image-preview:large, max-video-preview:-1\" \/>\n<link rel=\"canonical\" href=\"https:\/\/alexandrecenis.com\/index.php\/2022\/09\/08\/volkswagen-des-raps\/\" \/>\n<meta property=\"og:locale\" content=\"fr_FR\" \/>\n<meta property=\"og:type\" content=\"article\" \/>\n<meta property=\"og:title\" content=\"Volkswagen des raps - Alexandre Cenis\" \/>\n<meta property=\"og:description\" content=\"Bien le bonjour le monde digital ! Le manque de personnel est de plus en plus pr\u00e9occupant dans plusieurs corps de m\u00e9tiers et les perspectives n&rsquo;ont pas l&rsquo;air bien bonnes pour le futur. Le r\u00e9seau du Groupe Volkswagen (Volkswagen, Audi, Seat, Skoda, Crupa) est actuellement \u00e0 la recherche de 1000 talents : qu\u2019il s\u2019agisse de [&hellip;]\" \/>\n<meta property=\"og:url\" content=\"https:\/\/alexandrecenis.com\/index.php\/2022\/09\/08\/volkswagen-des-raps\/\" \/>\n<meta property=\"og:site_name\" content=\"Alexandre Cenis\" \/>\n<meta property=\"article:published_time\" content=\"2022-09-08T06:20:19+00:00\" \/>\n<meta property=\"og:image\" content=\"https:\/\/alexandrecenis.com\/wp-content\/uploads\/2022\/09\/vignette-2.png\" \/>\n\t<meta property=\"og:image:width\" content=\"720\" \/>\n\t<meta property=\"og:image:height\" content=\"406\" \/>\n\t<meta property=\"og:image:type\" content=\"image\/png\" \/>\n<meta name=\"author\" content=\"admin8497\" \/>\n<meta name=\"twitter:card\" content=\"summary_large_image\" \/>\n<meta name=\"twitter:creator\" content=\"@alexandrecenis\" \/>\n<meta name=\"twitter:site\" content=\"@alexandrecenis\" \/>\n<meta name=\"twitter:label1\" content=\"\u00c9crit par\" \/>\n\t<meta name=\"twitter:data1\" content=\"admin8497\" \/>\n\t<meta name=\"twitter:label2\" content=\"Dur\u00e9e de lecture estim\u00e9e\" \/>\n\t<meta name=\"twitter:data2\" content=\"2 minutes\" \/>\n<script type=\"application\/ld+json\" class=\"yoast-schema-graph\">{\"@context\":\"https:\\\/\\\/schema.org\",\"@graph\":[{\"@type\":\"Article\",\"@id\":\"https:\\\/\\\/alexandrecenis.com\\\/index.php\\\/2022\\\/09\\\/08\\\/volkswagen-des-raps\\\/#article\",\"isPartOf\":{\"@id\":\"https:\\\/\\\/alexandrecenis.com\\\/index.php\\\/2022\\\/09\\\/08\\\/volkswagen-des-raps\\\/\"},\"author\":{\"name\":\"admin8497\",\"@id\":\"https:\\\/\\\/alexandrecenis.com\\\/#\\\/schema\\\/person\\\/cb034178deaf60a8602f9c700c5b1c83\"},\"headline\":\"Volkswagen des raps\",\"datePublished\":\"2022-09-08T06:20:19+00:00\",\"mainEntityOfPage\":{\"@id\":\"https:\\\/\\\/alexandrecenis.com\\\/index.php\\\/2022\\\/09\\\/08\\\/volkswagen-des-raps\\\/\"},\"wordCount\":260,\"image\":{\"@id\":\"https:\\\/\\\/alexandrecenis.com\\\/index.php\\\/2022\\\/09\\\/08\\\/volkswagen-des-raps\\\/#primaryimage\"},\"thumbnailUrl\":\"https:\\\/\\\/alexandrecenis.com\\\/wp-content\\\/uploads\\\/2022\\\/09\\\/vignette-2.png\",\"keywords\":[\"m\u00e9canicien\",\"parodie\",\"rap\",\"rappeurs\",\"recrutement\",\"Volkswagen\"],\"articleSection\":[\"Publicit\u00e9\"],\"inLanguage\":\"fr-FR\"},{\"@type\":\"WebPage\",\"@id\":\"https:\\\/\\\/alexandrecenis.com\\\/index.php\\\/2022\\\/09\\\/08\\\/volkswagen-des-raps\\\/\",\"url\":\"https:\\\/\\\/alexandrecenis.com\\\/index.php\\\/2022\\\/09\\\/08\\\/volkswagen-des-raps\\\/\",\"name\":\"Volkswagen des raps - Alexandre Cenis\",\"isPartOf\":{\"@id\":\"https:\\\/\\\/alexandrecenis.com\\\/#website\"},\"primaryImageOfPage\":{\"@id\":\"https:\\\/\\\/alexandrecenis.com\\\/index.php\\\/2022\\\/09\\\/08\\\/volkswagen-des-raps\\\/#primaryimage\"},\"image\":{\"@id\":\"https:\\\/\\\/alexandrecenis.com\\\/index.php\\\/2022\\\/09\\\/08\\\/volkswagen-des-raps\\\/#primaryimage\"},\"thumbnailUrl\":\"https:\\\/\\\/alexandrecenis.com\\\/wp-content\\\/uploads\\\/2022\\\/09\\\/vignette-2.png\",\"datePublished\":\"2022-09-08T06:20:19+00:00\",\"author\":{\"@id\":\"https:\\\/\\\/alexandrecenis.com\\\/#\\\/schema\\\/person\\\/cb034178deaf60a8602f9c700c5b1c83\"},\"breadcrumb\":{\"@id\":\"https:\\\/\\\/alexandrecenis.com\\\/index.php\\\/2022\\\/09\\\/08\\\/volkswagen-des-raps\\\/#breadcrumb\"},\"inLanguage\":\"fr-FR\",\"potentialAction\":[{\"@type\":\"ReadAction\",\"target\":[\"https:\\\/\\\/alexandrecenis.com\\\/index.php\\\/2022\\\/09\\\/08\\\/volkswagen-des-raps\\\/\"]}]},{\"@type\":\"ImageObject\",\"inLanguage\":\"fr-FR\",\"@id\":\"https:\\\/\\\/alexandrecenis.com\\\/index.php\\\/2022\\\/09\\\/08\\\/volkswagen-des-raps\\\/#primaryimage\",\"url\":\"https:\\\/\\\/alexandrecenis.com\\\/wp-content\\\/uploads\\\/2022\\\/09\\\/vignette-2.png\",\"contentUrl\":\"https:\\\/\\\/alexandrecenis.com\\\/wp-content\\\/uploads\\\/2022\\\/09\\\/vignette-2.png\",\"width\":720,\"height\":406},{\"@type\":\"BreadcrumbList\",\"@id\":\"https:\\\/\\\/alexandrecenis.com\\\/index.php\\\/2022\\\/09\\\/08\\\/volkswagen-des-raps\\\/#breadcrumb\",\"itemListElement\":[{\"@type\":\"ListItem\",\"position\":1,\"name\":\"Home\",\"item\":\"https:\\\/\\\/alexandrecenis.com\\\/\"},{\"@type\":\"ListItem\",\"position\":2,\"name\":\"Volkswagen des raps\"}]},{\"@type\":\"WebSite\",\"@id\":\"https:\\\/\\\/alexandrecenis.com\\\/#website\",\"url\":\"https:\\\/\\\/alexandrecenis.com\\\/\",\"name\":\"Alexandre Cenis\",\"description\":\"Intelligence Cr\u00e9ative\",\"potentialAction\":[{\"@type\":\"SearchAction\",\"target\":{\"@type\":\"EntryPoint\",\"urlTemplate\":\"https:\\\/\\\/alexandrecenis.com\\\/?s={search_term_string}\"},\"query-input\":{\"@type\":\"PropertyValueSpecification\",\"valueRequired\":true,\"valueName\":\"search_term_string\"}}],\"inLanguage\":\"fr-FR\"},{\"@type\":\"Person\",\"@id\":\"https:\\\/\\\/alexandrecenis.com\\\/#\\\/schema\\\/person\\\/cb034178deaf60a8602f9c700c5b1c83\",\"name\":\"admin8497\",\"image\":{\"@type\":\"ImageObject\",\"inLanguage\":\"fr-FR\",\"@id\":\"https:\\\/\\\/secure.gravatar.com\\\/avatar\\\/9586a1b4e51047e1977e647153ddd075f143e741c8e5ba4d03f6cfa4c61126fd?s=96&d=mm&r=g\",\"url\":\"https:\\\/\\\/secure.gravatar.com\\\/avatar\\\/9586a1b4e51047e1977e647153ddd075f143e741c8e5ba4d03f6cfa4c61126fd?s=96&d=mm&r=g\",\"contentUrl\":\"https:\\\/\\\/secure.gravatar.com\\\/avatar\\\/9586a1b4e51047e1977e647153ddd075f143e741c8e5ba4d03f6cfa4c61126fd?s=96&d=mm&r=g\",\"caption\":\"admin8497\"},\"url\":\"https:\\\/\\\/alexandrecenis.com\\\/index.php\\\/author\\\/admin8497\\\/\"}]}<\/script>\n<!-- \/ Yoast SEO plugin. -->","yoast_head_json":{"title":"Volkswagen des raps - Alexandre Cenis","robots":{"index":"index","follow":"follow","max-snippet":"max-snippet:-1","max-image-preview":"max-image-preview:large","max-video-preview":"max-video-preview:-1"},"canonical":"https:\/\/alexandrecenis.com\/index.php\/2022\/09\/08\/volkswagen-des-raps\/","og_locale":"fr_FR","og_type":"article","og_title":"Volkswagen des raps - Alexandre Cenis","og_description":"Bien le bonjour le monde digital ! Le manque de personnel est de plus en plus pr\u00e9occupant dans plusieurs corps de m\u00e9tiers et les perspectives n&rsquo;ont pas l&rsquo;air bien bonnes pour le futur. Le r\u00e9seau du Groupe Volkswagen (Volkswagen, Audi, Seat, Skoda, Crupa) est actuellement \u00e0 la recherche de 1000 talents : qu\u2019il s\u2019agisse de [&hellip;]","og_url":"https:\/\/alexandrecenis.com\/index.php\/2022\/09\/08\/volkswagen-des-raps\/","og_site_name":"Alexandre Cenis","article_published_time":"2022-09-08T06:20:19+00:00","og_image":[{"width":720,"height":406,"url":"https:\/\/alexandrecenis.com\/wp-content\/uploads\/2022\/09\/vignette-2.png","type":"image\/png"}],"author":"admin8497","twitter_card":"summary_large_image","twitter_creator":"@alexandrecenis","twitter_site":"@alexandrecenis","twitter_misc":{"\u00c9crit par":"admin8497","Dur\u00e9e de lecture estim\u00e9e":"2 minutes"},"schema":{"@context":"https:\/\/schema.org","@graph":[{"@type":"Article","@id":"https:\/\/alexandrecenis.com\/index.php\/2022\/09\/08\/volkswagen-des-raps\/#article","isPartOf":{"@id":"https:\/\/alexandrecenis.com\/index.php\/2022\/09\/08\/volkswagen-des-raps\/"},"author":{"name":"admin8497","@id":"https:\/\/alexandrecenis.com\/#\/schema\/person\/cb034178deaf60a8602f9c700c5b1c83"},"headline":"Volkswagen des raps","datePublished":"2022-09-08T06:20:19+00:00","mainEntityOfPage":{"@id":"https:\/\/alexandrecenis.com\/index.php\/2022\/09\/08\/volkswagen-des-raps\/"},"wordCount":260,"image":{"@id":"https:\/\/alexandrecenis.com\/index.php\/2022\/09\/08\/volkswagen-des-raps\/#primaryimage"},"thumbnailUrl":"https:\/\/alexandrecenis.com\/wp-content\/uploads\/2022\/09\/vignette-2.png","keywords":["m\u00e9canicien","parodie","rap","rappeurs","recrutement","Volkswagen"],"articleSection":["Publicit\u00e9"],"inLanguage":"fr-FR"},{"@type":"WebPage","@id":"https:\/\/alexandrecenis.com\/index.php\/2022\/09\/08\/volkswagen-des-raps\/","url":"https:\/\/alexandrecenis.com\/index.php\/2022\/09\/08\/volkswagen-des-raps\/","name":"Volkswagen des raps - Alexandre Cenis","isPartOf":{"@id":"https:\/\/alexandrecenis.com\/#website"},"primaryImageOfPage":{"@id":"https:\/\/alexandrecenis.com\/index.php\/2022\/09\/08\/volkswagen-des-raps\/#primaryimage"},"image":{"@id":"https:\/\/alexandrecenis.com\/index.php\/2022\/09\/08\/volkswagen-des-raps\/#primaryimage"},"thumbnailUrl":"https:\/\/alexandrecenis.com\/wp-content\/uploads\/2022\/09\/vignette-2.png","datePublished":"2022-09-08T06:20:19+00:00","author":{"@id":"https:\/\/alexandrecenis.com\/#\/schema\/person\/cb034178deaf60a8602f9c700c5b1c83"},"breadcrumb":{"@id":"https:\/\/alexandrecenis.com\/index.php\/2022\/09\/08\/volkswagen-des-raps\/#breadcrumb"},"inLanguage":"fr-FR","potentialAction":[{"@type":"ReadAction","target":["https:\/\/alexandrecenis.com\/index.php\/2022\/09\/08\/volkswagen-des-raps\/"]}]},{"@type":"ImageObject","inLanguage":"fr-FR","@id":"https:\/\/alexandrecenis.com\/index.php\/2022\/09\/08\/volkswagen-des-raps\/#primaryimage","url":"https:\/\/alexandrecenis.com\/wp-content\/uploads\/2022\/09\/vignette-2.png","contentUrl":"https:\/\/alexandrecenis.com\/wp-content\/uploads\/2022\/09\/vignette-2.png","width":720,"height":406},{"@type":"BreadcrumbList","@id":"https:\/\/alexandrecenis.com\/index.php\/2022\/09\/08\/volkswagen-des-raps\/#breadcrumb","itemListElement":[{"@type":"ListItem","position":1,"name":"Home","item":"https:\/\/alexandrecenis.com\/"},{"@type":"ListItem","position":2,"name":"Volkswagen des raps"}]},{"@type":"WebSite","@id":"https:\/\/alexandrecenis.com\/#website","url":"https:\/\/alexandrecenis.com\/","name":"Alexandre Cenis","description":"Intelligence Cr\u00e9ative","potentialAction":[{"@type":"SearchAction","target":{"@type":"EntryPoint","urlTemplate":"https:\/\/alexandrecenis.com\/?s={search_term_string}"},"query-input":{"@type":"PropertyValueSpecification","valueRequired":true,"valueName":"search_term_string"}}],"inLanguage":"fr-FR"},{"@type":"Person","@id":"https:\/\/alexandrecenis.com\/#\/schema\/person\/cb034178deaf60a8602f9c700c5b1c83","name":"admin8497","image":{"@type":"ImageObject","inLanguage":"fr-FR","@id":"https:\/\/secure.gravatar.com\/avatar\/9586a1b4e51047e1977e647153ddd075f143e741c8e5ba4d03f6cfa4c61126fd?s=96&d=mm&r=g","url":"https:\/\/secure.gravatar.com\/avatar\/9586a1b4e51047e1977e647153ddd075f143e741c8e5ba4d03f6cfa4c61126fd?s=96&d=mm&r=g","contentUrl":"https:\/\/secure.gravatar.com\/avatar\/9586a1b4e51047e1977e647153ddd075f143e741c8e5ba4d03f6cfa4c61126fd?s=96&d=mm&r=g","caption":"admin8497"},"url":"https:\/\/alexandrecenis.com\/index.php\/author\/admin8497\/"}]}},"_links":{"self":[{"href":"https:\/\/alexandrecenis.com\/index.php\/wp-json\/wp\/v2\/posts\/6403","targetHints":{"allow":["GET"]}}],"collection":[{"href":"https:\/\/alexandrecenis.com\/index.php\/wp-json\/wp\/v2\/posts"}],"about":[{"href":"https:\/\/alexandrecenis.com\/index.php\/wp-json\/wp\/v2\/types\/post"}],"author":[{"embeddable":true,"href":"https:\/\/alexandrecenis.com\/index.php\/wp-json\/wp\/v2\/users\/1"}],"replies":[{"embeddable":true,"href":"https:\/\/alexandrecenis.com\/index.php\/wp-json\/wp\/v2\/comments?post=6403"}],"version-history":[{"count":3,"href":"https:\/\/alexandrecenis.com\/index.php\/wp-json\/wp\/v2\/posts\/6403\/revisions"}],"predecessor-version":[{"id":6411,"href":"https:\/\/alexandrecenis.com\/index.php\/wp-json\/wp\/v2\/posts\/6403\/revisions\/6411"}],"wp:featuredmedia":[{"embeddable":true,"href":"https:\/\/alexandrecenis.com\/index.php\/wp-json\/wp\/v2\/media\/6410"}],"wp:attachment":[{"href":"https:\/\/alexandrecenis.com\/index.php\/wp-json\/wp\/v2\/media?parent=6403"}],"wp:term":[{"taxonomy":"category","embeddable":true,"href":"https:\/\/alexandrecenis.com\/index.php\/wp-json\/wp\/v2\/categories?post=6403"},{"taxonomy":"post_tag","embeddable":true,"href":"https:\/\/alexandrecenis.com\/index.php\/wp-json\/wp\/v2\/tags?post=6403"}],"curies":[{"name":"wp","href":"https:\/\/api.w.org\/{rel}","templated":true}]}}