{"id":5969,"date":"2022-04-26T07:30:19","date_gmt":"2022-04-26T05:30:19","guid":{"rendered":"https:\/\/alexandrecenis.com\/?p=5969"},"modified":"2022-04-26T07:30:19","modified_gmt":"2022-04-26T05:30:19","slug":"ca-va-mon-vieux","status":"publish","type":"post","link":"https:\/\/alexandrecenis.com\/index.php\/2022\/04\/26\/ca-va-mon-vieux\/","title":{"rendered":"Ca va mon vieux ?"},"content":{"rendered":"<p style=\"text-align: justify;\"><span style=\"color: #000000;\">Bien le bonjour le monde digital ! Apr\u00e8s nous avoir alert\u00e9 sur l\u2019isolement des personnes \u00e2g\u00e9es durant la p\u00e9riode de No\u00ebl, l\u2019association Petits Fr\u00e8res des Pauvres s\u2019attaque au sort r\u00e9serv\u00e9 \u00e0 nos \u00abvieux\u00bb au moment des \u00e9lections pr\u00e9sidentielles. Venez, je vais tout vous expliquer, allez : Com\u2019 with me !<\/span><\/p>\n<p style=\"text-align: center;\"><iframe loading=\"lazy\" src=\"https:\/\/w.soundcloud.com\/player\/?url=https%3A\/\/api.soundcloud.com\/tracks\/1257171991&amp;color=%23ff5500&amp;auto_play=false&amp;hide_related=false&amp;show_comments=true&amp;show_user=true&amp;show_reposts=false&amp;show_teaser=true&amp;visual=true\" width=\"100%\" height=\"300\" frameborder=\"no\" scrolling=\"no\"><\/iframe><\/p>\n<p>\u00a0<span style=\"color: #000000;\">En effet, de tr\u00e8s nombreux messages de haine \u2013 envers nos a\u00een\u00e9s notamment \u2013 ont \u00e9t\u00e9 recens\u00e9s pendant cette p\u00e9riode. Certains sont convaincus que le droit de vote devrait \u00eatre limit\u00e9 pour les seniors, tant le foss\u00e9 semble s\u2019\u00eatre creus\u00e9 entre les g\u00e9n\u00e9rations.\u00a0<\/span><\/p>\n<p><img loading=\"lazy\" decoding=\"async\" class=\"aligncenter wp-image-5974 size-full\" src=\"https:\/\/alexandrecenis.com\/wp-content\/uploads\/2022\/04\/5.jpg\" alt=\"\" width=\"511\" height=\"890\" srcset=\"https:\/\/alexandrecenis.com\/wp-content\/uploads\/2022\/04\/5.jpg 511w, https:\/\/alexandrecenis.com\/wp-content\/uploads\/2022\/04\/5-480x836.jpg 480w\" sizes=\"(min-width: 0px) and (max-width: 480px) 480px, (min-width: 481px) 511px, 100vw\" \/><\/p>\n<p style=\"text-align: justify;\"><span style=\"color: #000000;\">N\u2019ayant pas la m\u00eame vision de l\u2019urgence sociale, \u00e9cologique ou encore \u00e9conomique que leurs a\u00een\u00e9s, beaucoup de jeunes ont pu accuser les \u00ab vieux \u00bb de voler leurs voix. Il va de soi qu\u2019une loi interdisant le droit de vote pour la tranche des seniors ne verra jamais le jour \u2013 cela ne serait pas tr\u00e8s d\u00e9mocratique tout de m\u00eame.\u00a0<\/span><\/p>\n<p><img loading=\"lazy\" decoding=\"async\" class=\"aligncenter wp-image-5970 size-full\" src=\"https:\/\/alexandrecenis.com\/wp-content\/uploads\/2022\/04\/1-3.jpg\" alt=\"\" width=\"515\" height=\"898\" srcset=\"https:\/\/alexandrecenis.com\/wp-content\/uploads\/2022\/04\/1-3.jpg 515w, https:\/\/alexandrecenis.com\/wp-content\/uploads\/2022\/04\/1-3-480x837.jpg 480w\" sizes=\"(min-width: 0px) and (max-width: 480px) 480px, (min-width: 481px) 515px, 100vw\" \/><\/p>\n<p style=\"text-align: justify;\"><span style=\"color: #000000;\">Pour les\u00a0Petits Fr\u00e8res des Pauvres, il devenait urgent d\u2019agir face \u00e0 cette haine qui porte un nom, l\u2019\u00e2gisme. L\u2019association et son agence\u00a0Josiane\u00a0ont d\u00e9cid\u00e9 de r\u00e9pondre \u00e0 une s\u00e9rie de tweets et commentaires en tout genre avec des accroches et des visuels coups de poing.<\/span><\/p>\n<p><img loading=\"lazy\" decoding=\"async\" class=\"aligncenter wp-image-5971 size-full\" src=\"https:\/\/alexandrecenis.com\/wp-content\/uploads\/2022\/04\/2-2.jpg\" alt=\"\" width=\"507\" height=\"899\" srcset=\"https:\/\/alexandrecenis.com\/wp-content\/uploads\/2022\/04\/2-2.jpg 507w, https:\/\/alexandrecenis.com\/wp-content\/uploads\/2022\/04\/2-2-480x851.jpg 480w\" sizes=\"(min-width: 0px) and (max-width: 480px) 480px, (min-width: 481px) 507px, 100vw\" \/><\/p>\n<p style=\"text-align: justify;\"><span style=\"color: #000000;\">Le but de cette campagne ? Rappeler que l\u2019\u00e2gisme \u2013 pratique qui regroupe toutes les formes de discrimination fond\u00e9es sur l\u2019\u00e2ge \u2013 au m\u00eame titre que le racisme ou le sexisme, est puni par la loi. Mais aussi qu\u2019il peut avoir d\u2019\u00e9normes r\u00e9percussions sur la sant\u00e9 mentale et physique des personnes victimes de ce m\u00e9pris. Une prise de parole qui, on l\u2019esp\u00e8re, saura apaiser ce conflit de g\u00e9n\u00e9rations.<\/span><\/p>\n<p><img loading=\"lazy\" decoding=\"async\" class=\"aligncenter wp-image-5973 size-full\" src=\"https:\/\/alexandrecenis.com\/wp-content\/uploads\/2022\/04\/4-1.jpg\" alt=\"\" width=\"514\" height=\"902\" srcset=\"https:\/\/alexandrecenis.com\/wp-content\/uploads\/2022\/04\/4-1.jpg 514w, https:\/\/alexandrecenis.com\/wp-content\/uploads\/2022\/04\/4-1-480x842.jpg 480w\" sizes=\"(min-width: 0px) and (max-width: 480px) 480px, (min-width: 481px) 514px, 100vw\" \/><\/p>\n","protected":false},"excerpt":{"rendered":"<p>Bien le bonjour le monde digital ! Apr\u00e8s nous avoir alert\u00e9 sur l\u2019isolement des personnes \u00e2g\u00e9es durant la p\u00e9riode de No\u00ebl, l\u2019association Petits Fr\u00e8res des Pauvres s\u2019attaque au sort r\u00e9serv\u00e9 \u00e0 nos \u00abvieux\u00bb au moment des \u00e9lections pr\u00e9sidentielles. Venez, je vais tout vous expliquer, allez : Com\u2019 with me ! \u00a0En effet, de tr\u00e8s nombreux [&hellip;]<\/p>\n","protected":false},"author":1,"featured_media":5970,"comment_status":"closed","ping_status":"open","sticky":false,"template":"","format":"standard","meta":{"_et_pb_use_builder":"","_et_pb_old_content":"","_et_gb_content_width":"","footnotes":""},"categories":[113],"tags":[2215,981,2213,2212,2214],"class_list":["post-5969","post","type-post","status-publish","format-standard","has-post-thumbnail","hentry","category-communication","tag-lagisme","tag-petits-freres-des-pauvres","tag-seniors","tag-vieux","tag-vote"],"yoast_head":"<!-- This site is optimized with the Yoast SEO plugin v27.3 - https:\/\/yoast.com\/product\/yoast-seo-wordpress\/ -->\n<title>Ca va mon vieux ? - Alexandre Cenis<\/title>\n<meta name=\"robots\" content=\"index, follow, max-snippet:-1, max-image-preview:large, max-video-preview:-1\" \/>\n<link rel=\"canonical\" href=\"https:\/\/alexandrecenis.com\/index.php\/2022\/04\/26\/ca-va-mon-vieux\/\" \/>\n<meta property=\"og:locale\" content=\"fr_FR\" \/>\n<meta property=\"og:type\" content=\"article\" \/>\n<meta property=\"og:title\" content=\"Ca va mon vieux ? - Alexandre Cenis\" \/>\n<meta property=\"og:description\" content=\"Bien le bonjour le monde digital ! Apr\u00e8s nous avoir alert\u00e9 sur l\u2019isolement des personnes \u00e2g\u00e9es durant la p\u00e9riode de No\u00ebl, l\u2019association Petits Fr\u00e8res des Pauvres s\u2019attaque au sort r\u00e9serv\u00e9 \u00e0 nos \u00abvieux\u00bb au moment des \u00e9lections pr\u00e9sidentielles. Venez, je vais tout vous expliquer, allez : Com\u2019 with me ! \u00a0En effet, de tr\u00e8s nombreux [&hellip;]\" \/>\n<meta property=\"og:url\" content=\"https:\/\/alexandrecenis.com\/index.php\/2022\/04\/26\/ca-va-mon-vieux\/\" \/>\n<meta property=\"og:site_name\" content=\"Alexandre Cenis\" \/>\n<meta property=\"article:published_time\" content=\"2022-04-26T05:30:19+00:00\" \/>\n<meta property=\"og:image\" content=\"https:\/\/alexandrecenis.com\/wp-content\/uploads\/2022\/04\/1-3.jpg\" \/>\n\t<meta property=\"og:image:width\" content=\"515\" \/>\n\t<meta property=\"og:image:height\" content=\"898\" \/>\n\t<meta property=\"og:image:type\" content=\"image\/jpeg\" \/>\n<meta name=\"author\" content=\"admin8497\" \/>\n<meta name=\"twitter:card\" content=\"summary_large_image\" \/>\n<meta name=\"twitter:creator\" content=\"@alexandrecenis\" \/>\n<meta name=\"twitter:site\" content=\"@alexandrecenis\" \/>\n<meta name=\"twitter:label1\" content=\"\u00c9crit par\" \/>\n\t<meta name=\"twitter:data1\" content=\"admin8497\" \/>\n\t<meta name=\"twitter:label2\" content=\"Dur\u00e9e de lecture estim\u00e9e\" \/>\n\t<meta name=\"twitter:data2\" content=\"2 minutes\" \/>\n<script type=\"application\/ld+json\" class=\"yoast-schema-graph\">{\"@context\":\"https:\\\/\\\/schema.org\",\"@graph\":[{\"@type\":\"Article\",\"@id\":\"https:\\\/\\\/alexandrecenis.com\\\/index.php\\\/2022\\\/04\\\/26\\\/ca-va-mon-vieux\\\/#article\",\"isPartOf\":{\"@id\":\"https:\\\/\\\/alexandrecenis.com\\\/index.php\\\/2022\\\/04\\\/26\\\/ca-va-mon-vieux\\\/\"},\"author\":{\"name\":\"admin8497\",\"@id\":\"https:\\\/\\\/alexandrecenis.com\\\/#\\\/schema\\\/person\\\/cb034178deaf60a8602f9c700c5b1c83\"},\"headline\":\"Ca va mon vieux ?\",\"datePublished\":\"2022-04-26T05:30:19+00:00\",\"mainEntityOfPage\":{\"@id\":\"https:\\\/\\\/alexandrecenis.com\\\/index.php\\\/2022\\\/04\\\/26\\\/ca-va-mon-vieux\\\/\"},\"wordCount\":304,\"image\":{\"@id\":\"https:\\\/\\\/alexandrecenis.com\\\/index.php\\\/2022\\\/04\\\/26\\\/ca-va-mon-vieux\\\/#primaryimage\"},\"thumbnailUrl\":\"https:\\\/\\\/alexandrecenis.com\\\/wp-content\\\/uploads\\\/2022\\\/04\\\/1-3.jpg\",\"keywords\":[\"l\u2019\u00e2gisme\",\"Petits Fr\u00e8res des Pauvres\",\"seniors\",\"vieux\",\"vote\"],\"articleSection\":[\"Communication\"],\"inLanguage\":\"fr-FR\"},{\"@type\":\"WebPage\",\"@id\":\"https:\\\/\\\/alexandrecenis.com\\\/index.php\\\/2022\\\/04\\\/26\\\/ca-va-mon-vieux\\\/\",\"url\":\"https:\\\/\\\/alexandrecenis.com\\\/index.php\\\/2022\\\/04\\\/26\\\/ca-va-mon-vieux\\\/\",\"name\":\"Ca va mon vieux ? - Alexandre Cenis\",\"isPartOf\":{\"@id\":\"https:\\\/\\\/alexandrecenis.com\\\/#website\"},\"primaryImageOfPage\":{\"@id\":\"https:\\\/\\\/alexandrecenis.com\\\/index.php\\\/2022\\\/04\\\/26\\\/ca-va-mon-vieux\\\/#primaryimage\"},\"image\":{\"@id\":\"https:\\\/\\\/alexandrecenis.com\\\/index.php\\\/2022\\\/04\\\/26\\\/ca-va-mon-vieux\\\/#primaryimage\"},\"thumbnailUrl\":\"https:\\\/\\\/alexandrecenis.com\\\/wp-content\\\/uploads\\\/2022\\\/04\\\/1-3.jpg\",\"datePublished\":\"2022-04-26T05:30:19+00:00\",\"author\":{\"@id\":\"https:\\\/\\\/alexandrecenis.com\\\/#\\\/schema\\\/person\\\/cb034178deaf60a8602f9c700c5b1c83\"},\"breadcrumb\":{\"@id\":\"https:\\\/\\\/alexandrecenis.com\\\/index.php\\\/2022\\\/04\\\/26\\\/ca-va-mon-vieux\\\/#breadcrumb\"},\"inLanguage\":\"fr-FR\",\"potentialAction\":[{\"@type\":\"ReadAction\",\"target\":[\"https:\\\/\\\/alexandrecenis.com\\\/index.php\\\/2022\\\/04\\\/26\\\/ca-va-mon-vieux\\\/\"]}]},{\"@type\":\"ImageObject\",\"inLanguage\":\"fr-FR\",\"@id\":\"https:\\\/\\\/alexandrecenis.com\\\/index.php\\\/2022\\\/04\\\/26\\\/ca-va-mon-vieux\\\/#primaryimage\",\"url\":\"https:\\\/\\\/alexandrecenis.com\\\/wp-content\\\/uploads\\\/2022\\\/04\\\/1-3.jpg\",\"contentUrl\":\"https:\\\/\\\/alexandrecenis.com\\\/wp-content\\\/uploads\\\/2022\\\/04\\\/1-3.jpg\",\"width\":515,\"height\":898},{\"@type\":\"BreadcrumbList\",\"@id\":\"https:\\\/\\\/alexandrecenis.com\\\/index.php\\\/2022\\\/04\\\/26\\\/ca-va-mon-vieux\\\/#breadcrumb\",\"itemListElement\":[{\"@type\":\"ListItem\",\"position\":1,\"name\":\"Home\",\"item\":\"https:\\\/\\\/alexandrecenis.com\\\/\"},{\"@type\":\"ListItem\",\"position\":2,\"name\":\"Ca va mon vieux ?\"}]},{\"@type\":\"WebSite\",\"@id\":\"https:\\\/\\\/alexandrecenis.com\\\/#website\",\"url\":\"https:\\\/\\\/alexandrecenis.com\\\/\",\"name\":\"Alexandre Cenis\",\"description\":\"Intelligence Cr\u00e9ative\",\"potentialAction\":[{\"@type\":\"SearchAction\",\"target\":{\"@type\":\"EntryPoint\",\"urlTemplate\":\"https:\\\/\\\/alexandrecenis.com\\\/?s={search_term_string}\"},\"query-input\":{\"@type\":\"PropertyValueSpecification\",\"valueRequired\":true,\"valueName\":\"search_term_string\"}}],\"inLanguage\":\"fr-FR\"},{\"@type\":\"Person\",\"@id\":\"https:\\\/\\\/alexandrecenis.com\\\/#\\\/schema\\\/person\\\/cb034178deaf60a8602f9c700c5b1c83\",\"name\":\"admin8497\",\"image\":{\"@type\":\"ImageObject\",\"inLanguage\":\"fr-FR\",\"@id\":\"https:\\\/\\\/secure.gravatar.com\\\/avatar\\\/9586a1b4e51047e1977e647153ddd075f143e741c8e5ba4d03f6cfa4c61126fd?s=96&d=mm&r=g\",\"url\":\"https:\\\/\\\/secure.gravatar.com\\\/avatar\\\/9586a1b4e51047e1977e647153ddd075f143e741c8e5ba4d03f6cfa4c61126fd?s=96&d=mm&r=g\",\"contentUrl\":\"https:\\\/\\\/secure.gravatar.com\\\/avatar\\\/9586a1b4e51047e1977e647153ddd075f143e741c8e5ba4d03f6cfa4c61126fd?s=96&d=mm&r=g\",\"caption\":\"admin8497\"},\"url\":\"https:\\\/\\\/alexandrecenis.com\\\/index.php\\\/author\\\/admin8497\\\/\"}]}<\/script>\n<!-- \/ Yoast SEO plugin. -->","yoast_head_json":{"title":"Ca va mon vieux ? - Alexandre Cenis","robots":{"index":"index","follow":"follow","max-snippet":"max-snippet:-1","max-image-preview":"max-image-preview:large","max-video-preview":"max-video-preview:-1"},"canonical":"https:\/\/alexandrecenis.com\/index.php\/2022\/04\/26\/ca-va-mon-vieux\/","og_locale":"fr_FR","og_type":"article","og_title":"Ca va mon vieux ? - Alexandre Cenis","og_description":"Bien le bonjour le monde digital ! Apr\u00e8s nous avoir alert\u00e9 sur l\u2019isolement des personnes \u00e2g\u00e9es durant la p\u00e9riode de No\u00ebl, l\u2019association Petits Fr\u00e8res des Pauvres s\u2019attaque au sort r\u00e9serv\u00e9 \u00e0 nos \u00abvieux\u00bb au moment des \u00e9lections pr\u00e9sidentielles. Venez, je vais tout vous expliquer, allez : Com\u2019 with me ! \u00a0En effet, de tr\u00e8s nombreux [&hellip;]","og_url":"https:\/\/alexandrecenis.com\/index.php\/2022\/04\/26\/ca-va-mon-vieux\/","og_site_name":"Alexandre Cenis","article_published_time":"2022-04-26T05:30:19+00:00","og_image":[{"width":515,"height":898,"url":"https:\/\/alexandrecenis.com\/wp-content\/uploads\/2022\/04\/1-3.jpg","type":"image\/jpeg"}],"author":"admin8497","twitter_card":"summary_large_image","twitter_creator":"@alexandrecenis","twitter_site":"@alexandrecenis","twitter_misc":{"\u00c9crit par":"admin8497","Dur\u00e9e de lecture estim\u00e9e":"2 minutes"},"schema":{"@context":"https:\/\/schema.org","@graph":[{"@type":"Article","@id":"https:\/\/alexandrecenis.com\/index.php\/2022\/04\/26\/ca-va-mon-vieux\/#article","isPartOf":{"@id":"https:\/\/alexandrecenis.com\/index.php\/2022\/04\/26\/ca-va-mon-vieux\/"},"author":{"name":"admin8497","@id":"https:\/\/alexandrecenis.com\/#\/schema\/person\/cb034178deaf60a8602f9c700c5b1c83"},"headline":"Ca va mon vieux ?","datePublished":"2022-04-26T05:30:19+00:00","mainEntityOfPage":{"@id":"https:\/\/alexandrecenis.com\/index.php\/2022\/04\/26\/ca-va-mon-vieux\/"},"wordCount":304,"image":{"@id":"https:\/\/alexandrecenis.com\/index.php\/2022\/04\/26\/ca-va-mon-vieux\/#primaryimage"},"thumbnailUrl":"https:\/\/alexandrecenis.com\/wp-content\/uploads\/2022\/04\/1-3.jpg","keywords":["l\u2019\u00e2gisme","Petits Fr\u00e8res des Pauvres","seniors","vieux","vote"],"articleSection":["Communication"],"inLanguage":"fr-FR"},{"@type":"WebPage","@id":"https:\/\/alexandrecenis.com\/index.php\/2022\/04\/26\/ca-va-mon-vieux\/","url":"https:\/\/alexandrecenis.com\/index.php\/2022\/04\/26\/ca-va-mon-vieux\/","name":"Ca va mon vieux ? - Alexandre Cenis","isPartOf":{"@id":"https:\/\/alexandrecenis.com\/#website"},"primaryImageOfPage":{"@id":"https:\/\/alexandrecenis.com\/index.php\/2022\/04\/26\/ca-va-mon-vieux\/#primaryimage"},"image":{"@id":"https:\/\/alexandrecenis.com\/index.php\/2022\/04\/26\/ca-va-mon-vieux\/#primaryimage"},"thumbnailUrl":"https:\/\/alexandrecenis.com\/wp-content\/uploads\/2022\/04\/1-3.jpg","datePublished":"2022-04-26T05:30:19+00:00","author":{"@id":"https:\/\/alexandrecenis.com\/#\/schema\/person\/cb034178deaf60a8602f9c700c5b1c83"},"breadcrumb":{"@id":"https:\/\/alexandrecenis.com\/index.php\/2022\/04\/26\/ca-va-mon-vieux\/#breadcrumb"},"inLanguage":"fr-FR","potentialAction":[{"@type":"ReadAction","target":["https:\/\/alexandrecenis.com\/index.php\/2022\/04\/26\/ca-va-mon-vieux\/"]}]},{"@type":"ImageObject","inLanguage":"fr-FR","@id":"https:\/\/alexandrecenis.com\/index.php\/2022\/04\/26\/ca-va-mon-vieux\/#primaryimage","url":"https:\/\/alexandrecenis.com\/wp-content\/uploads\/2022\/04\/1-3.jpg","contentUrl":"https:\/\/alexandrecenis.com\/wp-content\/uploads\/2022\/04\/1-3.jpg","width":515,"height":898},{"@type":"BreadcrumbList","@id":"https:\/\/alexandrecenis.com\/index.php\/2022\/04\/26\/ca-va-mon-vieux\/#breadcrumb","itemListElement":[{"@type":"ListItem","position":1,"name":"Home","item":"https:\/\/alexandrecenis.com\/"},{"@type":"ListItem","position":2,"name":"Ca va mon vieux ?"}]},{"@type":"WebSite","@id":"https:\/\/alexandrecenis.com\/#website","url":"https:\/\/alexandrecenis.com\/","name":"Alexandre Cenis","description":"Intelligence Cr\u00e9ative","potentialAction":[{"@type":"SearchAction","target":{"@type":"EntryPoint","urlTemplate":"https:\/\/alexandrecenis.com\/?s={search_term_string}"},"query-input":{"@type":"PropertyValueSpecification","valueRequired":true,"valueName":"search_term_string"}}],"inLanguage":"fr-FR"},{"@type":"Person","@id":"https:\/\/alexandrecenis.com\/#\/schema\/person\/cb034178deaf60a8602f9c700c5b1c83","name":"admin8497","image":{"@type":"ImageObject","inLanguage":"fr-FR","@id":"https:\/\/secure.gravatar.com\/avatar\/9586a1b4e51047e1977e647153ddd075f143e741c8e5ba4d03f6cfa4c61126fd?s=96&d=mm&r=g","url":"https:\/\/secure.gravatar.com\/avatar\/9586a1b4e51047e1977e647153ddd075f143e741c8e5ba4d03f6cfa4c61126fd?s=96&d=mm&r=g","contentUrl":"https:\/\/secure.gravatar.com\/avatar\/9586a1b4e51047e1977e647153ddd075f143e741c8e5ba4d03f6cfa4c61126fd?s=96&d=mm&r=g","caption":"admin8497"},"url":"https:\/\/alexandrecenis.com\/index.php\/author\/admin8497\/"}]}},"_links":{"self":[{"href":"https:\/\/alexandrecenis.com\/index.php\/wp-json\/wp\/v2\/posts\/5969","targetHints":{"allow":["GET"]}}],"collection":[{"href":"https:\/\/alexandrecenis.com\/index.php\/wp-json\/wp\/v2\/posts"}],"about":[{"href":"https:\/\/alexandrecenis.com\/index.php\/wp-json\/wp\/v2\/types\/post"}],"author":[{"embeddable":true,"href":"https:\/\/alexandrecenis.com\/index.php\/wp-json\/wp\/v2\/users\/1"}],"replies":[{"embeddable":true,"href":"https:\/\/alexandrecenis.com\/index.php\/wp-json\/wp\/v2\/comments?post=5969"}],"version-history":[{"count":4,"href":"https:\/\/alexandrecenis.com\/index.php\/wp-json\/wp\/v2\/posts\/5969\/revisions"}],"predecessor-version":[{"id":5978,"href":"https:\/\/alexandrecenis.com\/index.php\/wp-json\/wp\/v2\/posts\/5969\/revisions\/5978"}],"wp:featuredmedia":[{"embeddable":true,"href":"https:\/\/alexandrecenis.com\/index.php\/wp-json\/wp\/v2\/media\/5970"}],"wp:attachment":[{"href":"https:\/\/alexandrecenis.com\/index.php\/wp-json\/wp\/v2\/media?parent=5969"}],"wp:term":[{"taxonomy":"category","embeddable":true,"href":"https:\/\/alexandrecenis.com\/index.php\/wp-json\/wp\/v2\/categories?post=5969"},{"taxonomy":"post_tag","embeddable":true,"href":"https:\/\/alexandrecenis.com\/index.php\/wp-json\/wp\/v2\/tags?post=5969"}],"curies":[{"name":"wp","href":"https:\/\/api.w.org\/{rel}","templated":true}]}}