{"id":5892,"date":"2022-04-15T06:32:48","date_gmt":"2022-04-15T04:32:48","guid":{"rendered":"https:\/\/alexandrecenis.com\/?p=5892"},"modified":"2022-04-15T06:32:48","modified_gmt":"2022-04-15T04:32:48","slug":"air-france-et-son-aura","status":"publish","type":"post","link":"https:\/\/alexandrecenis.com\/index.php\/2022\/04\/15\/air-france-et-son-aura\/","title":{"rendered":"Air France et son AURA"},"content":{"rendered":"<p style=\"text-align: justify;\">Bien le bonjour le monde digital ! C\u2019est accompagn\u00e9 de son agence Aura (groupe Omnicom) que Air France illustre sa nouvelle trajectoire de r\u00e9duction de ses \u00e9missions de CO2. \u00c0 travers un spot vid\u00e9o, la compagnie a\u00e9rienne pr\u00e9sente Air France ACT : un nouveau label regroupant l\u2019ensemble des actions du groupe pour des voyages \u2013 et un avenir \u2013 plus responsable. Venez, je vais tout vous expliquer, allez : Com\u2019 with me !<\/p>\n<p style=\"text-align: center;\"><iframe loading=\"lazy\" src=\"https:\/\/w.soundcloud.com\/player\/?url=https%3A\/\/api.soundcloud.com\/tracks\/1250533327&amp;color=%23ff5500&amp;auto_play=false&amp;hide_related=false&amp;show_comments=true&amp;show_user=true&amp;show_reposts=false&amp;show_teaser=true&amp;visual=true\" width=\"100%\" height=\"300\" frameborder=\"no\" scrolling=\"no\"><\/iframe><\/p>\n<p style=\"text-align: justify;\">\u00c0 l\u2019heure des r\u00e9flexions quant \u00e0 la cons\u00e9quence des voyages \u2013 en avion, en voiture ou en bateau \u2013 sur la plan\u00e8te, Air France souhaite prouver aux jeunes g\u00e9n\u00e9rations qu\u2019ils pouvaient compter sur ce transporteur fran\u00e7ais. Au moins pour r\u00e9duire les \u00e9missions de CO2 de 30 % par passager d\u2019ici 2030.<\/p>\n<p><img loading=\"lazy\" decoding=\"async\" class=\"aligncenter wp-image-5893 size-full\" src=\"https:\/\/alexandrecenis.com\/wp-content\/uploads\/2022\/04\/1-4.png\" alt=\"\" width=\"800\" height=\"450\" srcset=\"https:\/\/alexandrecenis.com\/wp-content\/uploads\/2022\/04\/1-4.png 800w, https:\/\/alexandrecenis.com\/wp-content\/uploads\/2022\/04\/1-4-480x270.png 480w\" sizes=\"(min-width: 0px) and (max-width: 480px) 480px, (min-width: 481px) 800px, 100vw\" \/><\/p>\n<p style=\"text-align: justify;\">Pour ce spot, Air France a d\u00e9peint plusieurs sc\u00e8nes de vie quotidienne des jeunes g\u00e9n\u00e9rations regardant le ciel \u2013 m\u00e9taphore de l\u2019avenir. La compagnie assure que le chemin vers un transport a\u00e9rien plus durable est devant nous. Enfin, surtout devant eux \u00ab\u00a0pour que demain, nos enfants continuent de regarder le ciel avec \u00e9merveillement\u00a0\u00bb.<\/p>\n<p><img loading=\"lazy\" decoding=\"async\" class=\"aligncenter wp-image-5894 size-full\" src=\"https:\/\/alexandrecenis.com\/wp-content\/uploads\/2022\/04\/2-4.png\" alt=\"\" width=\"798\" height=\"450\" srcset=\"https:\/\/alexandrecenis.com\/wp-content\/uploads\/2022\/04\/2-4.png 798w, https:\/\/alexandrecenis.com\/wp-content\/uploads\/2022\/04\/2-4-480x271.png 480w\" sizes=\"(min-width: 0px) and (max-width: 480px) 480px, (min-width: 481px) 798px, 100vw\" \/><\/p>\n<p style=\"text-align: justify;\">Cependant, la marque fait preuve d\u2019une pointe d\u2019humilit\u00e9 tout de m\u00eame \u2013 voire d\u2019honn\u00eatet\u00e9 \u2013 en nous pr\u00e9venant que l\u2019\u00e9preuve sera \u00ab difficile \u00bb et que cela \u00ab prendra du temps \u00bb \u2013 combien ? Pas de pr\u00e9cisions pour le moment.<\/p>\n<p><img loading=\"lazy\" decoding=\"async\" class=\"aligncenter wp-image-5895 size-full\" src=\"https:\/\/alexandrecenis.com\/wp-content\/uploads\/2022\/04\/3-4.png\" alt=\"\" width=\"801\" height=\"450\" srcset=\"https:\/\/alexandrecenis.com\/wp-content\/uploads\/2022\/04\/3-4.png 801w, https:\/\/alexandrecenis.com\/wp-content\/uploads\/2022\/04\/3-4-480x270.png 480w\" sizes=\"(min-width: 0px) and (max-width: 480px) 480px, (min-width: 481px) 801px, 100vw\" \/><\/p>\n<p style=\"text-align: justify;\">D\u2019apr\u00e8s le spot, la compagnie se dit vouloir assurer sa transition environnementale gr\u00e2ce \u00e0 des actions concr\u00e8tes, pour qu\u2019\u00e0 l\u2019avenir, chaque voyage reste une source d\u2019enrichissement et d\u2019inspiration. \u00c9cartant toute \u00e9co-anxi\u00e9t\u00e9, alors qu\u2019un jeune sur deux d\u00e9clare en\u00a0souffrir\u00a0aujourd\u2019hui.<\/p>\n<p><img loading=\"lazy\" decoding=\"async\" class=\"aligncenter wp-image-5896 size-full\" src=\"https:\/\/alexandrecenis.com\/wp-content\/uploads\/2022\/04\/4-4.png\" alt=\"\" width=\"801\" height=\"449\" srcset=\"https:\/\/alexandrecenis.com\/wp-content\/uploads\/2022\/04\/4-4.png 801w, https:\/\/alexandrecenis.com\/wp-content\/uploads\/2022\/04\/4-4-480x269.png 480w\" sizes=\"(min-width: 0px) and (max-width: 480px) 480px, (min-width: 481px) 801px, 100vw\" \/><\/p>\n<p style=\"text-align: justify;\">Ici, la compagnie ne s\u2019offre pas de nouvelles consignes de\u00a0s\u00e9curit\u00e9\u00a0avec\u00a0Aura\u00a0(sa nouvelle agence), mais tente \u2013 pour son premier film \u00ab responsable \u00bb, d\u2019apporter des solutions et une pointe d\u2019espoir \u00e0 toutes les jeunes g\u00e9n\u00e9rations qui vivent \u2013 et continueront de vivre \u2013 de plein fouet cette crise climatique.<\/p>\n<p style=\"text-align: center;\"><iframe loading=\"lazy\" title=\"YouTube video player\" src=\"https:\/\/www.youtube.com\/embed\/lXkPCnT3ilI\" width=\"560\" height=\"315\" frameborder=\"0\" allowfullscreen=\"allowfullscreen\"><\/iframe><\/p>\n","protected":false},"excerpt":{"rendered":"<p>Bien le bonjour le monde digital ! C\u2019est accompagn\u00e9 de son agence Aura (groupe Omnicom) que Air France illustre sa nouvelle trajectoire de r\u00e9duction de ses \u00e9missions de CO2. \u00c0 travers un spot vid\u00e9o, la compagnie a\u00e9rienne pr\u00e9sente Air France ACT : un nouveau label regroupant l\u2019ensemble des actions du groupe pour des voyages \u2013 [&hellip;]<\/p>\n","protected":false},"author":1,"featured_media":5898,"comment_status":"closed","ping_status":"open","sticky":false,"template":"","format":"standard","meta":{"_et_pb_use_builder":"","_et_pb_old_content":"","_et_gb_content_width":"","footnotes":""},"categories":[2],"tags":[2185,2186,2067,2188,2189,2187],"class_list":["post-5892","post","type-post","status-publish","format-standard","has-post-thumbnail","hentry","category-publicite","tag-air-france","tag-aura","tag-avenir","tag-ciel","tag-co2","tag-jeunes-generations"],"yoast_head":"<!-- This site is optimized with the Yoast SEO plugin v27.3 - https:\/\/yoast.com\/product\/yoast-seo-wordpress\/ -->\n<title>Air France et son AURA - Alexandre Cenis<\/title>\n<meta name=\"robots\" content=\"index, follow, max-snippet:-1, max-image-preview:large, max-video-preview:-1\" \/>\n<link rel=\"canonical\" href=\"https:\/\/alexandrecenis.com\/index.php\/2022\/04\/15\/air-france-et-son-aura\/\" \/>\n<meta property=\"og:locale\" content=\"fr_FR\" \/>\n<meta property=\"og:type\" content=\"article\" \/>\n<meta property=\"og:title\" content=\"Air France et son AURA - Alexandre Cenis\" \/>\n<meta property=\"og:description\" content=\"Bien le bonjour le monde digital ! C\u2019est accompagn\u00e9 de son agence Aura (groupe Omnicom) que Air France illustre sa nouvelle trajectoire de r\u00e9duction de ses \u00e9missions de CO2. \u00c0 travers un spot vid\u00e9o, la compagnie a\u00e9rienne pr\u00e9sente Air France ACT : un nouveau label regroupant l\u2019ensemble des actions du groupe pour des voyages \u2013 [&hellip;]\" \/>\n<meta property=\"og:url\" content=\"https:\/\/alexandrecenis.com\/index.php\/2022\/04\/15\/air-france-et-son-aura\/\" \/>\n<meta property=\"og:site_name\" content=\"Alexandre Cenis\" \/>\n<meta property=\"article:published_time\" content=\"2022-04-15T04:32:48+00:00\" \/>\n<meta property=\"og:image\" content=\"https:\/\/alexandrecenis.com\/wp-content\/uploads\/2022\/04\/vignette-5.png\" \/>\n\t<meta property=\"og:image:width\" content=\"738\" \/>\n\t<meta property=\"og:image:height\" content=\"387\" \/>\n\t<meta property=\"og:image:type\" content=\"image\/png\" \/>\n<meta name=\"author\" content=\"admin8497\" \/>\n<meta name=\"twitter:card\" content=\"summary_large_image\" \/>\n<meta name=\"twitter:creator\" content=\"@alexandrecenis\" \/>\n<meta name=\"twitter:site\" content=\"@alexandrecenis\" \/>\n<meta name=\"twitter:label1\" content=\"\u00c9crit par\" \/>\n\t<meta name=\"twitter:data1\" content=\"admin8497\" \/>\n\t<meta name=\"twitter:label2\" content=\"Dur\u00e9e de lecture estim\u00e9e\" \/>\n\t<meta name=\"twitter:data2\" content=\"3 minutes\" \/>\n<script type=\"application\/ld+json\" class=\"yoast-schema-graph\">{\"@context\":\"https:\\\/\\\/schema.org\",\"@graph\":[{\"@type\":\"Article\",\"@id\":\"https:\\\/\\\/alexandrecenis.com\\\/index.php\\\/2022\\\/04\\\/15\\\/air-france-et-son-aura\\\/#article\",\"isPartOf\":{\"@id\":\"https:\\\/\\\/alexandrecenis.com\\\/index.php\\\/2022\\\/04\\\/15\\\/air-france-et-son-aura\\\/\"},\"author\":{\"name\":\"admin8497\",\"@id\":\"https:\\\/\\\/alexandrecenis.com\\\/#\\\/schema\\\/person\\\/cb034178deaf60a8602f9c700c5b1c83\"},\"headline\":\"Air France et son AURA\",\"datePublished\":\"2022-04-15T04:32:48+00:00\",\"mainEntityOfPage\":{\"@id\":\"https:\\\/\\\/alexandrecenis.com\\\/index.php\\\/2022\\\/04\\\/15\\\/air-france-et-son-aura\\\/\"},\"wordCount\":333,\"image\":{\"@id\":\"https:\\\/\\\/alexandrecenis.com\\\/index.php\\\/2022\\\/04\\\/15\\\/air-france-et-son-aura\\\/#primaryimage\"},\"thumbnailUrl\":\"https:\\\/\\\/alexandrecenis.com\\\/wp-content\\\/uploads\\\/2022\\\/04\\\/vignette-5.png\",\"keywords\":[\"Air France\",\"Aura\",\"avenir\",\"ciel\",\"CO2\",\"jeunes g\u00e9n\u00e9rations\"],\"articleSection\":[\"Publicit\u00e9\"],\"inLanguage\":\"fr-FR\"},{\"@type\":\"WebPage\",\"@id\":\"https:\\\/\\\/alexandrecenis.com\\\/index.php\\\/2022\\\/04\\\/15\\\/air-france-et-son-aura\\\/\",\"url\":\"https:\\\/\\\/alexandrecenis.com\\\/index.php\\\/2022\\\/04\\\/15\\\/air-france-et-son-aura\\\/\",\"name\":\"Air France et son AURA - Alexandre Cenis\",\"isPartOf\":{\"@id\":\"https:\\\/\\\/alexandrecenis.com\\\/#website\"},\"primaryImageOfPage\":{\"@id\":\"https:\\\/\\\/alexandrecenis.com\\\/index.php\\\/2022\\\/04\\\/15\\\/air-france-et-son-aura\\\/#primaryimage\"},\"image\":{\"@id\":\"https:\\\/\\\/alexandrecenis.com\\\/index.php\\\/2022\\\/04\\\/15\\\/air-france-et-son-aura\\\/#primaryimage\"},\"thumbnailUrl\":\"https:\\\/\\\/alexandrecenis.com\\\/wp-content\\\/uploads\\\/2022\\\/04\\\/vignette-5.png\",\"datePublished\":\"2022-04-15T04:32:48+00:00\",\"author\":{\"@id\":\"https:\\\/\\\/alexandrecenis.com\\\/#\\\/schema\\\/person\\\/cb034178deaf60a8602f9c700c5b1c83\"},\"breadcrumb\":{\"@id\":\"https:\\\/\\\/alexandrecenis.com\\\/index.php\\\/2022\\\/04\\\/15\\\/air-france-et-son-aura\\\/#breadcrumb\"},\"inLanguage\":\"fr-FR\",\"potentialAction\":[{\"@type\":\"ReadAction\",\"target\":[\"https:\\\/\\\/alexandrecenis.com\\\/index.php\\\/2022\\\/04\\\/15\\\/air-france-et-son-aura\\\/\"]}]},{\"@type\":\"ImageObject\",\"inLanguage\":\"fr-FR\",\"@id\":\"https:\\\/\\\/alexandrecenis.com\\\/index.php\\\/2022\\\/04\\\/15\\\/air-france-et-son-aura\\\/#primaryimage\",\"url\":\"https:\\\/\\\/alexandrecenis.com\\\/wp-content\\\/uploads\\\/2022\\\/04\\\/vignette-5.png\",\"contentUrl\":\"https:\\\/\\\/alexandrecenis.com\\\/wp-content\\\/uploads\\\/2022\\\/04\\\/vignette-5.png\",\"width\":738,\"height\":387},{\"@type\":\"BreadcrumbList\",\"@id\":\"https:\\\/\\\/alexandrecenis.com\\\/index.php\\\/2022\\\/04\\\/15\\\/air-france-et-son-aura\\\/#breadcrumb\",\"itemListElement\":[{\"@type\":\"ListItem\",\"position\":1,\"name\":\"Home\",\"item\":\"https:\\\/\\\/alexandrecenis.com\\\/\"},{\"@type\":\"ListItem\",\"position\":2,\"name\":\"Air France et son AURA\"}]},{\"@type\":\"WebSite\",\"@id\":\"https:\\\/\\\/alexandrecenis.com\\\/#website\",\"url\":\"https:\\\/\\\/alexandrecenis.com\\\/\",\"name\":\"Alexandre Cenis\",\"description\":\"Intelligence Cr\u00e9ative\",\"potentialAction\":[{\"@type\":\"SearchAction\",\"target\":{\"@type\":\"EntryPoint\",\"urlTemplate\":\"https:\\\/\\\/alexandrecenis.com\\\/?s={search_term_string}\"},\"query-input\":{\"@type\":\"PropertyValueSpecification\",\"valueRequired\":true,\"valueName\":\"search_term_string\"}}],\"inLanguage\":\"fr-FR\"},{\"@type\":\"Person\",\"@id\":\"https:\\\/\\\/alexandrecenis.com\\\/#\\\/schema\\\/person\\\/cb034178deaf60a8602f9c700c5b1c83\",\"name\":\"admin8497\",\"image\":{\"@type\":\"ImageObject\",\"inLanguage\":\"fr-FR\",\"@id\":\"https:\\\/\\\/secure.gravatar.com\\\/avatar\\\/9586a1b4e51047e1977e647153ddd075f143e741c8e5ba4d03f6cfa4c61126fd?s=96&d=mm&r=g\",\"url\":\"https:\\\/\\\/secure.gravatar.com\\\/avatar\\\/9586a1b4e51047e1977e647153ddd075f143e741c8e5ba4d03f6cfa4c61126fd?s=96&d=mm&r=g\",\"contentUrl\":\"https:\\\/\\\/secure.gravatar.com\\\/avatar\\\/9586a1b4e51047e1977e647153ddd075f143e741c8e5ba4d03f6cfa4c61126fd?s=96&d=mm&r=g\",\"caption\":\"admin8497\"},\"url\":\"https:\\\/\\\/alexandrecenis.com\\\/index.php\\\/author\\\/admin8497\\\/\"}]}<\/script>\n<!-- \/ Yoast SEO plugin. -->","yoast_head_json":{"title":"Air France et son AURA - Alexandre Cenis","robots":{"index":"index","follow":"follow","max-snippet":"max-snippet:-1","max-image-preview":"max-image-preview:large","max-video-preview":"max-video-preview:-1"},"canonical":"https:\/\/alexandrecenis.com\/index.php\/2022\/04\/15\/air-france-et-son-aura\/","og_locale":"fr_FR","og_type":"article","og_title":"Air France et son AURA - Alexandre Cenis","og_description":"Bien le bonjour le monde digital ! C\u2019est accompagn\u00e9 de son agence Aura (groupe Omnicom) que Air France illustre sa nouvelle trajectoire de r\u00e9duction de ses \u00e9missions de CO2. \u00c0 travers un spot vid\u00e9o, la compagnie a\u00e9rienne pr\u00e9sente Air France ACT : un nouveau label regroupant l\u2019ensemble des actions du groupe pour des voyages \u2013 [&hellip;]","og_url":"https:\/\/alexandrecenis.com\/index.php\/2022\/04\/15\/air-france-et-son-aura\/","og_site_name":"Alexandre Cenis","article_published_time":"2022-04-15T04:32:48+00:00","og_image":[{"width":738,"height":387,"url":"https:\/\/alexandrecenis.com\/wp-content\/uploads\/2022\/04\/vignette-5.png","type":"image\/png"}],"author":"admin8497","twitter_card":"summary_large_image","twitter_creator":"@alexandrecenis","twitter_site":"@alexandrecenis","twitter_misc":{"\u00c9crit par":"admin8497","Dur\u00e9e de lecture estim\u00e9e":"3 minutes"},"schema":{"@context":"https:\/\/schema.org","@graph":[{"@type":"Article","@id":"https:\/\/alexandrecenis.com\/index.php\/2022\/04\/15\/air-france-et-son-aura\/#article","isPartOf":{"@id":"https:\/\/alexandrecenis.com\/index.php\/2022\/04\/15\/air-france-et-son-aura\/"},"author":{"name":"admin8497","@id":"https:\/\/alexandrecenis.com\/#\/schema\/person\/cb034178deaf60a8602f9c700c5b1c83"},"headline":"Air France et son AURA","datePublished":"2022-04-15T04:32:48+00:00","mainEntityOfPage":{"@id":"https:\/\/alexandrecenis.com\/index.php\/2022\/04\/15\/air-france-et-son-aura\/"},"wordCount":333,"image":{"@id":"https:\/\/alexandrecenis.com\/index.php\/2022\/04\/15\/air-france-et-son-aura\/#primaryimage"},"thumbnailUrl":"https:\/\/alexandrecenis.com\/wp-content\/uploads\/2022\/04\/vignette-5.png","keywords":["Air France","Aura","avenir","ciel","CO2","jeunes g\u00e9n\u00e9rations"],"articleSection":["Publicit\u00e9"],"inLanguage":"fr-FR"},{"@type":"WebPage","@id":"https:\/\/alexandrecenis.com\/index.php\/2022\/04\/15\/air-france-et-son-aura\/","url":"https:\/\/alexandrecenis.com\/index.php\/2022\/04\/15\/air-france-et-son-aura\/","name":"Air France et son AURA - Alexandre Cenis","isPartOf":{"@id":"https:\/\/alexandrecenis.com\/#website"},"primaryImageOfPage":{"@id":"https:\/\/alexandrecenis.com\/index.php\/2022\/04\/15\/air-france-et-son-aura\/#primaryimage"},"image":{"@id":"https:\/\/alexandrecenis.com\/index.php\/2022\/04\/15\/air-france-et-son-aura\/#primaryimage"},"thumbnailUrl":"https:\/\/alexandrecenis.com\/wp-content\/uploads\/2022\/04\/vignette-5.png","datePublished":"2022-04-15T04:32:48+00:00","author":{"@id":"https:\/\/alexandrecenis.com\/#\/schema\/person\/cb034178deaf60a8602f9c700c5b1c83"},"breadcrumb":{"@id":"https:\/\/alexandrecenis.com\/index.php\/2022\/04\/15\/air-france-et-son-aura\/#breadcrumb"},"inLanguage":"fr-FR","potentialAction":[{"@type":"ReadAction","target":["https:\/\/alexandrecenis.com\/index.php\/2022\/04\/15\/air-france-et-son-aura\/"]}]},{"@type":"ImageObject","inLanguage":"fr-FR","@id":"https:\/\/alexandrecenis.com\/index.php\/2022\/04\/15\/air-france-et-son-aura\/#primaryimage","url":"https:\/\/alexandrecenis.com\/wp-content\/uploads\/2022\/04\/vignette-5.png","contentUrl":"https:\/\/alexandrecenis.com\/wp-content\/uploads\/2022\/04\/vignette-5.png","width":738,"height":387},{"@type":"BreadcrumbList","@id":"https:\/\/alexandrecenis.com\/index.php\/2022\/04\/15\/air-france-et-son-aura\/#breadcrumb","itemListElement":[{"@type":"ListItem","position":1,"name":"Home","item":"https:\/\/alexandrecenis.com\/"},{"@type":"ListItem","position":2,"name":"Air France et son AURA"}]},{"@type":"WebSite","@id":"https:\/\/alexandrecenis.com\/#website","url":"https:\/\/alexandrecenis.com\/","name":"Alexandre Cenis","description":"Intelligence Cr\u00e9ative","potentialAction":[{"@type":"SearchAction","target":{"@type":"EntryPoint","urlTemplate":"https:\/\/alexandrecenis.com\/?s={search_term_string}"},"query-input":{"@type":"PropertyValueSpecification","valueRequired":true,"valueName":"search_term_string"}}],"inLanguage":"fr-FR"},{"@type":"Person","@id":"https:\/\/alexandrecenis.com\/#\/schema\/person\/cb034178deaf60a8602f9c700c5b1c83","name":"admin8497","image":{"@type":"ImageObject","inLanguage":"fr-FR","@id":"https:\/\/secure.gravatar.com\/avatar\/9586a1b4e51047e1977e647153ddd075f143e741c8e5ba4d03f6cfa4c61126fd?s=96&d=mm&r=g","url":"https:\/\/secure.gravatar.com\/avatar\/9586a1b4e51047e1977e647153ddd075f143e741c8e5ba4d03f6cfa4c61126fd?s=96&d=mm&r=g","contentUrl":"https:\/\/secure.gravatar.com\/avatar\/9586a1b4e51047e1977e647153ddd075f143e741c8e5ba4d03f6cfa4c61126fd?s=96&d=mm&r=g","caption":"admin8497"},"url":"https:\/\/alexandrecenis.com\/index.php\/author\/admin8497\/"}]}},"_links":{"self":[{"href":"https:\/\/alexandrecenis.com\/index.php\/wp-json\/wp\/v2\/posts\/5892","targetHints":{"allow":["GET"]}}],"collection":[{"href":"https:\/\/alexandrecenis.com\/index.php\/wp-json\/wp\/v2\/posts"}],"about":[{"href":"https:\/\/alexandrecenis.com\/index.php\/wp-json\/wp\/v2\/types\/post"}],"author":[{"embeddable":true,"href":"https:\/\/alexandrecenis.com\/index.php\/wp-json\/wp\/v2\/users\/1"}],"replies":[{"embeddable":true,"href":"https:\/\/alexandrecenis.com\/index.php\/wp-json\/wp\/v2\/comments?post=5892"}],"version-history":[{"count":3,"href":"https:\/\/alexandrecenis.com\/index.php\/wp-json\/wp\/v2\/posts\/5892\/revisions"}],"predecessor-version":[{"id":5901,"href":"https:\/\/alexandrecenis.com\/index.php\/wp-json\/wp\/v2\/posts\/5892\/revisions\/5901"}],"wp:featuredmedia":[{"embeddable":true,"href":"https:\/\/alexandrecenis.com\/index.php\/wp-json\/wp\/v2\/media\/5898"}],"wp:attachment":[{"href":"https:\/\/alexandrecenis.com\/index.php\/wp-json\/wp\/v2\/media?parent=5892"}],"wp:term":[{"taxonomy":"category","embeddable":true,"href":"https:\/\/alexandrecenis.com\/index.php\/wp-json\/wp\/v2\/categories?post=5892"},{"taxonomy":"post_tag","embeddable":true,"href":"https:\/\/alexandrecenis.com\/index.php\/wp-json\/wp\/v2\/tags?post=5892"}],"curies":[{"name":"wp","href":"https:\/\/api.w.org\/{rel}","templated":true}]}}