{"id":5881,"date":"2022-04-14T06:37:48","date_gmt":"2022-04-14T04:37:48","guid":{"rendered":"https:\/\/alexandrecenis.com\/?p=5881"},"modified":"2022-04-14T06:37:48","modified_gmt":"2022-04-14T04:37:48","slug":"cest-parti-pour-le-grand-tour","status":"publish","type":"post","link":"https:\/\/alexandrecenis.com\/index.php\/2022\/04\/14\/cest-parti-pour-le-grand-tour\/","title":{"rendered":"C&rsquo;est parti pour le Grand Tour"},"content":{"rendered":"<p style=\"text-align: justify;\">Bien le bonjour le monde digital ! Suisse Tourisme est de retour avec le joueur de tennis Roger Federer dans un second volet au c\u00f4t\u00e9 de l\u2019actrice Anne Hathaway. Une campagne qui vise \u00e0 promouvoir le Grand Tour de Suisse : un itin\u00e9raire pour les adeptes de road trips, qui comprend un parcours de 1 600 km \u00e0 travers 12 sites inscrits au patrimoine mondial de l\u2019UNESCO, 22 lacs et autres splendides cols alpins. Bref, de quoi en mettre plein la vue. Venez, je vais tout vous expliquer, allez : Com\u2019 with me !<\/p>\n<p style=\"text-align: center;\"><iframe loading=\"lazy\" src=\"https:\/\/w.soundcloud.com\/player\/?url=https%3A\/\/api.soundcloud.com\/tracks\/1249867363&amp;color=%23ff5500&amp;auto_play=false&amp;hide_related=false&amp;show_comments=true&amp;show_user=true&amp;show_reposts=false&amp;show_teaser=true&amp;visual=true\" width=\"100%\" height=\"300\" frameborder=\"no\" scrolling=\"no\"><\/iframe><\/p>\n<p style=\"text-align: justify;\">Dans une autre vie, Anne Hathaway et Roger Federer ont tourn\u00e9 un film dans les contr\u00e9es transalpines. D\u2019ailleurs, le travail du r\u00e9alisateur n\u2019\u00e9tait pas vraiment \u00e0 la hauteur des attentes d\u2019Anne. Et pour cause : leur pr\u00e9sence avec Federer est pour le moins floue, voire inexistante, bien qu\u2019ils sont cens\u00e9s en \u00eatre les personnages principaux. La nature a comme qui dirait pris le dessus, et leur a vol\u00e9 la vedette.<\/p>\n<p><img loading=\"lazy\" decoding=\"async\" class=\"aligncenter wp-image-5882 size-full\" src=\"https:\/\/alexandrecenis.com\/wp-content\/uploads\/2022\/04\/1-3.png\" alt=\"\" width=\"801\" height=\"451\" srcset=\"https:\/\/alexandrecenis.com\/wp-content\/uploads\/2022\/04\/1-3.png 801w, https:\/\/alexandrecenis.com\/wp-content\/uploads\/2022\/04\/1-3-480x270.png 480w\" sizes=\"(min-width: 0px) and (max-width: 480px) 480px, (min-width: 481px) 801px, 100vw\" \/><\/p>\n<p><img loading=\"lazy\" decoding=\"async\" class=\"aligncenter wp-image-5883 size-full\" src=\"https:\/\/alexandrecenis.com\/wp-content\/uploads\/2022\/04\/2-3.png\" alt=\"\" width=\"800\" height=\"451\" srcset=\"https:\/\/alexandrecenis.com\/wp-content\/uploads\/2022\/04\/2-3.png 800w, https:\/\/alexandrecenis.com\/wp-content\/uploads\/2022\/04\/2-3-480x271.png 480w\" sizes=\"(min-width: 0px) and (max-width: 480px) 480px, (min-width: 481px) 800px, 100vw\" \/><\/p>\n<p style=\"text-align: justify;\">Apr\u00e8s De Niro, Federer troque de nouveau sa raquette et se plie \u00e0 l\u2019exercice du jeu d\u2019acteur avec une artiste oscaris\u00e9e, ce qui peut \u00eatre un tantinet d\u00e9stabilisant. Il s\u2019est d\u2019ailleurs confi\u00e9 \u00e0\u00a0<a href=\"https:\/\/www.thestable.com.au\/wirz-no-one-upstages-switzerland\/\" target=\"_blank\" rel=\"noreferrer noopener\">The Stable<\/a>\u00a0: \u00ab\u00a0<em>Ce fut un privil\u00e8ge absolu de passer du temps avec une super star mondiale comme Anne Hathaway. J\u2019\u00e9tais nerveux \u00e0 propos de son haut niveau d\u2019acteur. Mais elle m\u2019a donn\u00e9 beaucoup de conseils et n\u2019aurait pas pu \u00eatre plus gentille. Elle a \u00e9t\u00e9 tr\u00e8s utile et tr\u00e8s patiente avec mes talents d\u2019acteur<\/em>.\u00a0\u00bb<\/p>\n<p><img loading=\"lazy\" decoding=\"async\" class=\"aligncenter wp-image-5884 size-full\" src=\"https:\/\/alexandrecenis.com\/wp-content\/uploads\/2022\/04\/3-3.png\" alt=\"\" width=\"800\" height=\"452\" srcset=\"https:\/\/alexandrecenis.com\/wp-content\/uploads\/2022\/04\/3-3.png 800w, https:\/\/alexandrecenis.com\/wp-content\/uploads\/2022\/04\/3-3-480x271.png 480w\" sizes=\"(min-width: 0px) and (max-width: 480px) 480px, (min-width: 481px) 800px, 100vw\" \/><\/p>\n<p><img loading=\"lazy\" decoding=\"async\" class=\"aligncenter wp-image-5885 size-full\" src=\"https:\/\/alexandrecenis.com\/wp-content\/uploads\/2022\/04\/4-3.png\" alt=\"\" width=\"797\" height=\"450\" srcset=\"https:\/\/alexandrecenis.com\/wp-content\/uploads\/2022\/04\/4-3.png 797w, https:\/\/alexandrecenis.com\/wp-content\/uploads\/2022\/04\/4-3-480x271.png 480w\" sizes=\"(min-width: 0px) and (max-width: 480px) 480px, (min-width: 481px) 797px, 100vw\" \/><\/p>\n<p><img loading=\"lazy\" decoding=\"async\" class=\"aligncenter wp-image-5886 size-full\" src=\"https:\/\/alexandrecenis.com\/wp-content\/uploads\/2022\/04\/5-3.png\" alt=\"\" width=\"800\" height=\"451\" srcset=\"https:\/\/alexandrecenis.com\/wp-content\/uploads\/2022\/04\/5-3.png 800w, https:\/\/alexandrecenis.com\/wp-content\/uploads\/2022\/04\/5-3-480x271.png 480w\" sizes=\"(min-width: 0px) and (max-width: 480px) 480px, (min-width: 481px) 800px, 100vw\" \/><\/p>\n<p style=\"text-align: justify;\">Dans la continuit\u00e9 de la campagne de 2021, Suisse Tourisme et son agence Wirz tentent toujours plus d\u2019attirer l\u2019attention des touristes internationaux avec un nouveau spot parodique. Le duo agence-annonceur va-t-il continuer sa saga, et inclure un troisi\u00e8me volet au c\u00f4t\u00e9 d\u2019une autre star du cin\u00e9ma \u2013 hollywoodienne du moins ? R\u00e9ponse dans un an.<\/p>\n<p style=\"text-align: center;\"><iframe loading=\"lazy\" title=\"YouTube video player\" src=\"https:\/\/www.youtube.com\/embed\/IyhpSZBuYoE\" width=\"560\" height=\"315\" frameborder=\"0\" allowfullscreen=\"allowfullscreen\"><\/iframe><\/p>\n","protected":false},"excerpt":{"rendered":"<p>Bien le bonjour le monde digital ! Suisse Tourisme est de retour avec le joueur de tennis Roger Federer dans un second volet au c\u00f4t\u00e9 de l\u2019actrice Anne Hathaway. Une campagne qui vise \u00e0 promouvoir le Grand Tour de Suisse : un itin\u00e9raire pour les adeptes de road trips, qui comprend un parcours de 1 [&hellip;]<\/p>\n","protected":false},"author":1,"featured_media":5887,"comment_status":"closed","ping_status":"open","sticky":false,"template":"","format":"standard","meta":{"_et_pb_use_builder":"","_et_pb_old_content":"","_et_gb_content_width":"","footnotes":""},"categories":[2],"tags":[2182,2183,1391,2181,2184],"class_list":["post-5881","post","type-post","status-publish","format-standard","has-post-thumbnail","hentry","category-publicite","tag-anne-hathaway","tag-grand-tour-de-suisse","tag-roger-federer","tag-suisse-tourisme","tag-wirz"],"yoast_head":"<!-- This site is optimized with the Yoast SEO plugin v27.3 - https:\/\/yoast.com\/product\/yoast-seo-wordpress\/ -->\n<title>C&#039;est parti pour le Grand Tour - Alexandre Cenis<\/title>\n<meta name=\"robots\" content=\"index, follow, max-snippet:-1, max-image-preview:large, max-video-preview:-1\" \/>\n<link rel=\"canonical\" href=\"https:\/\/alexandrecenis.com\/index.php\/2022\/04\/14\/cest-parti-pour-le-grand-tour\/\" \/>\n<meta property=\"og:locale\" content=\"fr_FR\" \/>\n<meta property=\"og:type\" content=\"article\" \/>\n<meta property=\"og:title\" content=\"C&#039;est parti pour le Grand Tour - Alexandre Cenis\" \/>\n<meta property=\"og:description\" content=\"Bien le bonjour le monde digital ! Suisse Tourisme est de retour avec le joueur de tennis Roger Federer dans un second volet au c\u00f4t\u00e9 de l\u2019actrice Anne Hathaway. Une campagne qui vise \u00e0 promouvoir le Grand Tour de Suisse : un itin\u00e9raire pour les adeptes de road trips, qui comprend un parcours de 1 [&hellip;]\" \/>\n<meta property=\"og:url\" content=\"https:\/\/alexandrecenis.com\/index.php\/2022\/04\/14\/cest-parti-pour-le-grand-tour\/\" \/>\n<meta property=\"og:site_name\" content=\"Alexandre Cenis\" \/>\n<meta property=\"article:published_time\" content=\"2022-04-14T04:37:48+00:00\" \/>\n<meta property=\"og:image\" content=\"https:\/\/alexandrecenis.com\/wp-content\/uploads\/2022\/04\/vignette-4.png\" \/>\n\t<meta property=\"og:image:width\" content=\"800\" \/>\n\t<meta property=\"og:image:height\" content=\"338\" \/>\n\t<meta property=\"og:image:type\" content=\"image\/png\" \/>\n<meta name=\"author\" content=\"admin8497\" \/>\n<meta name=\"twitter:card\" content=\"summary_large_image\" \/>\n<meta name=\"twitter:creator\" content=\"@alexandrecenis\" \/>\n<meta name=\"twitter:site\" content=\"@alexandrecenis\" \/>\n<meta name=\"twitter:label1\" content=\"\u00c9crit par\" \/>\n\t<meta name=\"twitter:data1\" content=\"admin8497\" \/>\n\t<meta name=\"twitter:label2\" content=\"Dur\u00e9e de lecture estim\u00e9e\" \/>\n\t<meta name=\"twitter:data2\" content=\"3 minutes\" \/>\n<script type=\"application\/ld+json\" class=\"yoast-schema-graph\">{\"@context\":\"https:\\\/\\\/schema.org\",\"@graph\":[{\"@type\":\"Article\",\"@id\":\"https:\\\/\\\/alexandrecenis.com\\\/index.php\\\/2022\\\/04\\\/14\\\/cest-parti-pour-le-grand-tour\\\/#article\",\"isPartOf\":{\"@id\":\"https:\\\/\\\/alexandrecenis.com\\\/index.php\\\/2022\\\/04\\\/14\\\/cest-parti-pour-le-grand-tour\\\/\"},\"author\":{\"name\":\"admin8497\",\"@id\":\"https:\\\/\\\/alexandrecenis.com\\\/#\\\/schema\\\/person\\\/cb034178deaf60a8602f9c700c5b1c83\"},\"headline\":\"C&rsquo;est parti pour le Grand Tour\",\"datePublished\":\"2022-04-14T04:37:48+00:00\",\"mainEntityOfPage\":{\"@id\":\"https:\\\/\\\/alexandrecenis.com\\\/index.php\\\/2022\\\/04\\\/14\\\/cest-parti-pour-le-grand-tour\\\/\"},\"wordCount\":328,\"image\":{\"@id\":\"https:\\\/\\\/alexandrecenis.com\\\/index.php\\\/2022\\\/04\\\/14\\\/cest-parti-pour-le-grand-tour\\\/#primaryimage\"},\"thumbnailUrl\":\"https:\\\/\\\/alexandrecenis.com\\\/wp-content\\\/uploads\\\/2022\\\/04\\\/vignette-4.png\",\"keywords\":[\"Anne Hathaway\",\"Grand Tour de Suisse\",\"Roger Federer\",\"Suisse Tourisme\",\"Wirz\"],\"articleSection\":[\"Publicit\u00e9\"],\"inLanguage\":\"fr-FR\"},{\"@type\":\"WebPage\",\"@id\":\"https:\\\/\\\/alexandrecenis.com\\\/index.php\\\/2022\\\/04\\\/14\\\/cest-parti-pour-le-grand-tour\\\/\",\"url\":\"https:\\\/\\\/alexandrecenis.com\\\/index.php\\\/2022\\\/04\\\/14\\\/cest-parti-pour-le-grand-tour\\\/\",\"name\":\"C'est parti pour le Grand Tour - Alexandre Cenis\",\"isPartOf\":{\"@id\":\"https:\\\/\\\/alexandrecenis.com\\\/#website\"},\"primaryImageOfPage\":{\"@id\":\"https:\\\/\\\/alexandrecenis.com\\\/index.php\\\/2022\\\/04\\\/14\\\/cest-parti-pour-le-grand-tour\\\/#primaryimage\"},\"image\":{\"@id\":\"https:\\\/\\\/alexandrecenis.com\\\/index.php\\\/2022\\\/04\\\/14\\\/cest-parti-pour-le-grand-tour\\\/#primaryimage\"},\"thumbnailUrl\":\"https:\\\/\\\/alexandrecenis.com\\\/wp-content\\\/uploads\\\/2022\\\/04\\\/vignette-4.png\",\"datePublished\":\"2022-04-14T04:37:48+00:00\",\"author\":{\"@id\":\"https:\\\/\\\/alexandrecenis.com\\\/#\\\/schema\\\/person\\\/cb034178deaf60a8602f9c700c5b1c83\"},\"breadcrumb\":{\"@id\":\"https:\\\/\\\/alexandrecenis.com\\\/index.php\\\/2022\\\/04\\\/14\\\/cest-parti-pour-le-grand-tour\\\/#breadcrumb\"},\"inLanguage\":\"fr-FR\",\"potentialAction\":[{\"@type\":\"ReadAction\",\"target\":[\"https:\\\/\\\/alexandrecenis.com\\\/index.php\\\/2022\\\/04\\\/14\\\/cest-parti-pour-le-grand-tour\\\/\"]}]},{\"@type\":\"ImageObject\",\"inLanguage\":\"fr-FR\",\"@id\":\"https:\\\/\\\/alexandrecenis.com\\\/index.php\\\/2022\\\/04\\\/14\\\/cest-parti-pour-le-grand-tour\\\/#primaryimage\",\"url\":\"https:\\\/\\\/alexandrecenis.com\\\/wp-content\\\/uploads\\\/2022\\\/04\\\/vignette-4.png\",\"contentUrl\":\"https:\\\/\\\/alexandrecenis.com\\\/wp-content\\\/uploads\\\/2022\\\/04\\\/vignette-4.png\",\"width\":800,\"height\":338},{\"@type\":\"BreadcrumbList\",\"@id\":\"https:\\\/\\\/alexandrecenis.com\\\/index.php\\\/2022\\\/04\\\/14\\\/cest-parti-pour-le-grand-tour\\\/#breadcrumb\",\"itemListElement\":[{\"@type\":\"ListItem\",\"position\":1,\"name\":\"Home\",\"item\":\"https:\\\/\\\/alexandrecenis.com\\\/\"},{\"@type\":\"ListItem\",\"position\":2,\"name\":\"C&rsquo;est parti pour le Grand Tour\"}]},{\"@type\":\"WebSite\",\"@id\":\"https:\\\/\\\/alexandrecenis.com\\\/#website\",\"url\":\"https:\\\/\\\/alexandrecenis.com\\\/\",\"name\":\"Alexandre Cenis\",\"description\":\"Intelligence Cr\u00e9ative\",\"potentialAction\":[{\"@type\":\"SearchAction\",\"target\":{\"@type\":\"EntryPoint\",\"urlTemplate\":\"https:\\\/\\\/alexandrecenis.com\\\/?s={search_term_string}\"},\"query-input\":{\"@type\":\"PropertyValueSpecification\",\"valueRequired\":true,\"valueName\":\"search_term_string\"}}],\"inLanguage\":\"fr-FR\"},{\"@type\":\"Person\",\"@id\":\"https:\\\/\\\/alexandrecenis.com\\\/#\\\/schema\\\/person\\\/cb034178deaf60a8602f9c700c5b1c83\",\"name\":\"admin8497\",\"image\":{\"@type\":\"ImageObject\",\"inLanguage\":\"fr-FR\",\"@id\":\"https:\\\/\\\/secure.gravatar.com\\\/avatar\\\/9586a1b4e51047e1977e647153ddd075f143e741c8e5ba4d03f6cfa4c61126fd?s=96&d=mm&r=g\",\"url\":\"https:\\\/\\\/secure.gravatar.com\\\/avatar\\\/9586a1b4e51047e1977e647153ddd075f143e741c8e5ba4d03f6cfa4c61126fd?s=96&d=mm&r=g\",\"contentUrl\":\"https:\\\/\\\/secure.gravatar.com\\\/avatar\\\/9586a1b4e51047e1977e647153ddd075f143e741c8e5ba4d03f6cfa4c61126fd?s=96&d=mm&r=g\",\"caption\":\"admin8497\"},\"url\":\"https:\\\/\\\/alexandrecenis.com\\\/index.php\\\/author\\\/admin8497\\\/\"}]}<\/script>\n<!-- \/ Yoast SEO plugin. -->","yoast_head_json":{"title":"C'est parti pour le Grand Tour - Alexandre Cenis","robots":{"index":"index","follow":"follow","max-snippet":"max-snippet:-1","max-image-preview":"max-image-preview:large","max-video-preview":"max-video-preview:-1"},"canonical":"https:\/\/alexandrecenis.com\/index.php\/2022\/04\/14\/cest-parti-pour-le-grand-tour\/","og_locale":"fr_FR","og_type":"article","og_title":"C'est parti pour le Grand Tour - Alexandre Cenis","og_description":"Bien le bonjour le monde digital ! Suisse Tourisme est de retour avec le joueur de tennis Roger Federer dans un second volet au c\u00f4t\u00e9 de l\u2019actrice Anne Hathaway. Une campagne qui vise \u00e0 promouvoir le Grand Tour de Suisse : un itin\u00e9raire pour les adeptes de road trips, qui comprend un parcours de 1 [&hellip;]","og_url":"https:\/\/alexandrecenis.com\/index.php\/2022\/04\/14\/cest-parti-pour-le-grand-tour\/","og_site_name":"Alexandre Cenis","article_published_time":"2022-04-14T04:37:48+00:00","og_image":[{"width":800,"height":338,"url":"https:\/\/alexandrecenis.com\/wp-content\/uploads\/2022\/04\/vignette-4.png","type":"image\/png"}],"author":"admin8497","twitter_card":"summary_large_image","twitter_creator":"@alexandrecenis","twitter_site":"@alexandrecenis","twitter_misc":{"\u00c9crit par":"admin8497","Dur\u00e9e de lecture estim\u00e9e":"3 minutes"},"schema":{"@context":"https:\/\/schema.org","@graph":[{"@type":"Article","@id":"https:\/\/alexandrecenis.com\/index.php\/2022\/04\/14\/cest-parti-pour-le-grand-tour\/#article","isPartOf":{"@id":"https:\/\/alexandrecenis.com\/index.php\/2022\/04\/14\/cest-parti-pour-le-grand-tour\/"},"author":{"name":"admin8497","@id":"https:\/\/alexandrecenis.com\/#\/schema\/person\/cb034178deaf60a8602f9c700c5b1c83"},"headline":"C&rsquo;est parti pour le Grand Tour","datePublished":"2022-04-14T04:37:48+00:00","mainEntityOfPage":{"@id":"https:\/\/alexandrecenis.com\/index.php\/2022\/04\/14\/cest-parti-pour-le-grand-tour\/"},"wordCount":328,"image":{"@id":"https:\/\/alexandrecenis.com\/index.php\/2022\/04\/14\/cest-parti-pour-le-grand-tour\/#primaryimage"},"thumbnailUrl":"https:\/\/alexandrecenis.com\/wp-content\/uploads\/2022\/04\/vignette-4.png","keywords":["Anne Hathaway","Grand Tour de Suisse","Roger Federer","Suisse Tourisme","Wirz"],"articleSection":["Publicit\u00e9"],"inLanguage":"fr-FR"},{"@type":"WebPage","@id":"https:\/\/alexandrecenis.com\/index.php\/2022\/04\/14\/cest-parti-pour-le-grand-tour\/","url":"https:\/\/alexandrecenis.com\/index.php\/2022\/04\/14\/cest-parti-pour-le-grand-tour\/","name":"C'est parti pour le Grand Tour - Alexandre Cenis","isPartOf":{"@id":"https:\/\/alexandrecenis.com\/#website"},"primaryImageOfPage":{"@id":"https:\/\/alexandrecenis.com\/index.php\/2022\/04\/14\/cest-parti-pour-le-grand-tour\/#primaryimage"},"image":{"@id":"https:\/\/alexandrecenis.com\/index.php\/2022\/04\/14\/cest-parti-pour-le-grand-tour\/#primaryimage"},"thumbnailUrl":"https:\/\/alexandrecenis.com\/wp-content\/uploads\/2022\/04\/vignette-4.png","datePublished":"2022-04-14T04:37:48+00:00","author":{"@id":"https:\/\/alexandrecenis.com\/#\/schema\/person\/cb034178deaf60a8602f9c700c5b1c83"},"breadcrumb":{"@id":"https:\/\/alexandrecenis.com\/index.php\/2022\/04\/14\/cest-parti-pour-le-grand-tour\/#breadcrumb"},"inLanguage":"fr-FR","potentialAction":[{"@type":"ReadAction","target":["https:\/\/alexandrecenis.com\/index.php\/2022\/04\/14\/cest-parti-pour-le-grand-tour\/"]}]},{"@type":"ImageObject","inLanguage":"fr-FR","@id":"https:\/\/alexandrecenis.com\/index.php\/2022\/04\/14\/cest-parti-pour-le-grand-tour\/#primaryimage","url":"https:\/\/alexandrecenis.com\/wp-content\/uploads\/2022\/04\/vignette-4.png","contentUrl":"https:\/\/alexandrecenis.com\/wp-content\/uploads\/2022\/04\/vignette-4.png","width":800,"height":338},{"@type":"BreadcrumbList","@id":"https:\/\/alexandrecenis.com\/index.php\/2022\/04\/14\/cest-parti-pour-le-grand-tour\/#breadcrumb","itemListElement":[{"@type":"ListItem","position":1,"name":"Home","item":"https:\/\/alexandrecenis.com\/"},{"@type":"ListItem","position":2,"name":"C&rsquo;est parti pour le Grand Tour"}]},{"@type":"WebSite","@id":"https:\/\/alexandrecenis.com\/#website","url":"https:\/\/alexandrecenis.com\/","name":"Alexandre Cenis","description":"Intelligence Cr\u00e9ative","potentialAction":[{"@type":"SearchAction","target":{"@type":"EntryPoint","urlTemplate":"https:\/\/alexandrecenis.com\/?s={search_term_string}"},"query-input":{"@type":"PropertyValueSpecification","valueRequired":true,"valueName":"search_term_string"}}],"inLanguage":"fr-FR"},{"@type":"Person","@id":"https:\/\/alexandrecenis.com\/#\/schema\/person\/cb034178deaf60a8602f9c700c5b1c83","name":"admin8497","image":{"@type":"ImageObject","inLanguage":"fr-FR","@id":"https:\/\/secure.gravatar.com\/avatar\/9586a1b4e51047e1977e647153ddd075f143e741c8e5ba4d03f6cfa4c61126fd?s=96&d=mm&r=g","url":"https:\/\/secure.gravatar.com\/avatar\/9586a1b4e51047e1977e647153ddd075f143e741c8e5ba4d03f6cfa4c61126fd?s=96&d=mm&r=g","contentUrl":"https:\/\/secure.gravatar.com\/avatar\/9586a1b4e51047e1977e647153ddd075f143e741c8e5ba4d03f6cfa4c61126fd?s=96&d=mm&r=g","caption":"admin8497"},"url":"https:\/\/alexandrecenis.com\/index.php\/author\/admin8497\/"}]}},"_links":{"self":[{"href":"https:\/\/alexandrecenis.com\/index.php\/wp-json\/wp\/v2\/posts\/5881","targetHints":{"allow":["GET"]}}],"collection":[{"href":"https:\/\/alexandrecenis.com\/index.php\/wp-json\/wp\/v2\/posts"}],"about":[{"href":"https:\/\/alexandrecenis.com\/index.php\/wp-json\/wp\/v2\/types\/post"}],"author":[{"embeddable":true,"href":"https:\/\/alexandrecenis.com\/index.php\/wp-json\/wp\/v2\/users\/1"}],"replies":[{"embeddable":true,"href":"https:\/\/alexandrecenis.com\/index.php\/wp-json\/wp\/v2\/comments?post=5881"}],"version-history":[{"count":4,"href":"https:\/\/alexandrecenis.com\/index.php\/wp-json\/wp\/v2\/posts\/5881\/revisions"}],"predecessor-version":[{"id":5891,"href":"https:\/\/alexandrecenis.com\/index.php\/wp-json\/wp\/v2\/posts\/5881\/revisions\/5891"}],"wp:featuredmedia":[{"embeddable":true,"href":"https:\/\/alexandrecenis.com\/index.php\/wp-json\/wp\/v2\/media\/5887"}],"wp:attachment":[{"href":"https:\/\/alexandrecenis.com\/index.php\/wp-json\/wp\/v2\/media?parent=5881"}],"wp:term":[{"taxonomy":"category","embeddable":true,"href":"https:\/\/alexandrecenis.com\/index.php\/wp-json\/wp\/v2\/categories?post=5881"},{"taxonomy":"post_tag","embeddable":true,"href":"https:\/\/alexandrecenis.com\/index.php\/wp-json\/wp\/v2\/tags?post=5881"}],"curies":[{"name":"wp","href":"https:\/\/api.w.org\/{rel}","templated":true}]}}