{"id":5789,"date":"2022-03-29T06:42:08","date_gmt":"2022-03-29T04:42:08","guid":{"rendered":"https:\/\/alexandrecenis.com\/?p=5789"},"modified":"2022-03-29T06:42:08","modified_gmt":"2022-03-29T04:42:08","slug":"and-justice-for-all","status":"publish","type":"post","link":"https:\/\/alexandrecenis.com\/index.php\/2022\/03\/29\/and-justice-for-all\/","title":{"rendered":"And Justice for All"},"content":{"rendered":"<p style=\"text-align: justify;\">Bien le bonjour le monde digital ! Dans le cadre de l&rsquo;\u00e9lection pr\u00e9sidentielle, l\u2019Ordre des avocats de Paris a souhait\u00e9 alerter les diff\u00e9rents candidats sur la situation de la justice en France avec l&rsquo;agence Ok\u00f3. En effet, aucun candidat n\u2019a fait de la justice une priorit\u00e9 dans son programme. Venez, je vais tout vous expliquer, allez : Com\u2019 with me !<\/p>\n<p style=\"text-align: center;\"><iframe loading=\"lazy\" src=\"https:\/\/w.soundcloud.com\/player\/?url=https%3A\/\/api.soundcloud.com\/tracks\/1240503988&amp;color=%23ff5500&amp;auto_play=false&amp;hide_related=false&amp;show_comments=true&amp;show_user=true&amp;show_reposts=false&amp;show_teaser=true&amp;visual=true\" width=\"100%\" height=\"300\" frameborder=\"no\" scrolling=\"no\"><\/iframe><\/p>\n<p style=\"text-align: justify;\">Le barreau de Paris a ainsi lanc\u00e9 le 28 mars, dans les rues de Paris, une campagne d\u2019affichage afin d\u2019interpeller chacun des candidats sur le fait que non, la justice n\u2019est pas un privil\u00e8ge et que oui, la situation de la justice fran\u00e7aise est d\u2019un autre temps.<\/p>\n<p><img loading=\"lazy\" decoding=\"async\" class=\"aligncenter wp-image-5794 size-large\" src=\"https:\/\/alexandrecenis.com\/wp-content\/uploads\/2022\/03\/Valerie-Pecresse-768x1024.jpg\" alt=\"\" width=\"768\" height=\"1024\" srcset=\"https:\/\/alexandrecenis.com\/wp-content\/uploads\/2022\/03\/Valerie-Pecresse-768x1024.jpg 768w, https:\/\/alexandrecenis.com\/wp-content\/uploads\/2022\/03\/Valerie-Pecresse-480x640.jpg 480w\" sizes=\"(min-width: 0px) and (max-width: 480px) 480px, (min-width: 481px) 768px, 100vw\" \/><\/p>\n<p><img loading=\"lazy\" decoding=\"async\" class=\"aligncenter wp-image-5795 size-large\" src=\"https:\/\/alexandrecenis.com\/wp-content\/uploads\/2022\/03\/Yannick-Jadot-768x1024.jpg\" alt=\"\" width=\"768\" height=\"1024\" srcset=\"https:\/\/alexandrecenis.com\/wp-content\/uploads\/2022\/03\/Yannick-Jadot-768x1024.jpg 768w, https:\/\/alexandrecenis.com\/wp-content\/uploads\/2022\/03\/Yannick-Jadot-480x640.jpg 480w\" sizes=\"(min-width: 0px) and (max-width: 480px) 480px, (min-width: 481px) 768px, 100vw\" \/><\/p>\n<p style=\"text-align: justify;\">L\u2019Ordre des avocats de Paris a \u00e9galement diffus\u00e9 aupr\u00e8s de tous les candidats son manifeste rassemblant ses dix propositions afin de restaurer et moderniser la justice.<\/p>\n<p><img loading=\"lazy\" decoding=\"async\" class=\"aligncenter wp-image-5793 size-large\" src=\"https:\/\/alexandrecenis.com\/wp-content\/uploads\/2022\/03\/Marine-Le-Pen-768x1024.jpg\" alt=\"\" width=\"768\" height=\"1024\" srcset=\"https:\/\/alexandrecenis.com\/wp-content\/uploads\/2022\/03\/Marine-Le-Pen-768x1024.jpg 768w, https:\/\/alexandrecenis.com\/wp-content\/uploads\/2022\/03\/Marine-Le-Pen-480x640.jpg 480w\" sizes=\"(min-width: 0px) and (max-width: 480px) 480px, (min-width: 481px) 768px, 100vw\" \/><\/p>\n<p><img loading=\"lazy\" decoding=\"async\" class=\"aligncenter wp-image-5792 size-large\" src=\"https:\/\/alexandrecenis.com\/wp-content\/uploads\/2022\/03\/Jean-Luc-Melenchon-768x1024.jpg\" alt=\"\" width=\"768\" height=\"1024\" srcset=\"https:\/\/alexandrecenis.com\/wp-content\/uploads\/2022\/03\/Jean-Luc-Melenchon-768x1024.jpg 768w, https:\/\/alexandrecenis.com\/wp-content\/uploads\/2022\/03\/Jean-Luc-Melenchon-480x640.jpg 480w\" sizes=\"(min-width: 0px) and (max-width: 480px) 480px, (min-width: 481px) 768px, 100vw\" \/><\/p>\n<p style=\"text-align: justify;\">\u00ab\u00a0La France a besoin d\u2019un choc de justice afin de rattraper son retard par rapport \u00e0 ses voisins europ\u00e9ens et afin de pouvoir offrir \u00e0 tous les justiciables l\u2019acc\u00e8s au droit et \u00e0 la justice tout en garantissant les libert\u00e9s publiques et individuelles\u00a0\u00bb, selon un communiqu\u00e9.<\/p>\n<p><img loading=\"lazy\" decoding=\"async\" class=\"aligncenter wp-image-5791 size-large\" src=\"https:\/\/alexandrecenis.com\/wp-content\/uploads\/2022\/03\/Eric-Zemmour-768x1024.jpg\" alt=\"\" width=\"768\" height=\"1024\" srcset=\"https:\/\/alexandrecenis.com\/wp-content\/uploads\/2022\/03\/Eric-Zemmour-768x1024.jpg 768w, https:\/\/alexandrecenis.com\/wp-content\/uploads\/2022\/03\/Eric-Zemmour-480x640.jpg 480w\" sizes=\"(min-width: 0px) and (max-width: 480px) 480px, (min-width: 481px) 768px, 100vw\" \/><\/p>\n<p><img loading=\"lazy\" decoding=\"async\" class=\"aligncenter wp-image-5790 size-large\" src=\"https:\/\/alexandrecenis.com\/wp-content\/uploads\/2022\/03\/Emmanuel-Macron-768x1024.jpg\" alt=\"\" width=\"768\" height=\"1024\" srcset=\"https:\/\/alexandrecenis.com\/wp-content\/uploads\/2022\/03\/Emmanuel-Macron-768x1024.jpg 768w, https:\/\/alexandrecenis.com\/wp-content\/uploads\/2022\/03\/Emmanuel-Macron-480x640.jpg 480w\" sizes=\"(min-width: 0px) and (max-width: 480px) 480px, (min-width: 481px) 768px, 100vw\" \/><\/p>\n","protected":false},"excerpt":{"rendered":"<p>Bien le bonjour le monde digital ! Dans le cadre de l&rsquo;\u00e9lection pr\u00e9sidentielle, l\u2019Ordre des avocats de Paris a souhait\u00e9 alerter les diff\u00e9rents candidats sur la situation de la justice en France avec l&rsquo;agence Ok\u00f3. En effet, aucun candidat n\u2019a fait de la justice une priorit\u00e9 dans son programme. Venez, je vais tout vous expliquer, [&hellip;]<\/p>\n","protected":false},"author":1,"featured_media":5795,"comment_status":"closed","ping_status":"open","sticky":false,"template":"","format":"standard","meta":{"_et_pb_use_builder":"","_et_pb_old_content":"","_et_gb_content_width":"","footnotes":""},"categories":[113],"tags":[2153,2152,2156,2155,2154,2157],"class_list":["post-5789","post","type-post","status-publish","format-standard","has-post-thumbnail","hentry","category-communication","tag-avocats","tag-barreau-de-paris","tag-electrion","tag-justice","tag-oko","tag-presidentielle"],"yoast_head":"<!-- This site is optimized with the Yoast SEO plugin v27.3 - https:\/\/yoast.com\/product\/yoast-seo-wordpress\/ -->\n<title>And Justice for All - Alexandre Cenis<\/title>\n<meta name=\"robots\" content=\"index, follow, max-snippet:-1, max-image-preview:large, max-video-preview:-1\" \/>\n<link rel=\"canonical\" href=\"https:\/\/alexandrecenis.com\/index.php\/2022\/03\/29\/and-justice-for-all\/\" \/>\n<meta property=\"og:locale\" content=\"fr_FR\" \/>\n<meta property=\"og:type\" content=\"article\" \/>\n<meta property=\"og:title\" content=\"And Justice for All - Alexandre Cenis\" \/>\n<meta property=\"og:description\" content=\"Bien le bonjour le monde digital ! Dans le cadre de l&rsquo;\u00e9lection pr\u00e9sidentielle, l\u2019Ordre des avocats de Paris a souhait\u00e9 alerter les diff\u00e9rents candidats sur la situation de la justice en France avec l&rsquo;agence Ok\u00f3. En effet, aucun candidat n\u2019a fait de la justice une priorit\u00e9 dans son programme. Venez, je vais tout vous expliquer, [&hellip;]\" \/>\n<meta property=\"og:url\" content=\"https:\/\/alexandrecenis.com\/index.php\/2022\/03\/29\/and-justice-for-all\/\" \/>\n<meta property=\"og:site_name\" content=\"Alexandre Cenis\" \/>\n<meta property=\"article:published_time\" content=\"2022-03-29T04:42:08+00:00\" \/>\n<meta property=\"og:image\" content=\"https:\/\/alexandrecenis.com\/wp-content\/uploads\/2022\/03\/Yannick-Jadot.jpg\" \/>\n\t<meta property=\"og:image:width\" content=\"800\" \/>\n\t<meta property=\"og:image:height\" content=\"1066\" \/>\n\t<meta property=\"og:image:type\" content=\"image\/jpeg\" \/>\n<meta name=\"author\" content=\"admin8497\" \/>\n<meta name=\"twitter:card\" content=\"summary_large_image\" \/>\n<meta name=\"twitter:creator\" content=\"@alexandrecenis\" \/>\n<meta name=\"twitter:site\" content=\"@alexandrecenis\" \/>\n<meta name=\"twitter:label1\" content=\"\u00c9crit par\" \/>\n\t<meta name=\"twitter:data1\" content=\"admin8497\" \/>\n\t<meta name=\"twitter:label2\" content=\"Dur\u00e9e de lecture estim\u00e9e\" \/>\n\t<meta name=\"twitter:data2\" content=\"1 minute\" \/>\n<script type=\"application\/ld+json\" class=\"yoast-schema-graph\">{\"@context\":\"https:\\\/\\\/schema.org\",\"@graph\":[{\"@type\":\"Article\",\"@id\":\"https:\\\/\\\/alexandrecenis.com\\\/index.php\\\/2022\\\/03\\\/29\\\/and-justice-for-all\\\/#article\",\"isPartOf\":{\"@id\":\"https:\\\/\\\/alexandrecenis.com\\\/index.php\\\/2022\\\/03\\\/29\\\/and-justice-for-all\\\/\"},\"author\":{\"name\":\"admin8497\",\"@id\":\"https:\\\/\\\/alexandrecenis.com\\\/#\\\/schema\\\/person\\\/cb034178deaf60a8602f9c700c5b1c83\"},\"headline\":\"And Justice for All\",\"datePublished\":\"2022-03-29T04:42:08+00:00\",\"mainEntityOfPage\":{\"@id\":\"https:\\\/\\\/alexandrecenis.com\\\/index.php\\\/2022\\\/03\\\/29\\\/and-justice-for-all\\\/\"},\"wordCount\":195,\"image\":{\"@id\":\"https:\\\/\\\/alexandrecenis.com\\\/index.php\\\/2022\\\/03\\\/29\\\/and-justice-for-all\\\/#primaryimage\"},\"thumbnailUrl\":\"https:\\\/\\\/alexandrecenis.com\\\/wp-content\\\/uploads\\\/2022\\\/03\\\/Yannick-Jadot.jpg\",\"keywords\":[\"avocats\",\"barreau de Paris\",\"electrion\",\"justice\",\"oko\",\"pr\u00e9sidentielle\"],\"articleSection\":[\"Communication\"],\"inLanguage\":\"fr-FR\"},{\"@type\":\"WebPage\",\"@id\":\"https:\\\/\\\/alexandrecenis.com\\\/index.php\\\/2022\\\/03\\\/29\\\/and-justice-for-all\\\/\",\"url\":\"https:\\\/\\\/alexandrecenis.com\\\/index.php\\\/2022\\\/03\\\/29\\\/and-justice-for-all\\\/\",\"name\":\"And Justice for All - Alexandre Cenis\",\"isPartOf\":{\"@id\":\"https:\\\/\\\/alexandrecenis.com\\\/#website\"},\"primaryImageOfPage\":{\"@id\":\"https:\\\/\\\/alexandrecenis.com\\\/index.php\\\/2022\\\/03\\\/29\\\/and-justice-for-all\\\/#primaryimage\"},\"image\":{\"@id\":\"https:\\\/\\\/alexandrecenis.com\\\/index.php\\\/2022\\\/03\\\/29\\\/and-justice-for-all\\\/#primaryimage\"},\"thumbnailUrl\":\"https:\\\/\\\/alexandrecenis.com\\\/wp-content\\\/uploads\\\/2022\\\/03\\\/Yannick-Jadot.jpg\",\"datePublished\":\"2022-03-29T04:42:08+00:00\",\"author\":{\"@id\":\"https:\\\/\\\/alexandrecenis.com\\\/#\\\/schema\\\/person\\\/cb034178deaf60a8602f9c700c5b1c83\"},\"breadcrumb\":{\"@id\":\"https:\\\/\\\/alexandrecenis.com\\\/index.php\\\/2022\\\/03\\\/29\\\/and-justice-for-all\\\/#breadcrumb\"},\"inLanguage\":\"fr-FR\",\"potentialAction\":[{\"@type\":\"ReadAction\",\"target\":[\"https:\\\/\\\/alexandrecenis.com\\\/index.php\\\/2022\\\/03\\\/29\\\/and-justice-for-all\\\/\"]}]},{\"@type\":\"ImageObject\",\"inLanguage\":\"fr-FR\",\"@id\":\"https:\\\/\\\/alexandrecenis.com\\\/index.php\\\/2022\\\/03\\\/29\\\/and-justice-for-all\\\/#primaryimage\",\"url\":\"https:\\\/\\\/alexandrecenis.com\\\/wp-content\\\/uploads\\\/2022\\\/03\\\/Yannick-Jadot.jpg\",\"contentUrl\":\"https:\\\/\\\/alexandrecenis.com\\\/wp-content\\\/uploads\\\/2022\\\/03\\\/Yannick-Jadot.jpg\",\"width\":800,\"height\":1066},{\"@type\":\"BreadcrumbList\",\"@id\":\"https:\\\/\\\/alexandrecenis.com\\\/index.php\\\/2022\\\/03\\\/29\\\/and-justice-for-all\\\/#breadcrumb\",\"itemListElement\":[{\"@type\":\"ListItem\",\"position\":1,\"name\":\"Home\",\"item\":\"https:\\\/\\\/alexandrecenis.com\\\/\"},{\"@type\":\"ListItem\",\"position\":2,\"name\":\"And Justice for All\"}]},{\"@type\":\"WebSite\",\"@id\":\"https:\\\/\\\/alexandrecenis.com\\\/#website\",\"url\":\"https:\\\/\\\/alexandrecenis.com\\\/\",\"name\":\"Alexandre Cenis\",\"description\":\"Intelligence Cr\u00e9ative\",\"potentialAction\":[{\"@type\":\"SearchAction\",\"target\":{\"@type\":\"EntryPoint\",\"urlTemplate\":\"https:\\\/\\\/alexandrecenis.com\\\/?s={search_term_string}\"},\"query-input\":{\"@type\":\"PropertyValueSpecification\",\"valueRequired\":true,\"valueName\":\"search_term_string\"}}],\"inLanguage\":\"fr-FR\"},{\"@type\":\"Person\",\"@id\":\"https:\\\/\\\/alexandrecenis.com\\\/#\\\/schema\\\/person\\\/cb034178deaf60a8602f9c700c5b1c83\",\"name\":\"admin8497\",\"image\":{\"@type\":\"ImageObject\",\"inLanguage\":\"fr-FR\",\"@id\":\"https:\\\/\\\/secure.gravatar.com\\\/avatar\\\/9586a1b4e51047e1977e647153ddd075f143e741c8e5ba4d03f6cfa4c61126fd?s=96&d=mm&r=g\",\"url\":\"https:\\\/\\\/secure.gravatar.com\\\/avatar\\\/9586a1b4e51047e1977e647153ddd075f143e741c8e5ba4d03f6cfa4c61126fd?s=96&d=mm&r=g\",\"contentUrl\":\"https:\\\/\\\/secure.gravatar.com\\\/avatar\\\/9586a1b4e51047e1977e647153ddd075f143e741c8e5ba4d03f6cfa4c61126fd?s=96&d=mm&r=g\",\"caption\":\"admin8497\"},\"url\":\"https:\\\/\\\/alexandrecenis.com\\\/index.php\\\/author\\\/admin8497\\\/\"}]}<\/script>\n<!-- \/ Yoast SEO plugin. -->","yoast_head_json":{"title":"And Justice for All - Alexandre Cenis","robots":{"index":"index","follow":"follow","max-snippet":"max-snippet:-1","max-image-preview":"max-image-preview:large","max-video-preview":"max-video-preview:-1"},"canonical":"https:\/\/alexandrecenis.com\/index.php\/2022\/03\/29\/and-justice-for-all\/","og_locale":"fr_FR","og_type":"article","og_title":"And Justice for All - Alexandre Cenis","og_description":"Bien le bonjour le monde digital ! Dans le cadre de l&rsquo;\u00e9lection pr\u00e9sidentielle, l\u2019Ordre des avocats de Paris a souhait\u00e9 alerter les diff\u00e9rents candidats sur la situation de la justice en France avec l&rsquo;agence Ok\u00f3. En effet, aucun candidat n\u2019a fait de la justice une priorit\u00e9 dans son programme. Venez, je vais tout vous expliquer, [&hellip;]","og_url":"https:\/\/alexandrecenis.com\/index.php\/2022\/03\/29\/and-justice-for-all\/","og_site_name":"Alexandre Cenis","article_published_time":"2022-03-29T04:42:08+00:00","og_image":[{"width":800,"height":1066,"url":"https:\/\/alexandrecenis.com\/wp-content\/uploads\/2022\/03\/Yannick-Jadot.jpg","type":"image\/jpeg"}],"author":"admin8497","twitter_card":"summary_large_image","twitter_creator":"@alexandrecenis","twitter_site":"@alexandrecenis","twitter_misc":{"\u00c9crit par":"admin8497","Dur\u00e9e de lecture estim\u00e9e":"1 minute"},"schema":{"@context":"https:\/\/schema.org","@graph":[{"@type":"Article","@id":"https:\/\/alexandrecenis.com\/index.php\/2022\/03\/29\/and-justice-for-all\/#article","isPartOf":{"@id":"https:\/\/alexandrecenis.com\/index.php\/2022\/03\/29\/and-justice-for-all\/"},"author":{"name":"admin8497","@id":"https:\/\/alexandrecenis.com\/#\/schema\/person\/cb034178deaf60a8602f9c700c5b1c83"},"headline":"And Justice for All","datePublished":"2022-03-29T04:42:08+00:00","mainEntityOfPage":{"@id":"https:\/\/alexandrecenis.com\/index.php\/2022\/03\/29\/and-justice-for-all\/"},"wordCount":195,"image":{"@id":"https:\/\/alexandrecenis.com\/index.php\/2022\/03\/29\/and-justice-for-all\/#primaryimage"},"thumbnailUrl":"https:\/\/alexandrecenis.com\/wp-content\/uploads\/2022\/03\/Yannick-Jadot.jpg","keywords":["avocats","barreau de Paris","electrion","justice","oko","pr\u00e9sidentielle"],"articleSection":["Communication"],"inLanguage":"fr-FR"},{"@type":"WebPage","@id":"https:\/\/alexandrecenis.com\/index.php\/2022\/03\/29\/and-justice-for-all\/","url":"https:\/\/alexandrecenis.com\/index.php\/2022\/03\/29\/and-justice-for-all\/","name":"And Justice for All - Alexandre Cenis","isPartOf":{"@id":"https:\/\/alexandrecenis.com\/#website"},"primaryImageOfPage":{"@id":"https:\/\/alexandrecenis.com\/index.php\/2022\/03\/29\/and-justice-for-all\/#primaryimage"},"image":{"@id":"https:\/\/alexandrecenis.com\/index.php\/2022\/03\/29\/and-justice-for-all\/#primaryimage"},"thumbnailUrl":"https:\/\/alexandrecenis.com\/wp-content\/uploads\/2022\/03\/Yannick-Jadot.jpg","datePublished":"2022-03-29T04:42:08+00:00","author":{"@id":"https:\/\/alexandrecenis.com\/#\/schema\/person\/cb034178deaf60a8602f9c700c5b1c83"},"breadcrumb":{"@id":"https:\/\/alexandrecenis.com\/index.php\/2022\/03\/29\/and-justice-for-all\/#breadcrumb"},"inLanguage":"fr-FR","potentialAction":[{"@type":"ReadAction","target":["https:\/\/alexandrecenis.com\/index.php\/2022\/03\/29\/and-justice-for-all\/"]}]},{"@type":"ImageObject","inLanguage":"fr-FR","@id":"https:\/\/alexandrecenis.com\/index.php\/2022\/03\/29\/and-justice-for-all\/#primaryimage","url":"https:\/\/alexandrecenis.com\/wp-content\/uploads\/2022\/03\/Yannick-Jadot.jpg","contentUrl":"https:\/\/alexandrecenis.com\/wp-content\/uploads\/2022\/03\/Yannick-Jadot.jpg","width":800,"height":1066},{"@type":"BreadcrumbList","@id":"https:\/\/alexandrecenis.com\/index.php\/2022\/03\/29\/and-justice-for-all\/#breadcrumb","itemListElement":[{"@type":"ListItem","position":1,"name":"Home","item":"https:\/\/alexandrecenis.com\/"},{"@type":"ListItem","position":2,"name":"And Justice for All"}]},{"@type":"WebSite","@id":"https:\/\/alexandrecenis.com\/#website","url":"https:\/\/alexandrecenis.com\/","name":"Alexandre Cenis","description":"Intelligence Cr\u00e9ative","potentialAction":[{"@type":"SearchAction","target":{"@type":"EntryPoint","urlTemplate":"https:\/\/alexandrecenis.com\/?s={search_term_string}"},"query-input":{"@type":"PropertyValueSpecification","valueRequired":true,"valueName":"search_term_string"}}],"inLanguage":"fr-FR"},{"@type":"Person","@id":"https:\/\/alexandrecenis.com\/#\/schema\/person\/cb034178deaf60a8602f9c700c5b1c83","name":"admin8497","image":{"@type":"ImageObject","inLanguage":"fr-FR","@id":"https:\/\/secure.gravatar.com\/avatar\/9586a1b4e51047e1977e647153ddd075f143e741c8e5ba4d03f6cfa4c61126fd?s=96&d=mm&r=g","url":"https:\/\/secure.gravatar.com\/avatar\/9586a1b4e51047e1977e647153ddd075f143e741c8e5ba4d03f6cfa4c61126fd?s=96&d=mm&r=g","contentUrl":"https:\/\/secure.gravatar.com\/avatar\/9586a1b4e51047e1977e647153ddd075f143e741c8e5ba4d03f6cfa4c61126fd?s=96&d=mm&r=g","caption":"admin8497"},"url":"https:\/\/alexandrecenis.com\/index.php\/author\/admin8497\/"}]}},"_links":{"self":[{"href":"https:\/\/alexandrecenis.com\/index.php\/wp-json\/wp\/v2\/posts\/5789","targetHints":{"allow":["GET"]}}],"collection":[{"href":"https:\/\/alexandrecenis.com\/index.php\/wp-json\/wp\/v2\/posts"}],"about":[{"href":"https:\/\/alexandrecenis.com\/index.php\/wp-json\/wp\/v2\/types\/post"}],"author":[{"embeddable":true,"href":"https:\/\/alexandrecenis.com\/index.php\/wp-json\/wp\/v2\/users\/1"}],"replies":[{"embeddable":true,"href":"https:\/\/alexandrecenis.com\/index.php\/wp-json\/wp\/v2\/comments?post=5789"}],"version-history":[{"count":3,"href":"https:\/\/alexandrecenis.com\/index.php\/wp-json\/wp\/v2\/posts\/5789\/revisions"}],"predecessor-version":[{"id":5798,"href":"https:\/\/alexandrecenis.com\/index.php\/wp-json\/wp\/v2\/posts\/5789\/revisions\/5798"}],"wp:featuredmedia":[{"embeddable":true,"href":"https:\/\/alexandrecenis.com\/index.php\/wp-json\/wp\/v2\/media\/5795"}],"wp:attachment":[{"href":"https:\/\/alexandrecenis.com\/index.php\/wp-json\/wp\/v2\/media?parent=5789"}],"wp:term":[{"taxonomy":"category","embeddable":true,"href":"https:\/\/alexandrecenis.com\/index.php\/wp-json\/wp\/v2\/categories?post=5789"},{"taxonomy":"post_tag","embeddable":true,"href":"https:\/\/alexandrecenis.com\/index.php\/wp-json\/wp\/v2\/tags?post=5789"}],"curies":[{"name":"wp","href":"https:\/\/api.w.org\/{rel}","templated":true}]}}