{"id":5621,"date":"2022-03-01T06:29:42","date_gmt":"2022-03-01T05:29:42","guid":{"rendered":"https:\/\/alexandrecenis.com\/?p=5621"},"modified":"2022-03-01T06:29:42","modified_gmt":"2022-03-01T05:29:42","slug":"presidentielles-2042","status":"publish","type":"post","link":"https:\/\/alexandrecenis.com\/index.php\/2022\/03\/01\/presidentielles-2042\/","title":{"rendered":"Pr\u00e9sidentielles 2042"},"content":{"rendered":"<p style=\"text-align: justify;\">Bien le bonjour le monde digital ! Alors que les interrogations concernant la situation climatique sont plus que d\u2019actualit\u00e9, elles semblent une fois de plus parfois oubli\u00e9es des politiques lors de leurs d\u00e9bats \u00e0 l\u2019approche des \u00e9lections pr\u00e9sidentielles 2022. L\u2019occasion pour Greenpeace de d\u00e9voiler une campagne troublante intitul\u00e9e \u201cPr\u00e9sidentielles 2042\u201d o\u00f9 6 personnalit\u00e9s publiques et politiques reviennent 20 ans plus tard sur leurs engagements non tenus. Venez, je vais tout vous expliquer, allez : Com\u2019 with me !<\/p>\n<p style=\"text-align: center;\"><iframe loading=\"lazy\" src=\"https:\/\/w.soundcloud.com\/player\/?url=https%3A\/\/api.soundcloud.com\/tracks\/1224269428&amp;color=%23ff5500&amp;auto_play=false&amp;hide_related=false&amp;show_comments=true&amp;show_user=true&amp;show_reposts=false&amp;show_teaser=true&amp;visual=true\" width=\"100%\" height=\"300\" frameborder=\"no\" scrolling=\"no\"><\/iframe><\/p>\n<p style=\"text-align: justify;\">Sous forme de documentaire fictif et dystopique, on retrouve Emmanuel Macron, Fran\u00e7ois Hollande, Marine Le Pen ou encore Val\u00e9rie P\u00e9cresse ainsi que les animateurs Pascal Praud et Cyril Hanouna. Face cam\u00e9ra, ils \u00e9voquent leurs choix de l\u2019\u00e9poque et les cons\u00e9quences qu\u2019ils ont engendr\u00e9s apr\u00e8s deux d\u00e9cennies d\u2019inaction.<\/p>\n<p><img loading=\"lazy\" decoding=\"async\" class=\"aligncenter wp-image-5624 size-full\" src=\"https:\/\/alexandrecenis.com\/wp-content\/uploads\/2022\/03\/3.png\" alt=\"\" width=\"681\" height=\"384\" srcset=\"https:\/\/alexandrecenis.com\/wp-content\/uploads\/2022\/03\/3.png 681w, https:\/\/alexandrecenis.com\/wp-content\/uploads\/2022\/03\/3-480x271.png 480w\" sizes=\"(min-width: 0px) and (max-width: 480px) 480px, (min-width: 481px) 681px, 100vw\" \/><\/p>\n<p><img loading=\"lazy\" decoding=\"async\" class=\"aligncenter wp-image-5626 size-full\" src=\"https:\/\/alexandrecenis.com\/wp-content\/uploads\/2022\/03\/5.png\" alt=\"\" width=\"678\" height=\"387\" srcset=\"https:\/\/alexandrecenis.com\/wp-content\/uploads\/2022\/03\/5.png 678w, https:\/\/alexandrecenis.com\/wp-content\/uploads\/2022\/03\/5-480x274.png 480w\" sizes=\"(min-width: 0px) and (max-width: 480px) 480px, (min-width: 481px) 678px, 100vw\" \/><\/p>\n<p style=\"text-align: justify;\">R\u00e9alis\u00e9 en collaboration avec l\u2019agence 84.Paris, le film mise sur la technologie du deepfake pour avoir un rendu au plus proche de la r\u00e9alit\u00e9. Elle a ainsi permis de pr\u00e9senter des personnages vieillissants avec des cheveux blancs et quelques rides tout en gardant les traits propres \u00e0 leurs personnalit\u00e9s.<\/p>\n<p><img loading=\"lazy\" decoding=\"async\" class=\"aligncenter wp-image-5623 size-full\" src=\"https:\/\/alexandrecenis.com\/wp-content\/uploads\/2022\/03\/2.png\" alt=\"\" width=\"679\" height=\"384\" srcset=\"https:\/\/alexandrecenis.com\/wp-content\/uploads\/2022\/03\/2.png 679w, https:\/\/alexandrecenis.com\/wp-content\/uploads\/2022\/03\/2-480x271.png 480w\" sizes=\"(min-width: 0px) and (max-width: 480px) 480px, (min-width: 481px) 679px, 100vw\" \/><\/p>\n<p><img loading=\"lazy\" decoding=\"async\" class=\"aligncenter wp-image-5625 size-full\" src=\"https:\/\/alexandrecenis.com\/wp-content\/uploads\/2022\/03\/4.png\" alt=\"\" width=\"677\" height=\"382\" srcset=\"https:\/\/alexandrecenis.com\/wp-content\/uploads\/2022\/03\/4.png 677w, https:\/\/alexandrecenis.com\/wp-content\/uploads\/2022\/03\/4-480x271.png 480w\" sizes=\"(min-width: 0px) and (max-width: 480px) 480px, (min-width: 481px) 677px, 100vw\" \/><\/p>\n<p style=\"text-align: justify;\">\u00c0 travers cette op\u00e9ration de sensibilisation, Greenpeace tient \u00e0 alerter sur le fait qu\u2019en n\u2019agissant pas aujourd\u2019hui, demain il sera trop tard. Mais \u00e9galement \u00e0 pointer du doigt le manque de consid\u00e9ration de la crise climatique de la part des candidats \u00e0 l\u2019\u00e9lection pr\u00e9sidentielle dont les cons\u00e9quences se paieront dans les ann\u00e9es \u00e0 venir. Pour en savoir plus sur cette initiative, vous pouvez vous rendre sur le site de <a href=\"https:\/\/www.greenpeace.fr\/presidentielle-2042\/\" target=\"_blank\" rel=\"noopener\">Greenpeace<\/a>.<\/p>\n<p style=\"text-align: center;\"><iframe loading=\"lazy\" title=\"YouTube video player\" src=\"https:\/\/www.youtube.com\/embed\/Evg_V_hpdHk\" width=\"560\" height=\"315\" frameborder=\"0\" allowfullscreen=\"allowfullscreen\"><\/iframe><\/p>\n","protected":false},"excerpt":{"rendered":"<p>Bien le bonjour le monde digital ! Alors que les interrogations concernant la situation climatique sont plus que d\u2019actualit\u00e9, elles semblent une fois de plus parfois oubli\u00e9es des politiques lors de leurs d\u00e9bats \u00e0 l\u2019approche des \u00e9lections pr\u00e9sidentielles 2022. L\u2019occasion pour Greenpeace de d\u00e9voiler une campagne troublante intitul\u00e9e \u201cPr\u00e9sidentielles 2042\u201d o\u00f9 6 personnalit\u00e9s publiques et [&hellip;]<\/p>\n","protected":false},"author":1,"featured_media":5622,"comment_status":"closed","ping_status":"open","sticky":false,"template":"","format":"standard","meta":{"_et_pb_use_builder":"","_et_pb_old_content":"","_et_gb_content_width":"","footnotes":""},"categories":[113],"tags":[2098,1664,415,2099],"class_list":["post-5621","post","type-post","status-publish","format-standard","has-post-thumbnail","hentry","category-communication","tag-agence-84-paris","tag-deepfake","tag-greenpeace","tag-presidentielles-2042"],"yoast_head":"<!-- This site is optimized with the Yoast SEO plugin v27.3 - https:\/\/yoast.com\/product\/yoast-seo-wordpress\/ -->\n<title>Pr\u00e9sidentielles 2042 - Alexandre Cenis<\/title>\n<meta name=\"robots\" content=\"index, follow, max-snippet:-1, max-image-preview:large, max-video-preview:-1\" \/>\n<link rel=\"canonical\" href=\"https:\/\/alexandrecenis.com\/index.php\/2022\/03\/01\/presidentielles-2042\/\" \/>\n<meta property=\"og:locale\" content=\"fr_FR\" \/>\n<meta property=\"og:type\" content=\"article\" \/>\n<meta property=\"og:title\" content=\"Pr\u00e9sidentielles 2042 - Alexandre Cenis\" \/>\n<meta property=\"og:description\" content=\"Bien le bonjour le monde digital ! Alors que les interrogations concernant la situation climatique sont plus que d\u2019actualit\u00e9, elles semblent une fois de plus parfois oubli\u00e9es des politiques lors de leurs d\u00e9bats \u00e0 l\u2019approche des \u00e9lections pr\u00e9sidentielles 2022. L\u2019occasion pour Greenpeace de d\u00e9voiler une campagne troublante intitul\u00e9e \u201cPr\u00e9sidentielles 2042\u201d o\u00f9 6 personnalit\u00e9s publiques et [&hellip;]\" \/>\n<meta property=\"og:url\" content=\"https:\/\/alexandrecenis.com\/index.php\/2022\/03\/01\/presidentielles-2042\/\" \/>\n<meta property=\"og:site_name\" content=\"Alexandre Cenis\" \/>\n<meta property=\"article:published_time\" content=\"2022-03-01T05:29:42+00:00\" \/>\n<meta property=\"og:image\" content=\"https:\/\/alexandrecenis.com\/wp-content\/uploads\/2022\/03\/1.png\" \/>\n\t<meta property=\"og:image:width\" content=\"681\" \/>\n\t<meta property=\"og:image:height\" content=\"385\" \/>\n\t<meta property=\"og:image:type\" content=\"image\/png\" \/>\n<meta name=\"author\" content=\"admin8497\" \/>\n<meta name=\"twitter:card\" content=\"summary_large_image\" \/>\n<meta name=\"twitter:creator\" content=\"@alexandrecenis\" \/>\n<meta name=\"twitter:site\" content=\"@alexandrecenis\" \/>\n<meta name=\"twitter:label1\" content=\"\u00c9crit par\" \/>\n\t<meta name=\"twitter:data1\" content=\"admin8497\" \/>\n\t<meta name=\"twitter:label2\" content=\"Dur\u00e9e de lecture estim\u00e9e\" \/>\n\t<meta name=\"twitter:data2\" content=\"2 minutes\" \/>\n<script type=\"application\/ld+json\" class=\"yoast-schema-graph\">{\"@context\":\"https:\\\/\\\/schema.org\",\"@graph\":[{\"@type\":\"Article\",\"@id\":\"https:\\\/\\\/alexandrecenis.com\\\/index.php\\\/2022\\\/03\\\/01\\\/presidentielles-2042\\\/#article\",\"isPartOf\":{\"@id\":\"https:\\\/\\\/alexandrecenis.com\\\/index.php\\\/2022\\\/03\\\/01\\\/presidentielles-2042\\\/\"},\"author\":{\"name\":\"admin8497\",\"@id\":\"https:\\\/\\\/alexandrecenis.com\\\/#\\\/schema\\\/person\\\/cb034178deaf60a8602f9c700c5b1c83\"},\"headline\":\"Pr\u00e9sidentielles 2042\",\"datePublished\":\"2022-03-01T05:29:42+00:00\",\"mainEntityOfPage\":{\"@id\":\"https:\\\/\\\/alexandrecenis.com\\\/index.php\\\/2022\\\/03\\\/01\\\/presidentielles-2042\\\/\"},\"wordCount\":267,\"image\":{\"@id\":\"https:\\\/\\\/alexandrecenis.com\\\/index.php\\\/2022\\\/03\\\/01\\\/presidentielles-2042\\\/#primaryimage\"},\"thumbnailUrl\":\"https:\\\/\\\/alexandrecenis.com\\\/wp-content\\\/uploads\\\/2022\\\/03\\\/1.png\",\"keywords\":[\"agence 84.Paris\",\"deepfake\",\"greenpeace\",\"Pr\u00e9sidentielles 2042\"],\"articleSection\":[\"Communication\"],\"inLanguage\":\"fr-FR\"},{\"@type\":\"WebPage\",\"@id\":\"https:\\\/\\\/alexandrecenis.com\\\/index.php\\\/2022\\\/03\\\/01\\\/presidentielles-2042\\\/\",\"url\":\"https:\\\/\\\/alexandrecenis.com\\\/index.php\\\/2022\\\/03\\\/01\\\/presidentielles-2042\\\/\",\"name\":\"Pr\u00e9sidentielles 2042 - Alexandre Cenis\",\"isPartOf\":{\"@id\":\"https:\\\/\\\/alexandrecenis.com\\\/#website\"},\"primaryImageOfPage\":{\"@id\":\"https:\\\/\\\/alexandrecenis.com\\\/index.php\\\/2022\\\/03\\\/01\\\/presidentielles-2042\\\/#primaryimage\"},\"image\":{\"@id\":\"https:\\\/\\\/alexandrecenis.com\\\/index.php\\\/2022\\\/03\\\/01\\\/presidentielles-2042\\\/#primaryimage\"},\"thumbnailUrl\":\"https:\\\/\\\/alexandrecenis.com\\\/wp-content\\\/uploads\\\/2022\\\/03\\\/1.png\",\"datePublished\":\"2022-03-01T05:29:42+00:00\",\"author\":{\"@id\":\"https:\\\/\\\/alexandrecenis.com\\\/#\\\/schema\\\/person\\\/cb034178deaf60a8602f9c700c5b1c83\"},\"breadcrumb\":{\"@id\":\"https:\\\/\\\/alexandrecenis.com\\\/index.php\\\/2022\\\/03\\\/01\\\/presidentielles-2042\\\/#breadcrumb\"},\"inLanguage\":\"fr-FR\",\"potentialAction\":[{\"@type\":\"ReadAction\",\"target\":[\"https:\\\/\\\/alexandrecenis.com\\\/index.php\\\/2022\\\/03\\\/01\\\/presidentielles-2042\\\/\"]}]},{\"@type\":\"ImageObject\",\"inLanguage\":\"fr-FR\",\"@id\":\"https:\\\/\\\/alexandrecenis.com\\\/index.php\\\/2022\\\/03\\\/01\\\/presidentielles-2042\\\/#primaryimage\",\"url\":\"https:\\\/\\\/alexandrecenis.com\\\/wp-content\\\/uploads\\\/2022\\\/03\\\/1.png\",\"contentUrl\":\"https:\\\/\\\/alexandrecenis.com\\\/wp-content\\\/uploads\\\/2022\\\/03\\\/1.png\",\"width\":681,\"height\":385},{\"@type\":\"BreadcrumbList\",\"@id\":\"https:\\\/\\\/alexandrecenis.com\\\/index.php\\\/2022\\\/03\\\/01\\\/presidentielles-2042\\\/#breadcrumb\",\"itemListElement\":[{\"@type\":\"ListItem\",\"position\":1,\"name\":\"Home\",\"item\":\"https:\\\/\\\/alexandrecenis.com\\\/\"},{\"@type\":\"ListItem\",\"position\":2,\"name\":\"Pr\u00e9sidentielles 2042\"}]},{\"@type\":\"WebSite\",\"@id\":\"https:\\\/\\\/alexandrecenis.com\\\/#website\",\"url\":\"https:\\\/\\\/alexandrecenis.com\\\/\",\"name\":\"Alexandre Cenis\",\"description\":\"Intelligence Cr\u00e9ative\",\"potentialAction\":[{\"@type\":\"SearchAction\",\"target\":{\"@type\":\"EntryPoint\",\"urlTemplate\":\"https:\\\/\\\/alexandrecenis.com\\\/?s={search_term_string}\"},\"query-input\":{\"@type\":\"PropertyValueSpecification\",\"valueRequired\":true,\"valueName\":\"search_term_string\"}}],\"inLanguage\":\"fr-FR\"},{\"@type\":\"Person\",\"@id\":\"https:\\\/\\\/alexandrecenis.com\\\/#\\\/schema\\\/person\\\/cb034178deaf60a8602f9c700c5b1c83\",\"name\":\"admin8497\",\"image\":{\"@type\":\"ImageObject\",\"inLanguage\":\"fr-FR\",\"@id\":\"https:\\\/\\\/secure.gravatar.com\\\/avatar\\\/9586a1b4e51047e1977e647153ddd075f143e741c8e5ba4d03f6cfa4c61126fd?s=96&d=mm&r=g\",\"url\":\"https:\\\/\\\/secure.gravatar.com\\\/avatar\\\/9586a1b4e51047e1977e647153ddd075f143e741c8e5ba4d03f6cfa4c61126fd?s=96&d=mm&r=g\",\"contentUrl\":\"https:\\\/\\\/secure.gravatar.com\\\/avatar\\\/9586a1b4e51047e1977e647153ddd075f143e741c8e5ba4d03f6cfa4c61126fd?s=96&d=mm&r=g\",\"caption\":\"admin8497\"},\"url\":\"https:\\\/\\\/alexandrecenis.com\\\/index.php\\\/author\\\/admin8497\\\/\"}]}<\/script>\n<!-- \/ Yoast SEO plugin. -->","yoast_head_json":{"title":"Pr\u00e9sidentielles 2042 - Alexandre Cenis","robots":{"index":"index","follow":"follow","max-snippet":"max-snippet:-1","max-image-preview":"max-image-preview:large","max-video-preview":"max-video-preview:-1"},"canonical":"https:\/\/alexandrecenis.com\/index.php\/2022\/03\/01\/presidentielles-2042\/","og_locale":"fr_FR","og_type":"article","og_title":"Pr\u00e9sidentielles 2042 - Alexandre Cenis","og_description":"Bien le bonjour le monde digital ! Alors que les interrogations concernant la situation climatique sont plus que d\u2019actualit\u00e9, elles semblent une fois de plus parfois oubli\u00e9es des politiques lors de leurs d\u00e9bats \u00e0 l\u2019approche des \u00e9lections pr\u00e9sidentielles 2022. L\u2019occasion pour Greenpeace de d\u00e9voiler une campagne troublante intitul\u00e9e \u201cPr\u00e9sidentielles 2042\u201d o\u00f9 6 personnalit\u00e9s publiques et [&hellip;]","og_url":"https:\/\/alexandrecenis.com\/index.php\/2022\/03\/01\/presidentielles-2042\/","og_site_name":"Alexandre Cenis","article_published_time":"2022-03-01T05:29:42+00:00","og_image":[{"width":681,"height":385,"url":"https:\/\/alexandrecenis.com\/wp-content\/uploads\/2022\/03\/1.png","type":"image\/png"}],"author":"admin8497","twitter_card":"summary_large_image","twitter_creator":"@alexandrecenis","twitter_site":"@alexandrecenis","twitter_misc":{"\u00c9crit par":"admin8497","Dur\u00e9e de lecture estim\u00e9e":"2 minutes"},"schema":{"@context":"https:\/\/schema.org","@graph":[{"@type":"Article","@id":"https:\/\/alexandrecenis.com\/index.php\/2022\/03\/01\/presidentielles-2042\/#article","isPartOf":{"@id":"https:\/\/alexandrecenis.com\/index.php\/2022\/03\/01\/presidentielles-2042\/"},"author":{"name":"admin8497","@id":"https:\/\/alexandrecenis.com\/#\/schema\/person\/cb034178deaf60a8602f9c700c5b1c83"},"headline":"Pr\u00e9sidentielles 2042","datePublished":"2022-03-01T05:29:42+00:00","mainEntityOfPage":{"@id":"https:\/\/alexandrecenis.com\/index.php\/2022\/03\/01\/presidentielles-2042\/"},"wordCount":267,"image":{"@id":"https:\/\/alexandrecenis.com\/index.php\/2022\/03\/01\/presidentielles-2042\/#primaryimage"},"thumbnailUrl":"https:\/\/alexandrecenis.com\/wp-content\/uploads\/2022\/03\/1.png","keywords":["agence 84.Paris","deepfake","greenpeace","Pr\u00e9sidentielles 2042"],"articleSection":["Communication"],"inLanguage":"fr-FR"},{"@type":"WebPage","@id":"https:\/\/alexandrecenis.com\/index.php\/2022\/03\/01\/presidentielles-2042\/","url":"https:\/\/alexandrecenis.com\/index.php\/2022\/03\/01\/presidentielles-2042\/","name":"Pr\u00e9sidentielles 2042 - Alexandre Cenis","isPartOf":{"@id":"https:\/\/alexandrecenis.com\/#website"},"primaryImageOfPage":{"@id":"https:\/\/alexandrecenis.com\/index.php\/2022\/03\/01\/presidentielles-2042\/#primaryimage"},"image":{"@id":"https:\/\/alexandrecenis.com\/index.php\/2022\/03\/01\/presidentielles-2042\/#primaryimage"},"thumbnailUrl":"https:\/\/alexandrecenis.com\/wp-content\/uploads\/2022\/03\/1.png","datePublished":"2022-03-01T05:29:42+00:00","author":{"@id":"https:\/\/alexandrecenis.com\/#\/schema\/person\/cb034178deaf60a8602f9c700c5b1c83"},"breadcrumb":{"@id":"https:\/\/alexandrecenis.com\/index.php\/2022\/03\/01\/presidentielles-2042\/#breadcrumb"},"inLanguage":"fr-FR","potentialAction":[{"@type":"ReadAction","target":["https:\/\/alexandrecenis.com\/index.php\/2022\/03\/01\/presidentielles-2042\/"]}]},{"@type":"ImageObject","inLanguage":"fr-FR","@id":"https:\/\/alexandrecenis.com\/index.php\/2022\/03\/01\/presidentielles-2042\/#primaryimage","url":"https:\/\/alexandrecenis.com\/wp-content\/uploads\/2022\/03\/1.png","contentUrl":"https:\/\/alexandrecenis.com\/wp-content\/uploads\/2022\/03\/1.png","width":681,"height":385},{"@type":"BreadcrumbList","@id":"https:\/\/alexandrecenis.com\/index.php\/2022\/03\/01\/presidentielles-2042\/#breadcrumb","itemListElement":[{"@type":"ListItem","position":1,"name":"Home","item":"https:\/\/alexandrecenis.com\/"},{"@type":"ListItem","position":2,"name":"Pr\u00e9sidentielles 2042"}]},{"@type":"WebSite","@id":"https:\/\/alexandrecenis.com\/#website","url":"https:\/\/alexandrecenis.com\/","name":"Alexandre Cenis","description":"Intelligence Cr\u00e9ative","potentialAction":[{"@type":"SearchAction","target":{"@type":"EntryPoint","urlTemplate":"https:\/\/alexandrecenis.com\/?s={search_term_string}"},"query-input":{"@type":"PropertyValueSpecification","valueRequired":true,"valueName":"search_term_string"}}],"inLanguage":"fr-FR"},{"@type":"Person","@id":"https:\/\/alexandrecenis.com\/#\/schema\/person\/cb034178deaf60a8602f9c700c5b1c83","name":"admin8497","image":{"@type":"ImageObject","inLanguage":"fr-FR","@id":"https:\/\/secure.gravatar.com\/avatar\/9586a1b4e51047e1977e647153ddd075f143e741c8e5ba4d03f6cfa4c61126fd?s=96&d=mm&r=g","url":"https:\/\/secure.gravatar.com\/avatar\/9586a1b4e51047e1977e647153ddd075f143e741c8e5ba4d03f6cfa4c61126fd?s=96&d=mm&r=g","contentUrl":"https:\/\/secure.gravatar.com\/avatar\/9586a1b4e51047e1977e647153ddd075f143e741c8e5ba4d03f6cfa4c61126fd?s=96&d=mm&r=g","caption":"admin8497"},"url":"https:\/\/alexandrecenis.com\/index.php\/author\/admin8497\/"}]}},"_links":{"self":[{"href":"https:\/\/alexandrecenis.com\/index.php\/wp-json\/wp\/v2\/posts\/5621","targetHints":{"allow":["GET"]}}],"collection":[{"href":"https:\/\/alexandrecenis.com\/index.php\/wp-json\/wp\/v2\/posts"}],"about":[{"href":"https:\/\/alexandrecenis.com\/index.php\/wp-json\/wp\/v2\/types\/post"}],"author":[{"embeddable":true,"href":"https:\/\/alexandrecenis.com\/index.php\/wp-json\/wp\/v2\/users\/1"}],"replies":[{"embeddable":true,"href":"https:\/\/alexandrecenis.com\/index.php\/wp-json\/wp\/v2\/comments?post=5621"}],"version-history":[{"count":2,"href":"https:\/\/alexandrecenis.com\/index.php\/wp-json\/wp\/v2\/posts\/5621\/revisions"}],"predecessor-version":[{"id":5628,"href":"https:\/\/alexandrecenis.com\/index.php\/wp-json\/wp\/v2\/posts\/5621\/revisions\/5628"}],"wp:featuredmedia":[{"embeddable":true,"href":"https:\/\/alexandrecenis.com\/index.php\/wp-json\/wp\/v2\/media\/5622"}],"wp:attachment":[{"href":"https:\/\/alexandrecenis.com\/index.php\/wp-json\/wp\/v2\/media?parent=5621"}],"wp:term":[{"taxonomy":"category","embeddable":true,"href":"https:\/\/alexandrecenis.com\/index.php\/wp-json\/wp\/v2\/categories?post=5621"},{"taxonomy":"post_tag","embeddable":true,"href":"https:\/\/alexandrecenis.com\/index.php\/wp-json\/wp\/v2\/tags?post=5621"}],"curies":[{"name":"wp","href":"https:\/\/api.w.org\/{rel}","templated":true}]}}