{"id":5294,"date":"2021-12-09T07:09:51","date_gmt":"2021-12-09T06:09:51","guid":{"rendered":"https:\/\/alexandrecenis.com\/?p=5294"},"modified":"2021-12-09T07:09:51","modified_gmt":"2021-12-09T06:09:51","slug":"un-fauteuil-pour-deux","status":"publish","type":"post","link":"https:\/\/alexandrecenis.com\/index.php\/2021\/12\/09\/un-fauteuil-pour-deux\/","title":{"rendered":"Un fauteuil pour deux"},"content":{"rendered":"<p style=\"text-align: justify;\">Bien le bonjour le monde digital ! Le saviez-vous : depuis le 15 novembre dernier \u00e0 Paris, les trottinettes \u00e9lectriques ont vu leur vitesse maximale diminu\u00e9e passant de 25 \u00e0 10 km\/h dans les rues les plus passantes et touristiques de la capitale. \u00c0 cette occasion, l\u2019association APACAUVI, qui lutte contre les incivilit\u00e9s en deux roues dans les villes, a d\u00e9voil\u00e9 sa derni\u00e8re campagne de sensibilisation et elle n\u2019y est pas all\u00e9e par quatre chemins. Allez venez, je vais tout vous expliquer : Com&rsquo; with me !<\/p>\n<p style=\"text-align: center;\"><iframe loading=\"lazy\" src=\"https:\/\/w.soundcloud.com\/player\/?url=https%3A\/\/api.soundcloud.com\/tracks\/1174545910&amp;color=%23ff5500&amp;auto_play=false&amp;hide_related=false&amp;show_comments=true&amp;show_user=true&amp;show_reposts=false&amp;show_teaser=true&amp;visual=true\" width=\"100%\" height=\"300\" frameborder=\"no\" scrolling=\"no\"><\/iframe><\/p>\n<p style=\"text-align: justify;\">Cette initiative baptis\u00e9e \u201cLe mauvais moyen de transport\u201d a \u00e9t\u00e9 r\u00e9alis\u00e9e en collaboration avec l\u2019agence de communication MullenLowe. Les deux entit\u00e9s ont d\u00e9cid\u00e9 d\u2019installer des fauteuils roulants aux endroits o\u00f9 sont stationn\u00e9s les trottinettes. Objectif : sensibiliser les utilisateurs de trottinettes \u00e9lectriques sur leurs comportements \u00e0 risque et les dangers qu\u2019ils font courir aux autres usagers de la voie publique.<\/p>\n<p><img loading=\"lazy\" decoding=\"async\" class=\"aligncenter wp-image-5296 size-large\" src=\"https:\/\/alexandrecenis.com\/wp-content\/uploads\/2021\/12\/apacauvi-fauteuils-roulants-trottinettes-electriques-2-1024x536.jpg\" alt=\"\" width=\"1024\" height=\"536\" srcset=\"https:\/\/alexandrecenis.com\/wp-content\/uploads\/2021\/12\/apacauvi-fauteuils-roulants-trottinettes-electriques-2-1024x536.jpg 1024w, https:\/\/alexandrecenis.com\/wp-content\/uploads\/2021\/12\/apacauvi-fauteuils-roulants-trottinettes-electriques-2-980x513.jpg 980w, https:\/\/alexandrecenis.com\/wp-content\/uploads\/2021\/12\/apacauvi-fauteuils-roulants-trottinettes-electriques-2-480x251.jpg 480w\" sizes=\"(min-width: 0px) and (max-width: 480px) 480px, (min-width: 481px) and (max-width: 980px) 980px, (min-width: 981px) 1024px, 100vw\" \/><\/p>\n<p><img loading=\"lazy\" decoding=\"async\" class=\"aligncenter wp-image-5297 size-large\" src=\"https:\/\/alexandrecenis.com\/wp-content\/uploads\/2021\/12\/apacauvi-fauteuils-roulants-trottinettes-electriques-3-1024x532.jpg\" alt=\"\" width=\"1024\" height=\"532\" srcset=\"https:\/\/alexandrecenis.com\/wp-content\/uploads\/2021\/12\/apacauvi-fauteuils-roulants-trottinettes-electriques-3-1024x532.jpg 1024w, https:\/\/alexandrecenis.com\/wp-content\/uploads\/2021\/12\/apacauvi-fauteuils-roulants-trottinettes-electriques-3-980x509.jpg 980w, https:\/\/alexandrecenis.com\/wp-content\/uploads\/2021\/12\/apacauvi-fauteuils-roulants-trottinettes-electriques-3-480x249.jpg 480w\" sizes=\"(min-width: 0px) and (max-width: 480px) 480px, (min-width: 481px) and (max-width: 980px) 980px, (min-width: 981px) 1024px, 100vw\" \/><\/p>\n<p style=\"text-align: justify;\">Ces fauteuils roulants portant la mention\u00a0\u201cUn moyen de transport peut en amener un autre\u201d ont \u00e9t\u00e9 dispos\u00e9s depuis la fin du mois de novembre dans plusieurs grandes m\u00e9tropoles avec l\u2019espoir qu\u2019ils permettront une r\u00e9elle prise de conscience. Objectif : faire baisser le nombre d\u2019accidents de trottinettes qui s\u2019\u00e9l\u00e8ve tout de m\u00eame \u00e0 pr\u00e8s de 300 depuis le d\u00e9but de l\u2019ann\u00e9e.<\/p>\n<p><img loading=\"lazy\" decoding=\"async\" class=\"aligncenter wp-image-5298 size-full\" src=\"https:\/\/alexandrecenis.com\/wp-content\/uploads\/2021\/12\/apacauvi-fauteuils-roulants-trottinettes-electriques-21-760x507-1.jpg\" alt=\"\" width=\"760\" height=\"507\" srcset=\"https:\/\/alexandrecenis.com\/wp-content\/uploads\/2021\/12\/apacauvi-fauteuils-roulants-trottinettes-electriques-21-760x507-1.jpg 760w, https:\/\/alexandrecenis.com\/wp-content\/uploads\/2021\/12\/apacauvi-fauteuils-roulants-trottinettes-electriques-21-760x507-1-480x320.jpg 480w\" sizes=\"(min-width: 0px) and (max-width: 480px) 480px, (min-width: 481px) 760px, 100vw\" \/><\/p>\n<p><img loading=\"lazy\" decoding=\"async\" class=\"aligncenter wp-image-5295 \" src=\"https:\/\/alexandrecenis.com\/wp-content\/uploads\/2021\/12\/apacauvi-fauteuils-roulants-trottinettes-electriques-1-1024x535.jpg\" alt=\"\" width=\"754\" height=\"394\" \/><\/p>\n<p style=\"text-align: justify;\">Plut\u00f4t que de miser sur une campagne d\u2019affichage classique, l\u2019association a opt\u00e9 pour une strat\u00e9gie de guerilla marketing qui consiste \u00e0 diffuser un message impactant avec un concept non conventionnel et \u00e0 moindre frais. Le moins que l\u2019on puisse dire, c\u2019est ce que le pari est plut\u00f4t r\u00e9ussi car en seulement quelques jours, les fauteuils se sont d\u00e9j\u00e0 bien fait remarqu\u00e9s cr\u00e9ant surprise et interrogation aupr\u00e8s des riverains.<\/p>\n","protected":false},"excerpt":{"rendered":"<p>Bien le bonjour le monde digital ! Le saviez-vous : depuis le 15 novembre dernier \u00e0 Paris, les trottinettes \u00e9lectriques ont vu leur vitesse maximale diminu\u00e9e passant de 25 \u00e0 10 km\/h dans les rues les plus passantes et touristiques de la capitale. \u00c0 cette occasion, l\u2019association APACAUVI, qui lutte contre les incivilit\u00e9s en deux [&hellip;]<\/p>\n","protected":false},"author":1,"featured_media":5296,"comment_status":"closed","ping_status":"open","sticky":false,"template":"","format":"standard","meta":{"_et_pb_use_builder":"","_et_pb_old_content":"","_et_gb_content_width":"","footnotes":""},"categories":[113],"tags":[1996,1992,1994,1993,1995],"class_list":["post-5294","post","type-post","status-publish","format-standard","has-post-thumbnail","hentry","category-communication","tag-accidents","tag-apacauvi","tag-fauteuils-roulants","tag-mullenlowe","tag-trottinettes"],"yoast_head":"<!-- This site is optimized with the Yoast SEO plugin v27.3 - https:\/\/yoast.com\/product\/yoast-seo-wordpress\/ -->\n<title>Un fauteuil pour deux - Alexandre Cenis<\/title>\n<meta name=\"robots\" content=\"index, follow, max-snippet:-1, max-image-preview:large, max-video-preview:-1\" \/>\n<link rel=\"canonical\" href=\"https:\/\/alexandrecenis.com\/index.php\/2021\/12\/09\/un-fauteuil-pour-deux\/\" \/>\n<meta property=\"og:locale\" content=\"fr_FR\" \/>\n<meta property=\"og:type\" content=\"article\" \/>\n<meta property=\"og:title\" content=\"Un fauteuil pour deux - Alexandre Cenis\" \/>\n<meta property=\"og:description\" content=\"Bien le bonjour le monde digital ! Le saviez-vous : depuis le 15 novembre dernier \u00e0 Paris, les trottinettes \u00e9lectriques ont vu leur vitesse maximale diminu\u00e9e passant de 25 \u00e0 10 km\/h dans les rues les plus passantes et touristiques de la capitale. \u00c0 cette occasion, l\u2019association APACAUVI, qui lutte contre les incivilit\u00e9s en deux [&hellip;]\" \/>\n<meta property=\"og:url\" content=\"https:\/\/alexandrecenis.com\/index.php\/2021\/12\/09\/un-fauteuil-pour-deux\/\" \/>\n<meta property=\"og:site_name\" content=\"Alexandre Cenis\" \/>\n<meta property=\"article:published_time\" content=\"2021-12-09T06:09:51+00:00\" \/>\n<meta property=\"og:image\" content=\"https:\/\/alexandrecenis.com\/wp-content\/uploads\/2021\/12\/apacauvi-fauteuils-roulants-trottinettes-electriques-2.jpg\" \/>\n\t<meta property=\"og:image:width\" content=\"1200\" \/>\n\t<meta property=\"og:image:height\" content=\"628\" \/>\n\t<meta property=\"og:image:type\" content=\"image\/jpeg\" \/>\n<meta name=\"author\" content=\"admin8497\" \/>\n<meta name=\"twitter:card\" content=\"summary_large_image\" \/>\n<meta name=\"twitter:creator\" content=\"@alexandrecenis\" \/>\n<meta name=\"twitter:site\" content=\"@alexandrecenis\" \/>\n<meta name=\"twitter:label1\" content=\"\u00c9crit par\" \/>\n\t<meta name=\"twitter:data1\" content=\"admin8497\" \/>\n\t<meta name=\"twitter:label2\" content=\"Dur\u00e9e de lecture estim\u00e9e\" \/>\n\t<meta name=\"twitter:data2\" content=\"2 minutes\" \/>\n<script type=\"application\/ld+json\" class=\"yoast-schema-graph\">{\"@context\":\"https:\\\/\\\/schema.org\",\"@graph\":[{\"@type\":\"Article\",\"@id\":\"https:\\\/\\\/alexandrecenis.com\\\/index.php\\\/2021\\\/12\\\/09\\\/un-fauteuil-pour-deux\\\/#article\",\"isPartOf\":{\"@id\":\"https:\\\/\\\/alexandrecenis.com\\\/index.php\\\/2021\\\/12\\\/09\\\/un-fauteuil-pour-deux\\\/\"},\"author\":{\"name\":\"admin8497\",\"@id\":\"https:\\\/\\\/alexandrecenis.com\\\/#\\\/schema\\\/person\\\/cb034178deaf60a8602f9c700c5b1c83\"},\"headline\":\"Un fauteuil pour deux\",\"datePublished\":\"2021-12-09T06:09:51+00:00\",\"mainEntityOfPage\":{\"@id\":\"https:\\\/\\\/alexandrecenis.com\\\/index.php\\\/2021\\\/12\\\/09\\\/un-fauteuil-pour-deux\\\/\"},\"wordCount\":305,\"image\":{\"@id\":\"https:\\\/\\\/alexandrecenis.com\\\/index.php\\\/2021\\\/12\\\/09\\\/un-fauteuil-pour-deux\\\/#primaryimage\"},\"thumbnailUrl\":\"https:\\\/\\\/alexandrecenis.com\\\/wp-content\\\/uploads\\\/2021\\\/12\\\/apacauvi-fauteuils-roulants-trottinettes-electriques-2.jpg\",\"keywords\":[\"accidents\",\"APACAUVI\",\"fauteuils roulants\",\"MullenLowe\",\"trottinettes\"],\"articleSection\":[\"Communication\"],\"inLanguage\":\"fr-FR\"},{\"@type\":\"WebPage\",\"@id\":\"https:\\\/\\\/alexandrecenis.com\\\/index.php\\\/2021\\\/12\\\/09\\\/un-fauteuil-pour-deux\\\/\",\"url\":\"https:\\\/\\\/alexandrecenis.com\\\/index.php\\\/2021\\\/12\\\/09\\\/un-fauteuil-pour-deux\\\/\",\"name\":\"Un fauteuil pour deux - Alexandre Cenis\",\"isPartOf\":{\"@id\":\"https:\\\/\\\/alexandrecenis.com\\\/#website\"},\"primaryImageOfPage\":{\"@id\":\"https:\\\/\\\/alexandrecenis.com\\\/index.php\\\/2021\\\/12\\\/09\\\/un-fauteuil-pour-deux\\\/#primaryimage\"},\"image\":{\"@id\":\"https:\\\/\\\/alexandrecenis.com\\\/index.php\\\/2021\\\/12\\\/09\\\/un-fauteuil-pour-deux\\\/#primaryimage\"},\"thumbnailUrl\":\"https:\\\/\\\/alexandrecenis.com\\\/wp-content\\\/uploads\\\/2021\\\/12\\\/apacauvi-fauteuils-roulants-trottinettes-electriques-2.jpg\",\"datePublished\":\"2021-12-09T06:09:51+00:00\",\"author\":{\"@id\":\"https:\\\/\\\/alexandrecenis.com\\\/#\\\/schema\\\/person\\\/cb034178deaf60a8602f9c700c5b1c83\"},\"breadcrumb\":{\"@id\":\"https:\\\/\\\/alexandrecenis.com\\\/index.php\\\/2021\\\/12\\\/09\\\/un-fauteuil-pour-deux\\\/#breadcrumb\"},\"inLanguage\":\"fr-FR\",\"potentialAction\":[{\"@type\":\"ReadAction\",\"target\":[\"https:\\\/\\\/alexandrecenis.com\\\/index.php\\\/2021\\\/12\\\/09\\\/un-fauteuil-pour-deux\\\/\"]}]},{\"@type\":\"ImageObject\",\"inLanguage\":\"fr-FR\",\"@id\":\"https:\\\/\\\/alexandrecenis.com\\\/index.php\\\/2021\\\/12\\\/09\\\/un-fauteuil-pour-deux\\\/#primaryimage\",\"url\":\"https:\\\/\\\/alexandrecenis.com\\\/wp-content\\\/uploads\\\/2021\\\/12\\\/apacauvi-fauteuils-roulants-trottinettes-electriques-2.jpg\",\"contentUrl\":\"https:\\\/\\\/alexandrecenis.com\\\/wp-content\\\/uploads\\\/2021\\\/12\\\/apacauvi-fauteuils-roulants-trottinettes-electriques-2.jpg\",\"width\":1200,\"height\":628},{\"@type\":\"BreadcrumbList\",\"@id\":\"https:\\\/\\\/alexandrecenis.com\\\/index.php\\\/2021\\\/12\\\/09\\\/un-fauteuil-pour-deux\\\/#breadcrumb\",\"itemListElement\":[{\"@type\":\"ListItem\",\"position\":1,\"name\":\"Home\",\"item\":\"https:\\\/\\\/alexandrecenis.com\\\/\"},{\"@type\":\"ListItem\",\"position\":2,\"name\":\"Un fauteuil pour deux\"}]},{\"@type\":\"WebSite\",\"@id\":\"https:\\\/\\\/alexandrecenis.com\\\/#website\",\"url\":\"https:\\\/\\\/alexandrecenis.com\\\/\",\"name\":\"Alexandre Cenis\",\"description\":\"Intelligence Cr\u00e9ative\",\"potentialAction\":[{\"@type\":\"SearchAction\",\"target\":{\"@type\":\"EntryPoint\",\"urlTemplate\":\"https:\\\/\\\/alexandrecenis.com\\\/?s={search_term_string}\"},\"query-input\":{\"@type\":\"PropertyValueSpecification\",\"valueRequired\":true,\"valueName\":\"search_term_string\"}}],\"inLanguage\":\"fr-FR\"},{\"@type\":\"Person\",\"@id\":\"https:\\\/\\\/alexandrecenis.com\\\/#\\\/schema\\\/person\\\/cb034178deaf60a8602f9c700c5b1c83\",\"name\":\"admin8497\",\"image\":{\"@type\":\"ImageObject\",\"inLanguage\":\"fr-FR\",\"@id\":\"https:\\\/\\\/secure.gravatar.com\\\/avatar\\\/9586a1b4e51047e1977e647153ddd075f143e741c8e5ba4d03f6cfa4c61126fd?s=96&d=mm&r=g\",\"url\":\"https:\\\/\\\/secure.gravatar.com\\\/avatar\\\/9586a1b4e51047e1977e647153ddd075f143e741c8e5ba4d03f6cfa4c61126fd?s=96&d=mm&r=g\",\"contentUrl\":\"https:\\\/\\\/secure.gravatar.com\\\/avatar\\\/9586a1b4e51047e1977e647153ddd075f143e741c8e5ba4d03f6cfa4c61126fd?s=96&d=mm&r=g\",\"caption\":\"admin8497\"},\"url\":\"https:\\\/\\\/alexandrecenis.com\\\/index.php\\\/author\\\/admin8497\\\/\"}]}<\/script>\n<!-- \/ Yoast SEO plugin. -->","yoast_head_json":{"title":"Un fauteuil pour deux - Alexandre Cenis","robots":{"index":"index","follow":"follow","max-snippet":"max-snippet:-1","max-image-preview":"max-image-preview:large","max-video-preview":"max-video-preview:-1"},"canonical":"https:\/\/alexandrecenis.com\/index.php\/2021\/12\/09\/un-fauteuil-pour-deux\/","og_locale":"fr_FR","og_type":"article","og_title":"Un fauteuil pour deux - Alexandre Cenis","og_description":"Bien le bonjour le monde digital ! Le saviez-vous : depuis le 15 novembre dernier \u00e0 Paris, les trottinettes \u00e9lectriques ont vu leur vitesse maximale diminu\u00e9e passant de 25 \u00e0 10 km\/h dans les rues les plus passantes et touristiques de la capitale. \u00c0 cette occasion, l\u2019association APACAUVI, qui lutte contre les incivilit\u00e9s en deux [&hellip;]","og_url":"https:\/\/alexandrecenis.com\/index.php\/2021\/12\/09\/un-fauteuil-pour-deux\/","og_site_name":"Alexandre Cenis","article_published_time":"2021-12-09T06:09:51+00:00","og_image":[{"width":1200,"height":628,"url":"https:\/\/alexandrecenis.com\/wp-content\/uploads\/2021\/12\/apacauvi-fauteuils-roulants-trottinettes-electriques-2.jpg","type":"image\/jpeg"}],"author":"admin8497","twitter_card":"summary_large_image","twitter_creator":"@alexandrecenis","twitter_site":"@alexandrecenis","twitter_misc":{"\u00c9crit par":"admin8497","Dur\u00e9e de lecture estim\u00e9e":"2 minutes"},"schema":{"@context":"https:\/\/schema.org","@graph":[{"@type":"Article","@id":"https:\/\/alexandrecenis.com\/index.php\/2021\/12\/09\/un-fauteuil-pour-deux\/#article","isPartOf":{"@id":"https:\/\/alexandrecenis.com\/index.php\/2021\/12\/09\/un-fauteuil-pour-deux\/"},"author":{"name":"admin8497","@id":"https:\/\/alexandrecenis.com\/#\/schema\/person\/cb034178deaf60a8602f9c700c5b1c83"},"headline":"Un fauteuil pour deux","datePublished":"2021-12-09T06:09:51+00:00","mainEntityOfPage":{"@id":"https:\/\/alexandrecenis.com\/index.php\/2021\/12\/09\/un-fauteuil-pour-deux\/"},"wordCount":305,"image":{"@id":"https:\/\/alexandrecenis.com\/index.php\/2021\/12\/09\/un-fauteuil-pour-deux\/#primaryimage"},"thumbnailUrl":"https:\/\/alexandrecenis.com\/wp-content\/uploads\/2021\/12\/apacauvi-fauteuils-roulants-trottinettes-electriques-2.jpg","keywords":["accidents","APACAUVI","fauteuils roulants","MullenLowe","trottinettes"],"articleSection":["Communication"],"inLanguage":"fr-FR"},{"@type":"WebPage","@id":"https:\/\/alexandrecenis.com\/index.php\/2021\/12\/09\/un-fauteuil-pour-deux\/","url":"https:\/\/alexandrecenis.com\/index.php\/2021\/12\/09\/un-fauteuil-pour-deux\/","name":"Un fauteuil pour deux - Alexandre Cenis","isPartOf":{"@id":"https:\/\/alexandrecenis.com\/#website"},"primaryImageOfPage":{"@id":"https:\/\/alexandrecenis.com\/index.php\/2021\/12\/09\/un-fauteuil-pour-deux\/#primaryimage"},"image":{"@id":"https:\/\/alexandrecenis.com\/index.php\/2021\/12\/09\/un-fauteuil-pour-deux\/#primaryimage"},"thumbnailUrl":"https:\/\/alexandrecenis.com\/wp-content\/uploads\/2021\/12\/apacauvi-fauteuils-roulants-trottinettes-electriques-2.jpg","datePublished":"2021-12-09T06:09:51+00:00","author":{"@id":"https:\/\/alexandrecenis.com\/#\/schema\/person\/cb034178deaf60a8602f9c700c5b1c83"},"breadcrumb":{"@id":"https:\/\/alexandrecenis.com\/index.php\/2021\/12\/09\/un-fauteuil-pour-deux\/#breadcrumb"},"inLanguage":"fr-FR","potentialAction":[{"@type":"ReadAction","target":["https:\/\/alexandrecenis.com\/index.php\/2021\/12\/09\/un-fauteuil-pour-deux\/"]}]},{"@type":"ImageObject","inLanguage":"fr-FR","@id":"https:\/\/alexandrecenis.com\/index.php\/2021\/12\/09\/un-fauteuil-pour-deux\/#primaryimage","url":"https:\/\/alexandrecenis.com\/wp-content\/uploads\/2021\/12\/apacauvi-fauteuils-roulants-trottinettes-electriques-2.jpg","contentUrl":"https:\/\/alexandrecenis.com\/wp-content\/uploads\/2021\/12\/apacauvi-fauteuils-roulants-trottinettes-electriques-2.jpg","width":1200,"height":628},{"@type":"BreadcrumbList","@id":"https:\/\/alexandrecenis.com\/index.php\/2021\/12\/09\/un-fauteuil-pour-deux\/#breadcrumb","itemListElement":[{"@type":"ListItem","position":1,"name":"Home","item":"https:\/\/alexandrecenis.com\/"},{"@type":"ListItem","position":2,"name":"Un fauteuil pour deux"}]},{"@type":"WebSite","@id":"https:\/\/alexandrecenis.com\/#website","url":"https:\/\/alexandrecenis.com\/","name":"Alexandre Cenis","description":"Intelligence Cr\u00e9ative","potentialAction":[{"@type":"SearchAction","target":{"@type":"EntryPoint","urlTemplate":"https:\/\/alexandrecenis.com\/?s={search_term_string}"},"query-input":{"@type":"PropertyValueSpecification","valueRequired":true,"valueName":"search_term_string"}}],"inLanguage":"fr-FR"},{"@type":"Person","@id":"https:\/\/alexandrecenis.com\/#\/schema\/person\/cb034178deaf60a8602f9c700c5b1c83","name":"admin8497","image":{"@type":"ImageObject","inLanguage":"fr-FR","@id":"https:\/\/secure.gravatar.com\/avatar\/9586a1b4e51047e1977e647153ddd075f143e741c8e5ba4d03f6cfa4c61126fd?s=96&d=mm&r=g","url":"https:\/\/secure.gravatar.com\/avatar\/9586a1b4e51047e1977e647153ddd075f143e741c8e5ba4d03f6cfa4c61126fd?s=96&d=mm&r=g","contentUrl":"https:\/\/secure.gravatar.com\/avatar\/9586a1b4e51047e1977e647153ddd075f143e741c8e5ba4d03f6cfa4c61126fd?s=96&d=mm&r=g","caption":"admin8497"},"url":"https:\/\/alexandrecenis.com\/index.php\/author\/admin8497\/"}]}},"_links":{"self":[{"href":"https:\/\/alexandrecenis.com\/index.php\/wp-json\/wp\/v2\/posts\/5294","targetHints":{"allow":["GET"]}}],"collection":[{"href":"https:\/\/alexandrecenis.com\/index.php\/wp-json\/wp\/v2\/posts"}],"about":[{"href":"https:\/\/alexandrecenis.com\/index.php\/wp-json\/wp\/v2\/types\/post"}],"author":[{"embeddable":true,"href":"https:\/\/alexandrecenis.com\/index.php\/wp-json\/wp\/v2\/users\/1"}],"replies":[{"embeddable":true,"href":"https:\/\/alexandrecenis.com\/index.php\/wp-json\/wp\/v2\/comments?post=5294"}],"version-history":[{"count":3,"href":"https:\/\/alexandrecenis.com\/index.php\/wp-json\/wp\/v2\/posts\/5294\/revisions"}],"predecessor-version":[{"id":5301,"href":"https:\/\/alexandrecenis.com\/index.php\/wp-json\/wp\/v2\/posts\/5294\/revisions\/5301"}],"wp:featuredmedia":[{"embeddable":true,"href":"https:\/\/alexandrecenis.com\/index.php\/wp-json\/wp\/v2\/media\/5296"}],"wp:attachment":[{"href":"https:\/\/alexandrecenis.com\/index.php\/wp-json\/wp\/v2\/media?parent=5294"}],"wp:term":[{"taxonomy":"category","embeddable":true,"href":"https:\/\/alexandrecenis.com\/index.php\/wp-json\/wp\/v2\/categories?post=5294"},{"taxonomy":"post_tag","embeddable":true,"href":"https:\/\/alexandrecenis.com\/index.php\/wp-json\/wp\/v2\/tags?post=5294"}],"curies":[{"name":"wp","href":"https:\/\/api.w.org\/{rel}","templated":true}]}}