{"id":5160,"date":"2021-11-23T06:36:25","date_gmt":"2021-11-23T05:36:25","guid":{"rendered":"https:\/\/alexandrecenis.com\/?p=5160"},"modified":"2021-11-23T06:36:25","modified_gmt":"2021-11-23T05:36:25","slug":"le-coeur-a-ses-raisons","status":"publish","type":"post","link":"https:\/\/alexandrecenis.com\/index.php\/2021\/11\/23\/le-coeur-a-ses-raisons\/","title":{"rendered":"Le coeur a ses raisons&#8230;."},"content":{"rendered":"<p style=\"text-align: justify;\">Bien le bonjour le monde digital ! \u00c0 l\u2019occasion de sa campagne annuelle d\u2019appel aux dons, les Restos du C\u0153ur et l\u2019agence Change lancent une campagne aussi dure que touchante avec comme th\u00e8me la pr\u00e9carit\u00e9 qui touche tous les milieux sociaux et toutes les tranches d\u2019\u00e2ge, des personnes qui ont tendance \u00e0 se renfermer sur eux pour \u00e9chapper au regard des autres. Venez, je vais tout vous expliquer, allez : Com&rsquo; with me !<\/p>\n<p style=\"text-align: center;\"><iframe loading=\"lazy\" src=\"https:\/\/w.soundcloud.com\/player\/?url=https%3A\/\/api.soundcloud.com\/tracks\/1165052335&amp;color=%23ff5500&amp;auto_play=false&amp;hide_related=false&amp;show_comments=true&amp;show_user=true&amp;show_reposts=false&amp;show_teaser=true&amp;visual=true\" width=\"100%\" height=\"300\" frameborder=\"no\" scrolling=\"no\"><\/iframe><\/p>\n<p style=\"text-align: justify;\">Dans un film r\u00e9alis\u00e9 par Manon Gaurin, l\u2019association a voulu mettre en avant la pr\u00e9carit\u00e9 chez les jeunes. Contrairement \u00e0 Amnesty International qui c\u00e9l\u00e9brait la jeunesse fran\u00e7aise, les Restos du Coeur d\u00e9noncent la mis\u00e8re \u00e0 laquelle elle peut faire face, et d\u00e9c\u00e8lent la fa\u00e7on dont ils la dissimulent \u00e0 travers de petites excuses qui leur g\u00e2chent la vie.<\/p>\n<p><img loading=\"lazy\" decoding=\"async\" class=\"aligncenter wp-image-5161 size-full\" src=\"https:\/\/alexandrecenis.com\/wp-content\/uploads\/2021\/11\/1-11.png\" alt=\"\" width=\"801\" height=\"449\" srcset=\"https:\/\/alexandrecenis.com\/wp-content\/uploads\/2021\/11\/1-11.png 801w, https:\/\/alexandrecenis.com\/wp-content\/uploads\/2021\/11\/1-11-480x269.png 480w\" sizes=\"(min-width: 0px) and (max-width: 480px) 480px, (min-width: 481px) 801px, 100vw\" \/><\/p>\n<p><img loading=\"lazy\" decoding=\"async\" class=\"aligncenter wp-image-5162 size-full\" src=\"https:\/\/alexandrecenis.com\/wp-content\/uploads\/2021\/11\/2-11.png\" alt=\"\" width=\"800\" height=\"451\" srcset=\"https:\/\/alexandrecenis.com\/wp-content\/uploads\/2021\/11\/2-11.png 800w, https:\/\/alexandrecenis.com\/wp-content\/uploads\/2021\/11\/2-11-480x271.png 480w\" sizes=\"(min-width: 0px) and (max-width: 480px) 480px, (min-width: 481px) 800px, 100vw\" \/><\/p>\n<p style=\"text-align: justify;\">Dans cette histoire, nous suivons le quotidien de J\u00e9r\u00e9my, un \u00e9tudiant pr\u00e9caire qui passe son temps \u00e0 trouver des excuses, toutes aussi banales les unes que les autres, pour \u00e9chapper aux sorties propos\u00e9es par ses amis. Profiter d\u2019un bowling, d\u2019une soir\u00e9e d\u00e9guis\u00e9e ou encore d\u2019une sortie au cin\u00e9ma n\u2019est pas donn\u00e9 \u00e0 tout le monde, et nous devons garder en t\u00eate que ce sont des privil\u00e8ges auxquels beaucoup n\u2019ont pas acc\u00e8s.<\/p>\n<p><img loading=\"lazy\" decoding=\"async\" class=\"aligncenter wp-image-5163 size-full\" src=\"https:\/\/alexandrecenis.com\/wp-content\/uploads\/2021\/11\/3-11.png\" alt=\"\" width=\"801\" height=\"451\" srcset=\"https:\/\/alexandrecenis.com\/wp-content\/uploads\/2021\/11\/3-11.png 801w, https:\/\/alexandrecenis.com\/wp-content\/uploads\/2021\/11\/3-11-480x270.png 480w\" sizes=\"(min-width: 0px) and (max-width: 480px) 480px, (min-width: 481px) 801px, 100vw\" \/><\/p>\n<p><img loading=\"lazy\" decoding=\"async\" class=\"aligncenter wp-image-5164 size-full\" src=\"https:\/\/alexandrecenis.com\/wp-content\/uploads\/2021\/11\/4-10.png\" alt=\"\" width=\"800\" height=\"450\" srcset=\"https:\/\/alexandrecenis.com\/wp-content\/uploads\/2021\/11\/4-10.png 800w, https:\/\/alexandrecenis.com\/wp-content\/uploads\/2021\/11\/4-10-480x270.png 480w\" sizes=\"(min-width: 0px) and (max-width: 480px) 480px, (min-width: 481px) 800px, 100vw\" \/><\/p>\n<p style=\"text-align: justify;\">Apr\u00e8s 18 mois de crise sanitaire, cette campagne qui met en sc\u00e8ne des jeunes \u00e9tudiants n\u2019est pas anodine, puisque nombre d\u2019entre eux ont \u00e9t\u00e9 frapp\u00e9s de plein fouet par la pand\u00e9mie et doivent recourir \u00e0 l\u2019aide alimentaire (Restos du C\u0153ur, Secours populaire) pour se nourrir.<\/p>\n<p><img loading=\"lazy\" decoding=\"async\" class=\"aligncenter wp-image-5165 size-full\" src=\"https:\/\/alexandrecenis.com\/wp-content\/uploads\/2021\/11\/5-8.png\" alt=\"\" width=\"800\" height=\"451\" srcset=\"https:\/\/alexandrecenis.com\/wp-content\/uploads\/2021\/11\/5-8.png 800w, https:\/\/alexandrecenis.com\/wp-content\/uploads\/2021\/11\/5-8-480x271.png 480w\" sizes=\"(min-width: 0px) and (max-width: 480px) 480px, (min-width: 481px) 800px, 100vw\" \/><\/p>\n<p><img loading=\"lazy\" decoding=\"async\" class=\"aligncenter wp-image-5166 size-full\" src=\"https:\/\/alexandrecenis.com\/wp-content\/uploads\/2021\/11\/6-8.png\" alt=\"\" width=\"797\" height=\"450\" srcset=\"https:\/\/alexandrecenis.com\/wp-content\/uploads\/2021\/11\/6-8.png 797w, https:\/\/alexandrecenis.com\/wp-content\/uploads\/2021\/11\/6-8-480x271.png 480w\" sizes=\"(min-width: 0px) and (max-width: 480px) 480px, (min-width: 481px) 797px, 100vw\" \/><\/p>\n<p style=\"text-align: justify;\">Cette campagne TV sign\u00e9e\u00a0 Change, et avec le soutien de TF1, sera d\u00e9clin\u00e9e en print et sur les r\u00e9seaux sociaux pour le lancement de la 37\u00e8me campagne annuelle des Restos du C\u0153ur.<\/p>\n<p><img loading=\"lazy\" decoding=\"async\" class=\"aligncenter wp-image-5167 size-full\" src=\"https:\/\/alexandrecenis.com\/wp-content\/uploads\/2021\/11\/7-4.png\" alt=\"\" width=\"796\" height=\"447\" srcset=\"https:\/\/alexandrecenis.com\/wp-content\/uploads\/2021\/11\/7-4.png 796w, https:\/\/alexandrecenis.com\/wp-content\/uploads\/2021\/11\/7-4-480x270.png 480w\" sizes=\"(min-width: 0px) and (max-width: 480px) 480px, (min-width: 481px) 796px, 100vw\" \/><\/p>\n<p style=\"text-align: justify;\">Si l\u2019\u00e9dition 2020-2021 a r\u00e9ussi \u00e0 rassembler 1,2 million de personnes dans leurs lieux d\u2019activit\u00e9s \u2013 \u00a0aide et appui alimentaire mais aussi accompagnement pour se loger, avoir acc\u00e8s \u00e0 ses droits, b\u00e9n\u00e9ficier d\u2019actions d\u2019insertion ou encore d\u2019activit\u00e9s culturelles ou d\u2019estime de soi pr\u00e9cise\u00a0un communiqu\u00e9, les Restos du Coeur ne comptent pas s\u2019arr\u00eater l\u00e0.<\/p>\n<p style=\"text-align: center;\"><iframe loading=\"lazy\" title=\"YouTube video player\" src=\"https:\/\/www.youtube.com\/embed\/wJe798D0_Gg\" width=\"560\" height=\"315\" frameborder=\"0\" allowfullscreen=\"allowfullscreen\"><\/iframe><\/p>\n","protected":false},"excerpt":{"rendered":"<p>Bien le bonjour le monde digital ! \u00c0 l\u2019occasion de sa campagne annuelle d\u2019appel aux dons, les Restos du C\u0153ur et l\u2019agence Change lancent une campagne aussi dure que touchante avec comme th\u00e8me la pr\u00e9carit\u00e9 qui touche tous les milieux sociaux et toutes les tranches d\u2019\u00e2ge, des personnes qui ont tendance \u00e0 se renfermer sur [&hellip;]<\/p>\n","protected":false},"author":1,"featured_media":5168,"comment_status":"closed","ping_status":"open","sticky":false,"template":"","format":"standard","meta":{"_et_pb_use_builder":"","_et_pb_old_content":"","_et_gb_content_width":"","footnotes":""},"categories":[113],"tags":[1950,1949,1947,1951,1948,1946],"class_list":["post-5160","post","type-post","status-publish","format-standard","has-post-thumbnail","hentry","category-communication","tag-aide","tag-appui-alimentaire","tag-change","tag-coluche","tag-precarite","tag-restos-du-coeur"],"yoast_head":"<!-- This site is optimized with the Yoast SEO plugin v27.3 - https:\/\/yoast.com\/product\/yoast-seo-wordpress\/ -->\n<title>Le coeur a ses raisons.... - Alexandre Cenis<\/title>\n<meta name=\"robots\" content=\"index, follow, max-snippet:-1, max-image-preview:large, max-video-preview:-1\" \/>\n<link rel=\"canonical\" href=\"https:\/\/alexandrecenis.com\/index.php\/2021\/11\/23\/le-coeur-a-ses-raisons\/\" \/>\n<meta property=\"og:locale\" content=\"fr_FR\" \/>\n<meta property=\"og:type\" content=\"article\" \/>\n<meta property=\"og:title\" content=\"Le coeur a ses raisons.... - Alexandre Cenis\" \/>\n<meta property=\"og:description\" content=\"Bien le bonjour le monde digital ! \u00c0 l\u2019occasion de sa campagne annuelle d\u2019appel aux dons, les Restos du C\u0153ur et l\u2019agence Change lancent une campagne aussi dure que touchante avec comme th\u00e8me la pr\u00e9carit\u00e9 qui touche tous les milieux sociaux et toutes les tranches d\u2019\u00e2ge, des personnes qui ont tendance \u00e0 se renfermer sur [&hellip;]\" \/>\n<meta property=\"og:url\" content=\"https:\/\/alexandrecenis.com\/index.php\/2021\/11\/23\/le-coeur-a-ses-raisons\/\" \/>\n<meta property=\"og:site_name\" content=\"Alexandre Cenis\" \/>\n<meta property=\"article:published_time\" content=\"2021-11-23T05:36:25+00:00\" \/>\n<meta property=\"og:image\" content=\"https:\/\/alexandrecenis.com\/wp-content\/uploads\/2021\/11\/vignette-8.png\" \/>\n\t<meta property=\"og:image:width\" content=\"797\" \/>\n\t<meta property=\"og:image:height\" content=\"451\" \/>\n\t<meta property=\"og:image:type\" content=\"image\/png\" \/>\n<meta name=\"author\" content=\"admin8497\" \/>\n<meta name=\"twitter:card\" content=\"summary_large_image\" \/>\n<meta name=\"twitter:creator\" content=\"@alexandrecenis\" \/>\n<meta name=\"twitter:site\" content=\"@alexandrecenis\" \/>\n<meta name=\"twitter:label1\" content=\"\u00c9crit par\" \/>\n\t<meta name=\"twitter:data1\" content=\"admin8497\" \/>\n\t<meta name=\"twitter:label2\" content=\"Dur\u00e9e de lecture estim\u00e9e\" \/>\n\t<meta name=\"twitter:data2\" content=\"3 minutes\" \/>\n<script type=\"application\/ld+json\" class=\"yoast-schema-graph\">{\"@context\":\"https:\\\/\\\/schema.org\",\"@graph\":[{\"@type\":\"Article\",\"@id\":\"https:\\\/\\\/alexandrecenis.com\\\/index.php\\\/2021\\\/11\\\/23\\\/le-coeur-a-ses-raisons\\\/#article\",\"isPartOf\":{\"@id\":\"https:\\\/\\\/alexandrecenis.com\\\/index.php\\\/2021\\\/11\\\/23\\\/le-coeur-a-ses-raisons\\\/\"},\"author\":{\"name\":\"admin8497\",\"@id\":\"https:\\\/\\\/alexandrecenis.com\\\/#\\\/schema\\\/person\\\/cb034178deaf60a8602f9c700c5b1c83\"},\"headline\":\"Le coeur a ses raisons&#8230;.\",\"datePublished\":\"2021-11-23T05:36:25+00:00\",\"mainEntityOfPage\":{\"@id\":\"https:\\\/\\\/alexandrecenis.com\\\/index.php\\\/2021\\\/11\\\/23\\\/le-coeur-a-ses-raisons\\\/\"},\"wordCount\":386,\"image\":{\"@id\":\"https:\\\/\\\/alexandrecenis.com\\\/index.php\\\/2021\\\/11\\\/23\\\/le-coeur-a-ses-raisons\\\/#primaryimage\"},\"thumbnailUrl\":\"https:\\\/\\\/alexandrecenis.com\\\/wp-content\\\/uploads\\\/2021\\\/11\\\/vignette-8.png\",\"keywords\":[\"aide\",\"appui alimentaire\",\"Change\",\"coluche\",\"pr\u00e9carit\u00e9\",\"Restos du C\u0153ur\"],\"articleSection\":[\"Communication\"],\"inLanguage\":\"fr-FR\"},{\"@type\":\"WebPage\",\"@id\":\"https:\\\/\\\/alexandrecenis.com\\\/index.php\\\/2021\\\/11\\\/23\\\/le-coeur-a-ses-raisons\\\/\",\"url\":\"https:\\\/\\\/alexandrecenis.com\\\/index.php\\\/2021\\\/11\\\/23\\\/le-coeur-a-ses-raisons\\\/\",\"name\":\"Le coeur a ses raisons.... - Alexandre Cenis\",\"isPartOf\":{\"@id\":\"https:\\\/\\\/alexandrecenis.com\\\/#website\"},\"primaryImageOfPage\":{\"@id\":\"https:\\\/\\\/alexandrecenis.com\\\/index.php\\\/2021\\\/11\\\/23\\\/le-coeur-a-ses-raisons\\\/#primaryimage\"},\"image\":{\"@id\":\"https:\\\/\\\/alexandrecenis.com\\\/index.php\\\/2021\\\/11\\\/23\\\/le-coeur-a-ses-raisons\\\/#primaryimage\"},\"thumbnailUrl\":\"https:\\\/\\\/alexandrecenis.com\\\/wp-content\\\/uploads\\\/2021\\\/11\\\/vignette-8.png\",\"datePublished\":\"2021-11-23T05:36:25+00:00\",\"author\":{\"@id\":\"https:\\\/\\\/alexandrecenis.com\\\/#\\\/schema\\\/person\\\/cb034178deaf60a8602f9c700c5b1c83\"},\"breadcrumb\":{\"@id\":\"https:\\\/\\\/alexandrecenis.com\\\/index.php\\\/2021\\\/11\\\/23\\\/le-coeur-a-ses-raisons\\\/#breadcrumb\"},\"inLanguage\":\"fr-FR\",\"potentialAction\":[{\"@type\":\"ReadAction\",\"target\":[\"https:\\\/\\\/alexandrecenis.com\\\/index.php\\\/2021\\\/11\\\/23\\\/le-coeur-a-ses-raisons\\\/\"]}]},{\"@type\":\"ImageObject\",\"inLanguage\":\"fr-FR\",\"@id\":\"https:\\\/\\\/alexandrecenis.com\\\/index.php\\\/2021\\\/11\\\/23\\\/le-coeur-a-ses-raisons\\\/#primaryimage\",\"url\":\"https:\\\/\\\/alexandrecenis.com\\\/wp-content\\\/uploads\\\/2021\\\/11\\\/vignette-8.png\",\"contentUrl\":\"https:\\\/\\\/alexandrecenis.com\\\/wp-content\\\/uploads\\\/2021\\\/11\\\/vignette-8.png\",\"width\":797,\"height\":451},{\"@type\":\"BreadcrumbList\",\"@id\":\"https:\\\/\\\/alexandrecenis.com\\\/index.php\\\/2021\\\/11\\\/23\\\/le-coeur-a-ses-raisons\\\/#breadcrumb\",\"itemListElement\":[{\"@type\":\"ListItem\",\"position\":1,\"name\":\"Home\",\"item\":\"https:\\\/\\\/alexandrecenis.com\\\/\"},{\"@type\":\"ListItem\",\"position\":2,\"name\":\"Le coeur a ses raisons&#8230;.\"}]},{\"@type\":\"WebSite\",\"@id\":\"https:\\\/\\\/alexandrecenis.com\\\/#website\",\"url\":\"https:\\\/\\\/alexandrecenis.com\\\/\",\"name\":\"Alexandre Cenis\",\"description\":\"Intelligence Cr\u00e9ative\",\"potentialAction\":[{\"@type\":\"SearchAction\",\"target\":{\"@type\":\"EntryPoint\",\"urlTemplate\":\"https:\\\/\\\/alexandrecenis.com\\\/?s={search_term_string}\"},\"query-input\":{\"@type\":\"PropertyValueSpecification\",\"valueRequired\":true,\"valueName\":\"search_term_string\"}}],\"inLanguage\":\"fr-FR\"},{\"@type\":\"Person\",\"@id\":\"https:\\\/\\\/alexandrecenis.com\\\/#\\\/schema\\\/person\\\/cb034178deaf60a8602f9c700c5b1c83\",\"name\":\"admin8497\",\"image\":{\"@type\":\"ImageObject\",\"inLanguage\":\"fr-FR\",\"@id\":\"https:\\\/\\\/secure.gravatar.com\\\/avatar\\\/9586a1b4e51047e1977e647153ddd075f143e741c8e5ba4d03f6cfa4c61126fd?s=96&d=mm&r=g\",\"url\":\"https:\\\/\\\/secure.gravatar.com\\\/avatar\\\/9586a1b4e51047e1977e647153ddd075f143e741c8e5ba4d03f6cfa4c61126fd?s=96&d=mm&r=g\",\"contentUrl\":\"https:\\\/\\\/secure.gravatar.com\\\/avatar\\\/9586a1b4e51047e1977e647153ddd075f143e741c8e5ba4d03f6cfa4c61126fd?s=96&d=mm&r=g\",\"caption\":\"admin8497\"},\"url\":\"https:\\\/\\\/alexandrecenis.com\\\/index.php\\\/author\\\/admin8497\\\/\"}]}<\/script>\n<!-- \/ Yoast SEO plugin. -->","yoast_head_json":{"title":"Le coeur a ses raisons.... - Alexandre Cenis","robots":{"index":"index","follow":"follow","max-snippet":"max-snippet:-1","max-image-preview":"max-image-preview:large","max-video-preview":"max-video-preview:-1"},"canonical":"https:\/\/alexandrecenis.com\/index.php\/2021\/11\/23\/le-coeur-a-ses-raisons\/","og_locale":"fr_FR","og_type":"article","og_title":"Le coeur a ses raisons.... - Alexandre Cenis","og_description":"Bien le bonjour le monde digital ! \u00c0 l\u2019occasion de sa campagne annuelle d\u2019appel aux dons, les Restos du C\u0153ur et l\u2019agence Change lancent une campagne aussi dure que touchante avec comme th\u00e8me la pr\u00e9carit\u00e9 qui touche tous les milieux sociaux et toutes les tranches d\u2019\u00e2ge, des personnes qui ont tendance \u00e0 se renfermer sur [&hellip;]","og_url":"https:\/\/alexandrecenis.com\/index.php\/2021\/11\/23\/le-coeur-a-ses-raisons\/","og_site_name":"Alexandre Cenis","article_published_time":"2021-11-23T05:36:25+00:00","og_image":[{"width":797,"height":451,"url":"https:\/\/alexandrecenis.com\/wp-content\/uploads\/2021\/11\/vignette-8.png","type":"image\/png"}],"author":"admin8497","twitter_card":"summary_large_image","twitter_creator":"@alexandrecenis","twitter_site":"@alexandrecenis","twitter_misc":{"\u00c9crit par":"admin8497","Dur\u00e9e de lecture estim\u00e9e":"3 minutes"},"schema":{"@context":"https:\/\/schema.org","@graph":[{"@type":"Article","@id":"https:\/\/alexandrecenis.com\/index.php\/2021\/11\/23\/le-coeur-a-ses-raisons\/#article","isPartOf":{"@id":"https:\/\/alexandrecenis.com\/index.php\/2021\/11\/23\/le-coeur-a-ses-raisons\/"},"author":{"name":"admin8497","@id":"https:\/\/alexandrecenis.com\/#\/schema\/person\/cb034178deaf60a8602f9c700c5b1c83"},"headline":"Le coeur a ses raisons&#8230;.","datePublished":"2021-11-23T05:36:25+00:00","mainEntityOfPage":{"@id":"https:\/\/alexandrecenis.com\/index.php\/2021\/11\/23\/le-coeur-a-ses-raisons\/"},"wordCount":386,"image":{"@id":"https:\/\/alexandrecenis.com\/index.php\/2021\/11\/23\/le-coeur-a-ses-raisons\/#primaryimage"},"thumbnailUrl":"https:\/\/alexandrecenis.com\/wp-content\/uploads\/2021\/11\/vignette-8.png","keywords":["aide","appui alimentaire","Change","coluche","pr\u00e9carit\u00e9","Restos du C\u0153ur"],"articleSection":["Communication"],"inLanguage":"fr-FR"},{"@type":"WebPage","@id":"https:\/\/alexandrecenis.com\/index.php\/2021\/11\/23\/le-coeur-a-ses-raisons\/","url":"https:\/\/alexandrecenis.com\/index.php\/2021\/11\/23\/le-coeur-a-ses-raisons\/","name":"Le coeur a ses raisons.... - Alexandre Cenis","isPartOf":{"@id":"https:\/\/alexandrecenis.com\/#website"},"primaryImageOfPage":{"@id":"https:\/\/alexandrecenis.com\/index.php\/2021\/11\/23\/le-coeur-a-ses-raisons\/#primaryimage"},"image":{"@id":"https:\/\/alexandrecenis.com\/index.php\/2021\/11\/23\/le-coeur-a-ses-raisons\/#primaryimage"},"thumbnailUrl":"https:\/\/alexandrecenis.com\/wp-content\/uploads\/2021\/11\/vignette-8.png","datePublished":"2021-11-23T05:36:25+00:00","author":{"@id":"https:\/\/alexandrecenis.com\/#\/schema\/person\/cb034178deaf60a8602f9c700c5b1c83"},"breadcrumb":{"@id":"https:\/\/alexandrecenis.com\/index.php\/2021\/11\/23\/le-coeur-a-ses-raisons\/#breadcrumb"},"inLanguage":"fr-FR","potentialAction":[{"@type":"ReadAction","target":["https:\/\/alexandrecenis.com\/index.php\/2021\/11\/23\/le-coeur-a-ses-raisons\/"]}]},{"@type":"ImageObject","inLanguage":"fr-FR","@id":"https:\/\/alexandrecenis.com\/index.php\/2021\/11\/23\/le-coeur-a-ses-raisons\/#primaryimage","url":"https:\/\/alexandrecenis.com\/wp-content\/uploads\/2021\/11\/vignette-8.png","contentUrl":"https:\/\/alexandrecenis.com\/wp-content\/uploads\/2021\/11\/vignette-8.png","width":797,"height":451},{"@type":"BreadcrumbList","@id":"https:\/\/alexandrecenis.com\/index.php\/2021\/11\/23\/le-coeur-a-ses-raisons\/#breadcrumb","itemListElement":[{"@type":"ListItem","position":1,"name":"Home","item":"https:\/\/alexandrecenis.com\/"},{"@type":"ListItem","position":2,"name":"Le coeur a ses raisons&#8230;."}]},{"@type":"WebSite","@id":"https:\/\/alexandrecenis.com\/#website","url":"https:\/\/alexandrecenis.com\/","name":"Alexandre Cenis","description":"Intelligence Cr\u00e9ative","potentialAction":[{"@type":"SearchAction","target":{"@type":"EntryPoint","urlTemplate":"https:\/\/alexandrecenis.com\/?s={search_term_string}"},"query-input":{"@type":"PropertyValueSpecification","valueRequired":true,"valueName":"search_term_string"}}],"inLanguage":"fr-FR"},{"@type":"Person","@id":"https:\/\/alexandrecenis.com\/#\/schema\/person\/cb034178deaf60a8602f9c700c5b1c83","name":"admin8497","image":{"@type":"ImageObject","inLanguage":"fr-FR","@id":"https:\/\/secure.gravatar.com\/avatar\/9586a1b4e51047e1977e647153ddd075f143e741c8e5ba4d03f6cfa4c61126fd?s=96&d=mm&r=g","url":"https:\/\/secure.gravatar.com\/avatar\/9586a1b4e51047e1977e647153ddd075f143e741c8e5ba4d03f6cfa4c61126fd?s=96&d=mm&r=g","contentUrl":"https:\/\/secure.gravatar.com\/avatar\/9586a1b4e51047e1977e647153ddd075f143e741c8e5ba4d03f6cfa4c61126fd?s=96&d=mm&r=g","caption":"admin8497"},"url":"https:\/\/alexandrecenis.com\/index.php\/author\/admin8497\/"}]}},"_links":{"self":[{"href":"https:\/\/alexandrecenis.com\/index.php\/wp-json\/wp\/v2\/posts\/5160","targetHints":{"allow":["GET"]}}],"collection":[{"href":"https:\/\/alexandrecenis.com\/index.php\/wp-json\/wp\/v2\/posts"}],"about":[{"href":"https:\/\/alexandrecenis.com\/index.php\/wp-json\/wp\/v2\/types\/post"}],"author":[{"embeddable":true,"href":"https:\/\/alexandrecenis.com\/index.php\/wp-json\/wp\/v2\/users\/1"}],"replies":[{"embeddable":true,"href":"https:\/\/alexandrecenis.com\/index.php\/wp-json\/wp\/v2\/comments?post=5160"}],"version-history":[{"count":4,"href":"https:\/\/alexandrecenis.com\/index.php\/wp-json\/wp\/v2\/posts\/5160\/revisions"}],"predecessor-version":[{"id":5172,"href":"https:\/\/alexandrecenis.com\/index.php\/wp-json\/wp\/v2\/posts\/5160\/revisions\/5172"}],"wp:featuredmedia":[{"embeddable":true,"href":"https:\/\/alexandrecenis.com\/index.php\/wp-json\/wp\/v2\/media\/5168"}],"wp:attachment":[{"href":"https:\/\/alexandrecenis.com\/index.php\/wp-json\/wp\/v2\/media?parent=5160"}],"wp:term":[{"taxonomy":"category","embeddable":true,"href":"https:\/\/alexandrecenis.com\/index.php\/wp-json\/wp\/v2\/categories?post=5160"},{"taxonomy":"post_tag","embeddable":true,"href":"https:\/\/alexandrecenis.com\/index.php\/wp-json\/wp\/v2\/tags?post=5160"}],"curies":[{"name":"wp","href":"https:\/\/api.w.org\/{rel}","templated":true}]}}