{"id":4857,"date":"2021-10-14T06:40:56","date_gmt":"2021-10-14T04:40:56","guid":{"rendered":"https:\/\/alexandrecenis.com\/?p=4857"},"modified":"2021-10-14T06:40:56","modified_gmt":"2021-10-14T04:40:56","slug":"il-faut-cultiver-la-difference-et-non-pas-lindifference","status":"publish","type":"post","link":"https:\/\/alexandrecenis.com\/index.php\/2021\/10\/14\/il-faut-cultiver-la-difference-et-non-pas-lindifference\/","title":{"rendered":"Il faut cultiver la diff\u00e9rence et non pas l&rsquo;indiff\u00e9rence"},"content":{"rendered":"<p style=\"text-align: justify;\">Bien le bonjour le monde digital ! \u00ab\u00a0Voyons les personnes avant le handicap !\u00a0\u00bb. Ce n&rsquo;est pas un ordre que je vous donne (quoi que je vous le recommande vivement) mais c&rsquo;est surtout le nom d&rsquo;une campagne de sensibilisation r\u00e9alis\u00e9e par Yvan Attal et sign\u00e9e par l&rsquo;agence de communication parisienne MullenLowe France. Vid\u00e9os et affichage print mais \u00e0 quoi peut bien ressembler cette campagne ? je vais tout vous dire, allez : Com&rsquo; with me !<\/p>\n<p style=\"text-align: center;\"><iframe loading=\"lazy\" src=\"https:\/\/w.soundcloud.com\/player\/?url=https%3A\/\/api.soundcloud.com\/tracks\/1141474738&amp;color=%23ff5500&amp;auto_play=false&amp;hide_related=false&amp;show_comments=true&amp;show_user=true&amp;show_reposts=false&amp;show_teaser=true&amp;visual=true\" width=\"100%\" height=\"300\" frameborder=\"no\" scrolling=\"no\"><\/iframe><\/p>\n<p style=\"text-align: justify;\">Le dispositif int\u00e8gre 3 films \u00ab\u00a0La cantine\u00a0\u00bb, \u00ab\u00a0Le rencard\u00a0\u00bb et \u00ab\u00a0La robe\u00a0\u00bb (production Room Service), ainsi qu&rsquo;une campagne d&rsquo;affichage et print pour installer enfin une perception radicalement nouvelle de parler du handicap. \u00ab\u00a0La France compte douze millions de personnes porteuses d&rsquo;un handicap et huit millions d&rsquo;aidants. Tout le monde est concern\u00e9. Pourtant demeurent des pr\u00e9jug\u00e9s, des clich\u00e9s et une tr\u00e8s grande discrimination. C&rsquo;est par exemple la premi\u00e8re cause de saisine du D\u00e9fenseur des droits\u00a0\u00bb.<\/p>\n<p style=\"text-align: center;\"><iframe loading=\"lazy\" title=\"YouTube video player\" src=\"https:\/\/www.youtube.com\/embed\/41uHcasnJ4c\" width=\"560\" height=\"315\" frameborder=\"0\" allowfullscreen=\"allowfullscreen\"><\/iframe><\/p>\n<p style=\"text-align: center;\"><iframe loading=\"lazy\" title=\"YouTube video player\" src=\"https:\/\/www.youtube.com\/embed\/SAX7Pkv23dw\" width=\"560\" height=\"315\" frameborder=\"0\" allowfullscreen=\"allowfullscreen\"><\/iframe><\/p>\n<p style=\"text-align: center;\"><iframe loading=\"lazy\" title=\"YouTube video player\" src=\"https:\/\/www.youtube.com\/embed\/ZSIYuYoGc0k\" width=\"560\" height=\"315\" frameborder=\"0\" allowfullscreen=\"allowfullscreen\"><\/iframe><\/p>\n<p style=\"text-align: justify;\">A partir du 18 octobre, cette campagne sera d\u00e9ploy\u00e9e sur l\u2019ensemble du territoire pour promouvoir le mieux-vivre ensemble. Pour Sophie Cluzel, secr\u00e9taire d&rsquo;\u00c9tat aupr\u00e8s du Premier ministre, charg\u00e9e des personnes handicap\u00e9es \u00ab\u00a0pour 80% des personnes porteuses d&rsquo;un handicap cela ne se voit pas. Avec cette campagne on accroche au message universel autour de la rencontre et de ce qui nous rassemble. La rencontre est possible\u00a0\u00bb.<\/p>\n<p><img loading=\"lazy\" decoding=\"async\" class=\"aligncenter wp-image-4858 size-large\" src=\"https:\/\/alexandrecenis.com\/wp-content\/uploads\/2021\/10\/Marie-Aude-724x1024.jpg\" alt=\"\" width=\"724\" height=\"1024\" srcset=\"https:\/\/alexandrecenis.com\/wp-content\/uploads\/2021\/10\/Marie-Aude-724x1024.jpg 724w, https:\/\/alexandrecenis.com\/wp-content\/uploads\/2021\/10\/Marie-Aude-480x679.jpg 480w\" sizes=\"(min-width: 0px) and (max-width: 480px) 480px, (min-width: 481px) 724px, 100vw\" \/><\/p>\n<p>&nbsp;<\/p>\n<ul>\n<li style=\"text-align: justify;\">La campagne va \u00eatre d\u00e9ploy\u00e9e sur l\u2019ensemble du territoire national du 18 octobre au 4 janvier 2022, sur les m\u00e9dias TV, presse, affichage, cin\u00e9ma et digital.<\/li>\n<\/ul>\n<p>&nbsp;<\/p>\n<ul>\n<li style=\"text-align: justify;\">Diff\u00e9rents temps forts se succ\u00e8deront comme lors de\u00a0la Semaine Europ\u00e9enne de l\u2019Emploi des Personnes Handicap\u00e9es du 15 au 21 novembre, le DuoDay (une personne valide et une personne porteuse de handicap ensemble sur le lieu de travail) le 18 novembre,\u00a0la Journ\u00e9e Internationale des Personnes Handicap\u00e9es le 3 d\u00e9cembre et\u00a0les vacances de No\u00ebl du 15 d\u00e9cembre au 4 janvier 2022.<\/li>\n<\/ul>\n<p>&nbsp;<\/p>\n<ul>\n<li>En presse \u00e9crite, les portraits de la campagne seront publi\u00e9s dans les m\u00e9dias nationaux, r\u00e9gionaux et d\u2019outre-mer.\u00a0Pour la campagne d\u2019affichage, les espaces DOOH des rues et commerces, gares et entreprises seront \u00e9galement activ\u00e9s sur l\u2019ensemble du territoire.<\/li>\n<\/ul>\n<p>&nbsp;<\/p>\n<ul>\n<li>Les espaces d\u2019information au sein des\u00a0entreprises seront aussi mobilis\u00e9s lors de la Semaine Europ\u00e9enne de l\u2019Emploi des Personnes Handicap\u00e9es\u00a0En digital, le display et les r\u00e9seaux sociaux compl\u00e8tent la visibilit\u00e9 des films qui seront utilis\u00e9s en relais et viendront enrichir le contenu sponsoris\u00e9, gr\u00e2ce au making of de la campagne.<\/li>\n<\/ul>\n<p>&nbsp;<\/p>\n<ul>\n<li style=\"text-align: justify;\">En ligne, la campagne sera diffus\u00e9e sur YouTube et Twitch, sur les plateformes Catch-Up TV telles que MYTF1, France.tv et 6Play, ainsi que sur les plateformes Social Media telles que Facebook, Instagram, Snapchat et TikTok.<\/li>\n<\/ul>\n<p>&nbsp;<\/p>\n<ul>\n<li style=\"text-align: justify;\">Enfin, deux partenariats \u00e9ditoriaux, r\u00e9alis\u00e9s avec Gulli et Konbini, viennent compl\u00e9ter le plan m\u00e9dia avec des portraits et t\u00e9moignages de personnes en situation de handicap.<\/li>\n<\/ul>\n","protected":false},"excerpt":{"rendered":"<p>Bien le bonjour le monde digital ! \u00ab\u00a0Voyons les personnes avant le handicap !\u00a0\u00bb. Ce n&rsquo;est pas un ordre que je vous donne (quoi que je vous le recommande vivement) mais c&rsquo;est surtout le nom d&rsquo;une campagne de sensibilisation r\u00e9alis\u00e9e par Yvan Attal et sign\u00e9e par l&rsquo;agence de communication parisienne MullenLowe France. Vid\u00e9os et affichage [&hellip;]<\/p>\n","protected":false},"author":1,"featured_media":4859,"comment_status":"closed","ping_status":"open","sticky":false,"template":"","format":"standard","meta":{"_et_pb_use_builder":"","_et_pb_old_content":"","_et_gb_content_width":"","footnotes":""},"categories":[113],"tags":[1184,1834,1226,945,1833],"class_list":["post-4857","post","type-post","status-publish","format-standard","has-post-thumbnail","hentry","category-communication","tag-difference","tag-handicap","tag-mullenlowe-france","tag-sensibilisation","tag-yvan-attal"],"yoast_head":"<!-- This site is optimized with the Yoast SEO plugin v27.3 - https:\/\/yoast.com\/product\/yoast-seo-wordpress\/ -->\n<title>Il faut cultiver la diff\u00e9rence et non pas l&#039;indiff\u00e9rence - Alexandre Cenis<\/title>\n<meta name=\"robots\" content=\"index, follow, max-snippet:-1, max-image-preview:large, max-video-preview:-1\" \/>\n<link rel=\"canonical\" href=\"https:\/\/alexandrecenis.com\/index.php\/2021\/10\/14\/il-faut-cultiver-la-difference-et-non-pas-lindifference\/\" \/>\n<meta property=\"og:locale\" content=\"fr_FR\" \/>\n<meta property=\"og:type\" content=\"article\" \/>\n<meta property=\"og:title\" content=\"Il faut cultiver la diff\u00e9rence et non pas l&#039;indiff\u00e9rence - Alexandre Cenis\" \/>\n<meta property=\"og:description\" content=\"Bien le bonjour le monde digital ! \u00ab\u00a0Voyons les personnes avant le handicap !\u00a0\u00bb. Ce n&rsquo;est pas un ordre que je vous donne (quoi que je vous le recommande vivement) mais c&rsquo;est surtout le nom d&rsquo;une campagne de sensibilisation r\u00e9alis\u00e9e par Yvan Attal et sign\u00e9e par l&rsquo;agence de communication parisienne MullenLowe France. Vid\u00e9os et affichage [&hellip;]\" \/>\n<meta property=\"og:url\" content=\"https:\/\/alexandrecenis.com\/index.php\/2021\/10\/14\/il-faut-cultiver-la-difference-et-non-pas-lindifference\/\" \/>\n<meta property=\"og:site_name\" content=\"Alexandre Cenis\" \/>\n<meta property=\"article:published_time\" content=\"2021-10-14T04:40:56+00:00\" \/>\n<meta property=\"og:image\" content=\"https:\/\/alexandrecenis.com\/wp-content\/uploads\/2021\/10\/Violette.jpg\" \/>\n\t<meta property=\"og:image:width\" content=\"800\" \/>\n\t<meta property=\"og:image:height\" content=\"1132\" \/>\n\t<meta property=\"og:image:type\" content=\"image\/jpeg\" \/>\n<meta name=\"author\" content=\"admin8497\" \/>\n<meta name=\"twitter:card\" content=\"summary_large_image\" \/>\n<meta name=\"twitter:creator\" content=\"@alexandrecenis\" \/>\n<meta name=\"twitter:site\" content=\"@alexandrecenis\" \/>\n<meta name=\"twitter:label1\" content=\"\u00c9crit par\" \/>\n\t<meta name=\"twitter:data1\" content=\"admin8497\" \/>\n\t<meta name=\"twitter:label2\" content=\"Dur\u00e9e de lecture estim\u00e9e\" \/>\n\t<meta name=\"twitter:data2\" content=\"3 minutes\" \/>\n<script type=\"application\/ld+json\" class=\"yoast-schema-graph\">{\"@context\":\"https:\\\/\\\/schema.org\",\"@graph\":[{\"@type\":\"Article\",\"@id\":\"https:\\\/\\\/alexandrecenis.com\\\/index.php\\\/2021\\\/10\\\/14\\\/il-faut-cultiver-la-difference-et-non-pas-lindifference\\\/#article\",\"isPartOf\":{\"@id\":\"https:\\\/\\\/alexandrecenis.com\\\/index.php\\\/2021\\\/10\\\/14\\\/il-faut-cultiver-la-difference-et-non-pas-lindifference\\\/\"},\"author\":{\"name\":\"admin8497\",\"@id\":\"https:\\\/\\\/alexandrecenis.com\\\/#\\\/schema\\\/person\\\/cb034178deaf60a8602f9c700c5b1c83\"},\"headline\":\"Il faut cultiver la diff\u00e9rence et non pas l&rsquo;indiff\u00e9rence\",\"datePublished\":\"2021-10-14T04:40:56+00:00\",\"mainEntityOfPage\":{\"@id\":\"https:\\\/\\\/alexandrecenis.com\\\/index.php\\\/2021\\\/10\\\/14\\\/il-faut-cultiver-la-difference-et-non-pas-lindifference\\\/\"},\"wordCount\":507,\"image\":{\"@id\":\"https:\\\/\\\/alexandrecenis.com\\\/index.php\\\/2021\\\/10\\\/14\\\/il-faut-cultiver-la-difference-et-non-pas-lindifference\\\/#primaryimage\"},\"thumbnailUrl\":\"https:\\\/\\\/alexandrecenis.com\\\/wp-content\\\/uploads\\\/2021\\\/10\\\/Violette.jpg\",\"keywords\":[\"diff\u00e9rence\",\"handicap\",\"MullenLowe France\",\"sensibilisation\",\"Yvan Attal\"],\"articleSection\":[\"Communication\"],\"inLanguage\":\"fr-FR\"},{\"@type\":\"WebPage\",\"@id\":\"https:\\\/\\\/alexandrecenis.com\\\/index.php\\\/2021\\\/10\\\/14\\\/il-faut-cultiver-la-difference-et-non-pas-lindifference\\\/\",\"url\":\"https:\\\/\\\/alexandrecenis.com\\\/index.php\\\/2021\\\/10\\\/14\\\/il-faut-cultiver-la-difference-et-non-pas-lindifference\\\/\",\"name\":\"Il faut cultiver la diff\u00e9rence et non pas l'indiff\u00e9rence - Alexandre Cenis\",\"isPartOf\":{\"@id\":\"https:\\\/\\\/alexandrecenis.com\\\/#website\"},\"primaryImageOfPage\":{\"@id\":\"https:\\\/\\\/alexandrecenis.com\\\/index.php\\\/2021\\\/10\\\/14\\\/il-faut-cultiver-la-difference-et-non-pas-lindifference\\\/#primaryimage\"},\"image\":{\"@id\":\"https:\\\/\\\/alexandrecenis.com\\\/index.php\\\/2021\\\/10\\\/14\\\/il-faut-cultiver-la-difference-et-non-pas-lindifference\\\/#primaryimage\"},\"thumbnailUrl\":\"https:\\\/\\\/alexandrecenis.com\\\/wp-content\\\/uploads\\\/2021\\\/10\\\/Violette.jpg\",\"datePublished\":\"2021-10-14T04:40:56+00:00\",\"author\":{\"@id\":\"https:\\\/\\\/alexandrecenis.com\\\/#\\\/schema\\\/person\\\/cb034178deaf60a8602f9c700c5b1c83\"},\"breadcrumb\":{\"@id\":\"https:\\\/\\\/alexandrecenis.com\\\/index.php\\\/2021\\\/10\\\/14\\\/il-faut-cultiver-la-difference-et-non-pas-lindifference\\\/#breadcrumb\"},\"inLanguage\":\"fr-FR\",\"potentialAction\":[{\"@type\":\"ReadAction\",\"target\":[\"https:\\\/\\\/alexandrecenis.com\\\/index.php\\\/2021\\\/10\\\/14\\\/il-faut-cultiver-la-difference-et-non-pas-lindifference\\\/\"]}]},{\"@type\":\"ImageObject\",\"inLanguage\":\"fr-FR\",\"@id\":\"https:\\\/\\\/alexandrecenis.com\\\/index.php\\\/2021\\\/10\\\/14\\\/il-faut-cultiver-la-difference-et-non-pas-lindifference\\\/#primaryimage\",\"url\":\"https:\\\/\\\/alexandrecenis.com\\\/wp-content\\\/uploads\\\/2021\\\/10\\\/Violette.jpg\",\"contentUrl\":\"https:\\\/\\\/alexandrecenis.com\\\/wp-content\\\/uploads\\\/2021\\\/10\\\/Violette.jpg\",\"width\":800,\"height\":1132},{\"@type\":\"BreadcrumbList\",\"@id\":\"https:\\\/\\\/alexandrecenis.com\\\/index.php\\\/2021\\\/10\\\/14\\\/il-faut-cultiver-la-difference-et-non-pas-lindifference\\\/#breadcrumb\",\"itemListElement\":[{\"@type\":\"ListItem\",\"position\":1,\"name\":\"Home\",\"item\":\"https:\\\/\\\/alexandrecenis.com\\\/\"},{\"@type\":\"ListItem\",\"position\":2,\"name\":\"Il faut cultiver la diff\u00e9rence et non pas l&rsquo;indiff\u00e9rence\"}]},{\"@type\":\"WebSite\",\"@id\":\"https:\\\/\\\/alexandrecenis.com\\\/#website\",\"url\":\"https:\\\/\\\/alexandrecenis.com\\\/\",\"name\":\"Alexandre Cenis\",\"description\":\"Intelligence Cr\u00e9ative\",\"potentialAction\":[{\"@type\":\"SearchAction\",\"target\":{\"@type\":\"EntryPoint\",\"urlTemplate\":\"https:\\\/\\\/alexandrecenis.com\\\/?s={search_term_string}\"},\"query-input\":{\"@type\":\"PropertyValueSpecification\",\"valueRequired\":true,\"valueName\":\"search_term_string\"}}],\"inLanguage\":\"fr-FR\"},{\"@type\":\"Person\",\"@id\":\"https:\\\/\\\/alexandrecenis.com\\\/#\\\/schema\\\/person\\\/cb034178deaf60a8602f9c700c5b1c83\",\"name\":\"admin8497\",\"image\":{\"@type\":\"ImageObject\",\"inLanguage\":\"fr-FR\",\"@id\":\"https:\\\/\\\/secure.gravatar.com\\\/avatar\\\/9586a1b4e51047e1977e647153ddd075f143e741c8e5ba4d03f6cfa4c61126fd?s=96&d=mm&r=g\",\"url\":\"https:\\\/\\\/secure.gravatar.com\\\/avatar\\\/9586a1b4e51047e1977e647153ddd075f143e741c8e5ba4d03f6cfa4c61126fd?s=96&d=mm&r=g\",\"contentUrl\":\"https:\\\/\\\/secure.gravatar.com\\\/avatar\\\/9586a1b4e51047e1977e647153ddd075f143e741c8e5ba4d03f6cfa4c61126fd?s=96&d=mm&r=g\",\"caption\":\"admin8497\"},\"url\":\"https:\\\/\\\/alexandrecenis.com\\\/index.php\\\/author\\\/admin8497\\\/\"}]}<\/script>\n<!-- \/ Yoast SEO plugin. -->","yoast_head_json":{"title":"Il faut cultiver la diff\u00e9rence et non pas l'indiff\u00e9rence - Alexandre Cenis","robots":{"index":"index","follow":"follow","max-snippet":"max-snippet:-1","max-image-preview":"max-image-preview:large","max-video-preview":"max-video-preview:-1"},"canonical":"https:\/\/alexandrecenis.com\/index.php\/2021\/10\/14\/il-faut-cultiver-la-difference-et-non-pas-lindifference\/","og_locale":"fr_FR","og_type":"article","og_title":"Il faut cultiver la diff\u00e9rence et non pas l'indiff\u00e9rence - Alexandre Cenis","og_description":"Bien le bonjour le monde digital ! \u00ab\u00a0Voyons les personnes avant le handicap !\u00a0\u00bb. Ce n&rsquo;est pas un ordre que je vous donne (quoi que je vous le recommande vivement) mais c&rsquo;est surtout le nom d&rsquo;une campagne de sensibilisation r\u00e9alis\u00e9e par Yvan Attal et sign\u00e9e par l&rsquo;agence de communication parisienne MullenLowe France. Vid\u00e9os et affichage [&hellip;]","og_url":"https:\/\/alexandrecenis.com\/index.php\/2021\/10\/14\/il-faut-cultiver-la-difference-et-non-pas-lindifference\/","og_site_name":"Alexandre Cenis","article_published_time":"2021-10-14T04:40:56+00:00","og_image":[{"width":800,"height":1132,"url":"https:\/\/alexandrecenis.com\/wp-content\/uploads\/2021\/10\/Violette.jpg","type":"image\/jpeg"}],"author":"admin8497","twitter_card":"summary_large_image","twitter_creator":"@alexandrecenis","twitter_site":"@alexandrecenis","twitter_misc":{"\u00c9crit par":"admin8497","Dur\u00e9e de lecture estim\u00e9e":"3 minutes"},"schema":{"@context":"https:\/\/schema.org","@graph":[{"@type":"Article","@id":"https:\/\/alexandrecenis.com\/index.php\/2021\/10\/14\/il-faut-cultiver-la-difference-et-non-pas-lindifference\/#article","isPartOf":{"@id":"https:\/\/alexandrecenis.com\/index.php\/2021\/10\/14\/il-faut-cultiver-la-difference-et-non-pas-lindifference\/"},"author":{"name":"admin8497","@id":"https:\/\/alexandrecenis.com\/#\/schema\/person\/cb034178deaf60a8602f9c700c5b1c83"},"headline":"Il faut cultiver la diff\u00e9rence et non pas l&rsquo;indiff\u00e9rence","datePublished":"2021-10-14T04:40:56+00:00","mainEntityOfPage":{"@id":"https:\/\/alexandrecenis.com\/index.php\/2021\/10\/14\/il-faut-cultiver-la-difference-et-non-pas-lindifference\/"},"wordCount":507,"image":{"@id":"https:\/\/alexandrecenis.com\/index.php\/2021\/10\/14\/il-faut-cultiver-la-difference-et-non-pas-lindifference\/#primaryimage"},"thumbnailUrl":"https:\/\/alexandrecenis.com\/wp-content\/uploads\/2021\/10\/Violette.jpg","keywords":["diff\u00e9rence","handicap","MullenLowe France","sensibilisation","Yvan Attal"],"articleSection":["Communication"],"inLanguage":"fr-FR"},{"@type":"WebPage","@id":"https:\/\/alexandrecenis.com\/index.php\/2021\/10\/14\/il-faut-cultiver-la-difference-et-non-pas-lindifference\/","url":"https:\/\/alexandrecenis.com\/index.php\/2021\/10\/14\/il-faut-cultiver-la-difference-et-non-pas-lindifference\/","name":"Il faut cultiver la diff\u00e9rence et non pas l'indiff\u00e9rence - Alexandre Cenis","isPartOf":{"@id":"https:\/\/alexandrecenis.com\/#website"},"primaryImageOfPage":{"@id":"https:\/\/alexandrecenis.com\/index.php\/2021\/10\/14\/il-faut-cultiver-la-difference-et-non-pas-lindifference\/#primaryimage"},"image":{"@id":"https:\/\/alexandrecenis.com\/index.php\/2021\/10\/14\/il-faut-cultiver-la-difference-et-non-pas-lindifference\/#primaryimage"},"thumbnailUrl":"https:\/\/alexandrecenis.com\/wp-content\/uploads\/2021\/10\/Violette.jpg","datePublished":"2021-10-14T04:40:56+00:00","author":{"@id":"https:\/\/alexandrecenis.com\/#\/schema\/person\/cb034178deaf60a8602f9c700c5b1c83"},"breadcrumb":{"@id":"https:\/\/alexandrecenis.com\/index.php\/2021\/10\/14\/il-faut-cultiver-la-difference-et-non-pas-lindifference\/#breadcrumb"},"inLanguage":"fr-FR","potentialAction":[{"@type":"ReadAction","target":["https:\/\/alexandrecenis.com\/index.php\/2021\/10\/14\/il-faut-cultiver-la-difference-et-non-pas-lindifference\/"]}]},{"@type":"ImageObject","inLanguage":"fr-FR","@id":"https:\/\/alexandrecenis.com\/index.php\/2021\/10\/14\/il-faut-cultiver-la-difference-et-non-pas-lindifference\/#primaryimage","url":"https:\/\/alexandrecenis.com\/wp-content\/uploads\/2021\/10\/Violette.jpg","contentUrl":"https:\/\/alexandrecenis.com\/wp-content\/uploads\/2021\/10\/Violette.jpg","width":800,"height":1132},{"@type":"BreadcrumbList","@id":"https:\/\/alexandrecenis.com\/index.php\/2021\/10\/14\/il-faut-cultiver-la-difference-et-non-pas-lindifference\/#breadcrumb","itemListElement":[{"@type":"ListItem","position":1,"name":"Home","item":"https:\/\/alexandrecenis.com\/"},{"@type":"ListItem","position":2,"name":"Il faut cultiver la diff\u00e9rence et non pas l&rsquo;indiff\u00e9rence"}]},{"@type":"WebSite","@id":"https:\/\/alexandrecenis.com\/#website","url":"https:\/\/alexandrecenis.com\/","name":"Alexandre Cenis","description":"Intelligence Cr\u00e9ative","potentialAction":[{"@type":"SearchAction","target":{"@type":"EntryPoint","urlTemplate":"https:\/\/alexandrecenis.com\/?s={search_term_string}"},"query-input":{"@type":"PropertyValueSpecification","valueRequired":true,"valueName":"search_term_string"}}],"inLanguage":"fr-FR"},{"@type":"Person","@id":"https:\/\/alexandrecenis.com\/#\/schema\/person\/cb034178deaf60a8602f9c700c5b1c83","name":"admin8497","image":{"@type":"ImageObject","inLanguage":"fr-FR","@id":"https:\/\/secure.gravatar.com\/avatar\/9586a1b4e51047e1977e647153ddd075f143e741c8e5ba4d03f6cfa4c61126fd?s=96&d=mm&r=g","url":"https:\/\/secure.gravatar.com\/avatar\/9586a1b4e51047e1977e647153ddd075f143e741c8e5ba4d03f6cfa4c61126fd?s=96&d=mm&r=g","contentUrl":"https:\/\/secure.gravatar.com\/avatar\/9586a1b4e51047e1977e647153ddd075f143e741c8e5ba4d03f6cfa4c61126fd?s=96&d=mm&r=g","caption":"admin8497"},"url":"https:\/\/alexandrecenis.com\/index.php\/author\/admin8497\/"}]}},"_links":{"self":[{"href":"https:\/\/alexandrecenis.com\/index.php\/wp-json\/wp\/v2\/posts\/4857","targetHints":{"allow":["GET"]}}],"collection":[{"href":"https:\/\/alexandrecenis.com\/index.php\/wp-json\/wp\/v2\/posts"}],"about":[{"href":"https:\/\/alexandrecenis.com\/index.php\/wp-json\/wp\/v2\/types\/post"}],"author":[{"embeddable":true,"href":"https:\/\/alexandrecenis.com\/index.php\/wp-json\/wp\/v2\/users\/1"}],"replies":[{"embeddable":true,"href":"https:\/\/alexandrecenis.com\/index.php\/wp-json\/wp\/v2\/comments?post=4857"}],"version-history":[{"count":6,"href":"https:\/\/alexandrecenis.com\/index.php\/wp-json\/wp\/v2\/posts\/4857\/revisions"}],"predecessor-version":[{"id":4865,"href":"https:\/\/alexandrecenis.com\/index.php\/wp-json\/wp\/v2\/posts\/4857\/revisions\/4865"}],"wp:featuredmedia":[{"embeddable":true,"href":"https:\/\/alexandrecenis.com\/index.php\/wp-json\/wp\/v2\/media\/4859"}],"wp:attachment":[{"href":"https:\/\/alexandrecenis.com\/index.php\/wp-json\/wp\/v2\/media?parent=4857"}],"wp:term":[{"taxonomy":"category","embeddable":true,"href":"https:\/\/alexandrecenis.com\/index.php\/wp-json\/wp\/v2\/categories?post=4857"},{"taxonomy":"post_tag","embeddable":true,"href":"https:\/\/alexandrecenis.com\/index.php\/wp-json\/wp\/v2\/tags?post=4857"}],"curies":[{"name":"wp","href":"https:\/\/api.w.org\/{rel}","templated":true}]}}