{"id":4843,"date":"2021-10-13T08:34:06","date_gmt":"2021-10-13T06:34:06","guid":{"rendered":"https:\/\/alexandrecenis.com\/?p=4843"},"modified":"2021-10-13T08:34:06","modified_gmt":"2021-10-13T06:34:06","slug":"jair-bolsonaro-prend-share","status":"publish","type":"post","link":"https:\/\/alexandrecenis.com\/index.php\/2021\/10\/13\/jair-bolsonaro-prend-share\/","title":{"rendered":"Jair Bolsonaro prend Share"},"content":{"rendered":"<p style=\"text-align: justify;\">Bien le bonjour le monde digital ! C\u2019est une premi\u00e8re dans l&rsquo;histoire dont l&rsquo;objectif est clair : cr\u00e9er un pr\u00e9c\u00e9dent. L\u2019ONG autrichienne AllRise a d\u00e9pos\u00e9 plainte pour crime contre l\u2019humanit\u00e9 \u00e0 l\u2019encontre du pr\u00e9sident br\u00e9silien Jair Bolsonaro devant la Cour P\u00e9nale Internationale.<\/p>\n<p style=\"text-align: justify;\">Sous sa pr\u00e9sidence, le rythme de la <strong>d\u00e9forestation amazonienne<\/strong> dans le pays <strong>s\u2019est accru de 88 %<\/strong>. <strong>4000 km2 de for\u00eat sont an\u00e9antis chaque ann\u00e9e<\/strong>. Je vais vous expliquer pourquoi vous allez forc\u00e9ment entendre parler cette campagne de sensibilisation, allez : Com&rsquo; with me !<\/p>\n<p style=\"text-align: center;\"><iframe loading=\"lazy\" src=\"https:\/\/w.soundcloud.com\/player\/?url=https%3A\/\/api.soundcloud.com\/tracks\/1140972646&amp;color=%23ff5500&amp;auto_play=false&amp;hide_related=false&amp;show_comments=true&amp;show_user=true&amp;show_reposts=false&amp;show_teaser=true&amp;visual=true\" width=\"100%\" height=\"300\" frameborder=\"no\" scrolling=\"no\"><\/iframe><\/p>\n<p style=\"text-align: justify;\">L\u2019objectif de cette plainte est de cr\u00e9er un pr\u00e9c\u00e9dent juridique en mati\u00e8re de protection de la plan\u00e8te Terre pour faciliter la responsabilisation des criminels \u00e9cologiques et la pr\u00e9vention de crimes similaires \u00e0 l\u2019avenir. \u00ab\u2009The Planet vs. Bolsonaro\u2009\u00bb est la campagne pens\u00e9e par l\u2019agence 180 Amsterdam et accompagn\u00e9e d\u2019une plate-forme de communication \u00ab\u2009con\u00e7ue pour amplifier l\u2019objectif de la plainte et galvaniser le public pour \u201cpartager, signer, arr\u00eater ses crimes\u201d.\u2009\u00bb La plateforme est assortie d\u2019une bo\u00eete \u00e0 outils \u2014\u00a0 films, supports imprim\u00e9s et num\u00e9riques, GIF, etc. \u2014 pour permettre au public du monde entier de s\u2019emparer de cette cause et montrer son soutien.<\/p>\n<p><img loading=\"lazy\" decoding=\"async\" class=\"aligncenter wp-image-4844 size-large\" src=\"https:\/\/alexandrecenis.com\/wp-content\/uploads\/2021\/10\/180amsterdam-allrise-bolsonaro-3-1024x1024.jpg\" alt=\"\" width=\"1024\" height=\"1024\" srcset=\"https:\/\/alexandrecenis.com\/wp-content\/uploads\/2021\/10\/180amsterdam-allrise-bolsonaro-3-980x980.jpg 980w, https:\/\/alexandrecenis.com\/wp-content\/uploads\/2021\/10\/180amsterdam-allrise-bolsonaro-3-480x480.jpg 480w\" sizes=\"(min-width: 0px) and (max-width: 480px) 480px, (min-width: 481px) and (max-width: 980px) 980px, (min-width: 981px) 1024px, 100vw\" \/><\/p>\n<p style=\"text-align: justify;\">Ainsi, les \u00e9l\u00e9ments propos\u00e9s ont \u00e9t\u00e9 pens\u00e9s pour \u00eatre les plus accessibles possibles. \u00ab La police de caract\u00e8res (IMPACT), le sch\u00e9ma de couleurs ou encore les mod\u00e8les universels visent \u00e0 v\u00e9hiculer une voix unie, pr\u00e9cise l\u2019agence. Le site web s\u2019adapte par exemple en fonction du d\u00e9bit de connexion ; les stickers et les GIFs sont con\u00e7us \u00e0 la fois pour des plateformes comme Twitter ou Facebook, ou encore Weibo et Douyin afin de permettre aux gens de s\u2019impliquer.<\/p>\n<p><img loading=\"lazy\" decoding=\"async\" class=\"aligncenter wp-image-4845 size-full\" src=\"https:\/\/alexandrecenis.com\/wp-content\/uploads\/2021\/10\/1.jpg\" alt=\"\" width=\"720\" height=\"718\" srcset=\"https:\/\/alexandrecenis.com\/wp-content\/uploads\/2021\/10\/1.jpg 720w, https:\/\/alexandrecenis.com\/wp-content\/uploads\/2021\/10\/1-480x479.jpg 480w\" sizes=\"(min-width: 0px) and (max-width: 480px) 480px, (min-width: 481px) 720px, 100vw\" \/><\/p>\n<p style=\"text-align: justify;\">Kalle Hellz\u00e9n, directeur de la cr\u00e9ation chez 180 Amsterdam, a d\u00e9clar\u00e9\u00a0: \u00ab\u2009The Planet Vs. Bolsonaro\u2009est une initiative incroyable qui peut entra\u00eener un changement remarquable. Nous sommes si fiers de faire partie de cette id\u00e9e et de la conception d\u00e9mocratique et du syst\u00e8me de messagerie qui capteront l\u2019attention du public et lui permettront d\u2019agir, cr\u00e9ant une conversation trop forte pour \u00eatre ignor\u00e9e.\u2009\u00bb<\/p>\n","protected":false},"excerpt":{"rendered":"<p>Bien le bonjour le monde digital ! C\u2019est une premi\u00e8re dans l&rsquo;histoire dont l&rsquo;objectif est clair : cr\u00e9er un pr\u00e9c\u00e9dent. L\u2019ONG autrichienne AllRise a d\u00e9pos\u00e9 plainte pour crime contre l\u2019humanit\u00e9 \u00e0 l\u2019encontre du pr\u00e9sident br\u00e9silien Jair Bolsonaro devant la Cour P\u00e9nale Internationale. Sous sa pr\u00e9sidence, le rythme de la d\u00e9forestation amazonienne dans le pays s\u2019est [&hellip;]<\/p>\n","protected":false},"author":1,"featured_media":4846,"comment_status":"closed","ping_status":"open","sticky":false,"template":"","format":"standard","meta":{"_et_pb_use_builder":"","_et_pb_old_content":"","_et_gb_content_width":"","footnotes":""},"categories":[113],"tags":[1831,1828,1829,1832,1639,1830],"class_list":["post-4843","post","type-post","status-publish","format-standard","has-post-thumbnail","hentry","category-communication","tag-180-amsterdam","tag-allrise","tag-jair-bolsonaro","tag-kalle-hellzen","tag-ong","tag-the-planet-vs-bolsonaro"],"yoast_head":"<!-- This site is optimized with the Yoast SEO plugin v27.3 - https:\/\/yoast.com\/product\/yoast-seo-wordpress\/ -->\n<title>Jair Bolsonaro prend Share - Alexandre Cenis<\/title>\n<meta name=\"robots\" content=\"index, follow, max-snippet:-1, max-image-preview:large, max-video-preview:-1\" \/>\n<link rel=\"canonical\" href=\"https:\/\/alexandrecenis.com\/index.php\/2021\/10\/13\/jair-bolsonaro-prend-share\/\" \/>\n<meta property=\"og:locale\" content=\"fr_FR\" \/>\n<meta property=\"og:type\" content=\"article\" \/>\n<meta property=\"og:title\" content=\"Jair Bolsonaro prend Share - Alexandre Cenis\" \/>\n<meta property=\"og:description\" content=\"Bien le bonjour le monde digital ! C\u2019est une premi\u00e8re dans l&rsquo;histoire dont l&rsquo;objectif est clair : cr\u00e9er un pr\u00e9c\u00e9dent. L\u2019ONG autrichienne AllRise a d\u00e9pos\u00e9 plainte pour crime contre l\u2019humanit\u00e9 \u00e0 l\u2019encontre du pr\u00e9sident br\u00e9silien Jair Bolsonaro devant la Cour P\u00e9nale Internationale. Sous sa pr\u00e9sidence, le rythme de la d\u00e9forestation amazonienne dans le pays s\u2019est [&hellip;]\" \/>\n<meta property=\"og:url\" content=\"https:\/\/alexandrecenis.com\/index.php\/2021\/10\/13\/jair-bolsonaro-prend-share\/\" \/>\n<meta property=\"og:site_name\" content=\"Alexandre Cenis\" \/>\n<meta property=\"article:published_time\" content=\"2021-10-13T06:34:06+00:00\" \/>\n<meta property=\"og:image\" content=\"https:\/\/alexandrecenis.com\/wp-content\/uploads\/2021\/10\/2.jpg\" \/>\n\t<meta property=\"og:image:width\" content=\"721\" \/>\n\t<meta property=\"og:image:height\" content=\"405\" \/>\n\t<meta property=\"og:image:type\" content=\"image\/jpeg\" \/>\n<meta name=\"author\" content=\"admin8497\" \/>\n<meta name=\"twitter:card\" content=\"summary_large_image\" \/>\n<meta name=\"twitter:creator\" content=\"@alexandrecenis\" \/>\n<meta name=\"twitter:site\" content=\"@alexandrecenis\" \/>\n<meta name=\"twitter:label1\" content=\"\u00c9crit par\" \/>\n\t<meta name=\"twitter:data1\" content=\"admin8497\" \/>\n\t<meta name=\"twitter:label2\" content=\"Dur\u00e9e de lecture estim\u00e9e\" \/>\n\t<meta name=\"twitter:data2\" content=\"2 minutes\" \/>\n<script type=\"application\/ld+json\" class=\"yoast-schema-graph\">{\"@context\":\"https:\\\/\\\/schema.org\",\"@graph\":[{\"@type\":\"Article\",\"@id\":\"https:\\\/\\\/alexandrecenis.com\\\/index.php\\\/2021\\\/10\\\/13\\\/jair-bolsonaro-prend-share\\\/#article\",\"isPartOf\":{\"@id\":\"https:\\\/\\\/alexandrecenis.com\\\/index.php\\\/2021\\\/10\\\/13\\\/jair-bolsonaro-prend-share\\\/\"},\"author\":{\"name\":\"admin8497\",\"@id\":\"https:\\\/\\\/alexandrecenis.com\\\/#\\\/schema\\\/person\\\/cb034178deaf60a8602f9c700c5b1c83\"},\"headline\":\"Jair Bolsonaro prend Share\",\"datePublished\":\"2021-10-13T06:34:06+00:00\",\"mainEntityOfPage\":{\"@id\":\"https:\\\/\\\/alexandrecenis.com\\\/index.php\\\/2021\\\/10\\\/13\\\/jair-bolsonaro-prend-share\\\/\"},\"wordCount\":377,\"image\":{\"@id\":\"https:\\\/\\\/alexandrecenis.com\\\/index.php\\\/2021\\\/10\\\/13\\\/jair-bolsonaro-prend-share\\\/#primaryimage\"},\"thumbnailUrl\":\"https:\\\/\\\/alexandrecenis.com\\\/wp-content\\\/uploads\\\/2021\\\/10\\\/2.jpg\",\"keywords\":[\"180 Amsterdam\",\"AllRise\",\"Jair Bolsonaro\",\"Kalle Hellz\u00e9n\",\"ONG\",\"The Planet vs. Bolsonaro\"],\"articleSection\":[\"Communication\"],\"inLanguage\":\"fr-FR\"},{\"@type\":\"WebPage\",\"@id\":\"https:\\\/\\\/alexandrecenis.com\\\/index.php\\\/2021\\\/10\\\/13\\\/jair-bolsonaro-prend-share\\\/\",\"url\":\"https:\\\/\\\/alexandrecenis.com\\\/index.php\\\/2021\\\/10\\\/13\\\/jair-bolsonaro-prend-share\\\/\",\"name\":\"Jair Bolsonaro prend Share - Alexandre Cenis\",\"isPartOf\":{\"@id\":\"https:\\\/\\\/alexandrecenis.com\\\/#website\"},\"primaryImageOfPage\":{\"@id\":\"https:\\\/\\\/alexandrecenis.com\\\/index.php\\\/2021\\\/10\\\/13\\\/jair-bolsonaro-prend-share\\\/#primaryimage\"},\"image\":{\"@id\":\"https:\\\/\\\/alexandrecenis.com\\\/index.php\\\/2021\\\/10\\\/13\\\/jair-bolsonaro-prend-share\\\/#primaryimage\"},\"thumbnailUrl\":\"https:\\\/\\\/alexandrecenis.com\\\/wp-content\\\/uploads\\\/2021\\\/10\\\/2.jpg\",\"datePublished\":\"2021-10-13T06:34:06+00:00\",\"author\":{\"@id\":\"https:\\\/\\\/alexandrecenis.com\\\/#\\\/schema\\\/person\\\/cb034178deaf60a8602f9c700c5b1c83\"},\"breadcrumb\":{\"@id\":\"https:\\\/\\\/alexandrecenis.com\\\/index.php\\\/2021\\\/10\\\/13\\\/jair-bolsonaro-prend-share\\\/#breadcrumb\"},\"inLanguage\":\"fr-FR\",\"potentialAction\":[{\"@type\":\"ReadAction\",\"target\":[\"https:\\\/\\\/alexandrecenis.com\\\/index.php\\\/2021\\\/10\\\/13\\\/jair-bolsonaro-prend-share\\\/\"]}]},{\"@type\":\"ImageObject\",\"inLanguage\":\"fr-FR\",\"@id\":\"https:\\\/\\\/alexandrecenis.com\\\/index.php\\\/2021\\\/10\\\/13\\\/jair-bolsonaro-prend-share\\\/#primaryimage\",\"url\":\"https:\\\/\\\/alexandrecenis.com\\\/wp-content\\\/uploads\\\/2021\\\/10\\\/2.jpg\",\"contentUrl\":\"https:\\\/\\\/alexandrecenis.com\\\/wp-content\\\/uploads\\\/2021\\\/10\\\/2.jpg\",\"width\":721,\"height\":405},{\"@type\":\"BreadcrumbList\",\"@id\":\"https:\\\/\\\/alexandrecenis.com\\\/index.php\\\/2021\\\/10\\\/13\\\/jair-bolsonaro-prend-share\\\/#breadcrumb\",\"itemListElement\":[{\"@type\":\"ListItem\",\"position\":1,\"name\":\"Home\",\"item\":\"https:\\\/\\\/alexandrecenis.com\\\/\"},{\"@type\":\"ListItem\",\"position\":2,\"name\":\"Jair Bolsonaro prend Share\"}]},{\"@type\":\"WebSite\",\"@id\":\"https:\\\/\\\/alexandrecenis.com\\\/#website\",\"url\":\"https:\\\/\\\/alexandrecenis.com\\\/\",\"name\":\"Alexandre Cenis\",\"description\":\"Intelligence Cr\u00e9ative\",\"potentialAction\":[{\"@type\":\"SearchAction\",\"target\":{\"@type\":\"EntryPoint\",\"urlTemplate\":\"https:\\\/\\\/alexandrecenis.com\\\/?s={search_term_string}\"},\"query-input\":{\"@type\":\"PropertyValueSpecification\",\"valueRequired\":true,\"valueName\":\"search_term_string\"}}],\"inLanguage\":\"fr-FR\"},{\"@type\":\"Person\",\"@id\":\"https:\\\/\\\/alexandrecenis.com\\\/#\\\/schema\\\/person\\\/cb034178deaf60a8602f9c700c5b1c83\",\"name\":\"admin8497\",\"image\":{\"@type\":\"ImageObject\",\"inLanguage\":\"fr-FR\",\"@id\":\"https:\\\/\\\/secure.gravatar.com\\\/avatar\\\/9586a1b4e51047e1977e647153ddd075f143e741c8e5ba4d03f6cfa4c61126fd?s=96&d=mm&r=g\",\"url\":\"https:\\\/\\\/secure.gravatar.com\\\/avatar\\\/9586a1b4e51047e1977e647153ddd075f143e741c8e5ba4d03f6cfa4c61126fd?s=96&d=mm&r=g\",\"contentUrl\":\"https:\\\/\\\/secure.gravatar.com\\\/avatar\\\/9586a1b4e51047e1977e647153ddd075f143e741c8e5ba4d03f6cfa4c61126fd?s=96&d=mm&r=g\",\"caption\":\"admin8497\"},\"url\":\"https:\\\/\\\/alexandrecenis.com\\\/index.php\\\/author\\\/admin8497\\\/\"}]}<\/script>\n<!-- \/ Yoast SEO plugin. -->","yoast_head_json":{"title":"Jair Bolsonaro prend Share - Alexandre Cenis","robots":{"index":"index","follow":"follow","max-snippet":"max-snippet:-1","max-image-preview":"max-image-preview:large","max-video-preview":"max-video-preview:-1"},"canonical":"https:\/\/alexandrecenis.com\/index.php\/2021\/10\/13\/jair-bolsonaro-prend-share\/","og_locale":"fr_FR","og_type":"article","og_title":"Jair Bolsonaro prend Share - Alexandre Cenis","og_description":"Bien le bonjour le monde digital ! C\u2019est une premi\u00e8re dans l&rsquo;histoire dont l&rsquo;objectif est clair : cr\u00e9er un pr\u00e9c\u00e9dent. L\u2019ONG autrichienne AllRise a d\u00e9pos\u00e9 plainte pour crime contre l\u2019humanit\u00e9 \u00e0 l\u2019encontre du pr\u00e9sident br\u00e9silien Jair Bolsonaro devant la Cour P\u00e9nale Internationale. Sous sa pr\u00e9sidence, le rythme de la d\u00e9forestation amazonienne dans le pays s\u2019est [&hellip;]","og_url":"https:\/\/alexandrecenis.com\/index.php\/2021\/10\/13\/jair-bolsonaro-prend-share\/","og_site_name":"Alexandre Cenis","article_published_time":"2021-10-13T06:34:06+00:00","og_image":[{"width":721,"height":405,"url":"https:\/\/alexandrecenis.com\/wp-content\/uploads\/2021\/10\/2.jpg","type":"image\/jpeg"}],"author":"admin8497","twitter_card":"summary_large_image","twitter_creator":"@alexandrecenis","twitter_site":"@alexandrecenis","twitter_misc":{"\u00c9crit par":"admin8497","Dur\u00e9e de lecture estim\u00e9e":"2 minutes"},"schema":{"@context":"https:\/\/schema.org","@graph":[{"@type":"Article","@id":"https:\/\/alexandrecenis.com\/index.php\/2021\/10\/13\/jair-bolsonaro-prend-share\/#article","isPartOf":{"@id":"https:\/\/alexandrecenis.com\/index.php\/2021\/10\/13\/jair-bolsonaro-prend-share\/"},"author":{"name":"admin8497","@id":"https:\/\/alexandrecenis.com\/#\/schema\/person\/cb034178deaf60a8602f9c700c5b1c83"},"headline":"Jair Bolsonaro prend Share","datePublished":"2021-10-13T06:34:06+00:00","mainEntityOfPage":{"@id":"https:\/\/alexandrecenis.com\/index.php\/2021\/10\/13\/jair-bolsonaro-prend-share\/"},"wordCount":377,"image":{"@id":"https:\/\/alexandrecenis.com\/index.php\/2021\/10\/13\/jair-bolsonaro-prend-share\/#primaryimage"},"thumbnailUrl":"https:\/\/alexandrecenis.com\/wp-content\/uploads\/2021\/10\/2.jpg","keywords":["180 Amsterdam","AllRise","Jair Bolsonaro","Kalle Hellz\u00e9n","ONG","The Planet vs. Bolsonaro"],"articleSection":["Communication"],"inLanguage":"fr-FR"},{"@type":"WebPage","@id":"https:\/\/alexandrecenis.com\/index.php\/2021\/10\/13\/jair-bolsonaro-prend-share\/","url":"https:\/\/alexandrecenis.com\/index.php\/2021\/10\/13\/jair-bolsonaro-prend-share\/","name":"Jair Bolsonaro prend Share - Alexandre Cenis","isPartOf":{"@id":"https:\/\/alexandrecenis.com\/#website"},"primaryImageOfPage":{"@id":"https:\/\/alexandrecenis.com\/index.php\/2021\/10\/13\/jair-bolsonaro-prend-share\/#primaryimage"},"image":{"@id":"https:\/\/alexandrecenis.com\/index.php\/2021\/10\/13\/jair-bolsonaro-prend-share\/#primaryimage"},"thumbnailUrl":"https:\/\/alexandrecenis.com\/wp-content\/uploads\/2021\/10\/2.jpg","datePublished":"2021-10-13T06:34:06+00:00","author":{"@id":"https:\/\/alexandrecenis.com\/#\/schema\/person\/cb034178deaf60a8602f9c700c5b1c83"},"breadcrumb":{"@id":"https:\/\/alexandrecenis.com\/index.php\/2021\/10\/13\/jair-bolsonaro-prend-share\/#breadcrumb"},"inLanguage":"fr-FR","potentialAction":[{"@type":"ReadAction","target":["https:\/\/alexandrecenis.com\/index.php\/2021\/10\/13\/jair-bolsonaro-prend-share\/"]}]},{"@type":"ImageObject","inLanguage":"fr-FR","@id":"https:\/\/alexandrecenis.com\/index.php\/2021\/10\/13\/jair-bolsonaro-prend-share\/#primaryimage","url":"https:\/\/alexandrecenis.com\/wp-content\/uploads\/2021\/10\/2.jpg","contentUrl":"https:\/\/alexandrecenis.com\/wp-content\/uploads\/2021\/10\/2.jpg","width":721,"height":405},{"@type":"BreadcrumbList","@id":"https:\/\/alexandrecenis.com\/index.php\/2021\/10\/13\/jair-bolsonaro-prend-share\/#breadcrumb","itemListElement":[{"@type":"ListItem","position":1,"name":"Home","item":"https:\/\/alexandrecenis.com\/"},{"@type":"ListItem","position":2,"name":"Jair Bolsonaro prend Share"}]},{"@type":"WebSite","@id":"https:\/\/alexandrecenis.com\/#website","url":"https:\/\/alexandrecenis.com\/","name":"Alexandre Cenis","description":"Intelligence Cr\u00e9ative","potentialAction":[{"@type":"SearchAction","target":{"@type":"EntryPoint","urlTemplate":"https:\/\/alexandrecenis.com\/?s={search_term_string}"},"query-input":{"@type":"PropertyValueSpecification","valueRequired":true,"valueName":"search_term_string"}}],"inLanguage":"fr-FR"},{"@type":"Person","@id":"https:\/\/alexandrecenis.com\/#\/schema\/person\/cb034178deaf60a8602f9c700c5b1c83","name":"admin8497","image":{"@type":"ImageObject","inLanguage":"fr-FR","@id":"https:\/\/secure.gravatar.com\/avatar\/9586a1b4e51047e1977e647153ddd075f143e741c8e5ba4d03f6cfa4c61126fd?s=96&d=mm&r=g","url":"https:\/\/secure.gravatar.com\/avatar\/9586a1b4e51047e1977e647153ddd075f143e741c8e5ba4d03f6cfa4c61126fd?s=96&d=mm&r=g","contentUrl":"https:\/\/secure.gravatar.com\/avatar\/9586a1b4e51047e1977e647153ddd075f143e741c8e5ba4d03f6cfa4c61126fd?s=96&d=mm&r=g","caption":"admin8497"},"url":"https:\/\/alexandrecenis.com\/index.php\/author\/admin8497\/"}]}},"_links":{"self":[{"href":"https:\/\/alexandrecenis.com\/index.php\/wp-json\/wp\/v2\/posts\/4843","targetHints":{"allow":["GET"]}}],"collection":[{"href":"https:\/\/alexandrecenis.com\/index.php\/wp-json\/wp\/v2\/posts"}],"about":[{"href":"https:\/\/alexandrecenis.com\/index.php\/wp-json\/wp\/v2\/types\/post"}],"author":[{"embeddable":true,"href":"https:\/\/alexandrecenis.com\/index.php\/wp-json\/wp\/v2\/users\/1"}],"replies":[{"embeddable":true,"href":"https:\/\/alexandrecenis.com\/index.php\/wp-json\/wp\/v2\/comments?post=4843"}],"version-history":[{"count":9,"href":"https:\/\/alexandrecenis.com\/index.php\/wp-json\/wp\/v2\/posts\/4843\/revisions"}],"predecessor-version":[{"id":4855,"href":"https:\/\/alexandrecenis.com\/index.php\/wp-json\/wp\/v2\/posts\/4843\/revisions\/4855"}],"wp:featuredmedia":[{"embeddable":true,"href":"https:\/\/alexandrecenis.com\/index.php\/wp-json\/wp\/v2\/media\/4846"}],"wp:attachment":[{"href":"https:\/\/alexandrecenis.com\/index.php\/wp-json\/wp\/v2\/media?parent=4843"}],"wp:term":[{"taxonomy":"category","embeddable":true,"href":"https:\/\/alexandrecenis.com\/index.php\/wp-json\/wp\/v2\/categories?post=4843"},{"taxonomy":"post_tag","embeddable":true,"href":"https:\/\/alexandrecenis.com\/index.php\/wp-json\/wp\/v2\/tags?post=4843"}],"curies":[{"name":"wp","href":"https:\/\/api.w.org\/{rel}","templated":true}]}}