{"id":4789,"date":"2021-10-06T08:58:59","date_gmt":"2021-10-06T06:58:59","guid":{"rendered":"https:\/\/alexandrecenis.com\/?p=4789"},"modified":"2021-10-06T08:58:59","modified_gmt":"2021-10-06T06:58:59","slug":"les-simpson-sont-fashion","status":"publish","type":"post","link":"https:\/\/alexandrecenis.com\/index.php\/2021\/10\/06\/les-simpson-sont-fashion\/","title":{"rendered":"Les Simpson sont Fashion"},"content":{"rendered":"<p style=\"text-align: justify;\">Bien le bonjour le monde digital ! Depuis plus de 30 ans, les Simpson s\u2019invitent chaque semaine sur nos \u00e9crans de t\u00e9l\u00e9vision avec des \u00e9pisodes toujours aussi d\u00e9jant\u00e9s et voir quelques fois visionnaires. Cette fois, c\u2019est \u00e0 l\u2019occasion de la Fashion Week de Paris, qui s&rsquo;est termin\u00e9 hier, que nous les retrouvons. La famille la plus c\u00e9l\u00e8bre de Springfield s\u2019est contre toute attente transform\u00e9e en invit\u00e9e surprise du d\u00e9fil\u00e9 Balenciaga dans un \u00e9pisode sp\u00e9cial. Allez : com&rsquo; with me !<\/p>\n<p style=\"text-align: center;\"><iframe loading=\"lazy\" src=\"https:\/\/w.soundcloud.com\/player\/?url=https%3A\/\/api.soundcloud.com\/tracks\/1136823625&amp;color=%23ff5500&amp;auto_play=false&amp;hide_related=false&amp;show_comments=true&amp;show_user=true&amp;show_reposts=false&amp;show_teaser=true&amp;visual=true\" width=\"100%\" height=\"300\" frameborder=\"no\" scrolling=\"no\"><\/iframe><\/p>\n<p style=\"text-align: justify;\">L\u2019\u00e9v\u00e9nement de mode le plus attendu de l\u2019ann\u00e9e a eu lieu \u00e0 Paris pour pr\u00e9senter les collections Printemps-Et\u00e9 2022 des plus grandes marques de luxe. Parmi elles, Balenciaga a surpris ses invit\u00e9s lors de son d\u00e9fil\u00e9 au th\u00e9\u00e2tre du Ch\u00e2telet \u00e0 Paris en diffusant un \u00e9pisode in\u00e9dit des Simpson d\u2019une dizaine de minutes.<\/p>\n<p><img loading=\"lazy\" decoding=\"async\" class=\"aligncenter wp-image-4791 size-full\" src=\"https:\/\/alexandrecenis.com\/wp-content\/uploads\/2021\/10\/2-1.png\" alt=\"\" width=\"678\" height=\"382\" srcset=\"https:\/\/alexandrecenis.com\/wp-content\/uploads\/2021\/10\/2-1.png 678w, https:\/\/alexandrecenis.com\/wp-content\/uploads\/2021\/10\/2-1-480x270.png 480w\" sizes=\"(min-width: 0px) and (max-width: 480px) 480px, (min-width: 481px) 678px, 100vw\" \/><\/p>\n<p><img loading=\"lazy\" decoding=\"async\" class=\"aligncenter wp-image-4790 size-full\" src=\"https:\/\/alexandrecenis.com\/wp-content\/uploads\/2021\/10\/1-1.png\" alt=\"\" width=\"678\" height=\"383\" srcset=\"https:\/\/alexandrecenis.com\/wp-content\/uploads\/2021\/10\/1-1.png 678w, https:\/\/alexandrecenis.com\/wp-content\/uploads\/2021\/10\/1-1-480x271.png 480w\" sizes=\"(min-width: 0px) and (max-width: 480px) 480px, (min-width: 481px) 678px, 100vw\" \/><\/p>\n<p style=\"text-align: justify;\">Et pas n\u2019importe quel \u00e9pisode car Demna Gvasalia, directeur artistique de Balenciaga et fan de la s\u00e9rie, s\u2019est associ\u00e9 aux producteurs des Simpson pour un \u00e9pisode surprise r\u00e9alis\u00e9 sp\u00e9cialement pour la Fashion Week. Ne soyez donc pas surpris de voir le principal Skinner, le chef Clancy Wiggum, Bart, Lisa et Homer v\u00eatus de la derni\u00e8re collection de Balenciaga d\u00e9filer face \u00e0 des invit\u00e9s de prestige dont Anna Wintour et Kanye West.<\/p>\n<p><img loading=\"lazy\" decoding=\"async\" class=\"aligncenter wp-image-4792 size-full\" src=\"https:\/\/alexandrecenis.com\/wp-content\/uploads\/2021\/10\/3-1.png\" alt=\"\" width=\"681\" height=\"383\" srcset=\"https:\/\/alexandrecenis.com\/wp-content\/uploads\/2021\/10\/3-1.png 681w, https:\/\/alexandrecenis.com\/wp-content\/uploads\/2021\/10\/3-1-480x270.png 480w\" sizes=\"(min-width: 0px) and (max-width: 480px) 480px, (min-width: 481px) 681px, 100vw\" \/><\/p>\n<p><img loading=\"lazy\" decoding=\"async\" class=\"aligncenter wp-image-4794 size-full\" src=\"https:\/\/alexandrecenis.com\/wp-content\/uploads\/2021\/10\/vignette-1.png\" alt=\"\" width=\"682\" height=\"383\" srcset=\"https:\/\/alexandrecenis.com\/wp-content\/uploads\/2021\/10\/vignette-1.png 682w, https:\/\/alexandrecenis.com\/wp-content\/uploads\/2021\/10\/vignette-1-480x270.png 480w\" sizes=\"(min-width: 0px) and (max-width: 480px) 480px, (min-width: 481px) 682px, 100vw\" \/><\/p>\n<p style=\"text-align: justify;\">Balenciaga r\u00e9alise un coup marketing cr\u00e9atif en invitant la pop culture dans le monde tr\u00e8s ferm\u00e9 de la haute couture. Une op\u00e9ration qui n\u2019a pas manqu\u00e9 de faire r\u00e9agir face aux clich\u00e9s mis en lumi\u00e8re dans l\u2019\u00e9pisode et qui montre l\u2019ouverture d\u2019esprit de la marque.<\/p>\n<p style=\"text-align: center;\"><iframe loading=\"lazy\" title=\"YouTube video player\" src=\"https:\/\/www.youtube.com\/embed\/PZHESOq-Gkw\" width=\"560\" height=\"315\" frameborder=\"0\" allowfullscreen=\"allowfullscreen\"><\/iframe><\/p>\n","protected":false},"excerpt":{"rendered":"<p>Bien le bonjour le monde digital ! Depuis plus de 30 ans, les Simpson s\u2019invitent chaque semaine sur nos \u00e9crans de t\u00e9l\u00e9vision avec des \u00e9pisodes toujours aussi d\u00e9jant\u00e9s et voir quelques fois visionnaires. Cette fois, c\u2019est \u00e0 l\u2019occasion de la Fashion Week de Paris, qui s&rsquo;est termin\u00e9 hier, que nous les retrouvons. La famille la [&hellip;]<\/p>\n","protected":false},"author":1,"featured_media":4793,"comment_status":"closed","ping_status":"open","sticky":false,"template":"","format":"standard","meta":{"_et_pb_use_builder":"","_et_pb_old_content":"","_et_gb_content_width":"","footnotes":""},"categories":[113],"tags":[1464,1812,310,1810,1813,1811],"class_list":["post-4789","post","type-post","status-publish","format-standard","has-post-thumbnail","hentry","category-communication","tag-balenciaga","tag-demna-gvasalia","tag-fashion-week","tag-simpson","tag-special","tag-theatre"],"yoast_head":"<!-- This site is optimized with the Yoast SEO plugin v27.3 - https:\/\/yoast.com\/product\/yoast-seo-wordpress\/ -->\n<title>Les Simpson sont Fashion - Alexandre Cenis<\/title>\n<meta name=\"robots\" content=\"index, follow, max-snippet:-1, max-image-preview:large, max-video-preview:-1\" \/>\n<link rel=\"canonical\" href=\"https:\/\/alexandrecenis.com\/index.php\/2021\/10\/06\/les-simpson-sont-fashion\/\" \/>\n<meta property=\"og:locale\" content=\"fr_FR\" \/>\n<meta property=\"og:type\" content=\"article\" \/>\n<meta property=\"og:title\" content=\"Les Simpson sont Fashion - Alexandre Cenis\" \/>\n<meta property=\"og:description\" content=\"Bien le bonjour le monde digital ! Depuis plus de 30 ans, les Simpson s\u2019invitent chaque semaine sur nos \u00e9crans de t\u00e9l\u00e9vision avec des \u00e9pisodes toujours aussi d\u00e9jant\u00e9s et voir quelques fois visionnaires. Cette fois, c\u2019est \u00e0 l\u2019occasion de la Fashion Week de Paris, qui s&rsquo;est termin\u00e9 hier, que nous les retrouvons. La famille la [&hellip;]\" \/>\n<meta property=\"og:url\" content=\"https:\/\/alexandrecenis.com\/index.php\/2021\/10\/06\/les-simpson-sont-fashion\/\" \/>\n<meta property=\"og:site_name\" content=\"Alexandre Cenis\" \/>\n<meta property=\"article:published_time\" content=\"2021-10-06T06:58:59+00:00\" \/>\n<meta property=\"og:image\" content=\"https:\/\/alexandrecenis.com\/wp-content\/uploads\/2021\/10\/4-1.png\" \/>\n\t<meta property=\"og:image:width\" content=\"679\" \/>\n\t<meta property=\"og:image:height\" content=\"386\" \/>\n\t<meta property=\"og:image:type\" content=\"image\/png\" \/>\n<meta name=\"author\" content=\"admin8497\" \/>\n<meta name=\"twitter:card\" content=\"summary_large_image\" \/>\n<meta name=\"twitter:creator\" content=\"@alexandrecenis\" \/>\n<meta name=\"twitter:site\" content=\"@alexandrecenis\" \/>\n<meta name=\"twitter:label1\" content=\"\u00c9crit par\" \/>\n\t<meta name=\"twitter:data1\" content=\"admin8497\" \/>\n\t<meta name=\"twitter:label2\" content=\"Dur\u00e9e de lecture estim\u00e9e\" \/>\n\t<meta name=\"twitter:data2\" content=\"2 minutes\" \/>\n<script type=\"application\/ld+json\" class=\"yoast-schema-graph\">{\"@context\":\"https:\\\/\\\/schema.org\",\"@graph\":[{\"@type\":\"Article\",\"@id\":\"https:\\\/\\\/alexandrecenis.com\\\/index.php\\\/2021\\\/10\\\/06\\\/les-simpson-sont-fashion\\\/#article\",\"isPartOf\":{\"@id\":\"https:\\\/\\\/alexandrecenis.com\\\/index.php\\\/2021\\\/10\\\/06\\\/les-simpson-sont-fashion\\\/\"},\"author\":{\"name\":\"admin8497\",\"@id\":\"https:\\\/\\\/alexandrecenis.com\\\/#\\\/schema\\\/person\\\/cb034178deaf60a8602f9c700c5b1c83\"},\"headline\":\"Les Simpson sont Fashion\",\"datePublished\":\"2021-10-06T06:58:59+00:00\",\"mainEntityOfPage\":{\"@id\":\"https:\\\/\\\/alexandrecenis.com\\\/index.php\\\/2021\\\/10\\\/06\\\/les-simpson-sont-fashion\\\/\"},\"wordCount\":289,\"image\":{\"@id\":\"https:\\\/\\\/alexandrecenis.com\\\/index.php\\\/2021\\\/10\\\/06\\\/les-simpson-sont-fashion\\\/#primaryimage\"},\"thumbnailUrl\":\"https:\\\/\\\/alexandrecenis.com\\\/wp-content\\\/uploads\\\/2021\\\/10\\\/4-1.png\",\"keywords\":[\"Balenciaga\",\"Demna Gvasalia\",\"Fashion Week\",\"Simpson\",\"sp\u00e9cial\",\"th\u00e9\u00e2tre\"],\"articleSection\":[\"Communication\"],\"inLanguage\":\"fr-FR\"},{\"@type\":\"WebPage\",\"@id\":\"https:\\\/\\\/alexandrecenis.com\\\/index.php\\\/2021\\\/10\\\/06\\\/les-simpson-sont-fashion\\\/\",\"url\":\"https:\\\/\\\/alexandrecenis.com\\\/index.php\\\/2021\\\/10\\\/06\\\/les-simpson-sont-fashion\\\/\",\"name\":\"Les Simpson sont Fashion - Alexandre Cenis\",\"isPartOf\":{\"@id\":\"https:\\\/\\\/alexandrecenis.com\\\/#website\"},\"primaryImageOfPage\":{\"@id\":\"https:\\\/\\\/alexandrecenis.com\\\/index.php\\\/2021\\\/10\\\/06\\\/les-simpson-sont-fashion\\\/#primaryimage\"},\"image\":{\"@id\":\"https:\\\/\\\/alexandrecenis.com\\\/index.php\\\/2021\\\/10\\\/06\\\/les-simpson-sont-fashion\\\/#primaryimage\"},\"thumbnailUrl\":\"https:\\\/\\\/alexandrecenis.com\\\/wp-content\\\/uploads\\\/2021\\\/10\\\/4-1.png\",\"datePublished\":\"2021-10-06T06:58:59+00:00\",\"author\":{\"@id\":\"https:\\\/\\\/alexandrecenis.com\\\/#\\\/schema\\\/person\\\/cb034178deaf60a8602f9c700c5b1c83\"},\"breadcrumb\":{\"@id\":\"https:\\\/\\\/alexandrecenis.com\\\/index.php\\\/2021\\\/10\\\/06\\\/les-simpson-sont-fashion\\\/#breadcrumb\"},\"inLanguage\":\"fr-FR\",\"potentialAction\":[{\"@type\":\"ReadAction\",\"target\":[\"https:\\\/\\\/alexandrecenis.com\\\/index.php\\\/2021\\\/10\\\/06\\\/les-simpson-sont-fashion\\\/\"]}]},{\"@type\":\"ImageObject\",\"inLanguage\":\"fr-FR\",\"@id\":\"https:\\\/\\\/alexandrecenis.com\\\/index.php\\\/2021\\\/10\\\/06\\\/les-simpson-sont-fashion\\\/#primaryimage\",\"url\":\"https:\\\/\\\/alexandrecenis.com\\\/wp-content\\\/uploads\\\/2021\\\/10\\\/4-1.png\",\"contentUrl\":\"https:\\\/\\\/alexandrecenis.com\\\/wp-content\\\/uploads\\\/2021\\\/10\\\/4-1.png\",\"width\":679,\"height\":386},{\"@type\":\"BreadcrumbList\",\"@id\":\"https:\\\/\\\/alexandrecenis.com\\\/index.php\\\/2021\\\/10\\\/06\\\/les-simpson-sont-fashion\\\/#breadcrumb\",\"itemListElement\":[{\"@type\":\"ListItem\",\"position\":1,\"name\":\"Home\",\"item\":\"https:\\\/\\\/alexandrecenis.com\\\/\"},{\"@type\":\"ListItem\",\"position\":2,\"name\":\"Les Simpson sont Fashion\"}]},{\"@type\":\"WebSite\",\"@id\":\"https:\\\/\\\/alexandrecenis.com\\\/#website\",\"url\":\"https:\\\/\\\/alexandrecenis.com\\\/\",\"name\":\"Alexandre Cenis\",\"description\":\"Intelligence Cr\u00e9ative\",\"potentialAction\":[{\"@type\":\"SearchAction\",\"target\":{\"@type\":\"EntryPoint\",\"urlTemplate\":\"https:\\\/\\\/alexandrecenis.com\\\/?s={search_term_string}\"},\"query-input\":{\"@type\":\"PropertyValueSpecification\",\"valueRequired\":true,\"valueName\":\"search_term_string\"}}],\"inLanguage\":\"fr-FR\"},{\"@type\":\"Person\",\"@id\":\"https:\\\/\\\/alexandrecenis.com\\\/#\\\/schema\\\/person\\\/cb034178deaf60a8602f9c700c5b1c83\",\"name\":\"admin8497\",\"image\":{\"@type\":\"ImageObject\",\"inLanguage\":\"fr-FR\",\"@id\":\"https:\\\/\\\/secure.gravatar.com\\\/avatar\\\/9586a1b4e51047e1977e647153ddd075f143e741c8e5ba4d03f6cfa4c61126fd?s=96&d=mm&r=g\",\"url\":\"https:\\\/\\\/secure.gravatar.com\\\/avatar\\\/9586a1b4e51047e1977e647153ddd075f143e741c8e5ba4d03f6cfa4c61126fd?s=96&d=mm&r=g\",\"contentUrl\":\"https:\\\/\\\/secure.gravatar.com\\\/avatar\\\/9586a1b4e51047e1977e647153ddd075f143e741c8e5ba4d03f6cfa4c61126fd?s=96&d=mm&r=g\",\"caption\":\"admin8497\"},\"url\":\"https:\\\/\\\/alexandrecenis.com\\\/index.php\\\/author\\\/admin8497\\\/\"}]}<\/script>\n<!-- \/ Yoast SEO plugin. -->","yoast_head_json":{"title":"Les Simpson sont Fashion - Alexandre Cenis","robots":{"index":"index","follow":"follow","max-snippet":"max-snippet:-1","max-image-preview":"max-image-preview:large","max-video-preview":"max-video-preview:-1"},"canonical":"https:\/\/alexandrecenis.com\/index.php\/2021\/10\/06\/les-simpson-sont-fashion\/","og_locale":"fr_FR","og_type":"article","og_title":"Les Simpson sont Fashion - Alexandre Cenis","og_description":"Bien le bonjour le monde digital ! Depuis plus de 30 ans, les Simpson s\u2019invitent chaque semaine sur nos \u00e9crans de t\u00e9l\u00e9vision avec des \u00e9pisodes toujours aussi d\u00e9jant\u00e9s et voir quelques fois visionnaires. Cette fois, c\u2019est \u00e0 l\u2019occasion de la Fashion Week de Paris, qui s&rsquo;est termin\u00e9 hier, que nous les retrouvons. La famille la [&hellip;]","og_url":"https:\/\/alexandrecenis.com\/index.php\/2021\/10\/06\/les-simpson-sont-fashion\/","og_site_name":"Alexandre Cenis","article_published_time":"2021-10-06T06:58:59+00:00","og_image":[{"width":679,"height":386,"url":"https:\/\/alexandrecenis.com\/wp-content\/uploads\/2021\/10\/4-1.png","type":"image\/png"}],"author":"admin8497","twitter_card":"summary_large_image","twitter_creator":"@alexandrecenis","twitter_site":"@alexandrecenis","twitter_misc":{"\u00c9crit par":"admin8497","Dur\u00e9e de lecture estim\u00e9e":"2 minutes"},"schema":{"@context":"https:\/\/schema.org","@graph":[{"@type":"Article","@id":"https:\/\/alexandrecenis.com\/index.php\/2021\/10\/06\/les-simpson-sont-fashion\/#article","isPartOf":{"@id":"https:\/\/alexandrecenis.com\/index.php\/2021\/10\/06\/les-simpson-sont-fashion\/"},"author":{"name":"admin8497","@id":"https:\/\/alexandrecenis.com\/#\/schema\/person\/cb034178deaf60a8602f9c700c5b1c83"},"headline":"Les Simpson sont Fashion","datePublished":"2021-10-06T06:58:59+00:00","mainEntityOfPage":{"@id":"https:\/\/alexandrecenis.com\/index.php\/2021\/10\/06\/les-simpson-sont-fashion\/"},"wordCount":289,"image":{"@id":"https:\/\/alexandrecenis.com\/index.php\/2021\/10\/06\/les-simpson-sont-fashion\/#primaryimage"},"thumbnailUrl":"https:\/\/alexandrecenis.com\/wp-content\/uploads\/2021\/10\/4-1.png","keywords":["Balenciaga","Demna Gvasalia","Fashion Week","Simpson","sp\u00e9cial","th\u00e9\u00e2tre"],"articleSection":["Communication"],"inLanguage":"fr-FR"},{"@type":"WebPage","@id":"https:\/\/alexandrecenis.com\/index.php\/2021\/10\/06\/les-simpson-sont-fashion\/","url":"https:\/\/alexandrecenis.com\/index.php\/2021\/10\/06\/les-simpson-sont-fashion\/","name":"Les Simpson sont Fashion - Alexandre Cenis","isPartOf":{"@id":"https:\/\/alexandrecenis.com\/#website"},"primaryImageOfPage":{"@id":"https:\/\/alexandrecenis.com\/index.php\/2021\/10\/06\/les-simpson-sont-fashion\/#primaryimage"},"image":{"@id":"https:\/\/alexandrecenis.com\/index.php\/2021\/10\/06\/les-simpson-sont-fashion\/#primaryimage"},"thumbnailUrl":"https:\/\/alexandrecenis.com\/wp-content\/uploads\/2021\/10\/4-1.png","datePublished":"2021-10-06T06:58:59+00:00","author":{"@id":"https:\/\/alexandrecenis.com\/#\/schema\/person\/cb034178deaf60a8602f9c700c5b1c83"},"breadcrumb":{"@id":"https:\/\/alexandrecenis.com\/index.php\/2021\/10\/06\/les-simpson-sont-fashion\/#breadcrumb"},"inLanguage":"fr-FR","potentialAction":[{"@type":"ReadAction","target":["https:\/\/alexandrecenis.com\/index.php\/2021\/10\/06\/les-simpson-sont-fashion\/"]}]},{"@type":"ImageObject","inLanguage":"fr-FR","@id":"https:\/\/alexandrecenis.com\/index.php\/2021\/10\/06\/les-simpson-sont-fashion\/#primaryimage","url":"https:\/\/alexandrecenis.com\/wp-content\/uploads\/2021\/10\/4-1.png","contentUrl":"https:\/\/alexandrecenis.com\/wp-content\/uploads\/2021\/10\/4-1.png","width":679,"height":386},{"@type":"BreadcrumbList","@id":"https:\/\/alexandrecenis.com\/index.php\/2021\/10\/06\/les-simpson-sont-fashion\/#breadcrumb","itemListElement":[{"@type":"ListItem","position":1,"name":"Home","item":"https:\/\/alexandrecenis.com\/"},{"@type":"ListItem","position":2,"name":"Les Simpson sont Fashion"}]},{"@type":"WebSite","@id":"https:\/\/alexandrecenis.com\/#website","url":"https:\/\/alexandrecenis.com\/","name":"Alexandre Cenis","description":"Intelligence Cr\u00e9ative","potentialAction":[{"@type":"SearchAction","target":{"@type":"EntryPoint","urlTemplate":"https:\/\/alexandrecenis.com\/?s={search_term_string}"},"query-input":{"@type":"PropertyValueSpecification","valueRequired":true,"valueName":"search_term_string"}}],"inLanguage":"fr-FR"},{"@type":"Person","@id":"https:\/\/alexandrecenis.com\/#\/schema\/person\/cb034178deaf60a8602f9c700c5b1c83","name":"admin8497","image":{"@type":"ImageObject","inLanguage":"fr-FR","@id":"https:\/\/secure.gravatar.com\/avatar\/9586a1b4e51047e1977e647153ddd075f143e741c8e5ba4d03f6cfa4c61126fd?s=96&d=mm&r=g","url":"https:\/\/secure.gravatar.com\/avatar\/9586a1b4e51047e1977e647153ddd075f143e741c8e5ba4d03f6cfa4c61126fd?s=96&d=mm&r=g","contentUrl":"https:\/\/secure.gravatar.com\/avatar\/9586a1b4e51047e1977e647153ddd075f143e741c8e5ba4d03f6cfa4c61126fd?s=96&d=mm&r=g","caption":"admin8497"},"url":"https:\/\/alexandrecenis.com\/index.php\/author\/admin8497\/"}]}},"_links":{"self":[{"href":"https:\/\/alexandrecenis.com\/index.php\/wp-json\/wp\/v2\/posts\/4789","targetHints":{"allow":["GET"]}}],"collection":[{"href":"https:\/\/alexandrecenis.com\/index.php\/wp-json\/wp\/v2\/posts"}],"about":[{"href":"https:\/\/alexandrecenis.com\/index.php\/wp-json\/wp\/v2\/types\/post"}],"author":[{"embeddable":true,"href":"https:\/\/alexandrecenis.com\/index.php\/wp-json\/wp\/v2\/users\/1"}],"replies":[{"embeddable":true,"href":"https:\/\/alexandrecenis.com\/index.php\/wp-json\/wp\/v2\/comments?post=4789"}],"version-history":[{"count":4,"href":"https:\/\/alexandrecenis.com\/index.php\/wp-json\/wp\/v2\/posts\/4789\/revisions"}],"predecessor-version":[{"id":4798,"href":"https:\/\/alexandrecenis.com\/index.php\/wp-json\/wp\/v2\/posts\/4789\/revisions\/4798"}],"wp:featuredmedia":[{"embeddable":true,"href":"https:\/\/alexandrecenis.com\/index.php\/wp-json\/wp\/v2\/media\/4793"}],"wp:attachment":[{"href":"https:\/\/alexandrecenis.com\/index.php\/wp-json\/wp\/v2\/media?parent=4789"}],"wp:term":[{"taxonomy":"category","embeddable":true,"href":"https:\/\/alexandrecenis.com\/index.php\/wp-json\/wp\/v2\/categories?post=4789"},{"taxonomy":"post_tag","embeddable":true,"href":"https:\/\/alexandrecenis.com\/index.php\/wp-json\/wp\/v2\/tags?post=4789"}],"curies":[{"name":"wp","href":"https:\/\/api.w.org\/{rel}","templated":true}]}}