{"id":4483,"date":"2021-09-08T08:01:32","date_gmt":"2021-09-08T06:01:32","guid":{"rendered":"https:\/\/alexandrecenis.com\/?p=4483"},"modified":"2021-09-08T10:32:00","modified_gmt":"2021-09-08T08:32:00","slug":"a-ce-stade-la-on-ne-compte-plus","status":"publish","type":"post","link":"https:\/\/alexandrecenis.com\/index.php\/2021\/09\/08\/a-ce-stade-la-on-ne-compte-plus\/","title":{"rendered":"A ce stade-l\u00e0, on ne compte plus"},"content":{"rendered":"<p style=\"text-align: justify;\">Bien le bonjour le monde digital ! La star du football Cristiano Ronaldo d\u00e9tient un nouveau record mondial et est devenu depuis quelques jours le meilleur buteur d\u2019une \u00e9quipe nationale masculine suite au match de qualification du Portugal en marquant ses<strong> 110e et 111e buts<\/strong> avec le Portugal face \u00e0 l&rsquo;Irlande (2-1). Cristiano Ronaldo a battu le r<strong>ecord du nombre de r\u00e9alisations en s\u00e9lection<\/strong>. Cette distinction \u00e9tait autrefois d\u00e9tenue par Ali Daei avec l&rsquo;Iran (109). Son \u00e9quipementier Nike et son \u00eele natale Mad\u00e8re ont d\u00e9cid\u00e9 de lui faire honneur en r\u00e9novant le terrain de foot de son enfance, \u00e0 son effigie.<\/p>\n<p style=\"text-align: center;\"><iframe loading=\"lazy\" src=\"https:\/\/w.soundcloud.com\/player\/?url=https%3A\/\/api.soundcloud.com\/tracks\/1120833838&amp;color=%23ff5500&amp;auto_play=false&amp;hide_related=false&amp;show_comments=true&amp;show_user=true&amp;show_reposts=false&amp;show_teaser=true&amp;visual=true\" width=\"100%\" height=\"300\" frameborder=\"no\" scrolling=\"no\"><\/iframe><\/p>\n<p><img loading=\"lazy\" decoding=\"async\" class=\"aligncenter wp-image-4485 size-large\" src=\"https:\/\/alexandrecenis.com\/wp-content\/uploads\/2021\/09\/ronaldo-nike-terrain-madere-foot-2-1024x767.jpeg\" alt=\"\" width=\"1024\" height=\"767\" srcset=\"https:\/\/alexandrecenis.com\/wp-content\/uploads\/2021\/09\/ronaldo-nike-terrain-madere-foot-2-1024x767.jpeg 1024w, https:\/\/alexandrecenis.com\/wp-content\/uploads\/2021\/09\/ronaldo-nike-terrain-madere-foot-2-980x734.jpeg 980w, https:\/\/alexandrecenis.com\/wp-content\/uploads\/2021\/09\/ronaldo-nike-terrain-madere-foot-2-480x360.jpeg 480w\" sizes=\"(min-width: 0px) and (max-width: 480px) 480px, (min-width: 481px) and (max-width: 980px) 980px, (min-width: 981px) 1024px, 100vw\" \/><\/p>\n<p style=\"text-align: justify;\">Le terrain n\u2019a pas \u00e9t\u00e9 choisi au hasard car il se situe au sein du centre communautaire de Quinta Falc\u00e3 \u00e0 Funchal, la ville o\u00f9 il a grandi. Il est aujourd\u2019hui int\u00e9gralement color\u00e9 de rouge, vert et dor\u00e9 : les couleurs du Portugal.<\/p>\n<p><img loading=\"lazy\" decoding=\"async\" class=\"aligncenter wp-image-4484 size-large\" src=\"https:\/\/alexandrecenis.com\/wp-content\/uploads\/2021\/09\/ronaldo-nike-terrain-madere-foot-1-1024x667.jpeg\" alt=\"\" width=\"1024\" height=\"667\" srcset=\"https:\/\/alexandrecenis.com\/wp-content\/uploads\/2021\/09\/ronaldo-nike-terrain-madere-foot-1-1024x667.jpeg 1024w, https:\/\/alexandrecenis.com\/wp-content\/uploads\/2021\/09\/ronaldo-nike-terrain-madere-foot-1-980x639.jpeg 980w, https:\/\/alexandrecenis.com\/wp-content\/uploads\/2021\/09\/ronaldo-nike-terrain-madere-foot-1-480x313.jpeg 480w\" sizes=\"(min-width: 0px) and (max-width: 480px) 480px, (min-width: 481px) and (max-width: 980px) 980px, (min-width: 981px) 1024px, 100vw\" \/><\/p>\n<p style=\"text-align: justify;\">Le reste des illustrations a \u00e9t\u00e9 r\u00e9alis\u00e9 par l\u2019artiste portugais\u00a0<a href=\"https:\/\/www.instagram.com\/akacorleone\/\">AkaCorleone,<\/a> notamment le but du terrain qui a un sens tout particulier dans ce projet. Sur les barres, on peut y observer 15 passages de la carri\u00e8re de Cristiano et dans les cages, on y lit \u201cGreatness starts with a goal\u201d (traduisez \u201cLa grandeur d\u00e9marre avec un but\u201d), rappelant les nombreuses heures que le joueur a pass\u00e9 \u00e0 s\u2019entra\u00eener sur ce m\u00eame terrain.<\/p>\n<p><img loading=\"lazy\" decoding=\"async\" class=\"aligncenter wp-image-4487 \" src=\"https:\/\/alexandrecenis.com\/wp-content\/uploads\/2021\/09\/ronaldo-nike-terrain-madere-foot-4-819x1024.jpg\" alt=\"\" width=\"684\" height=\"855\" \/><\/p>\n<p><img loading=\"lazy\" decoding=\"async\" class=\"aligncenter wp-image-4486 \" src=\"https:\/\/alexandrecenis.com\/wp-content\/uploads\/2021\/09\/ronaldo-nike-terrain-madere-foot-3-1024x665.png\" alt=\"\" width=\"678\" height=\"440\" \/><\/p>\n<p style=\"text-align: justify;\">De plus, pour marquer ce moment historique, Nike a d\u00e9voil\u00e9 une nouvelle paire, la CR110, imprim\u00e9e avec la date et l\u2019heure de son 1er\u00a0but en faveur du Portugal. Elles seront distribu\u00e9es \u00e0 110 jeunes espoirs du football au Portugal, en Angleterre, en Espagne et en Italie, pays o\u00f9 Cristiano a eu l\u2019occasion de fouler le terrain.<\/p>\n<p><img loading=\"lazy\" decoding=\"async\" class=\"aligncenter wp-image-4488 \" src=\"https:\/\/alexandrecenis.com\/wp-content\/uploads\/2021\/09\/ronaldo-nike-terrain-madere-foot-5-819x1024.jpg\" alt=\"\" width=\"553\" height=\"691\" \/><\/p>\n<p><img loading=\"lazy\" decoding=\"async\" class=\"aligncenter wp-image-4492 \" src=\"https:\/\/alexandrecenis.com\/wp-content\/uploads\/2021\/09\/ronaldo-nike-terrain-madere-foot-8-1024x576.jpeg\" alt=\"\" width=\"551\" height=\"310\" \/><\/p>\n<p style=\"text-align: justify;\">Une belle initiative marketing de la marque qui souhaite encourager la jeune g\u00e9n\u00e9ration \u00e0 croire en ses r\u00eaves, et accompagn\u00e9e d\u2019un spot publicitaire vantant le jeu et la technique de Cristiano r\u00e9alis\u00e9 par l\u2019agence Wieden + Kennedy, \u00e0 retrouver ci-dessous.<\/p>\n<p style=\"text-align: center;\"><iframe loading=\"lazy\" title=\"YouTube video player\" src=\"https:\/\/www.youtube.com\/embed\/vmr1NqL68L4\" width=\"560\" height=\"315\" frameborder=\"0\" allowfullscreen=\"allowfullscreen\"><\/iframe><\/p>\n","protected":false},"excerpt":{"rendered":"<p>Bien le bonjour le monde digital ! La star du football Cristiano Ronaldo d\u00e9tient un nouveau record mondial et est devenu depuis quelques jours le meilleur buteur d\u2019une \u00e9quipe nationale masculine suite au match de qualification du Portugal en marquant ses 110e et 111e buts avec le Portugal face \u00e0 l&rsquo;Irlande (2-1). Cristiano Ronaldo a [&hellip;]<\/p>\n","protected":false},"author":1,"featured_media":4490,"comment_status":"closed","ping_status":"open","sticky":false,"template":"","format":"standard","meta":{"_et_pb_use_builder":"","_et_pb_old_content":"","_et_gb_content_width":"","footnotes":""},"categories":[4],"tags":[1729,1725,1113,1728,110,1726,253,1727,1730],"class_list":["post-4483","post","type-post","status-publish","format-standard","has-post-thumbnail","hentry","category-marketing","tag-cr110","tag-cristiano-ronaldo","tag-football","tag-grandeur","tag-hommage","tag-madere","tag-nike","tag-terrain-de-foot","tag-wieden-kennedy"],"yoast_head":"<!-- This site is optimized with the Yoast SEO plugin v27.3 - https:\/\/yoast.com\/product\/yoast-seo-wordpress\/ -->\n<title>A ce stade-l\u00e0, on ne compte plus - Alexandre Cenis<\/title>\n<meta name=\"robots\" content=\"index, follow, max-snippet:-1, max-image-preview:large, max-video-preview:-1\" \/>\n<link rel=\"canonical\" href=\"https:\/\/alexandrecenis.com\/index.php\/2021\/09\/08\/a-ce-stade-la-on-ne-compte-plus\/\" \/>\n<meta property=\"og:locale\" content=\"fr_FR\" \/>\n<meta property=\"og:type\" content=\"article\" \/>\n<meta property=\"og:title\" content=\"A ce stade-l\u00e0, on ne compte plus - Alexandre Cenis\" \/>\n<meta property=\"og:description\" content=\"Bien le bonjour le monde digital ! La star du football Cristiano Ronaldo d\u00e9tient un nouveau record mondial et est devenu depuis quelques jours le meilleur buteur d\u2019une \u00e9quipe nationale masculine suite au match de qualification du Portugal en marquant ses 110e et 111e buts avec le Portugal face \u00e0 l&rsquo;Irlande (2-1). Cristiano Ronaldo a [&hellip;]\" \/>\n<meta property=\"og:url\" content=\"https:\/\/alexandrecenis.com\/index.php\/2021\/09\/08\/a-ce-stade-la-on-ne-compte-plus\/\" \/>\n<meta property=\"og:site_name\" content=\"Alexandre Cenis\" \/>\n<meta property=\"article:published_time\" content=\"2021-09-08T06:01:32+00:00\" \/>\n<meta property=\"article:modified_time\" content=\"2021-09-08T08:32:00+00:00\" \/>\n<meta property=\"og:image\" content=\"https:\/\/alexandrecenis.com\/wp-content\/uploads\/2021\/09\/ronaldo-nike-terrain-madere-foot-7.jpg\" \/>\n\t<meta property=\"og:image:width\" content=\"1200\" \/>\n\t<meta property=\"og:image:height\" content=\"1500\" \/>\n\t<meta property=\"og:image:type\" content=\"image\/jpeg\" \/>\n<meta name=\"author\" content=\"admin8497\" \/>\n<meta name=\"twitter:card\" content=\"summary_large_image\" \/>\n<meta name=\"twitter:creator\" content=\"@alexandrecenis\" \/>\n<meta name=\"twitter:site\" content=\"@alexandrecenis\" \/>\n<meta name=\"twitter:label1\" content=\"\u00c9crit par\" \/>\n\t<meta name=\"twitter:data1\" content=\"admin8497\" \/>\n\t<meta name=\"twitter:label2\" content=\"Dur\u00e9e de lecture estim\u00e9e\" \/>\n\t<meta name=\"twitter:data2\" content=\"3 minutes\" \/>\n<script type=\"application\/ld+json\" class=\"yoast-schema-graph\">{\"@context\":\"https:\\\/\\\/schema.org\",\"@graph\":[{\"@type\":\"Article\",\"@id\":\"https:\\\/\\\/alexandrecenis.com\\\/index.php\\\/2021\\\/09\\\/08\\\/a-ce-stade-la-on-ne-compte-plus\\\/#article\",\"isPartOf\":{\"@id\":\"https:\\\/\\\/alexandrecenis.com\\\/index.php\\\/2021\\\/09\\\/08\\\/a-ce-stade-la-on-ne-compte-plus\\\/\"},\"author\":{\"name\":\"admin8497\",\"@id\":\"https:\\\/\\\/alexandrecenis.com\\\/#\\\/schema\\\/person\\\/cb034178deaf60a8602f9c700c5b1c83\"},\"headline\":\"A ce stade-l\u00e0, on ne compte plus\",\"datePublished\":\"2021-09-08T06:01:32+00:00\",\"dateModified\":\"2021-09-08T08:32:00+00:00\",\"mainEntityOfPage\":{\"@id\":\"https:\\\/\\\/alexandrecenis.com\\\/index.php\\\/2021\\\/09\\\/08\\\/a-ce-stade-la-on-ne-compte-plus\\\/\"},\"wordCount\":338,\"image\":{\"@id\":\"https:\\\/\\\/alexandrecenis.com\\\/index.php\\\/2021\\\/09\\\/08\\\/a-ce-stade-la-on-ne-compte-plus\\\/#primaryimage\"},\"thumbnailUrl\":\"https:\\\/\\\/alexandrecenis.com\\\/wp-content\\\/uploads\\\/2021\\\/09\\\/ronaldo-nike-terrain-madere-foot-7.jpg\",\"keywords\":[\"CR110\",\"Cristiano Ronaldo\",\"football\",\"grandeur\",\"hommage\",\"Mad\u00e8re\",\"nike\",\"terrain de foot\",\"Wieden + Kennedy\"],\"articleSection\":[\"Marketing\"],\"inLanguage\":\"fr-FR\"},{\"@type\":\"WebPage\",\"@id\":\"https:\\\/\\\/alexandrecenis.com\\\/index.php\\\/2021\\\/09\\\/08\\\/a-ce-stade-la-on-ne-compte-plus\\\/\",\"url\":\"https:\\\/\\\/alexandrecenis.com\\\/index.php\\\/2021\\\/09\\\/08\\\/a-ce-stade-la-on-ne-compte-plus\\\/\",\"name\":\"A ce stade-l\u00e0, on ne compte plus - Alexandre Cenis\",\"isPartOf\":{\"@id\":\"https:\\\/\\\/alexandrecenis.com\\\/#website\"},\"primaryImageOfPage\":{\"@id\":\"https:\\\/\\\/alexandrecenis.com\\\/index.php\\\/2021\\\/09\\\/08\\\/a-ce-stade-la-on-ne-compte-plus\\\/#primaryimage\"},\"image\":{\"@id\":\"https:\\\/\\\/alexandrecenis.com\\\/index.php\\\/2021\\\/09\\\/08\\\/a-ce-stade-la-on-ne-compte-plus\\\/#primaryimage\"},\"thumbnailUrl\":\"https:\\\/\\\/alexandrecenis.com\\\/wp-content\\\/uploads\\\/2021\\\/09\\\/ronaldo-nike-terrain-madere-foot-7.jpg\",\"datePublished\":\"2021-09-08T06:01:32+00:00\",\"dateModified\":\"2021-09-08T08:32:00+00:00\",\"author\":{\"@id\":\"https:\\\/\\\/alexandrecenis.com\\\/#\\\/schema\\\/person\\\/cb034178deaf60a8602f9c700c5b1c83\"},\"breadcrumb\":{\"@id\":\"https:\\\/\\\/alexandrecenis.com\\\/index.php\\\/2021\\\/09\\\/08\\\/a-ce-stade-la-on-ne-compte-plus\\\/#breadcrumb\"},\"inLanguage\":\"fr-FR\",\"potentialAction\":[{\"@type\":\"ReadAction\",\"target\":[\"https:\\\/\\\/alexandrecenis.com\\\/index.php\\\/2021\\\/09\\\/08\\\/a-ce-stade-la-on-ne-compte-plus\\\/\"]}]},{\"@type\":\"ImageObject\",\"inLanguage\":\"fr-FR\",\"@id\":\"https:\\\/\\\/alexandrecenis.com\\\/index.php\\\/2021\\\/09\\\/08\\\/a-ce-stade-la-on-ne-compte-plus\\\/#primaryimage\",\"url\":\"https:\\\/\\\/alexandrecenis.com\\\/wp-content\\\/uploads\\\/2021\\\/09\\\/ronaldo-nike-terrain-madere-foot-7.jpg\",\"contentUrl\":\"https:\\\/\\\/alexandrecenis.com\\\/wp-content\\\/uploads\\\/2021\\\/09\\\/ronaldo-nike-terrain-madere-foot-7.jpg\",\"width\":1200,\"height\":1500},{\"@type\":\"BreadcrumbList\",\"@id\":\"https:\\\/\\\/alexandrecenis.com\\\/index.php\\\/2021\\\/09\\\/08\\\/a-ce-stade-la-on-ne-compte-plus\\\/#breadcrumb\",\"itemListElement\":[{\"@type\":\"ListItem\",\"position\":1,\"name\":\"Home\",\"item\":\"https:\\\/\\\/alexandrecenis.com\\\/\"},{\"@type\":\"ListItem\",\"position\":2,\"name\":\"A ce stade-l\u00e0, on ne compte plus\"}]},{\"@type\":\"WebSite\",\"@id\":\"https:\\\/\\\/alexandrecenis.com\\\/#website\",\"url\":\"https:\\\/\\\/alexandrecenis.com\\\/\",\"name\":\"Alexandre Cenis\",\"description\":\"Intelligence Cr\u00e9ative\",\"potentialAction\":[{\"@type\":\"SearchAction\",\"target\":{\"@type\":\"EntryPoint\",\"urlTemplate\":\"https:\\\/\\\/alexandrecenis.com\\\/?s={search_term_string}\"},\"query-input\":{\"@type\":\"PropertyValueSpecification\",\"valueRequired\":true,\"valueName\":\"search_term_string\"}}],\"inLanguage\":\"fr-FR\"},{\"@type\":\"Person\",\"@id\":\"https:\\\/\\\/alexandrecenis.com\\\/#\\\/schema\\\/person\\\/cb034178deaf60a8602f9c700c5b1c83\",\"name\":\"admin8497\",\"image\":{\"@type\":\"ImageObject\",\"inLanguage\":\"fr-FR\",\"@id\":\"https:\\\/\\\/secure.gravatar.com\\\/avatar\\\/9586a1b4e51047e1977e647153ddd075f143e741c8e5ba4d03f6cfa4c61126fd?s=96&d=mm&r=g\",\"url\":\"https:\\\/\\\/secure.gravatar.com\\\/avatar\\\/9586a1b4e51047e1977e647153ddd075f143e741c8e5ba4d03f6cfa4c61126fd?s=96&d=mm&r=g\",\"contentUrl\":\"https:\\\/\\\/secure.gravatar.com\\\/avatar\\\/9586a1b4e51047e1977e647153ddd075f143e741c8e5ba4d03f6cfa4c61126fd?s=96&d=mm&r=g\",\"caption\":\"admin8497\"},\"url\":\"https:\\\/\\\/alexandrecenis.com\\\/index.php\\\/author\\\/admin8497\\\/\"}]}<\/script>\n<!-- \/ Yoast SEO plugin. -->","yoast_head_json":{"title":"A ce stade-l\u00e0, on ne compte plus - Alexandre Cenis","robots":{"index":"index","follow":"follow","max-snippet":"max-snippet:-1","max-image-preview":"max-image-preview:large","max-video-preview":"max-video-preview:-1"},"canonical":"https:\/\/alexandrecenis.com\/index.php\/2021\/09\/08\/a-ce-stade-la-on-ne-compte-plus\/","og_locale":"fr_FR","og_type":"article","og_title":"A ce stade-l\u00e0, on ne compte plus - Alexandre Cenis","og_description":"Bien le bonjour le monde digital ! La star du football Cristiano Ronaldo d\u00e9tient un nouveau record mondial et est devenu depuis quelques jours le meilleur buteur d\u2019une \u00e9quipe nationale masculine suite au match de qualification du Portugal en marquant ses 110e et 111e buts avec le Portugal face \u00e0 l&rsquo;Irlande (2-1). Cristiano Ronaldo a [&hellip;]","og_url":"https:\/\/alexandrecenis.com\/index.php\/2021\/09\/08\/a-ce-stade-la-on-ne-compte-plus\/","og_site_name":"Alexandre Cenis","article_published_time":"2021-09-08T06:01:32+00:00","article_modified_time":"2021-09-08T08:32:00+00:00","og_image":[{"width":1200,"height":1500,"url":"https:\/\/alexandrecenis.com\/wp-content\/uploads\/2021\/09\/ronaldo-nike-terrain-madere-foot-7.jpg","type":"image\/jpeg"}],"author":"admin8497","twitter_card":"summary_large_image","twitter_creator":"@alexandrecenis","twitter_site":"@alexandrecenis","twitter_misc":{"\u00c9crit par":"admin8497","Dur\u00e9e de lecture estim\u00e9e":"3 minutes"},"schema":{"@context":"https:\/\/schema.org","@graph":[{"@type":"Article","@id":"https:\/\/alexandrecenis.com\/index.php\/2021\/09\/08\/a-ce-stade-la-on-ne-compte-plus\/#article","isPartOf":{"@id":"https:\/\/alexandrecenis.com\/index.php\/2021\/09\/08\/a-ce-stade-la-on-ne-compte-plus\/"},"author":{"name":"admin8497","@id":"https:\/\/alexandrecenis.com\/#\/schema\/person\/cb034178deaf60a8602f9c700c5b1c83"},"headline":"A ce stade-l\u00e0, on ne compte plus","datePublished":"2021-09-08T06:01:32+00:00","dateModified":"2021-09-08T08:32:00+00:00","mainEntityOfPage":{"@id":"https:\/\/alexandrecenis.com\/index.php\/2021\/09\/08\/a-ce-stade-la-on-ne-compte-plus\/"},"wordCount":338,"image":{"@id":"https:\/\/alexandrecenis.com\/index.php\/2021\/09\/08\/a-ce-stade-la-on-ne-compte-plus\/#primaryimage"},"thumbnailUrl":"https:\/\/alexandrecenis.com\/wp-content\/uploads\/2021\/09\/ronaldo-nike-terrain-madere-foot-7.jpg","keywords":["CR110","Cristiano Ronaldo","football","grandeur","hommage","Mad\u00e8re","nike","terrain de foot","Wieden + Kennedy"],"articleSection":["Marketing"],"inLanguage":"fr-FR"},{"@type":"WebPage","@id":"https:\/\/alexandrecenis.com\/index.php\/2021\/09\/08\/a-ce-stade-la-on-ne-compte-plus\/","url":"https:\/\/alexandrecenis.com\/index.php\/2021\/09\/08\/a-ce-stade-la-on-ne-compte-plus\/","name":"A ce stade-l\u00e0, on ne compte plus - Alexandre Cenis","isPartOf":{"@id":"https:\/\/alexandrecenis.com\/#website"},"primaryImageOfPage":{"@id":"https:\/\/alexandrecenis.com\/index.php\/2021\/09\/08\/a-ce-stade-la-on-ne-compte-plus\/#primaryimage"},"image":{"@id":"https:\/\/alexandrecenis.com\/index.php\/2021\/09\/08\/a-ce-stade-la-on-ne-compte-plus\/#primaryimage"},"thumbnailUrl":"https:\/\/alexandrecenis.com\/wp-content\/uploads\/2021\/09\/ronaldo-nike-terrain-madere-foot-7.jpg","datePublished":"2021-09-08T06:01:32+00:00","dateModified":"2021-09-08T08:32:00+00:00","author":{"@id":"https:\/\/alexandrecenis.com\/#\/schema\/person\/cb034178deaf60a8602f9c700c5b1c83"},"breadcrumb":{"@id":"https:\/\/alexandrecenis.com\/index.php\/2021\/09\/08\/a-ce-stade-la-on-ne-compte-plus\/#breadcrumb"},"inLanguage":"fr-FR","potentialAction":[{"@type":"ReadAction","target":["https:\/\/alexandrecenis.com\/index.php\/2021\/09\/08\/a-ce-stade-la-on-ne-compte-plus\/"]}]},{"@type":"ImageObject","inLanguage":"fr-FR","@id":"https:\/\/alexandrecenis.com\/index.php\/2021\/09\/08\/a-ce-stade-la-on-ne-compte-plus\/#primaryimage","url":"https:\/\/alexandrecenis.com\/wp-content\/uploads\/2021\/09\/ronaldo-nike-terrain-madere-foot-7.jpg","contentUrl":"https:\/\/alexandrecenis.com\/wp-content\/uploads\/2021\/09\/ronaldo-nike-terrain-madere-foot-7.jpg","width":1200,"height":1500},{"@type":"BreadcrumbList","@id":"https:\/\/alexandrecenis.com\/index.php\/2021\/09\/08\/a-ce-stade-la-on-ne-compte-plus\/#breadcrumb","itemListElement":[{"@type":"ListItem","position":1,"name":"Home","item":"https:\/\/alexandrecenis.com\/"},{"@type":"ListItem","position":2,"name":"A ce stade-l\u00e0, on ne compte plus"}]},{"@type":"WebSite","@id":"https:\/\/alexandrecenis.com\/#website","url":"https:\/\/alexandrecenis.com\/","name":"Alexandre Cenis","description":"Intelligence Cr\u00e9ative","potentialAction":[{"@type":"SearchAction","target":{"@type":"EntryPoint","urlTemplate":"https:\/\/alexandrecenis.com\/?s={search_term_string}"},"query-input":{"@type":"PropertyValueSpecification","valueRequired":true,"valueName":"search_term_string"}}],"inLanguage":"fr-FR"},{"@type":"Person","@id":"https:\/\/alexandrecenis.com\/#\/schema\/person\/cb034178deaf60a8602f9c700c5b1c83","name":"admin8497","image":{"@type":"ImageObject","inLanguage":"fr-FR","@id":"https:\/\/secure.gravatar.com\/avatar\/9586a1b4e51047e1977e647153ddd075f143e741c8e5ba4d03f6cfa4c61126fd?s=96&d=mm&r=g","url":"https:\/\/secure.gravatar.com\/avatar\/9586a1b4e51047e1977e647153ddd075f143e741c8e5ba4d03f6cfa4c61126fd?s=96&d=mm&r=g","contentUrl":"https:\/\/secure.gravatar.com\/avatar\/9586a1b4e51047e1977e647153ddd075f143e741c8e5ba4d03f6cfa4c61126fd?s=96&d=mm&r=g","caption":"admin8497"},"url":"https:\/\/alexandrecenis.com\/index.php\/author\/admin8497\/"}]}},"_links":{"self":[{"href":"https:\/\/alexandrecenis.com\/index.php\/wp-json\/wp\/v2\/posts\/4483","targetHints":{"allow":["GET"]}}],"collection":[{"href":"https:\/\/alexandrecenis.com\/index.php\/wp-json\/wp\/v2\/posts"}],"about":[{"href":"https:\/\/alexandrecenis.com\/index.php\/wp-json\/wp\/v2\/types\/post"}],"author":[{"embeddable":true,"href":"https:\/\/alexandrecenis.com\/index.php\/wp-json\/wp\/v2\/users\/1"}],"replies":[{"embeddable":true,"href":"https:\/\/alexandrecenis.com\/index.php\/wp-json\/wp\/v2\/comments?post=4483"}],"version-history":[{"count":10,"href":"https:\/\/alexandrecenis.com\/index.php\/wp-json\/wp\/v2\/posts\/4483\/revisions"}],"predecessor-version":[{"id":4501,"href":"https:\/\/alexandrecenis.com\/index.php\/wp-json\/wp\/v2\/posts\/4483\/revisions\/4501"}],"wp:featuredmedia":[{"embeddable":true,"href":"https:\/\/alexandrecenis.com\/index.php\/wp-json\/wp\/v2\/media\/4490"}],"wp:attachment":[{"href":"https:\/\/alexandrecenis.com\/index.php\/wp-json\/wp\/v2\/media?parent=4483"}],"wp:term":[{"taxonomy":"category","embeddable":true,"href":"https:\/\/alexandrecenis.com\/index.php\/wp-json\/wp\/v2\/categories?post=4483"},{"taxonomy":"post_tag","embeddable":true,"href":"https:\/\/alexandrecenis.com\/index.php\/wp-json\/wp\/v2\/tags?post=4483"}],"curies":[{"name":"wp","href":"https:\/\/api.w.org\/{rel}","templated":true}]}}