{"id":4455,"date":"2021-09-06T08:15:00","date_gmt":"2021-09-06T06:15:00","guid":{"rendered":"https:\/\/alexandrecenis.com\/?p=4455"},"modified":"2021-09-09T10:34:17","modified_gmt":"2021-09-09T08:34:17","slug":"garder-sa-distance","status":"publish","type":"post","link":"https:\/\/alexandrecenis.com\/index.php\/2021\/09\/06\/garder-sa-distance\/","title":{"rendered":"Garder sa Distance"},"content":{"rendered":"<p style=\"text-align: justify;\">Bien le bonjour le monde digital ! Depuis le 30 ao\u00fbt, la majeure partie des art\u00e8res de Paris limite la circulation \u00e0 30 km\/h (et \u00e0 Lyon ne rigolons pas, c&rsquo;est pr\u00e9vu \u00e0 partir de 2022), pour le plus grand malheur suppos\u00e9 des automobilistes. Si les radars automatiques ont \u00e9t\u00e9 mis \u00e0 jour et veillent au bon respect de cette limitation de vitesse par les automobiles et 2 roues motoris\u00e9s, qu\u2019en est-il des pi\u00e9tons ? Que se passerait-il si un coureur venait \u00e0 d\u00e9passer les 30 km\/h ?<\/p>\n<p style=\"text-align: center;\"><iframe loading=\"lazy\" src=\"https:\/\/w.soundcloud.com\/player\/?url=https%3A\/\/api.soundcloud.com\/tracks\/1119578773&amp;color=%23ff5500&amp;auto_play=true&amp;hide_related=false&amp;show_comments=true&amp;show_user=true&amp;show_reposts=false&amp;show_teaser=true&amp;visual=true\" width=\"100%\" height=\"300\" frameborder=\"no\" scrolling=\"no\"><\/iframe><\/p>\n<p><img loading=\"lazy\" decoding=\"async\" class=\"aligncenter wp-image-4456 size-full\" src=\"https:\/\/alexandrecenis.com\/wp-content\/uploads\/2021\/09\/1-2.png\" alt=\"\" width=\"798\" height=\"450\" srcset=\"https:\/\/alexandrecenis.com\/wp-content\/uploads\/2021\/09\/1-2.png 798w, https:\/\/alexandrecenis.com\/wp-content\/uploads\/2021\/09\/1-2-480x271.png 480w\" sizes=\"(min-width: 0px) and (max-width: 480px) 480px, (min-width: 481px) 798px, 100vw\" \/><\/p>\n<p style=\"text-align: justify;\">C\u2019est en partant de ces interrogations malicieuses que\u00a0DISTANCE\u00a0\u2013 un concept-store parisien sp\u00e9cialis\u00e9 dans le running \u2013 et son agence\u00a0BETC Paris\u00a0ont imagin\u00e9 la campagne \u00ab\u00a0Outlaw Runners\u00a0\u00bb.<\/p>\n<p style=\"text-align: justify;\">L\u2019id\u00e9e ? Demander \u00e0 des athl\u00e8tes de courir \u00e0 plus de 30 km\/h face \u00e0 un radar automatique, en immortaliser les clich\u00e9s, et les diffuser en affichage, PLV et m\u00e9dias sociaux. Le\u0301na Kandissounon (championne de France du 800 m) et Quentin Malriq (champion de France espoir du 1500 m) \u00e9taient de la partie.<\/p>\n<p><img loading=\"lazy\" decoding=\"async\" class=\"aligncenter wp-image-4457 size-full\" src=\"https:\/\/alexandrecenis.com\/wp-content\/uploads\/2021\/09\/2-2.png\" alt=\"\" width=\"800\" height=\"448\" srcset=\"https:\/\/alexandrecenis.com\/wp-content\/uploads\/2021\/09\/2-2.png 800w, https:\/\/alexandrecenis.com\/wp-content\/uploads\/2021\/09\/2-2-480x269.png 480w\" sizes=\"(min-width: 0px) and (max-width: 480px) 480px, (min-width: 481px) 800px, 100vw\" \/><\/p>\n<p><img loading=\"lazy\" decoding=\"async\" class=\"aligncenter wp-image-4458 size-full\" src=\"https:\/\/alexandrecenis.com\/wp-content\/uploads\/2021\/09\/3-2.png\" alt=\"\" width=\"799\" height=\"449\" srcset=\"https:\/\/alexandrecenis.com\/wp-content\/uploads\/2021\/09\/3-2.png 799w, https:\/\/alexandrecenis.com\/wp-content\/uploads\/2021\/09\/3-2-480x270.png 480w\" sizes=\"(min-width: 0px) and (max-width: 480px) 480px, (min-width: 481px) 799px, 100vw\" \/><\/p>\n<p style=\"text-align: justify;\">\u00ab Cette nouvelle mesure fait beaucoup parler \u00e0 Paris. On s\u2019est dit que c\u2019\u00e9tait une belle opportunit\u00e9 pour mettre en avant le magasin et notre conception de la course \u00e0 pied. C\u2019est-\u00e0-dire un running urbain d\u00e9complex\u00e9 qui joue avec des codes plus modernes. \u00bb\u00a0explique Guillaume Pontier, co-fondateur de DISTANCE.<\/p>\n<p><img loading=\"lazy\" decoding=\"async\" class=\"aligncenter wp-image-4459 size-full\" src=\"https:\/\/alexandrecenis.com\/wp-content\/uploads\/2021\/09\/4-2.png\" alt=\"\" width=\"800\" height=\"450\" srcset=\"https:\/\/alexandrecenis.com\/wp-content\/uploads\/2021\/09\/4-2.png 800w, https:\/\/alexandrecenis.com\/wp-content\/uploads\/2021\/09\/4-2-480x270.png 480w\" sizes=\"(min-width: 0px) and (max-width: 480px) 480px, (min-width: 481px) 800px, 100vw\" \/><\/p>\n<p><img loading=\"lazy\" decoding=\"async\" class=\"aligncenter wp-image-4461 size-full\" src=\"https:\/\/alexandrecenis.com\/wp-content\/uploads\/2021\/09\/6.png\" alt=\"\" width=\"797\" height=\"451\" srcset=\"https:\/\/alexandrecenis.com\/wp-content\/uploads\/2021\/09\/6.png 797w, https:\/\/alexandrecenis.com\/wp-content\/uploads\/2021\/09\/6-480x272.png 480w\" sizes=\"(min-width: 0px) and (max-width: 480px) 480px, (min-width: 481px) 797px, 100vw\" \/><\/p>\n<p><img loading=\"lazy\" decoding=\"async\" class=\"aligncenter wp-image-4460 size-full\" src=\"https:\/\/alexandrecenis.com\/wp-content\/uploads\/2021\/09\/5-1.png\" alt=\"\" width=\"797\" height=\"450\" srcset=\"https:\/\/alexandrecenis.com\/wp-content\/uploads\/2021\/09\/5-1.png 797w, https:\/\/alexandrecenis.com\/wp-content\/uploads\/2021\/09\/5-1-480x271.png 480w\" sizes=\"(min-width: 0px) and (max-width: 480px) 480px, (min-width: 481px) 797px, 100vw\" \/><br \/>\n\u00ab Ce qu\u2019il y a de d\u00e9cal\u00e9 dans cette campagne au-del\u00e0 du rebond sur l\u2019actualit\u00e9 c\u2019est la finalit\u00e9. Tr\u00e8s souvent dans la pub quand on veut faire une campagne print on fait appel \u00e0 un photographe. Et bien pour la premi\u00e8re fois, ce photographe est une machine, et plus exactement un radar automatique. \u00bb\u00a0nous r\u00e9v\u00e8le St\u00e9phane Xiberras, pr\u00e9sident et directeur de la cr\u00e9ation de\u00a0BETC.<\/p>\n<p style=\"text-align: center;\"><iframe loading=\"lazy\" title=\"YouTube video player\" src=\"https:\/\/www.youtube.com\/embed\/ZG3_vMDendo\" width=\"560\" height=\"315\" frameborder=\"0\" allowfullscreen=\"allowfullscreen\"><\/iframe><\/p>\n<p>&nbsp;<\/p>\n<p>&nbsp;<\/p>\n","protected":false},"excerpt":{"rendered":"<p>Bien le bonjour le monde digital ! Depuis le 30 ao\u00fbt, la majeure partie des art\u00e8res de Paris limite la circulation \u00e0 30 km\/h (et \u00e0 Lyon ne rigolons pas, c&rsquo;est pr\u00e9vu \u00e0 partir de 2022), pour le plus grand malheur suppos\u00e9 des automobilistes. Si les radars automatiques ont \u00e9t\u00e9 mis \u00e0 jour et veillent [&hellip;]<\/p>\n","protected":false},"author":1,"featured_media":4462,"comment_status":"closed","ping_status":"open","sticky":false,"template":"","format":"standard","meta":{"_et_pb_use_builder":"","_et_pb_old_content":"","_et_gb_content_width":"","footnotes":""},"categories":[4,2],"tags":[1716,1090,1718,1719,1720,1721,1717],"class_list":["post-4455","post","type-post","status-publish","format-standard","has-post-thumbnail","hentry","category-marketing","category-publicite","tag-30-km-h","tag-betc","tag-coureur","tag-distance","tag-lena-kandissounon","tag-quentin-malriq","tag-radars-automatiques"],"yoast_head":"<!-- This site is optimized with the Yoast SEO plugin v27.3 - https:\/\/yoast.com\/product\/yoast-seo-wordpress\/ -->\n<title>Garder sa Distance - Alexandre Cenis<\/title>\n<meta name=\"robots\" content=\"index, follow, max-snippet:-1, max-image-preview:large, max-video-preview:-1\" \/>\n<link rel=\"canonical\" href=\"https:\/\/alexandrecenis.com\/index.php\/2021\/09\/06\/garder-sa-distance\/\" \/>\n<meta property=\"og:locale\" content=\"fr_FR\" \/>\n<meta property=\"og:type\" content=\"article\" \/>\n<meta property=\"og:title\" content=\"Garder sa Distance - Alexandre Cenis\" \/>\n<meta property=\"og:description\" content=\"Bien le bonjour le monde digital ! Depuis le 30 ao\u00fbt, la majeure partie des art\u00e8res de Paris limite la circulation \u00e0 30 km\/h (et \u00e0 Lyon ne rigolons pas, c&rsquo;est pr\u00e9vu \u00e0 partir de 2022), pour le plus grand malheur suppos\u00e9 des automobilistes. Si les radars automatiques ont \u00e9t\u00e9 mis \u00e0 jour et veillent [&hellip;]\" \/>\n<meta property=\"og:url\" content=\"https:\/\/alexandrecenis.com\/index.php\/2021\/09\/06\/garder-sa-distance\/\" \/>\n<meta property=\"og:site_name\" content=\"Alexandre Cenis\" \/>\n<meta property=\"article:published_time\" content=\"2021-09-06T06:15:00+00:00\" \/>\n<meta property=\"article:modified_time\" content=\"2021-09-09T08:34:17+00:00\" \/>\n<meta property=\"og:image\" content=\"https:\/\/alexandrecenis.com\/wp-content\/uploads\/2021\/09\/vignette-2.png\" \/>\n\t<meta property=\"og:image:width\" content=\"799\" \/>\n\t<meta property=\"og:image:height\" content=\"451\" \/>\n\t<meta property=\"og:image:type\" content=\"image\/png\" \/>\n<meta name=\"author\" content=\"admin8497\" \/>\n<meta name=\"twitter:card\" content=\"summary_large_image\" \/>\n<meta name=\"twitter:creator\" content=\"@alexandrecenis\" \/>\n<meta name=\"twitter:site\" content=\"@alexandrecenis\" \/>\n<meta name=\"twitter:label1\" content=\"\u00c9crit par\" \/>\n\t<meta name=\"twitter:data1\" content=\"admin8497\" \/>\n\t<meta name=\"twitter:label2\" content=\"Dur\u00e9e de lecture estim\u00e9e\" \/>\n\t<meta name=\"twitter:data2\" content=\"3 minutes\" \/>\n<script type=\"application\/ld+json\" class=\"yoast-schema-graph\">{\"@context\":\"https:\\\/\\\/schema.org\",\"@graph\":[{\"@type\":\"Article\",\"@id\":\"https:\\\/\\\/alexandrecenis.com\\\/index.php\\\/2021\\\/09\\\/06\\\/garder-sa-distance\\\/#article\",\"isPartOf\":{\"@id\":\"https:\\\/\\\/alexandrecenis.com\\\/index.php\\\/2021\\\/09\\\/06\\\/garder-sa-distance\\\/\"},\"author\":{\"name\":\"admin8497\",\"@id\":\"https:\\\/\\\/alexandrecenis.com\\\/#\\\/schema\\\/person\\\/cb034178deaf60a8602f9c700c5b1c83\"},\"headline\":\"Garder sa Distance\",\"datePublished\":\"2021-09-06T06:15:00+00:00\",\"dateModified\":\"2021-09-09T08:34:17+00:00\",\"mainEntityOfPage\":{\"@id\":\"https:\\\/\\\/alexandrecenis.com\\\/index.php\\\/2021\\\/09\\\/06\\\/garder-sa-distance\\\/\"},\"wordCount\":296,\"image\":{\"@id\":\"https:\\\/\\\/alexandrecenis.com\\\/index.php\\\/2021\\\/09\\\/06\\\/garder-sa-distance\\\/#primaryimage\"},\"thumbnailUrl\":\"https:\\\/\\\/alexandrecenis.com\\\/wp-content\\\/uploads\\\/2021\\\/09\\\/vignette-2.png\",\"keywords\":[\"30 km\\\/h\",\"betc\",\"coureur\",\"DISTANCE\",\"Le\u0301na Kandissounon\",\"Quentin Malriq\",\"radars automatiques\"],\"articleSection\":[\"Marketing\",\"Publicit\u00e9\"],\"inLanguage\":\"fr-FR\"},{\"@type\":\"WebPage\",\"@id\":\"https:\\\/\\\/alexandrecenis.com\\\/index.php\\\/2021\\\/09\\\/06\\\/garder-sa-distance\\\/\",\"url\":\"https:\\\/\\\/alexandrecenis.com\\\/index.php\\\/2021\\\/09\\\/06\\\/garder-sa-distance\\\/\",\"name\":\"Garder sa Distance - Alexandre Cenis\",\"isPartOf\":{\"@id\":\"https:\\\/\\\/alexandrecenis.com\\\/#website\"},\"primaryImageOfPage\":{\"@id\":\"https:\\\/\\\/alexandrecenis.com\\\/index.php\\\/2021\\\/09\\\/06\\\/garder-sa-distance\\\/#primaryimage\"},\"image\":{\"@id\":\"https:\\\/\\\/alexandrecenis.com\\\/index.php\\\/2021\\\/09\\\/06\\\/garder-sa-distance\\\/#primaryimage\"},\"thumbnailUrl\":\"https:\\\/\\\/alexandrecenis.com\\\/wp-content\\\/uploads\\\/2021\\\/09\\\/vignette-2.png\",\"datePublished\":\"2021-09-06T06:15:00+00:00\",\"dateModified\":\"2021-09-09T08:34:17+00:00\",\"author\":{\"@id\":\"https:\\\/\\\/alexandrecenis.com\\\/#\\\/schema\\\/person\\\/cb034178deaf60a8602f9c700c5b1c83\"},\"breadcrumb\":{\"@id\":\"https:\\\/\\\/alexandrecenis.com\\\/index.php\\\/2021\\\/09\\\/06\\\/garder-sa-distance\\\/#breadcrumb\"},\"inLanguage\":\"fr-FR\",\"potentialAction\":[{\"@type\":\"ReadAction\",\"target\":[\"https:\\\/\\\/alexandrecenis.com\\\/index.php\\\/2021\\\/09\\\/06\\\/garder-sa-distance\\\/\"]}]},{\"@type\":\"ImageObject\",\"inLanguage\":\"fr-FR\",\"@id\":\"https:\\\/\\\/alexandrecenis.com\\\/index.php\\\/2021\\\/09\\\/06\\\/garder-sa-distance\\\/#primaryimage\",\"url\":\"https:\\\/\\\/alexandrecenis.com\\\/wp-content\\\/uploads\\\/2021\\\/09\\\/vignette-2.png\",\"contentUrl\":\"https:\\\/\\\/alexandrecenis.com\\\/wp-content\\\/uploads\\\/2021\\\/09\\\/vignette-2.png\",\"width\":799,\"height\":451},{\"@type\":\"BreadcrumbList\",\"@id\":\"https:\\\/\\\/alexandrecenis.com\\\/index.php\\\/2021\\\/09\\\/06\\\/garder-sa-distance\\\/#breadcrumb\",\"itemListElement\":[{\"@type\":\"ListItem\",\"position\":1,\"name\":\"Home\",\"item\":\"https:\\\/\\\/alexandrecenis.com\\\/\"},{\"@type\":\"ListItem\",\"position\":2,\"name\":\"Garder sa Distance\"}]},{\"@type\":\"WebSite\",\"@id\":\"https:\\\/\\\/alexandrecenis.com\\\/#website\",\"url\":\"https:\\\/\\\/alexandrecenis.com\\\/\",\"name\":\"Alexandre Cenis\",\"description\":\"Intelligence Cr\u00e9ative\",\"potentialAction\":[{\"@type\":\"SearchAction\",\"target\":{\"@type\":\"EntryPoint\",\"urlTemplate\":\"https:\\\/\\\/alexandrecenis.com\\\/?s={search_term_string}\"},\"query-input\":{\"@type\":\"PropertyValueSpecification\",\"valueRequired\":true,\"valueName\":\"search_term_string\"}}],\"inLanguage\":\"fr-FR\"},{\"@type\":\"Person\",\"@id\":\"https:\\\/\\\/alexandrecenis.com\\\/#\\\/schema\\\/person\\\/cb034178deaf60a8602f9c700c5b1c83\",\"name\":\"admin8497\",\"image\":{\"@type\":\"ImageObject\",\"inLanguage\":\"fr-FR\",\"@id\":\"https:\\\/\\\/secure.gravatar.com\\\/avatar\\\/9586a1b4e51047e1977e647153ddd075f143e741c8e5ba4d03f6cfa4c61126fd?s=96&d=mm&r=g\",\"url\":\"https:\\\/\\\/secure.gravatar.com\\\/avatar\\\/9586a1b4e51047e1977e647153ddd075f143e741c8e5ba4d03f6cfa4c61126fd?s=96&d=mm&r=g\",\"contentUrl\":\"https:\\\/\\\/secure.gravatar.com\\\/avatar\\\/9586a1b4e51047e1977e647153ddd075f143e741c8e5ba4d03f6cfa4c61126fd?s=96&d=mm&r=g\",\"caption\":\"admin8497\"},\"url\":\"https:\\\/\\\/alexandrecenis.com\\\/index.php\\\/author\\\/admin8497\\\/\"}]}<\/script>\n<!-- \/ Yoast SEO plugin. -->","yoast_head_json":{"title":"Garder sa Distance - Alexandre Cenis","robots":{"index":"index","follow":"follow","max-snippet":"max-snippet:-1","max-image-preview":"max-image-preview:large","max-video-preview":"max-video-preview:-1"},"canonical":"https:\/\/alexandrecenis.com\/index.php\/2021\/09\/06\/garder-sa-distance\/","og_locale":"fr_FR","og_type":"article","og_title":"Garder sa Distance - Alexandre Cenis","og_description":"Bien le bonjour le monde digital ! Depuis le 30 ao\u00fbt, la majeure partie des art\u00e8res de Paris limite la circulation \u00e0 30 km\/h (et \u00e0 Lyon ne rigolons pas, c&rsquo;est pr\u00e9vu \u00e0 partir de 2022), pour le plus grand malheur suppos\u00e9 des automobilistes. Si les radars automatiques ont \u00e9t\u00e9 mis \u00e0 jour et veillent [&hellip;]","og_url":"https:\/\/alexandrecenis.com\/index.php\/2021\/09\/06\/garder-sa-distance\/","og_site_name":"Alexandre Cenis","article_published_time":"2021-09-06T06:15:00+00:00","article_modified_time":"2021-09-09T08:34:17+00:00","og_image":[{"width":799,"height":451,"url":"https:\/\/alexandrecenis.com\/wp-content\/uploads\/2021\/09\/vignette-2.png","type":"image\/png"}],"author":"admin8497","twitter_card":"summary_large_image","twitter_creator":"@alexandrecenis","twitter_site":"@alexandrecenis","twitter_misc":{"\u00c9crit par":"admin8497","Dur\u00e9e de lecture estim\u00e9e":"3 minutes"},"schema":{"@context":"https:\/\/schema.org","@graph":[{"@type":"Article","@id":"https:\/\/alexandrecenis.com\/index.php\/2021\/09\/06\/garder-sa-distance\/#article","isPartOf":{"@id":"https:\/\/alexandrecenis.com\/index.php\/2021\/09\/06\/garder-sa-distance\/"},"author":{"name":"admin8497","@id":"https:\/\/alexandrecenis.com\/#\/schema\/person\/cb034178deaf60a8602f9c700c5b1c83"},"headline":"Garder sa Distance","datePublished":"2021-09-06T06:15:00+00:00","dateModified":"2021-09-09T08:34:17+00:00","mainEntityOfPage":{"@id":"https:\/\/alexandrecenis.com\/index.php\/2021\/09\/06\/garder-sa-distance\/"},"wordCount":296,"image":{"@id":"https:\/\/alexandrecenis.com\/index.php\/2021\/09\/06\/garder-sa-distance\/#primaryimage"},"thumbnailUrl":"https:\/\/alexandrecenis.com\/wp-content\/uploads\/2021\/09\/vignette-2.png","keywords":["30 km\/h","betc","coureur","DISTANCE","Le\u0301na Kandissounon","Quentin Malriq","radars automatiques"],"articleSection":["Marketing","Publicit\u00e9"],"inLanguage":"fr-FR"},{"@type":"WebPage","@id":"https:\/\/alexandrecenis.com\/index.php\/2021\/09\/06\/garder-sa-distance\/","url":"https:\/\/alexandrecenis.com\/index.php\/2021\/09\/06\/garder-sa-distance\/","name":"Garder sa Distance - Alexandre Cenis","isPartOf":{"@id":"https:\/\/alexandrecenis.com\/#website"},"primaryImageOfPage":{"@id":"https:\/\/alexandrecenis.com\/index.php\/2021\/09\/06\/garder-sa-distance\/#primaryimage"},"image":{"@id":"https:\/\/alexandrecenis.com\/index.php\/2021\/09\/06\/garder-sa-distance\/#primaryimage"},"thumbnailUrl":"https:\/\/alexandrecenis.com\/wp-content\/uploads\/2021\/09\/vignette-2.png","datePublished":"2021-09-06T06:15:00+00:00","dateModified":"2021-09-09T08:34:17+00:00","author":{"@id":"https:\/\/alexandrecenis.com\/#\/schema\/person\/cb034178deaf60a8602f9c700c5b1c83"},"breadcrumb":{"@id":"https:\/\/alexandrecenis.com\/index.php\/2021\/09\/06\/garder-sa-distance\/#breadcrumb"},"inLanguage":"fr-FR","potentialAction":[{"@type":"ReadAction","target":["https:\/\/alexandrecenis.com\/index.php\/2021\/09\/06\/garder-sa-distance\/"]}]},{"@type":"ImageObject","inLanguage":"fr-FR","@id":"https:\/\/alexandrecenis.com\/index.php\/2021\/09\/06\/garder-sa-distance\/#primaryimage","url":"https:\/\/alexandrecenis.com\/wp-content\/uploads\/2021\/09\/vignette-2.png","contentUrl":"https:\/\/alexandrecenis.com\/wp-content\/uploads\/2021\/09\/vignette-2.png","width":799,"height":451},{"@type":"BreadcrumbList","@id":"https:\/\/alexandrecenis.com\/index.php\/2021\/09\/06\/garder-sa-distance\/#breadcrumb","itemListElement":[{"@type":"ListItem","position":1,"name":"Home","item":"https:\/\/alexandrecenis.com\/"},{"@type":"ListItem","position":2,"name":"Garder sa Distance"}]},{"@type":"WebSite","@id":"https:\/\/alexandrecenis.com\/#website","url":"https:\/\/alexandrecenis.com\/","name":"Alexandre Cenis","description":"Intelligence Cr\u00e9ative","potentialAction":[{"@type":"SearchAction","target":{"@type":"EntryPoint","urlTemplate":"https:\/\/alexandrecenis.com\/?s={search_term_string}"},"query-input":{"@type":"PropertyValueSpecification","valueRequired":true,"valueName":"search_term_string"}}],"inLanguage":"fr-FR"},{"@type":"Person","@id":"https:\/\/alexandrecenis.com\/#\/schema\/person\/cb034178deaf60a8602f9c700c5b1c83","name":"admin8497","image":{"@type":"ImageObject","inLanguage":"fr-FR","@id":"https:\/\/secure.gravatar.com\/avatar\/9586a1b4e51047e1977e647153ddd075f143e741c8e5ba4d03f6cfa4c61126fd?s=96&d=mm&r=g","url":"https:\/\/secure.gravatar.com\/avatar\/9586a1b4e51047e1977e647153ddd075f143e741c8e5ba4d03f6cfa4c61126fd?s=96&d=mm&r=g","contentUrl":"https:\/\/secure.gravatar.com\/avatar\/9586a1b4e51047e1977e647153ddd075f143e741c8e5ba4d03f6cfa4c61126fd?s=96&d=mm&r=g","caption":"admin8497"},"url":"https:\/\/alexandrecenis.com\/index.php\/author\/admin8497\/"}]}},"_links":{"self":[{"href":"https:\/\/alexandrecenis.com\/index.php\/wp-json\/wp\/v2\/posts\/4455","targetHints":{"allow":["GET"]}}],"collection":[{"href":"https:\/\/alexandrecenis.com\/index.php\/wp-json\/wp\/v2\/posts"}],"about":[{"href":"https:\/\/alexandrecenis.com\/index.php\/wp-json\/wp\/v2\/types\/post"}],"author":[{"embeddable":true,"href":"https:\/\/alexandrecenis.com\/index.php\/wp-json\/wp\/v2\/users\/1"}],"replies":[{"embeddable":true,"href":"https:\/\/alexandrecenis.com\/index.php\/wp-json\/wp\/v2\/comments?post=4455"}],"version-history":[{"count":10,"href":"https:\/\/alexandrecenis.com\/index.php\/wp-json\/wp\/v2\/posts\/4455\/revisions"}],"predecessor-version":[{"id":4521,"href":"https:\/\/alexandrecenis.com\/index.php\/wp-json\/wp\/v2\/posts\/4455\/revisions\/4521"}],"wp:featuredmedia":[{"embeddable":true,"href":"https:\/\/alexandrecenis.com\/index.php\/wp-json\/wp\/v2\/media\/4462"}],"wp:attachment":[{"href":"https:\/\/alexandrecenis.com\/index.php\/wp-json\/wp\/v2\/media?parent=4455"}],"wp:term":[{"taxonomy":"category","embeddable":true,"href":"https:\/\/alexandrecenis.com\/index.php\/wp-json\/wp\/v2\/categories?post=4455"},{"taxonomy":"post_tag","embeddable":true,"href":"https:\/\/alexandrecenis.com\/index.php\/wp-json\/wp\/v2\/tags?post=4455"}],"curies":[{"name":"wp","href":"https:\/\/api.w.org\/{rel}","templated":true}]}}