{"id":4420,"date":"2021-09-01T07:44:56","date_gmt":"2021-09-01T05:44:56","guid":{"rendered":"https:\/\/alexandrecenis.com\/?p=4420"},"modified":"2021-09-01T07:44:56","modified_gmt":"2021-09-01T05:44:56","slug":"alea-jacta-sieste","status":"publish","type":"post","link":"https:\/\/alexandrecenis.com\/index.php\/2021\/09\/01\/alea-jacta-sieste\/","title":{"rendered":"Alea Jacta Sieste"},"content":{"rendered":"<p style=\"text-align: justify;\">Bien le bonjour le monde digital ! Aaaah que c&rsquo;\u00e9tait bien les vacances avec leur partie de p\u00e9tanque, les soir\u00e9es entre voisins de bungalow et les siestes dans les hamacs du jardin&#8230;.et bien bonne nouvelle (pour le dernier point). Depuis Lundi et jusqu&rsquo;\u00e0 Vendredi, IKEA organise une op\u00e9ration marketing amusante dans les rues de la capitale en vous offrant un nid douillet pour faire la sieste.<\/p>\n<p><img loading=\"lazy\" decoding=\"async\" class=\"aligncenter wp-image-4422 size-large\" src=\"https:\/\/alexandrecenis.com\/wp-content\/uploads\/2021\/09\/ikea-paris-sieste-velo-121-1024x683.jpg\" alt=\"\" width=\"1024\" height=\"683\" srcset=\"https:\/\/alexandrecenis.com\/wp-content\/uploads\/2021\/09\/ikea-paris-sieste-velo-121-1024x683.jpg 1024w, https:\/\/alexandrecenis.com\/wp-content\/uploads\/2021\/09\/ikea-paris-sieste-velo-121-980x653.jpg 980w, https:\/\/alexandrecenis.com\/wp-content\/uploads\/2021\/09\/ikea-paris-sieste-velo-121-480x320.jpg 480w\" sizes=\"(min-width: 0px) and (max-width: 480px) 480px, (min-width: 481px) and (max-width: 980px) 980px, (min-width: 981px) 1024px, 100vw\" \/><\/p>\n<p style=\"text-align: justify;\">La marque a en effet eu l\u2019id\u00e9e d\u2019am\u00e9nager des lits dans des petites capsules tir\u00e9es par des v\u00e9los. Pour profiter d\u2019une petite sieste, il vous suffira de r\u00e9server un v\u00e9lo avec le hashtag #LaSiesteIKEA et en mentionnant @IKEAFrance sur Twitter et Instagram.<\/p>\n<p><img loading=\"lazy\" decoding=\"async\" class=\"aligncenter wp-image-4424 size-large\" src=\"https:\/\/alexandrecenis.com\/wp-content\/uploads\/2021\/09\/ikea-paris-sieste-velo-123-1024x684.jpg\" alt=\"\" width=\"1024\" height=\"684\" srcset=\"https:\/\/alexandrecenis.com\/wp-content\/uploads\/2021\/09\/ikea-paris-sieste-velo-123-1024x684.jpg 1024w, https:\/\/alexandrecenis.com\/wp-content\/uploads\/2021\/09\/ikea-paris-sieste-velo-123-980x654.jpg 980w, https:\/\/alexandrecenis.com\/wp-content\/uploads\/2021\/09\/ikea-paris-sieste-velo-123-480x320.jpg 480w\" sizes=\"(min-width: 0px) and (max-width: 480px) 480px, (min-width: 481px) and (max-width: 980px) 980px, (min-width: 981px) 1024px, 100vw\" \/><\/p>\n<p style=\"text-align: justify;\">Une fois la r\u00e9servation approuv\u00e9e, IKEA s\u2019engage \u00e0 ce que votre lit roulant vous arrive en moins de 30 minutes.<\/p>\n<p><img loading=\"lazy\" decoding=\"async\" class=\"aligncenter wp-image-4423 size-large\" src=\"https:\/\/alexandrecenis.com\/wp-content\/uploads\/2021\/09\/ikea-paris-sieste-velo-122-1024x684.jpg\" alt=\"\" width=\"1024\" height=\"684\" srcset=\"https:\/\/alexandrecenis.com\/wp-content\/uploads\/2021\/09\/ikea-paris-sieste-velo-122-1024x684.jpg 1024w, https:\/\/alexandrecenis.com\/wp-content\/uploads\/2021\/09\/ikea-paris-sieste-velo-122-980x654.jpg 980w, https:\/\/alexandrecenis.com\/wp-content\/uploads\/2021\/09\/ikea-paris-sieste-velo-122-480x320.jpg 480w\" sizes=\"(min-width: 0px) and (max-width: 480px) 480px, (min-width: 481px) and (max-width: 980px) 980px, (min-width: 981px) 1024px, 100vw\" \/><\/p>\n<p style=\"text-align: justify;\">Au total, 8 v\u00e9los \u00e9lectriques seront mis en service pour vous permettre de piquer du nez entre 13h30 et 18h30, donc une chose est s\u00fbre : il n\u2019y en aura pas pour tout le monde ! Une op\u00e9ration orchestr\u00e9e avec l\u2019agence Ubi Bene qui offre un peu d\u2019originalit\u00e9 et d\u2019humour en cette rentr\u00e9e. \u00c7a fait du bien.<\/p>\n","protected":false},"excerpt":{"rendered":"<p>Bien le bonjour le monde digital ! Aaaah que c&rsquo;\u00e9tait bien les vacances avec leur partie de p\u00e9tanque, les soir\u00e9es entre voisins de bungalow et les siestes dans les hamacs du jardin&#8230;.et bien bonne nouvelle (pour le dernier point). Depuis Lundi et jusqu&rsquo;\u00e0 Vendredi, IKEA organise une op\u00e9ration marketing amusante dans les rues de la [&hellip;]<\/p>\n","protected":false},"author":1,"featured_media":4422,"comment_status":"closed","ping_status":"open","sticky":false,"template":"","format":"standard","meta":{"_et_pb_use_builder":"","_et_pb_old_content":"","_et_gb_content_width":"","footnotes":""},"categories":[4],"tags":[527,1700,1703,1701,1702],"class_list":["post-4420","post","type-post","status-publish","format-standard","has-post-thumbnail","hentry","category-marketing","tag-ikea","tag-sieste","tag-ubi-bene","tag-velo","tag-velos-electriques"],"yoast_head":"<!-- This site is optimized with the Yoast SEO plugin v27.3 - https:\/\/yoast.com\/product\/yoast-seo-wordpress\/ -->\n<title>Alea Jacta Sieste - Alexandre Cenis<\/title>\n<meta name=\"robots\" content=\"index, follow, max-snippet:-1, max-image-preview:large, max-video-preview:-1\" \/>\n<link rel=\"canonical\" href=\"https:\/\/alexandrecenis.com\/index.php\/2021\/09\/01\/alea-jacta-sieste\/\" \/>\n<meta property=\"og:locale\" content=\"fr_FR\" \/>\n<meta property=\"og:type\" content=\"article\" \/>\n<meta property=\"og:title\" content=\"Alea Jacta Sieste - Alexandre Cenis\" \/>\n<meta property=\"og:description\" content=\"Bien le bonjour le monde digital ! Aaaah que c&rsquo;\u00e9tait bien les vacances avec leur partie de p\u00e9tanque, les soir\u00e9es entre voisins de bungalow et les siestes dans les hamacs du jardin&#8230;.et bien bonne nouvelle (pour le dernier point). Depuis Lundi et jusqu&rsquo;\u00e0 Vendredi, IKEA organise une op\u00e9ration marketing amusante dans les rues de la [&hellip;]\" \/>\n<meta property=\"og:url\" content=\"https:\/\/alexandrecenis.com\/index.php\/2021\/09\/01\/alea-jacta-sieste\/\" \/>\n<meta property=\"og:site_name\" content=\"Alexandre Cenis\" \/>\n<meta property=\"article:published_time\" content=\"2021-09-01T05:44:56+00:00\" \/>\n<meta property=\"og:image\" content=\"https:\/\/alexandrecenis.com\/wp-content\/uploads\/2021\/09\/ikea-paris-sieste-velo-121.jpg\" \/>\n\t<meta property=\"og:image:width\" content=\"1200\" \/>\n\t<meta property=\"og:image:height\" content=\"800\" \/>\n\t<meta property=\"og:image:type\" content=\"image\/jpeg\" \/>\n<meta name=\"author\" content=\"admin8497\" \/>\n<meta name=\"twitter:card\" content=\"summary_large_image\" \/>\n<meta name=\"twitter:creator\" content=\"@alexandrecenis\" \/>\n<meta name=\"twitter:site\" content=\"@alexandrecenis\" \/>\n<meta name=\"twitter:label1\" content=\"\u00c9crit par\" \/>\n\t<meta name=\"twitter:data1\" content=\"admin8497\" \/>\n\t<meta name=\"twitter:label2\" content=\"Dur\u00e9e de lecture estim\u00e9e\" \/>\n\t<meta name=\"twitter:data2\" content=\"2 minutes\" \/>\n<script type=\"application\/ld+json\" class=\"yoast-schema-graph\">{\"@context\":\"https:\\\/\\\/schema.org\",\"@graph\":[{\"@type\":\"Article\",\"@id\":\"https:\\\/\\\/alexandrecenis.com\\\/index.php\\\/2021\\\/09\\\/01\\\/alea-jacta-sieste\\\/#article\",\"isPartOf\":{\"@id\":\"https:\\\/\\\/alexandrecenis.com\\\/index.php\\\/2021\\\/09\\\/01\\\/alea-jacta-sieste\\\/\"},\"author\":{\"name\":\"admin8497\",\"@id\":\"https:\\\/\\\/alexandrecenis.com\\\/#\\\/schema\\\/person\\\/cb034178deaf60a8602f9c700c5b1c83\"},\"headline\":\"Alea Jacta Sieste\",\"datePublished\":\"2021-09-01T05:44:56+00:00\",\"mainEntityOfPage\":{\"@id\":\"https:\\\/\\\/alexandrecenis.com\\\/index.php\\\/2021\\\/09\\\/01\\\/alea-jacta-sieste\\\/\"},\"wordCount\":208,\"image\":{\"@id\":\"https:\\\/\\\/alexandrecenis.com\\\/index.php\\\/2021\\\/09\\\/01\\\/alea-jacta-sieste\\\/#primaryimage\"},\"thumbnailUrl\":\"https:\\\/\\\/alexandrecenis.com\\\/wp-content\\\/uploads\\\/2021\\\/09\\\/ikea-paris-sieste-velo-121.jpg\",\"keywords\":[\"ikea\",\"sieste\",\"Ubi Bene\",\"v\u00e9lo\",\"v\u00e9los \u00e9lectriques\"],\"articleSection\":[\"Marketing\"],\"inLanguage\":\"fr-FR\"},{\"@type\":\"WebPage\",\"@id\":\"https:\\\/\\\/alexandrecenis.com\\\/index.php\\\/2021\\\/09\\\/01\\\/alea-jacta-sieste\\\/\",\"url\":\"https:\\\/\\\/alexandrecenis.com\\\/index.php\\\/2021\\\/09\\\/01\\\/alea-jacta-sieste\\\/\",\"name\":\"Alea Jacta Sieste - Alexandre Cenis\",\"isPartOf\":{\"@id\":\"https:\\\/\\\/alexandrecenis.com\\\/#website\"},\"primaryImageOfPage\":{\"@id\":\"https:\\\/\\\/alexandrecenis.com\\\/index.php\\\/2021\\\/09\\\/01\\\/alea-jacta-sieste\\\/#primaryimage\"},\"image\":{\"@id\":\"https:\\\/\\\/alexandrecenis.com\\\/index.php\\\/2021\\\/09\\\/01\\\/alea-jacta-sieste\\\/#primaryimage\"},\"thumbnailUrl\":\"https:\\\/\\\/alexandrecenis.com\\\/wp-content\\\/uploads\\\/2021\\\/09\\\/ikea-paris-sieste-velo-121.jpg\",\"datePublished\":\"2021-09-01T05:44:56+00:00\",\"author\":{\"@id\":\"https:\\\/\\\/alexandrecenis.com\\\/#\\\/schema\\\/person\\\/cb034178deaf60a8602f9c700c5b1c83\"},\"breadcrumb\":{\"@id\":\"https:\\\/\\\/alexandrecenis.com\\\/index.php\\\/2021\\\/09\\\/01\\\/alea-jacta-sieste\\\/#breadcrumb\"},\"inLanguage\":\"fr-FR\",\"potentialAction\":[{\"@type\":\"ReadAction\",\"target\":[\"https:\\\/\\\/alexandrecenis.com\\\/index.php\\\/2021\\\/09\\\/01\\\/alea-jacta-sieste\\\/\"]}]},{\"@type\":\"ImageObject\",\"inLanguage\":\"fr-FR\",\"@id\":\"https:\\\/\\\/alexandrecenis.com\\\/index.php\\\/2021\\\/09\\\/01\\\/alea-jacta-sieste\\\/#primaryimage\",\"url\":\"https:\\\/\\\/alexandrecenis.com\\\/wp-content\\\/uploads\\\/2021\\\/09\\\/ikea-paris-sieste-velo-121.jpg\",\"contentUrl\":\"https:\\\/\\\/alexandrecenis.com\\\/wp-content\\\/uploads\\\/2021\\\/09\\\/ikea-paris-sieste-velo-121.jpg\",\"width\":1200,\"height\":800},{\"@type\":\"BreadcrumbList\",\"@id\":\"https:\\\/\\\/alexandrecenis.com\\\/index.php\\\/2021\\\/09\\\/01\\\/alea-jacta-sieste\\\/#breadcrumb\",\"itemListElement\":[{\"@type\":\"ListItem\",\"position\":1,\"name\":\"Home\",\"item\":\"https:\\\/\\\/alexandrecenis.com\\\/\"},{\"@type\":\"ListItem\",\"position\":2,\"name\":\"Alea Jacta Sieste\"}]},{\"@type\":\"WebSite\",\"@id\":\"https:\\\/\\\/alexandrecenis.com\\\/#website\",\"url\":\"https:\\\/\\\/alexandrecenis.com\\\/\",\"name\":\"Alexandre Cenis\",\"description\":\"Intelligence Cr\u00e9ative\",\"potentialAction\":[{\"@type\":\"SearchAction\",\"target\":{\"@type\":\"EntryPoint\",\"urlTemplate\":\"https:\\\/\\\/alexandrecenis.com\\\/?s={search_term_string}\"},\"query-input\":{\"@type\":\"PropertyValueSpecification\",\"valueRequired\":true,\"valueName\":\"search_term_string\"}}],\"inLanguage\":\"fr-FR\"},{\"@type\":\"Person\",\"@id\":\"https:\\\/\\\/alexandrecenis.com\\\/#\\\/schema\\\/person\\\/cb034178deaf60a8602f9c700c5b1c83\",\"name\":\"admin8497\",\"image\":{\"@type\":\"ImageObject\",\"inLanguage\":\"fr-FR\",\"@id\":\"https:\\\/\\\/secure.gravatar.com\\\/avatar\\\/9586a1b4e51047e1977e647153ddd075f143e741c8e5ba4d03f6cfa4c61126fd?s=96&d=mm&r=g\",\"url\":\"https:\\\/\\\/secure.gravatar.com\\\/avatar\\\/9586a1b4e51047e1977e647153ddd075f143e741c8e5ba4d03f6cfa4c61126fd?s=96&d=mm&r=g\",\"contentUrl\":\"https:\\\/\\\/secure.gravatar.com\\\/avatar\\\/9586a1b4e51047e1977e647153ddd075f143e741c8e5ba4d03f6cfa4c61126fd?s=96&d=mm&r=g\",\"caption\":\"admin8497\"},\"url\":\"https:\\\/\\\/alexandrecenis.com\\\/index.php\\\/author\\\/admin8497\\\/\"}]}<\/script>\n<!-- \/ Yoast SEO plugin. -->","yoast_head_json":{"title":"Alea Jacta Sieste - Alexandre Cenis","robots":{"index":"index","follow":"follow","max-snippet":"max-snippet:-1","max-image-preview":"max-image-preview:large","max-video-preview":"max-video-preview:-1"},"canonical":"https:\/\/alexandrecenis.com\/index.php\/2021\/09\/01\/alea-jacta-sieste\/","og_locale":"fr_FR","og_type":"article","og_title":"Alea Jacta Sieste - Alexandre Cenis","og_description":"Bien le bonjour le monde digital ! Aaaah que c&rsquo;\u00e9tait bien les vacances avec leur partie de p\u00e9tanque, les soir\u00e9es entre voisins de bungalow et les siestes dans les hamacs du jardin&#8230;.et bien bonne nouvelle (pour le dernier point). Depuis Lundi et jusqu&rsquo;\u00e0 Vendredi, IKEA organise une op\u00e9ration marketing amusante dans les rues de la [&hellip;]","og_url":"https:\/\/alexandrecenis.com\/index.php\/2021\/09\/01\/alea-jacta-sieste\/","og_site_name":"Alexandre Cenis","article_published_time":"2021-09-01T05:44:56+00:00","og_image":[{"width":1200,"height":800,"url":"https:\/\/alexandrecenis.com\/wp-content\/uploads\/2021\/09\/ikea-paris-sieste-velo-121.jpg","type":"image\/jpeg"}],"author":"admin8497","twitter_card":"summary_large_image","twitter_creator":"@alexandrecenis","twitter_site":"@alexandrecenis","twitter_misc":{"\u00c9crit par":"admin8497","Dur\u00e9e de lecture estim\u00e9e":"2 minutes"},"schema":{"@context":"https:\/\/schema.org","@graph":[{"@type":"Article","@id":"https:\/\/alexandrecenis.com\/index.php\/2021\/09\/01\/alea-jacta-sieste\/#article","isPartOf":{"@id":"https:\/\/alexandrecenis.com\/index.php\/2021\/09\/01\/alea-jacta-sieste\/"},"author":{"name":"admin8497","@id":"https:\/\/alexandrecenis.com\/#\/schema\/person\/cb034178deaf60a8602f9c700c5b1c83"},"headline":"Alea Jacta Sieste","datePublished":"2021-09-01T05:44:56+00:00","mainEntityOfPage":{"@id":"https:\/\/alexandrecenis.com\/index.php\/2021\/09\/01\/alea-jacta-sieste\/"},"wordCount":208,"image":{"@id":"https:\/\/alexandrecenis.com\/index.php\/2021\/09\/01\/alea-jacta-sieste\/#primaryimage"},"thumbnailUrl":"https:\/\/alexandrecenis.com\/wp-content\/uploads\/2021\/09\/ikea-paris-sieste-velo-121.jpg","keywords":["ikea","sieste","Ubi Bene","v\u00e9lo","v\u00e9los \u00e9lectriques"],"articleSection":["Marketing"],"inLanguage":"fr-FR"},{"@type":"WebPage","@id":"https:\/\/alexandrecenis.com\/index.php\/2021\/09\/01\/alea-jacta-sieste\/","url":"https:\/\/alexandrecenis.com\/index.php\/2021\/09\/01\/alea-jacta-sieste\/","name":"Alea Jacta Sieste - Alexandre Cenis","isPartOf":{"@id":"https:\/\/alexandrecenis.com\/#website"},"primaryImageOfPage":{"@id":"https:\/\/alexandrecenis.com\/index.php\/2021\/09\/01\/alea-jacta-sieste\/#primaryimage"},"image":{"@id":"https:\/\/alexandrecenis.com\/index.php\/2021\/09\/01\/alea-jacta-sieste\/#primaryimage"},"thumbnailUrl":"https:\/\/alexandrecenis.com\/wp-content\/uploads\/2021\/09\/ikea-paris-sieste-velo-121.jpg","datePublished":"2021-09-01T05:44:56+00:00","author":{"@id":"https:\/\/alexandrecenis.com\/#\/schema\/person\/cb034178deaf60a8602f9c700c5b1c83"},"breadcrumb":{"@id":"https:\/\/alexandrecenis.com\/index.php\/2021\/09\/01\/alea-jacta-sieste\/#breadcrumb"},"inLanguage":"fr-FR","potentialAction":[{"@type":"ReadAction","target":["https:\/\/alexandrecenis.com\/index.php\/2021\/09\/01\/alea-jacta-sieste\/"]}]},{"@type":"ImageObject","inLanguage":"fr-FR","@id":"https:\/\/alexandrecenis.com\/index.php\/2021\/09\/01\/alea-jacta-sieste\/#primaryimage","url":"https:\/\/alexandrecenis.com\/wp-content\/uploads\/2021\/09\/ikea-paris-sieste-velo-121.jpg","contentUrl":"https:\/\/alexandrecenis.com\/wp-content\/uploads\/2021\/09\/ikea-paris-sieste-velo-121.jpg","width":1200,"height":800},{"@type":"BreadcrumbList","@id":"https:\/\/alexandrecenis.com\/index.php\/2021\/09\/01\/alea-jacta-sieste\/#breadcrumb","itemListElement":[{"@type":"ListItem","position":1,"name":"Home","item":"https:\/\/alexandrecenis.com\/"},{"@type":"ListItem","position":2,"name":"Alea Jacta Sieste"}]},{"@type":"WebSite","@id":"https:\/\/alexandrecenis.com\/#website","url":"https:\/\/alexandrecenis.com\/","name":"Alexandre Cenis","description":"Intelligence Cr\u00e9ative","potentialAction":[{"@type":"SearchAction","target":{"@type":"EntryPoint","urlTemplate":"https:\/\/alexandrecenis.com\/?s={search_term_string}"},"query-input":{"@type":"PropertyValueSpecification","valueRequired":true,"valueName":"search_term_string"}}],"inLanguage":"fr-FR"},{"@type":"Person","@id":"https:\/\/alexandrecenis.com\/#\/schema\/person\/cb034178deaf60a8602f9c700c5b1c83","name":"admin8497","image":{"@type":"ImageObject","inLanguage":"fr-FR","@id":"https:\/\/secure.gravatar.com\/avatar\/9586a1b4e51047e1977e647153ddd075f143e741c8e5ba4d03f6cfa4c61126fd?s=96&d=mm&r=g","url":"https:\/\/secure.gravatar.com\/avatar\/9586a1b4e51047e1977e647153ddd075f143e741c8e5ba4d03f6cfa4c61126fd?s=96&d=mm&r=g","contentUrl":"https:\/\/secure.gravatar.com\/avatar\/9586a1b4e51047e1977e647153ddd075f143e741c8e5ba4d03f6cfa4c61126fd?s=96&d=mm&r=g","caption":"admin8497"},"url":"https:\/\/alexandrecenis.com\/index.php\/author\/admin8497\/"}]}},"_links":{"self":[{"href":"https:\/\/alexandrecenis.com\/index.php\/wp-json\/wp\/v2\/posts\/4420","targetHints":{"allow":["GET"]}}],"collection":[{"href":"https:\/\/alexandrecenis.com\/index.php\/wp-json\/wp\/v2\/posts"}],"about":[{"href":"https:\/\/alexandrecenis.com\/index.php\/wp-json\/wp\/v2\/types\/post"}],"author":[{"embeddable":true,"href":"https:\/\/alexandrecenis.com\/index.php\/wp-json\/wp\/v2\/users\/1"}],"replies":[{"embeddable":true,"href":"https:\/\/alexandrecenis.com\/index.php\/wp-json\/wp\/v2\/comments?post=4420"}],"version-history":[{"count":5,"href":"https:\/\/alexandrecenis.com\/index.php\/wp-json\/wp\/v2\/posts\/4420\/revisions"}],"predecessor-version":[{"id":4430,"href":"https:\/\/alexandrecenis.com\/index.php\/wp-json\/wp\/v2\/posts\/4420\/revisions\/4430"}],"wp:featuredmedia":[{"embeddable":true,"href":"https:\/\/alexandrecenis.com\/index.php\/wp-json\/wp\/v2\/media\/4422"}],"wp:attachment":[{"href":"https:\/\/alexandrecenis.com\/index.php\/wp-json\/wp\/v2\/media?parent=4420"}],"wp:term":[{"taxonomy":"category","embeddable":true,"href":"https:\/\/alexandrecenis.com\/index.php\/wp-json\/wp\/v2\/categories?post=4420"},{"taxonomy":"post_tag","embeddable":true,"href":"https:\/\/alexandrecenis.com\/index.php\/wp-json\/wp\/v2\/tags?post=4420"}],"curies":[{"name":"wp","href":"https:\/\/api.w.org\/{rel}","templated":true}]}}