{"id":4379,"date":"2021-08-27T07:42:43","date_gmt":"2021-08-27T05:42:43","guid":{"rendered":"https:\/\/alexandrecenis.com\/?p=4379"},"modified":"2021-08-27T07:42:43","modified_gmt":"2021-08-27T05:42:43","slug":"aaaahhh-ces-jeunes","status":"publish","type":"post","link":"https:\/\/alexandrecenis.com\/index.php\/2021\/08\/27\/aaaahhh-ces-jeunes\/","title":{"rendered":"Aaaahhh ces jeunes"},"content":{"rendered":"<p style=\"text-align: justify;\">Il y a les discours du vieux monde, et ceux du nouveau. Et dans ces prises de paroles neuves, il y a celles de cette jeunesse qui viennent d\u00e9construire ce qu\u2019il y avait de bancal dans les id\u00e9aux d\u2019antan. Cette jeunesse qui vient faire bouger par l\u2019action les trop nombreux impens\u00e9s soci\u00e9taux, et qui met de cot\u00e9 les \u00ab\u00a0\u00e7a a toujours \u00e9t\u00e9\u00a0\u00bb au profit des \u00ab\u00a0\u00e7a sera autrement\u00a0\u00bb.\u00a0C\u2019est pourquoi, \u00e0 l\u2019occasion de la Journ\u00e9e Internationale de la Jeunesse, le 12 ao\u00fbt dernier, Amnesty International France a choisi de c\u00e9l\u00e9brer ces jeunes id\u00e9alistes.<\/p>\n<p><img loading=\"lazy\" decoding=\"async\" class=\"aligncenter wp-image-4382 size-full\" src=\"https:\/\/alexandrecenis.com\/wp-content\/uploads\/2021\/08\/1-4.png\" alt=\"\" width=\"530\" height=\"821\" srcset=\"https:\/\/alexandrecenis.com\/wp-content\/uploads\/2021\/08\/1-4.png 530w, https:\/\/alexandrecenis.com\/wp-content\/uploads\/2021\/08\/1-4-480x744.png 480w\" sizes=\"(min-width: 0px) and (max-width: 480px) 480px, (min-width: 481px) 530px, 100vw\" \/><\/p>\n<p style=\"text-align: justify;\">Une campagne sign\u00e9e par l\u2019agence DDB Paris, qui d\u00e9construit les clich\u00e9s sur la jeunesse \u2013 individualistes, \u00e9go\u00efstes, d\u00e9sinvestis, trop na\u00effs\u2026 les adjectifs sont l\u00e9gion \u2013 et met plut\u00f4t \u00e0 l\u2019honneur la vigueur et la d\u00e9termination des combats qu\u2019elle m\u00e8ne au quotidien : les droits des femmes, le climat, le travail des enfants\u2026et beaucoup d\u2019autres. Tous les ans, plus de 180 antennes jeunes (AJ) se mobilisent et luttent pour les droits humains chez Amnesty.<\/p>\n<p><img loading=\"lazy\" decoding=\"async\" class=\"aligncenter wp-image-4385 size-full\" src=\"https:\/\/alexandrecenis.com\/wp-content\/uploads\/2021\/08\/4-2.png\" alt=\"\" width=\"530\" height=\"788\" srcset=\"https:\/\/alexandrecenis.com\/wp-content\/uploads\/2021\/08\/4-2.png 530w, https:\/\/alexandrecenis.com\/wp-content\/uploads\/2021\/08\/4-2-480x714.png 480w\" sizes=\"(min-width: 0px) and (max-width: 480px) 480px, (min-width: 481px) 530px, 100vw\" \/><\/p>\n<p style=\"text-align: justify;\">La jeunesse est partout : elle manifeste dans les rues, elle informe en ligne, et est pr\u00e9sente dans les universit\u00e9s \u00e0 travers les AJ, o\u00f9 elle organise des projections de films, des conf\u00e9rences, et fait signer des p\u00e9titions afin de faire connaitre les combats d\u2019Amnesty autour d\u2019elle.<\/p>\n<p><img loading=\"lazy\" decoding=\"async\" class=\"aligncenter wp-image-4384 size-full\" src=\"https:\/\/alexandrecenis.com\/wp-content\/uploads\/2021\/08\/3-3.png\" alt=\"\" width=\"533\" height=\"790\" srcset=\"https:\/\/alexandrecenis.com\/wp-content\/uploads\/2021\/08\/3-3.png 533w, https:\/\/alexandrecenis.com\/wp-content\/uploads\/2021\/08\/3-3-480x711.png 480w\" sizes=\"(min-width: 0px) and (max-width: 480px) 480px, (min-width: 481px) 533px, 100vw\" \/><\/p>\n<p style=\"text-align: justify;\">En outre, cette campagne \u00ab Bienvenue aux id\u00e9alistes \u00bb est disponible en affichage, et sur les r\u00e9seaux sociaux depuis le 12 ao\u00fbt 2021, pour une dur\u00e9e de 4 semaines. Alors pourquoi ne pas se servir des id\u00e9es re\u00e7ues que l\u2019on peut avoir sur elle, et les faire suivre de v\u00e9rit\u00e9s bien diff\u00e9rentes. Cette campagne joue \u00e0 merveille sur le pouvoir de la chute, et vient \u00e9clipser avec d\u00e9licatesse et intelligence,\u00a0les poncifs sur la jeunesse d\u2019aujourd\u2019hui.<\/p>\n<p><img loading=\"lazy\" decoding=\"async\" class=\"aligncenter wp-image-4383 size-full\" src=\"https:\/\/alexandrecenis.com\/wp-content\/uploads\/2021\/08\/2-4.png\" alt=\"\" width=\"529\" height=\"790\" srcset=\"https:\/\/alexandrecenis.com\/wp-content\/uploads\/2021\/08\/2-4.png 529w, https:\/\/alexandrecenis.com\/wp-content\/uploads\/2021\/08\/2-4-480x717.png 480w\" sizes=\"(min-width: 0px) and (max-width: 480px) 480px, (min-width: 481px) 529px, 100vw\" \/><\/p>\n","protected":false},"excerpt":{"rendered":"<p>Il y a les discours du vieux monde, et ceux du nouveau. Et dans ces prises de paroles neuves, il y a celles de cette jeunesse qui viennent d\u00e9construire ce qu\u2019il y avait de bancal dans les id\u00e9aux d\u2019antan. Cette jeunesse qui vient faire bouger par l\u2019action les trop nombreux impens\u00e9s soci\u00e9taux, et qui met [&hellip;]<\/p>\n","protected":false},"author":1,"featured_media":4382,"comment_status":"closed","ping_status":"open","sticky":false,"template":"","format":"standard","meta":{"_et_pb_use_builder":"","_et_pb_old_content":"","_et_gb_content_width":"","footnotes":""},"categories":[113],"tags":[311,146,1689,1690,1688,1069],"class_list":["post-4379","post","type-post","status-publish","format-standard","has-post-thumbnail","hentry","category-communication","tag-amnesty-international-france","tag-ddb-paris","tag-droits-humains","tag-idealistes","tag-jeunesse","tag-journee-internationale"],"yoast_head":"<!-- This site is optimized with the Yoast SEO plugin v27.3 - https:\/\/yoast.com\/product\/yoast-seo-wordpress\/ -->\n<title>Aaaahhh ces jeunes - Alexandre Cenis<\/title>\n<meta name=\"robots\" content=\"index, follow, max-snippet:-1, max-image-preview:large, max-video-preview:-1\" \/>\n<link rel=\"canonical\" href=\"https:\/\/alexandrecenis.com\/index.php\/2021\/08\/27\/aaaahhh-ces-jeunes\/\" \/>\n<meta property=\"og:locale\" content=\"fr_FR\" \/>\n<meta property=\"og:type\" content=\"article\" \/>\n<meta property=\"og:title\" content=\"Aaaahhh ces jeunes - Alexandre Cenis\" \/>\n<meta property=\"og:description\" content=\"Il y a les discours du vieux monde, et ceux du nouveau. Et dans ces prises de paroles neuves, il y a celles de cette jeunesse qui viennent d\u00e9construire ce qu\u2019il y avait de bancal dans les id\u00e9aux d\u2019antan. Cette jeunesse qui vient faire bouger par l\u2019action les trop nombreux impens\u00e9s soci\u00e9taux, et qui met [&hellip;]\" \/>\n<meta property=\"og:url\" content=\"https:\/\/alexandrecenis.com\/index.php\/2021\/08\/27\/aaaahhh-ces-jeunes\/\" \/>\n<meta property=\"og:site_name\" content=\"Alexandre Cenis\" \/>\n<meta property=\"article:published_time\" content=\"2021-08-27T05:42:43+00:00\" \/>\n<meta property=\"og:image\" content=\"https:\/\/alexandrecenis.com\/wp-content\/uploads\/2021\/08\/1-4.png\" \/>\n\t<meta property=\"og:image:width\" content=\"530\" \/>\n\t<meta property=\"og:image:height\" content=\"821\" \/>\n\t<meta property=\"og:image:type\" content=\"image\/png\" \/>\n<meta name=\"author\" content=\"admin8497\" \/>\n<meta name=\"twitter:card\" content=\"summary_large_image\" \/>\n<meta name=\"twitter:creator\" content=\"@alexandrecenis\" \/>\n<meta name=\"twitter:site\" content=\"@alexandrecenis\" \/>\n<meta name=\"twitter:label1\" content=\"\u00c9crit par\" \/>\n\t<meta name=\"twitter:data1\" content=\"admin8497\" \/>\n\t<meta name=\"twitter:label2\" content=\"Dur\u00e9e de lecture estim\u00e9e\" \/>\n\t<meta name=\"twitter:data2\" content=\"3 minutes\" \/>\n<script type=\"application\/ld+json\" class=\"yoast-schema-graph\">{\"@context\":\"https:\\\/\\\/schema.org\",\"@graph\":[{\"@type\":\"Article\",\"@id\":\"https:\\\/\\\/alexandrecenis.com\\\/index.php\\\/2021\\\/08\\\/27\\\/aaaahhh-ces-jeunes\\\/#article\",\"isPartOf\":{\"@id\":\"https:\\\/\\\/alexandrecenis.com\\\/index.php\\\/2021\\\/08\\\/27\\\/aaaahhh-ces-jeunes\\\/\"},\"author\":{\"name\":\"admin8497\",\"@id\":\"https:\\\/\\\/alexandrecenis.com\\\/#\\\/schema\\\/person\\\/cb034178deaf60a8602f9c700c5b1c83\"},\"headline\":\"Aaaahhh ces jeunes\",\"datePublished\":\"2021-08-27T05:42:43+00:00\",\"mainEntityOfPage\":{\"@id\":\"https:\\\/\\\/alexandrecenis.com\\\/index.php\\\/2021\\\/08\\\/27\\\/aaaahhh-ces-jeunes\\\/\"},\"wordCount\":325,\"image\":{\"@id\":\"https:\\\/\\\/alexandrecenis.com\\\/index.php\\\/2021\\\/08\\\/27\\\/aaaahhh-ces-jeunes\\\/#primaryimage\"},\"thumbnailUrl\":\"https:\\\/\\\/alexandrecenis.com\\\/wp-content\\\/uploads\\\/2021\\\/08\\\/1-4.png\",\"keywords\":[\"Amnesty International France\",\"ddb paris\",\"droits humains\",\"id\u00e9alistes\",\"Jeunesse\",\"journ\u00e9e internationale\"],\"articleSection\":[\"Communication\"],\"inLanguage\":\"fr-FR\"},{\"@type\":\"WebPage\",\"@id\":\"https:\\\/\\\/alexandrecenis.com\\\/index.php\\\/2021\\\/08\\\/27\\\/aaaahhh-ces-jeunes\\\/\",\"url\":\"https:\\\/\\\/alexandrecenis.com\\\/index.php\\\/2021\\\/08\\\/27\\\/aaaahhh-ces-jeunes\\\/\",\"name\":\"Aaaahhh ces jeunes - Alexandre Cenis\",\"isPartOf\":{\"@id\":\"https:\\\/\\\/alexandrecenis.com\\\/#website\"},\"primaryImageOfPage\":{\"@id\":\"https:\\\/\\\/alexandrecenis.com\\\/index.php\\\/2021\\\/08\\\/27\\\/aaaahhh-ces-jeunes\\\/#primaryimage\"},\"image\":{\"@id\":\"https:\\\/\\\/alexandrecenis.com\\\/index.php\\\/2021\\\/08\\\/27\\\/aaaahhh-ces-jeunes\\\/#primaryimage\"},\"thumbnailUrl\":\"https:\\\/\\\/alexandrecenis.com\\\/wp-content\\\/uploads\\\/2021\\\/08\\\/1-4.png\",\"datePublished\":\"2021-08-27T05:42:43+00:00\",\"author\":{\"@id\":\"https:\\\/\\\/alexandrecenis.com\\\/#\\\/schema\\\/person\\\/cb034178deaf60a8602f9c700c5b1c83\"},\"breadcrumb\":{\"@id\":\"https:\\\/\\\/alexandrecenis.com\\\/index.php\\\/2021\\\/08\\\/27\\\/aaaahhh-ces-jeunes\\\/#breadcrumb\"},\"inLanguage\":\"fr-FR\",\"potentialAction\":[{\"@type\":\"ReadAction\",\"target\":[\"https:\\\/\\\/alexandrecenis.com\\\/index.php\\\/2021\\\/08\\\/27\\\/aaaahhh-ces-jeunes\\\/\"]}]},{\"@type\":\"ImageObject\",\"inLanguage\":\"fr-FR\",\"@id\":\"https:\\\/\\\/alexandrecenis.com\\\/index.php\\\/2021\\\/08\\\/27\\\/aaaahhh-ces-jeunes\\\/#primaryimage\",\"url\":\"https:\\\/\\\/alexandrecenis.com\\\/wp-content\\\/uploads\\\/2021\\\/08\\\/1-4.png\",\"contentUrl\":\"https:\\\/\\\/alexandrecenis.com\\\/wp-content\\\/uploads\\\/2021\\\/08\\\/1-4.png\",\"width\":530,\"height\":821},{\"@type\":\"BreadcrumbList\",\"@id\":\"https:\\\/\\\/alexandrecenis.com\\\/index.php\\\/2021\\\/08\\\/27\\\/aaaahhh-ces-jeunes\\\/#breadcrumb\",\"itemListElement\":[{\"@type\":\"ListItem\",\"position\":1,\"name\":\"Home\",\"item\":\"https:\\\/\\\/alexandrecenis.com\\\/\"},{\"@type\":\"ListItem\",\"position\":2,\"name\":\"Aaaahhh ces jeunes\"}]},{\"@type\":\"WebSite\",\"@id\":\"https:\\\/\\\/alexandrecenis.com\\\/#website\",\"url\":\"https:\\\/\\\/alexandrecenis.com\\\/\",\"name\":\"Alexandre Cenis\",\"description\":\"Intelligence Cr\u00e9ative\",\"potentialAction\":[{\"@type\":\"SearchAction\",\"target\":{\"@type\":\"EntryPoint\",\"urlTemplate\":\"https:\\\/\\\/alexandrecenis.com\\\/?s={search_term_string}\"},\"query-input\":{\"@type\":\"PropertyValueSpecification\",\"valueRequired\":true,\"valueName\":\"search_term_string\"}}],\"inLanguage\":\"fr-FR\"},{\"@type\":\"Person\",\"@id\":\"https:\\\/\\\/alexandrecenis.com\\\/#\\\/schema\\\/person\\\/cb034178deaf60a8602f9c700c5b1c83\",\"name\":\"admin8497\",\"image\":{\"@type\":\"ImageObject\",\"inLanguage\":\"fr-FR\",\"@id\":\"https:\\\/\\\/secure.gravatar.com\\\/avatar\\\/9586a1b4e51047e1977e647153ddd075f143e741c8e5ba4d03f6cfa4c61126fd?s=96&d=mm&r=g\",\"url\":\"https:\\\/\\\/secure.gravatar.com\\\/avatar\\\/9586a1b4e51047e1977e647153ddd075f143e741c8e5ba4d03f6cfa4c61126fd?s=96&d=mm&r=g\",\"contentUrl\":\"https:\\\/\\\/secure.gravatar.com\\\/avatar\\\/9586a1b4e51047e1977e647153ddd075f143e741c8e5ba4d03f6cfa4c61126fd?s=96&d=mm&r=g\",\"caption\":\"admin8497\"},\"url\":\"https:\\\/\\\/alexandrecenis.com\\\/index.php\\\/author\\\/admin8497\\\/\"}]}<\/script>\n<!-- \/ Yoast SEO plugin. -->","yoast_head_json":{"title":"Aaaahhh ces jeunes - Alexandre Cenis","robots":{"index":"index","follow":"follow","max-snippet":"max-snippet:-1","max-image-preview":"max-image-preview:large","max-video-preview":"max-video-preview:-1"},"canonical":"https:\/\/alexandrecenis.com\/index.php\/2021\/08\/27\/aaaahhh-ces-jeunes\/","og_locale":"fr_FR","og_type":"article","og_title":"Aaaahhh ces jeunes - Alexandre Cenis","og_description":"Il y a les discours du vieux monde, et ceux du nouveau. Et dans ces prises de paroles neuves, il y a celles de cette jeunesse qui viennent d\u00e9construire ce qu\u2019il y avait de bancal dans les id\u00e9aux d\u2019antan. Cette jeunesse qui vient faire bouger par l\u2019action les trop nombreux impens\u00e9s soci\u00e9taux, et qui met [&hellip;]","og_url":"https:\/\/alexandrecenis.com\/index.php\/2021\/08\/27\/aaaahhh-ces-jeunes\/","og_site_name":"Alexandre Cenis","article_published_time":"2021-08-27T05:42:43+00:00","og_image":[{"width":530,"height":821,"url":"https:\/\/alexandrecenis.com\/wp-content\/uploads\/2021\/08\/1-4.png","type":"image\/png"}],"author":"admin8497","twitter_card":"summary_large_image","twitter_creator":"@alexandrecenis","twitter_site":"@alexandrecenis","twitter_misc":{"\u00c9crit par":"admin8497","Dur\u00e9e de lecture estim\u00e9e":"3 minutes"},"schema":{"@context":"https:\/\/schema.org","@graph":[{"@type":"Article","@id":"https:\/\/alexandrecenis.com\/index.php\/2021\/08\/27\/aaaahhh-ces-jeunes\/#article","isPartOf":{"@id":"https:\/\/alexandrecenis.com\/index.php\/2021\/08\/27\/aaaahhh-ces-jeunes\/"},"author":{"name":"admin8497","@id":"https:\/\/alexandrecenis.com\/#\/schema\/person\/cb034178deaf60a8602f9c700c5b1c83"},"headline":"Aaaahhh ces jeunes","datePublished":"2021-08-27T05:42:43+00:00","mainEntityOfPage":{"@id":"https:\/\/alexandrecenis.com\/index.php\/2021\/08\/27\/aaaahhh-ces-jeunes\/"},"wordCount":325,"image":{"@id":"https:\/\/alexandrecenis.com\/index.php\/2021\/08\/27\/aaaahhh-ces-jeunes\/#primaryimage"},"thumbnailUrl":"https:\/\/alexandrecenis.com\/wp-content\/uploads\/2021\/08\/1-4.png","keywords":["Amnesty International France","ddb paris","droits humains","id\u00e9alistes","Jeunesse","journ\u00e9e internationale"],"articleSection":["Communication"],"inLanguage":"fr-FR"},{"@type":"WebPage","@id":"https:\/\/alexandrecenis.com\/index.php\/2021\/08\/27\/aaaahhh-ces-jeunes\/","url":"https:\/\/alexandrecenis.com\/index.php\/2021\/08\/27\/aaaahhh-ces-jeunes\/","name":"Aaaahhh ces jeunes - Alexandre Cenis","isPartOf":{"@id":"https:\/\/alexandrecenis.com\/#website"},"primaryImageOfPage":{"@id":"https:\/\/alexandrecenis.com\/index.php\/2021\/08\/27\/aaaahhh-ces-jeunes\/#primaryimage"},"image":{"@id":"https:\/\/alexandrecenis.com\/index.php\/2021\/08\/27\/aaaahhh-ces-jeunes\/#primaryimage"},"thumbnailUrl":"https:\/\/alexandrecenis.com\/wp-content\/uploads\/2021\/08\/1-4.png","datePublished":"2021-08-27T05:42:43+00:00","author":{"@id":"https:\/\/alexandrecenis.com\/#\/schema\/person\/cb034178deaf60a8602f9c700c5b1c83"},"breadcrumb":{"@id":"https:\/\/alexandrecenis.com\/index.php\/2021\/08\/27\/aaaahhh-ces-jeunes\/#breadcrumb"},"inLanguage":"fr-FR","potentialAction":[{"@type":"ReadAction","target":["https:\/\/alexandrecenis.com\/index.php\/2021\/08\/27\/aaaahhh-ces-jeunes\/"]}]},{"@type":"ImageObject","inLanguage":"fr-FR","@id":"https:\/\/alexandrecenis.com\/index.php\/2021\/08\/27\/aaaahhh-ces-jeunes\/#primaryimage","url":"https:\/\/alexandrecenis.com\/wp-content\/uploads\/2021\/08\/1-4.png","contentUrl":"https:\/\/alexandrecenis.com\/wp-content\/uploads\/2021\/08\/1-4.png","width":530,"height":821},{"@type":"BreadcrumbList","@id":"https:\/\/alexandrecenis.com\/index.php\/2021\/08\/27\/aaaahhh-ces-jeunes\/#breadcrumb","itemListElement":[{"@type":"ListItem","position":1,"name":"Home","item":"https:\/\/alexandrecenis.com\/"},{"@type":"ListItem","position":2,"name":"Aaaahhh ces jeunes"}]},{"@type":"WebSite","@id":"https:\/\/alexandrecenis.com\/#website","url":"https:\/\/alexandrecenis.com\/","name":"Alexandre Cenis","description":"Intelligence Cr\u00e9ative","potentialAction":[{"@type":"SearchAction","target":{"@type":"EntryPoint","urlTemplate":"https:\/\/alexandrecenis.com\/?s={search_term_string}"},"query-input":{"@type":"PropertyValueSpecification","valueRequired":true,"valueName":"search_term_string"}}],"inLanguage":"fr-FR"},{"@type":"Person","@id":"https:\/\/alexandrecenis.com\/#\/schema\/person\/cb034178deaf60a8602f9c700c5b1c83","name":"admin8497","image":{"@type":"ImageObject","inLanguage":"fr-FR","@id":"https:\/\/secure.gravatar.com\/avatar\/9586a1b4e51047e1977e647153ddd075f143e741c8e5ba4d03f6cfa4c61126fd?s=96&d=mm&r=g","url":"https:\/\/secure.gravatar.com\/avatar\/9586a1b4e51047e1977e647153ddd075f143e741c8e5ba4d03f6cfa4c61126fd?s=96&d=mm&r=g","contentUrl":"https:\/\/secure.gravatar.com\/avatar\/9586a1b4e51047e1977e647153ddd075f143e741c8e5ba4d03f6cfa4c61126fd?s=96&d=mm&r=g","caption":"admin8497"},"url":"https:\/\/alexandrecenis.com\/index.php\/author\/admin8497\/"}]}},"_links":{"self":[{"href":"https:\/\/alexandrecenis.com\/index.php\/wp-json\/wp\/v2\/posts\/4379","targetHints":{"allow":["GET"]}}],"collection":[{"href":"https:\/\/alexandrecenis.com\/index.php\/wp-json\/wp\/v2\/posts"}],"about":[{"href":"https:\/\/alexandrecenis.com\/index.php\/wp-json\/wp\/v2\/types\/post"}],"author":[{"embeddable":true,"href":"https:\/\/alexandrecenis.com\/index.php\/wp-json\/wp\/v2\/users\/1"}],"replies":[{"embeddable":true,"href":"https:\/\/alexandrecenis.com\/index.php\/wp-json\/wp\/v2\/comments?post=4379"}],"version-history":[{"count":3,"href":"https:\/\/alexandrecenis.com\/index.php\/wp-json\/wp\/v2\/posts\/4379\/revisions"}],"predecessor-version":[{"id":4388,"href":"https:\/\/alexandrecenis.com\/index.php\/wp-json\/wp\/v2\/posts\/4379\/revisions\/4388"}],"wp:featuredmedia":[{"embeddable":true,"href":"https:\/\/alexandrecenis.com\/index.php\/wp-json\/wp\/v2\/media\/4382"}],"wp:attachment":[{"href":"https:\/\/alexandrecenis.com\/index.php\/wp-json\/wp\/v2\/media?parent=4379"}],"wp:term":[{"taxonomy":"category","embeddable":true,"href":"https:\/\/alexandrecenis.com\/index.php\/wp-json\/wp\/v2\/categories?post=4379"},{"taxonomy":"post_tag","embeddable":true,"href":"https:\/\/alexandrecenis.com\/index.php\/wp-json\/wp\/v2\/tags?post=4379"}],"curies":[{"name":"wp","href":"https:\/\/api.w.org\/{rel}","templated":true}]}}