{"id":4180,"date":"2021-07-13T07:02:55","date_gmt":"2021-07-13T05:02:55","guid":{"rendered":"https:\/\/alexandrecenis.com\/?p=4180"},"modified":"2021-07-13T07:02:55","modified_gmt":"2021-07-13T05:02:55","slug":"laffaire-est-dans-le-sac-2","status":"publish","type":"post","link":"https:\/\/alexandrecenis.com\/index.php\/2021\/07\/13\/laffaire-est-dans-le-sac-2\/","title":{"rendered":"L&rsquo;affaire est dans le sac"},"content":{"rendered":"<p style=\"text-align: justify;\">La prestigieuse enseigne de luxe Burberry a d\u00e9cid\u00e9 de voir grand, m\u00eame tr\u00e8s grand, pour faire parler de ses produits. Son id\u00e9e ? Faire naviguer son dernier n\u00e9 en mod\u00e8le g\u00e9ant sur la Tamise \u00e0 Londres : une prouesse insolite pour une campagne promotionnelle hors-norme.<\/p>\n<p><img loading=\"lazy\" decoding=\"async\" class=\"aligncenter wp-image-4185 size-large\" src=\"https:\/\/alexandrecenis.com\/wp-content\/uploads\/2021\/07\/burberry-sac-geant-tamise-422-1024x684.jpeg\" alt=\"\" width=\"1024\" height=\"684\" srcset=\"https:\/\/alexandrecenis.com\/wp-content\/uploads\/2021\/07\/burberry-sac-geant-tamise-422-980x654.jpeg 980w, https:\/\/alexandrecenis.com\/wp-content\/uploads\/2021\/07\/burberry-sac-geant-tamise-422-480x320.jpeg 480w\" sizes=\"(min-width: 0px) and (max-width: 480px) 480px, (min-width: 481px) and (max-width: 980px) 980px, (min-width: 981px) 1024px, 100vw\" \/><\/p>\n<p style=\"text-align: justify;\">Le sac, d\u2019une taille titanesque, a donc travers\u00e9 la capitale anglaise sur une p\u00e9niche \u00e0 l\u2019effigie de l\u2019enseigne. Une mani\u00e8re pour l\u2019entreprise de c\u00e9l\u00e9brer le design de ses sacs Olympia, v\u00e9ritable symbole de la marque, en reproduisant sa silhouette en g\u00e9ant pour marquer les esprits.<\/p>\n<div style=\"width: 640px;\" class=\"wp-video\"><video class=\"wp-video-shortcode\" id=\"video-4180-1\" width=\"640\" height=\"1138\" preload=\"metadata\" controls=\"controls\"><source type=\"video\/mp4\" src=\"https:\/\/alexandrecenis.com\/wp-content\/uploads\/2021\/07\/burberry-vidoe-article.mp4?_=1\" \/><a href=\"https:\/\/alexandrecenis.com\/wp-content\/uploads\/2021\/07\/burberry-vidoe-article.mp4\">https:\/\/alexandrecenis.com\/wp-content\/uploads\/2021\/07\/burberry-vidoe-article.mp4<\/a><\/video><\/div>\n<p>&nbsp;<\/p>\n<p style=\"text-align: justify;\">\u00c0 la suite de cette escapade londonienne, Burberry a continu\u00e9 sa promotion XXL et a fait voyager son sac, cette fois-ci au Moyen-orient, dans le Golfe Persique, sur les c\u00f4tes de Duba\u00ef.<img loading=\"lazy\" decoding=\"async\" class=\"aligncenter wp-image-4184 size-large\" src=\"https:\/\/alexandrecenis.com\/wp-content\/uploads\/2021\/07\/burberry-sac-geant-tamise-5-819x1024.jpg\" alt=\"\" width=\"819\" height=\"1024\" \/><\/p>\n<p style=\"text-align: justify;\">Au printemps, l\u2019enseigne avait pr\u00e9sent\u00e9 son nouveau directeur artistique : Riccardo Tisci ainsi que ce nouveau mod\u00e8le de sac dans une campagne mettant en sc\u00e8ne des acteurs de la pop-culture mondiale : la chanteuse FKA Twigs, le mannequin Kendall Jenner et la rapeuse Shygirl. Pour en savoir plus, rendez-vous sur la <a href=\"https:\/\/us.burberry.com\/c\/burberry-landscapes-the-olympia-bag\/\">page de l\u2019op\u00e9ration<\/a>.<\/p>\n","protected":false},"excerpt":{"rendered":"<p>La prestigieuse enseigne de luxe Burberry a d\u00e9cid\u00e9 de voir grand, m\u00eame tr\u00e8s grand, pour faire parler de ses produits. Son id\u00e9e ? Faire naviguer son dernier n\u00e9 en mod\u00e8le g\u00e9ant sur la Tamise \u00e0 Londres : une prouesse insolite pour une campagne promotionnelle hors-norme. Le sac, d\u2019une taille titanesque, a donc travers\u00e9 la capitale [&hellip;]<\/p>\n","protected":false},"author":1,"featured_media":4184,"comment_status":"closed","ping_status":"open","sticky":false,"template":"","format":"standard","meta":{"_et_pb_use_builder":"","_et_pb_old_content":"","_et_gb_content_width":"","footnotes":""},"categories":[4],"tags":[1594,530,1597,1595,1596],"class_list":["post-4180","post","type-post","status-publish","format-standard","has-post-thumbnail","hentry","category-marketing","tag-burberry","tag-dubai","tag-peniche","tag-sac-a-main","tag-tamise"],"yoast_head":"<!-- This site is optimized with the Yoast SEO plugin v27.3 - https:\/\/yoast.com\/product\/yoast-seo-wordpress\/ -->\n<title>L&#039;affaire est dans le sac - Alexandre Cenis<\/title>\n<meta name=\"robots\" content=\"index, follow, max-snippet:-1, max-image-preview:large, max-video-preview:-1\" \/>\n<link rel=\"canonical\" href=\"https:\/\/alexandrecenis.com\/index.php\/2021\/07\/13\/laffaire-est-dans-le-sac-2\/\" \/>\n<meta property=\"og:locale\" content=\"fr_FR\" \/>\n<meta property=\"og:type\" content=\"article\" \/>\n<meta property=\"og:title\" content=\"L&#039;affaire est dans le sac - Alexandre Cenis\" \/>\n<meta property=\"og:description\" content=\"La prestigieuse enseigne de luxe Burberry a d\u00e9cid\u00e9 de voir grand, m\u00eame tr\u00e8s grand, pour faire parler de ses produits. Son id\u00e9e ? Faire naviguer son dernier n\u00e9 en mod\u00e8le g\u00e9ant sur la Tamise \u00e0 Londres : une prouesse insolite pour une campagne promotionnelle hors-norme. Le sac, d\u2019une taille titanesque, a donc travers\u00e9 la capitale [&hellip;]\" \/>\n<meta property=\"og:url\" content=\"https:\/\/alexandrecenis.com\/index.php\/2021\/07\/13\/laffaire-est-dans-le-sac-2\/\" \/>\n<meta property=\"og:site_name\" content=\"Alexandre Cenis\" \/>\n<meta property=\"article:published_time\" content=\"2021-07-13T05:02:55+00:00\" \/>\n<meta property=\"og:image\" content=\"https:\/\/alexandrecenis.com\/wp-content\/uploads\/2021\/07\/burberry-sac-geant-tamise-5.jpg\" \/>\n\t<meta property=\"og:image:width\" content=\"1200\" \/>\n\t<meta property=\"og:image:height\" content=\"1500\" \/>\n\t<meta property=\"og:image:type\" content=\"image\/jpeg\" \/>\n<meta name=\"author\" content=\"admin8497\" \/>\n<meta name=\"twitter:card\" content=\"summary_large_image\" \/>\n<meta name=\"twitter:creator\" content=\"@alexandrecenis\" \/>\n<meta name=\"twitter:site\" content=\"@alexandrecenis\" \/>\n<meta name=\"twitter:label1\" content=\"\u00c9crit par\" \/>\n\t<meta name=\"twitter:data1\" content=\"admin8497\" \/>\n\t<meta name=\"twitter:label2\" content=\"Dur\u00e9e de lecture estim\u00e9e\" \/>\n\t<meta name=\"twitter:data2\" content=\"2 minutes\" \/>\n<script type=\"application\/ld+json\" class=\"yoast-schema-graph\">{\"@context\":\"https:\\\/\\\/schema.org\",\"@graph\":[{\"@type\":\"Article\",\"@id\":\"https:\\\/\\\/alexandrecenis.com\\\/index.php\\\/2021\\\/07\\\/13\\\/laffaire-est-dans-le-sac-2\\\/#article\",\"isPartOf\":{\"@id\":\"https:\\\/\\\/alexandrecenis.com\\\/index.php\\\/2021\\\/07\\\/13\\\/laffaire-est-dans-le-sac-2\\\/\"},\"author\":{\"name\":\"admin8497\",\"@id\":\"https:\\\/\\\/alexandrecenis.com\\\/#\\\/schema\\\/person\\\/cb034178deaf60a8602f9c700c5b1c83\"},\"headline\":\"L&rsquo;affaire est dans le sac\",\"datePublished\":\"2021-07-13T05:02:55+00:00\",\"mainEntityOfPage\":{\"@id\":\"https:\\\/\\\/alexandrecenis.com\\\/index.php\\\/2021\\\/07\\\/13\\\/laffaire-est-dans-le-sac-2\\\/\"},\"wordCount\":210,\"image\":{\"@id\":\"https:\\\/\\\/alexandrecenis.com\\\/index.php\\\/2021\\\/07\\\/13\\\/laffaire-est-dans-le-sac-2\\\/#primaryimage\"},\"thumbnailUrl\":\"https:\\\/\\\/alexandrecenis.com\\\/wp-content\\\/uploads\\\/2021\\\/07\\\/burberry-sac-geant-tamise-5.jpg\",\"keywords\":[\"Burberry\",\"Dubai\",\"p\u00e9niche\",\"sac a main\",\"tamise\"],\"articleSection\":[\"Marketing\"],\"inLanguage\":\"fr-FR\"},{\"@type\":\"WebPage\",\"@id\":\"https:\\\/\\\/alexandrecenis.com\\\/index.php\\\/2021\\\/07\\\/13\\\/laffaire-est-dans-le-sac-2\\\/\",\"url\":\"https:\\\/\\\/alexandrecenis.com\\\/index.php\\\/2021\\\/07\\\/13\\\/laffaire-est-dans-le-sac-2\\\/\",\"name\":\"L'affaire est dans le sac - Alexandre Cenis\",\"isPartOf\":{\"@id\":\"https:\\\/\\\/alexandrecenis.com\\\/#website\"},\"primaryImageOfPage\":{\"@id\":\"https:\\\/\\\/alexandrecenis.com\\\/index.php\\\/2021\\\/07\\\/13\\\/laffaire-est-dans-le-sac-2\\\/#primaryimage\"},\"image\":{\"@id\":\"https:\\\/\\\/alexandrecenis.com\\\/index.php\\\/2021\\\/07\\\/13\\\/laffaire-est-dans-le-sac-2\\\/#primaryimage\"},\"thumbnailUrl\":\"https:\\\/\\\/alexandrecenis.com\\\/wp-content\\\/uploads\\\/2021\\\/07\\\/burberry-sac-geant-tamise-5.jpg\",\"datePublished\":\"2021-07-13T05:02:55+00:00\",\"author\":{\"@id\":\"https:\\\/\\\/alexandrecenis.com\\\/#\\\/schema\\\/person\\\/cb034178deaf60a8602f9c700c5b1c83\"},\"breadcrumb\":{\"@id\":\"https:\\\/\\\/alexandrecenis.com\\\/index.php\\\/2021\\\/07\\\/13\\\/laffaire-est-dans-le-sac-2\\\/#breadcrumb\"},\"inLanguage\":\"fr-FR\",\"potentialAction\":[{\"@type\":\"ReadAction\",\"target\":[\"https:\\\/\\\/alexandrecenis.com\\\/index.php\\\/2021\\\/07\\\/13\\\/laffaire-est-dans-le-sac-2\\\/\"]}]},{\"@type\":\"ImageObject\",\"inLanguage\":\"fr-FR\",\"@id\":\"https:\\\/\\\/alexandrecenis.com\\\/index.php\\\/2021\\\/07\\\/13\\\/laffaire-est-dans-le-sac-2\\\/#primaryimage\",\"url\":\"https:\\\/\\\/alexandrecenis.com\\\/wp-content\\\/uploads\\\/2021\\\/07\\\/burberry-sac-geant-tamise-5.jpg\",\"contentUrl\":\"https:\\\/\\\/alexandrecenis.com\\\/wp-content\\\/uploads\\\/2021\\\/07\\\/burberry-sac-geant-tamise-5.jpg\",\"width\":1200,\"height\":1500},{\"@type\":\"BreadcrumbList\",\"@id\":\"https:\\\/\\\/alexandrecenis.com\\\/index.php\\\/2021\\\/07\\\/13\\\/laffaire-est-dans-le-sac-2\\\/#breadcrumb\",\"itemListElement\":[{\"@type\":\"ListItem\",\"position\":1,\"name\":\"Home\",\"item\":\"https:\\\/\\\/alexandrecenis.com\\\/\"},{\"@type\":\"ListItem\",\"position\":2,\"name\":\"L&rsquo;affaire est dans le sac\"}]},{\"@type\":\"WebSite\",\"@id\":\"https:\\\/\\\/alexandrecenis.com\\\/#website\",\"url\":\"https:\\\/\\\/alexandrecenis.com\\\/\",\"name\":\"Alexandre Cenis\",\"description\":\"Intelligence Cr\u00e9ative\",\"potentialAction\":[{\"@type\":\"SearchAction\",\"target\":{\"@type\":\"EntryPoint\",\"urlTemplate\":\"https:\\\/\\\/alexandrecenis.com\\\/?s={search_term_string}\"},\"query-input\":{\"@type\":\"PropertyValueSpecification\",\"valueRequired\":true,\"valueName\":\"search_term_string\"}}],\"inLanguage\":\"fr-FR\"},{\"@type\":\"Person\",\"@id\":\"https:\\\/\\\/alexandrecenis.com\\\/#\\\/schema\\\/person\\\/cb034178deaf60a8602f9c700c5b1c83\",\"name\":\"admin8497\",\"image\":{\"@type\":\"ImageObject\",\"inLanguage\":\"fr-FR\",\"@id\":\"https:\\\/\\\/secure.gravatar.com\\\/avatar\\\/9586a1b4e51047e1977e647153ddd075f143e741c8e5ba4d03f6cfa4c61126fd?s=96&d=mm&r=g\",\"url\":\"https:\\\/\\\/secure.gravatar.com\\\/avatar\\\/9586a1b4e51047e1977e647153ddd075f143e741c8e5ba4d03f6cfa4c61126fd?s=96&d=mm&r=g\",\"contentUrl\":\"https:\\\/\\\/secure.gravatar.com\\\/avatar\\\/9586a1b4e51047e1977e647153ddd075f143e741c8e5ba4d03f6cfa4c61126fd?s=96&d=mm&r=g\",\"caption\":\"admin8497\"},\"url\":\"https:\\\/\\\/alexandrecenis.com\\\/index.php\\\/author\\\/admin8497\\\/\"}]}<\/script>\n<!-- \/ Yoast SEO plugin. -->","yoast_head_json":{"title":"L'affaire est dans le sac - Alexandre Cenis","robots":{"index":"index","follow":"follow","max-snippet":"max-snippet:-1","max-image-preview":"max-image-preview:large","max-video-preview":"max-video-preview:-1"},"canonical":"https:\/\/alexandrecenis.com\/index.php\/2021\/07\/13\/laffaire-est-dans-le-sac-2\/","og_locale":"fr_FR","og_type":"article","og_title":"L'affaire est dans le sac - Alexandre Cenis","og_description":"La prestigieuse enseigne de luxe Burberry a d\u00e9cid\u00e9 de voir grand, m\u00eame tr\u00e8s grand, pour faire parler de ses produits. Son id\u00e9e ? Faire naviguer son dernier n\u00e9 en mod\u00e8le g\u00e9ant sur la Tamise \u00e0 Londres : une prouesse insolite pour une campagne promotionnelle hors-norme. Le sac, d\u2019une taille titanesque, a donc travers\u00e9 la capitale [&hellip;]","og_url":"https:\/\/alexandrecenis.com\/index.php\/2021\/07\/13\/laffaire-est-dans-le-sac-2\/","og_site_name":"Alexandre Cenis","article_published_time":"2021-07-13T05:02:55+00:00","og_image":[{"width":1200,"height":1500,"url":"https:\/\/alexandrecenis.com\/wp-content\/uploads\/2021\/07\/burberry-sac-geant-tamise-5.jpg","type":"image\/jpeg"}],"author":"admin8497","twitter_card":"summary_large_image","twitter_creator":"@alexandrecenis","twitter_site":"@alexandrecenis","twitter_misc":{"\u00c9crit par":"admin8497","Dur\u00e9e de lecture estim\u00e9e":"2 minutes"},"schema":{"@context":"https:\/\/schema.org","@graph":[{"@type":"Article","@id":"https:\/\/alexandrecenis.com\/index.php\/2021\/07\/13\/laffaire-est-dans-le-sac-2\/#article","isPartOf":{"@id":"https:\/\/alexandrecenis.com\/index.php\/2021\/07\/13\/laffaire-est-dans-le-sac-2\/"},"author":{"name":"admin8497","@id":"https:\/\/alexandrecenis.com\/#\/schema\/person\/cb034178deaf60a8602f9c700c5b1c83"},"headline":"L&rsquo;affaire est dans le sac","datePublished":"2021-07-13T05:02:55+00:00","mainEntityOfPage":{"@id":"https:\/\/alexandrecenis.com\/index.php\/2021\/07\/13\/laffaire-est-dans-le-sac-2\/"},"wordCount":210,"image":{"@id":"https:\/\/alexandrecenis.com\/index.php\/2021\/07\/13\/laffaire-est-dans-le-sac-2\/#primaryimage"},"thumbnailUrl":"https:\/\/alexandrecenis.com\/wp-content\/uploads\/2021\/07\/burberry-sac-geant-tamise-5.jpg","keywords":["Burberry","Dubai","p\u00e9niche","sac a main","tamise"],"articleSection":["Marketing"],"inLanguage":"fr-FR"},{"@type":"WebPage","@id":"https:\/\/alexandrecenis.com\/index.php\/2021\/07\/13\/laffaire-est-dans-le-sac-2\/","url":"https:\/\/alexandrecenis.com\/index.php\/2021\/07\/13\/laffaire-est-dans-le-sac-2\/","name":"L'affaire est dans le sac - Alexandre Cenis","isPartOf":{"@id":"https:\/\/alexandrecenis.com\/#website"},"primaryImageOfPage":{"@id":"https:\/\/alexandrecenis.com\/index.php\/2021\/07\/13\/laffaire-est-dans-le-sac-2\/#primaryimage"},"image":{"@id":"https:\/\/alexandrecenis.com\/index.php\/2021\/07\/13\/laffaire-est-dans-le-sac-2\/#primaryimage"},"thumbnailUrl":"https:\/\/alexandrecenis.com\/wp-content\/uploads\/2021\/07\/burberry-sac-geant-tamise-5.jpg","datePublished":"2021-07-13T05:02:55+00:00","author":{"@id":"https:\/\/alexandrecenis.com\/#\/schema\/person\/cb034178deaf60a8602f9c700c5b1c83"},"breadcrumb":{"@id":"https:\/\/alexandrecenis.com\/index.php\/2021\/07\/13\/laffaire-est-dans-le-sac-2\/#breadcrumb"},"inLanguage":"fr-FR","potentialAction":[{"@type":"ReadAction","target":["https:\/\/alexandrecenis.com\/index.php\/2021\/07\/13\/laffaire-est-dans-le-sac-2\/"]}]},{"@type":"ImageObject","inLanguage":"fr-FR","@id":"https:\/\/alexandrecenis.com\/index.php\/2021\/07\/13\/laffaire-est-dans-le-sac-2\/#primaryimage","url":"https:\/\/alexandrecenis.com\/wp-content\/uploads\/2021\/07\/burberry-sac-geant-tamise-5.jpg","contentUrl":"https:\/\/alexandrecenis.com\/wp-content\/uploads\/2021\/07\/burberry-sac-geant-tamise-5.jpg","width":1200,"height":1500},{"@type":"BreadcrumbList","@id":"https:\/\/alexandrecenis.com\/index.php\/2021\/07\/13\/laffaire-est-dans-le-sac-2\/#breadcrumb","itemListElement":[{"@type":"ListItem","position":1,"name":"Home","item":"https:\/\/alexandrecenis.com\/"},{"@type":"ListItem","position":2,"name":"L&rsquo;affaire est dans le sac"}]},{"@type":"WebSite","@id":"https:\/\/alexandrecenis.com\/#website","url":"https:\/\/alexandrecenis.com\/","name":"Alexandre Cenis","description":"Intelligence Cr\u00e9ative","potentialAction":[{"@type":"SearchAction","target":{"@type":"EntryPoint","urlTemplate":"https:\/\/alexandrecenis.com\/?s={search_term_string}"},"query-input":{"@type":"PropertyValueSpecification","valueRequired":true,"valueName":"search_term_string"}}],"inLanguage":"fr-FR"},{"@type":"Person","@id":"https:\/\/alexandrecenis.com\/#\/schema\/person\/cb034178deaf60a8602f9c700c5b1c83","name":"admin8497","image":{"@type":"ImageObject","inLanguage":"fr-FR","@id":"https:\/\/secure.gravatar.com\/avatar\/9586a1b4e51047e1977e647153ddd075f143e741c8e5ba4d03f6cfa4c61126fd?s=96&d=mm&r=g","url":"https:\/\/secure.gravatar.com\/avatar\/9586a1b4e51047e1977e647153ddd075f143e741c8e5ba4d03f6cfa4c61126fd?s=96&d=mm&r=g","contentUrl":"https:\/\/secure.gravatar.com\/avatar\/9586a1b4e51047e1977e647153ddd075f143e741c8e5ba4d03f6cfa4c61126fd?s=96&d=mm&r=g","caption":"admin8497"},"url":"https:\/\/alexandrecenis.com\/index.php\/author\/admin8497\/"}]}},"_links":{"self":[{"href":"https:\/\/alexandrecenis.com\/index.php\/wp-json\/wp\/v2\/posts\/4180","targetHints":{"allow":["GET"]}}],"collection":[{"href":"https:\/\/alexandrecenis.com\/index.php\/wp-json\/wp\/v2\/posts"}],"about":[{"href":"https:\/\/alexandrecenis.com\/index.php\/wp-json\/wp\/v2\/types\/post"}],"author":[{"embeddable":true,"href":"https:\/\/alexandrecenis.com\/index.php\/wp-json\/wp\/v2\/users\/1"}],"replies":[{"embeddable":true,"href":"https:\/\/alexandrecenis.com\/index.php\/wp-json\/wp\/v2\/comments?post=4180"}],"version-history":[{"count":6,"href":"https:\/\/alexandrecenis.com\/index.php\/wp-json\/wp\/v2\/posts\/4180\/revisions"}],"predecessor-version":[{"id":4193,"href":"https:\/\/alexandrecenis.com\/index.php\/wp-json\/wp\/v2\/posts\/4180\/revisions\/4193"}],"wp:featuredmedia":[{"embeddable":true,"href":"https:\/\/alexandrecenis.com\/index.php\/wp-json\/wp\/v2\/media\/4184"}],"wp:attachment":[{"href":"https:\/\/alexandrecenis.com\/index.php\/wp-json\/wp\/v2\/media?parent=4180"}],"wp:term":[{"taxonomy":"category","embeddable":true,"href":"https:\/\/alexandrecenis.com\/index.php\/wp-json\/wp\/v2\/categories?post=4180"},{"taxonomy":"post_tag","embeddable":true,"href":"https:\/\/alexandrecenis.com\/index.php\/wp-json\/wp\/v2\/tags?post=4180"}],"curies":[{"name":"wp","href":"https:\/\/api.w.org\/{rel}","templated":true}]}}