{"id":4099,"date":"2021-06-29T06:24:43","date_gmt":"2021-06-29T04:24:43","guid":{"rendered":"https:\/\/alexandrecenis.com\/?p=4099"},"modified":"2021-06-29T06:24:43","modified_gmt":"2021-06-29T04:24:43","slug":"cest-la-crise","status":"publish","type":"post","link":"https:\/\/alexandrecenis.com\/index.php\/2021\/06\/29\/cest-la-crise\/","title":{"rendered":"C&rsquo;est la crise"},"content":{"rendered":"<p style=\"text-align: justify;\">Bien le bonjour le monde digital ! Le 23 juin dernier, IKEA a ouvert au 144 rue de Rivoli \u00e0 Paris son tout premier magasin d\u00e9di\u00e9 \u00e0 la d\u00e9coration. Pour accompagner ce lancement, l\u2019enseigne a d\u00e9voil\u00e9 une campagne d\u2019affichage sign\u00e9e Buzzman, qui nous rappelle \u00e0 quel point la d\u00e9coration compte dans nos vies et refl\u00e8te notre \u00e9tat d\u2019esprit.<\/p>\n<p style=\"text-align: justify;\"><img loading=\"lazy\" decoding=\"async\" class=\"aligncenter wp-image-4100 size-full\" src=\"https:\/\/alexandrecenis.com\/wp-content\/uploads\/2021\/06\/IKEA_RIVOLI_1-800x600-1.jpg\" alt=\"\" width=\"800\" height=\"600\" srcset=\"https:\/\/alexandrecenis.com\/wp-content\/uploads\/2021\/06\/IKEA_RIVOLI_1-800x600-1.jpg 800w, https:\/\/alexandrecenis.com\/wp-content\/uploads\/2021\/06\/IKEA_RIVOLI_1-800x600-1-480x360.jpg 480w\" sizes=\"(min-width: 0px) and (max-width: 480px) 480px, (min-width: 481px) 800px, 100vw\" \/><br \/>\nApr\u00e8s l\u2019ouverture de son premier magasin \u00e0 Paris, \u00e0 la Madeleine, IKEA s\u2019implante rue de Rivoli avec un tout nouveau concept de magasin : IKEA D\u00e9coration. Le 1er magasin au monde de l\u2019enseigne su\u00e9doise \u00e0 \u00eatre exclusivement d\u00e9di\u00e9 \u00e0 la d\u00e9coration. 2 900 m\u00e8tres carr\u00e9s sur trois \u00e9tages et pr\u00e8s de 2 000 r\u00e9f\u00e9rences d\u2019accessoires et d\u2019objets de d\u00e9co n\u2019attendent plus que vous.<\/p>\n<p><img loading=\"lazy\" decoding=\"async\" class=\"aligncenter wp-image-4101 size-full\" src=\"https:\/\/alexandrecenis.com\/wp-content\/uploads\/2021\/06\/IKEA_RIVOLI_2-800x600-1.jpg\" alt=\"\" width=\"800\" height=\"600\" srcset=\"https:\/\/alexandrecenis.com\/wp-content\/uploads\/2021\/06\/IKEA_RIVOLI_2-800x600-1.jpg 800w, https:\/\/alexandrecenis.com\/wp-content\/uploads\/2021\/06\/IKEA_RIVOLI_2-800x600-1-480x360.jpg 480w\" sizes=\"(min-width: 0px) and (max-width: 480px) 480px, (min-width: 481px) 800px, 100vw\" \/><\/p>\n<p style=\"text-align: justify;\">Pour l\u2019occasion, IKEA a d\u00e9voil\u00e9 une campagne d\u2019affichage photographi\u00e9e par Roberto Badin. Sous son objectif, on y voit nos int\u00e9rieurs \u00e9voluer au rythme de nos vies. De notre premier appartement \u00e0 la crise de la quarantaine, en passant par les enfants, le mariage, et m\u00eame le confinement, notre d\u00e9co change au gr\u00e9 de nos go\u00fbts et de nos besoins. \u00c0 travers ce nouveau magasin, IKEA nous d\u00e9montre une nouvelle fois sa volont\u00e9 de nous accompagner au mieux dans nos vies et de faciliter notre quotidien.<\/p>\n<p><img loading=\"lazy\" decoding=\"async\" class=\"aligncenter wp-image-4102 size-full\" src=\"https:\/\/alexandrecenis.com\/wp-content\/uploads\/2021\/06\/IKEA_RIVOLI_3-800x600-1.jpg\" alt=\"\" width=\"800\" height=\"600\" srcset=\"https:\/\/alexandrecenis.com\/wp-content\/uploads\/2021\/06\/IKEA_RIVOLI_3-800x600-1.jpg 800w, https:\/\/alexandrecenis.com\/wp-content\/uploads\/2021\/06\/IKEA_RIVOLI_3-800x600-1-480x360.jpg 480w\" sizes=\"(min-width: 0px) and (max-width: 480px) 480px, (min-width: 481px) 800px, 100vw\" \/><\/p>\n","protected":false},"excerpt":{"rendered":"<p>Bien le bonjour le monde digital ! Le 23 juin dernier, IKEA a ouvert au 144 rue de Rivoli \u00e0 Paris son tout premier magasin d\u00e9di\u00e9 \u00e0 la d\u00e9coration. Pour accompagner ce lancement, l\u2019enseigne a d\u00e9voil\u00e9 une campagne d\u2019affichage sign\u00e9e Buzzman, qui nous rappelle \u00e0 quel point la d\u00e9coration compte dans nos vies et refl\u00e8te [&hellip;]<\/p>\n","protected":false},"author":1,"featured_media":4100,"comment_status":"closed","ping_status":"open","sticky":false,"template":"","format":"standard","meta":{"_et_pb_use_builder":"","_et_pb_old_content":"","_et_gb_content_width":"","footnotes":""},"categories":[113],"tags":[1174,645,1546,527,1548,1547],"class_list":["post-4099","post","type-post","status-publish","format-standard","has-post-thumbnail","hentry","category-communication","tag-buzzman","tag-decoration","tag-etat-desprit","tag-ikea","tag-quotidien","tag-roberto-badin"],"yoast_head":"<!-- This site is optimized with the Yoast SEO plugin v27.3 - https:\/\/yoast.com\/product\/yoast-seo-wordpress\/ -->\n<title>C&#039;est la crise - Alexandre Cenis<\/title>\n<meta name=\"robots\" content=\"index, follow, max-snippet:-1, max-image-preview:large, max-video-preview:-1\" \/>\n<link rel=\"canonical\" href=\"https:\/\/alexandrecenis.com\/index.php\/2021\/06\/29\/cest-la-crise\/\" \/>\n<meta property=\"og:locale\" content=\"fr_FR\" \/>\n<meta property=\"og:type\" content=\"article\" \/>\n<meta property=\"og:title\" content=\"C&#039;est la crise - Alexandre Cenis\" \/>\n<meta property=\"og:description\" content=\"Bien le bonjour le monde digital ! Le 23 juin dernier, IKEA a ouvert au 144 rue de Rivoli \u00e0 Paris son tout premier magasin d\u00e9di\u00e9 \u00e0 la d\u00e9coration. Pour accompagner ce lancement, l\u2019enseigne a d\u00e9voil\u00e9 une campagne d\u2019affichage sign\u00e9e Buzzman, qui nous rappelle \u00e0 quel point la d\u00e9coration compte dans nos vies et refl\u00e8te [&hellip;]\" \/>\n<meta property=\"og:url\" content=\"https:\/\/alexandrecenis.com\/index.php\/2021\/06\/29\/cest-la-crise\/\" \/>\n<meta property=\"og:site_name\" content=\"Alexandre Cenis\" \/>\n<meta property=\"article:published_time\" content=\"2021-06-29T04:24:43+00:00\" \/>\n<meta property=\"og:image\" content=\"https:\/\/alexandrecenis.com\/wp-content\/uploads\/2021\/06\/IKEA_RIVOLI_1-800x600-1.jpg\" \/>\n\t<meta property=\"og:image:width\" content=\"800\" \/>\n\t<meta property=\"og:image:height\" content=\"600\" \/>\n\t<meta property=\"og:image:type\" content=\"image\/jpeg\" \/>\n<meta name=\"author\" content=\"admin8497\" \/>\n<meta name=\"twitter:card\" content=\"summary_large_image\" \/>\n<meta name=\"twitter:creator\" content=\"@alexandrecenis\" \/>\n<meta name=\"twitter:site\" content=\"@alexandrecenis\" \/>\n<meta name=\"twitter:label1\" content=\"\u00c9crit par\" \/>\n\t<meta name=\"twitter:data1\" content=\"admin8497\" \/>\n\t<meta name=\"twitter:label2\" content=\"Dur\u00e9e de lecture estim\u00e9e\" \/>\n\t<meta name=\"twitter:data2\" content=\"2 minutes\" \/>\n<script type=\"application\/ld+json\" class=\"yoast-schema-graph\">{\"@context\":\"https:\\\/\\\/schema.org\",\"@graph\":[{\"@type\":\"Article\",\"@id\":\"https:\\\/\\\/alexandrecenis.com\\\/index.php\\\/2021\\\/06\\\/29\\\/cest-la-crise\\\/#article\",\"isPartOf\":{\"@id\":\"https:\\\/\\\/alexandrecenis.com\\\/index.php\\\/2021\\\/06\\\/29\\\/cest-la-crise\\\/\"},\"author\":{\"name\":\"admin8497\",\"@id\":\"https:\\\/\\\/alexandrecenis.com\\\/#\\\/schema\\\/person\\\/cb034178deaf60a8602f9c700c5b1c83\"},\"headline\":\"C&rsquo;est la crise\",\"datePublished\":\"2021-06-29T04:24:43+00:00\",\"mainEntityOfPage\":{\"@id\":\"https:\\\/\\\/alexandrecenis.com\\\/index.php\\\/2021\\\/06\\\/29\\\/cest-la-crise\\\/\"},\"wordCount\":227,\"image\":{\"@id\":\"https:\\\/\\\/alexandrecenis.com\\\/index.php\\\/2021\\\/06\\\/29\\\/cest-la-crise\\\/#primaryimage\"},\"thumbnailUrl\":\"https:\\\/\\\/alexandrecenis.com\\\/wp-content\\\/uploads\\\/2021\\\/06\\\/IKEA_RIVOLI_1-800x600-1.jpg\",\"keywords\":[\"Buzzman\",\"d\u00e9coration\",\"\u00e9tat d\u2019esprit\",\"ikea\",\"quotidien\",\"Roberto Badin\"],\"articleSection\":[\"Communication\"],\"inLanguage\":\"fr-FR\"},{\"@type\":\"WebPage\",\"@id\":\"https:\\\/\\\/alexandrecenis.com\\\/index.php\\\/2021\\\/06\\\/29\\\/cest-la-crise\\\/\",\"url\":\"https:\\\/\\\/alexandrecenis.com\\\/index.php\\\/2021\\\/06\\\/29\\\/cest-la-crise\\\/\",\"name\":\"C'est la crise - Alexandre Cenis\",\"isPartOf\":{\"@id\":\"https:\\\/\\\/alexandrecenis.com\\\/#website\"},\"primaryImageOfPage\":{\"@id\":\"https:\\\/\\\/alexandrecenis.com\\\/index.php\\\/2021\\\/06\\\/29\\\/cest-la-crise\\\/#primaryimage\"},\"image\":{\"@id\":\"https:\\\/\\\/alexandrecenis.com\\\/index.php\\\/2021\\\/06\\\/29\\\/cest-la-crise\\\/#primaryimage\"},\"thumbnailUrl\":\"https:\\\/\\\/alexandrecenis.com\\\/wp-content\\\/uploads\\\/2021\\\/06\\\/IKEA_RIVOLI_1-800x600-1.jpg\",\"datePublished\":\"2021-06-29T04:24:43+00:00\",\"author\":{\"@id\":\"https:\\\/\\\/alexandrecenis.com\\\/#\\\/schema\\\/person\\\/cb034178deaf60a8602f9c700c5b1c83\"},\"breadcrumb\":{\"@id\":\"https:\\\/\\\/alexandrecenis.com\\\/index.php\\\/2021\\\/06\\\/29\\\/cest-la-crise\\\/#breadcrumb\"},\"inLanguage\":\"fr-FR\",\"potentialAction\":[{\"@type\":\"ReadAction\",\"target\":[\"https:\\\/\\\/alexandrecenis.com\\\/index.php\\\/2021\\\/06\\\/29\\\/cest-la-crise\\\/\"]}]},{\"@type\":\"ImageObject\",\"inLanguage\":\"fr-FR\",\"@id\":\"https:\\\/\\\/alexandrecenis.com\\\/index.php\\\/2021\\\/06\\\/29\\\/cest-la-crise\\\/#primaryimage\",\"url\":\"https:\\\/\\\/alexandrecenis.com\\\/wp-content\\\/uploads\\\/2021\\\/06\\\/IKEA_RIVOLI_1-800x600-1.jpg\",\"contentUrl\":\"https:\\\/\\\/alexandrecenis.com\\\/wp-content\\\/uploads\\\/2021\\\/06\\\/IKEA_RIVOLI_1-800x600-1.jpg\",\"width\":800,\"height\":600},{\"@type\":\"BreadcrumbList\",\"@id\":\"https:\\\/\\\/alexandrecenis.com\\\/index.php\\\/2021\\\/06\\\/29\\\/cest-la-crise\\\/#breadcrumb\",\"itemListElement\":[{\"@type\":\"ListItem\",\"position\":1,\"name\":\"Home\",\"item\":\"https:\\\/\\\/alexandrecenis.com\\\/\"},{\"@type\":\"ListItem\",\"position\":2,\"name\":\"C&rsquo;est la crise\"}]},{\"@type\":\"WebSite\",\"@id\":\"https:\\\/\\\/alexandrecenis.com\\\/#website\",\"url\":\"https:\\\/\\\/alexandrecenis.com\\\/\",\"name\":\"Alexandre Cenis\",\"description\":\"Intelligence Cr\u00e9ative\",\"potentialAction\":[{\"@type\":\"SearchAction\",\"target\":{\"@type\":\"EntryPoint\",\"urlTemplate\":\"https:\\\/\\\/alexandrecenis.com\\\/?s={search_term_string}\"},\"query-input\":{\"@type\":\"PropertyValueSpecification\",\"valueRequired\":true,\"valueName\":\"search_term_string\"}}],\"inLanguage\":\"fr-FR\"},{\"@type\":\"Person\",\"@id\":\"https:\\\/\\\/alexandrecenis.com\\\/#\\\/schema\\\/person\\\/cb034178deaf60a8602f9c700c5b1c83\",\"name\":\"admin8497\",\"image\":{\"@type\":\"ImageObject\",\"inLanguage\":\"fr-FR\",\"@id\":\"https:\\\/\\\/secure.gravatar.com\\\/avatar\\\/9586a1b4e51047e1977e647153ddd075f143e741c8e5ba4d03f6cfa4c61126fd?s=96&d=mm&r=g\",\"url\":\"https:\\\/\\\/secure.gravatar.com\\\/avatar\\\/9586a1b4e51047e1977e647153ddd075f143e741c8e5ba4d03f6cfa4c61126fd?s=96&d=mm&r=g\",\"contentUrl\":\"https:\\\/\\\/secure.gravatar.com\\\/avatar\\\/9586a1b4e51047e1977e647153ddd075f143e741c8e5ba4d03f6cfa4c61126fd?s=96&d=mm&r=g\",\"caption\":\"admin8497\"},\"url\":\"https:\\\/\\\/alexandrecenis.com\\\/index.php\\\/author\\\/admin8497\\\/\"}]}<\/script>\n<!-- \/ Yoast SEO plugin. -->","yoast_head_json":{"title":"C'est la crise - Alexandre Cenis","robots":{"index":"index","follow":"follow","max-snippet":"max-snippet:-1","max-image-preview":"max-image-preview:large","max-video-preview":"max-video-preview:-1"},"canonical":"https:\/\/alexandrecenis.com\/index.php\/2021\/06\/29\/cest-la-crise\/","og_locale":"fr_FR","og_type":"article","og_title":"C'est la crise - Alexandre Cenis","og_description":"Bien le bonjour le monde digital ! Le 23 juin dernier, IKEA a ouvert au 144 rue de Rivoli \u00e0 Paris son tout premier magasin d\u00e9di\u00e9 \u00e0 la d\u00e9coration. Pour accompagner ce lancement, l\u2019enseigne a d\u00e9voil\u00e9 une campagne d\u2019affichage sign\u00e9e Buzzman, qui nous rappelle \u00e0 quel point la d\u00e9coration compte dans nos vies et refl\u00e8te [&hellip;]","og_url":"https:\/\/alexandrecenis.com\/index.php\/2021\/06\/29\/cest-la-crise\/","og_site_name":"Alexandre Cenis","article_published_time":"2021-06-29T04:24:43+00:00","og_image":[{"width":800,"height":600,"url":"https:\/\/alexandrecenis.com\/wp-content\/uploads\/2021\/06\/IKEA_RIVOLI_1-800x600-1.jpg","type":"image\/jpeg"}],"author":"admin8497","twitter_card":"summary_large_image","twitter_creator":"@alexandrecenis","twitter_site":"@alexandrecenis","twitter_misc":{"\u00c9crit par":"admin8497","Dur\u00e9e de lecture estim\u00e9e":"2 minutes"},"schema":{"@context":"https:\/\/schema.org","@graph":[{"@type":"Article","@id":"https:\/\/alexandrecenis.com\/index.php\/2021\/06\/29\/cest-la-crise\/#article","isPartOf":{"@id":"https:\/\/alexandrecenis.com\/index.php\/2021\/06\/29\/cest-la-crise\/"},"author":{"name":"admin8497","@id":"https:\/\/alexandrecenis.com\/#\/schema\/person\/cb034178deaf60a8602f9c700c5b1c83"},"headline":"C&rsquo;est la crise","datePublished":"2021-06-29T04:24:43+00:00","mainEntityOfPage":{"@id":"https:\/\/alexandrecenis.com\/index.php\/2021\/06\/29\/cest-la-crise\/"},"wordCount":227,"image":{"@id":"https:\/\/alexandrecenis.com\/index.php\/2021\/06\/29\/cest-la-crise\/#primaryimage"},"thumbnailUrl":"https:\/\/alexandrecenis.com\/wp-content\/uploads\/2021\/06\/IKEA_RIVOLI_1-800x600-1.jpg","keywords":["Buzzman","d\u00e9coration","\u00e9tat d\u2019esprit","ikea","quotidien","Roberto Badin"],"articleSection":["Communication"],"inLanguage":"fr-FR"},{"@type":"WebPage","@id":"https:\/\/alexandrecenis.com\/index.php\/2021\/06\/29\/cest-la-crise\/","url":"https:\/\/alexandrecenis.com\/index.php\/2021\/06\/29\/cest-la-crise\/","name":"C'est la crise - Alexandre Cenis","isPartOf":{"@id":"https:\/\/alexandrecenis.com\/#website"},"primaryImageOfPage":{"@id":"https:\/\/alexandrecenis.com\/index.php\/2021\/06\/29\/cest-la-crise\/#primaryimage"},"image":{"@id":"https:\/\/alexandrecenis.com\/index.php\/2021\/06\/29\/cest-la-crise\/#primaryimage"},"thumbnailUrl":"https:\/\/alexandrecenis.com\/wp-content\/uploads\/2021\/06\/IKEA_RIVOLI_1-800x600-1.jpg","datePublished":"2021-06-29T04:24:43+00:00","author":{"@id":"https:\/\/alexandrecenis.com\/#\/schema\/person\/cb034178deaf60a8602f9c700c5b1c83"},"breadcrumb":{"@id":"https:\/\/alexandrecenis.com\/index.php\/2021\/06\/29\/cest-la-crise\/#breadcrumb"},"inLanguage":"fr-FR","potentialAction":[{"@type":"ReadAction","target":["https:\/\/alexandrecenis.com\/index.php\/2021\/06\/29\/cest-la-crise\/"]}]},{"@type":"ImageObject","inLanguage":"fr-FR","@id":"https:\/\/alexandrecenis.com\/index.php\/2021\/06\/29\/cest-la-crise\/#primaryimage","url":"https:\/\/alexandrecenis.com\/wp-content\/uploads\/2021\/06\/IKEA_RIVOLI_1-800x600-1.jpg","contentUrl":"https:\/\/alexandrecenis.com\/wp-content\/uploads\/2021\/06\/IKEA_RIVOLI_1-800x600-1.jpg","width":800,"height":600},{"@type":"BreadcrumbList","@id":"https:\/\/alexandrecenis.com\/index.php\/2021\/06\/29\/cest-la-crise\/#breadcrumb","itemListElement":[{"@type":"ListItem","position":1,"name":"Home","item":"https:\/\/alexandrecenis.com\/"},{"@type":"ListItem","position":2,"name":"C&rsquo;est la crise"}]},{"@type":"WebSite","@id":"https:\/\/alexandrecenis.com\/#website","url":"https:\/\/alexandrecenis.com\/","name":"Alexandre Cenis","description":"Intelligence Cr\u00e9ative","potentialAction":[{"@type":"SearchAction","target":{"@type":"EntryPoint","urlTemplate":"https:\/\/alexandrecenis.com\/?s={search_term_string}"},"query-input":{"@type":"PropertyValueSpecification","valueRequired":true,"valueName":"search_term_string"}}],"inLanguage":"fr-FR"},{"@type":"Person","@id":"https:\/\/alexandrecenis.com\/#\/schema\/person\/cb034178deaf60a8602f9c700c5b1c83","name":"admin8497","image":{"@type":"ImageObject","inLanguage":"fr-FR","@id":"https:\/\/secure.gravatar.com\/avatar\/9586a1b4e51047e1977e647153ddd075f143e741c8e5ba4d03f6cfa4c61126fd?s=96&d=mm&r=g","url":"https:\/\/secure.gravatar.com\/avatar\/9586a1b4e51047e1977e647153ddd075f143e741c8e5ba4d03f6cfa4c61126fd?s=96&d=mm&r=g","contentUrl":"https:\/\/secure.gravatar.com\/avatar\/9586a1b4e51047e1977e647153ddd075f143e741c8e5ba4d03f6cfa4c61126fd?s=96&d=mm&r=g","caption":"admin8497"},"url":"https:\/\/alexandrecenis.com\/index.php\/author\/admin8497\/"}]}},"_links":{"self":[{"href":"https:\/\/alexandrecenis.com\/index.php\/wp-json\/wp\/v2\/posts\/4099","targetHints":{"allow":["GET"]}}],"collection":[{"href":"https:\/\/alexandrecenis.com\/index.php\/wp-json\/wp\/v2\/posts"}],"about":[{"href":"https:\/\/alexandrecenis.com\/index.php\/wp-json\/wp\/v2\/types\/post"}],"author":[{"embeddable":true,"href":"https:\/\/alexandrecenis.com\/index.php\/wp-json\/wp\/v2\/users\/1"}],"replies":[{"embeddable":true,"href":"https:\/\/alexandrecenis.com\/index.php\/wp-json\/wp\/v2\/comments?post=4099"}],"version-history":[{"count":4,"href":"https:\/\/alexandrecenis.com\/index.php\/wp-json\/wp\/v2\/posts\/4099\/revisions"}],"predecessor-version":[{"id":4106,"href":"https:\/\/alexandrecenis.com\/index.php\/wp-json\/wp\/v2\/posts\/4099\/revisions\/4106"}],"wp:featuredmedia":[{"embeddable":true,"href":"https:\/\/alexandrecenis.com\/index.php\/wp-json\/wp\/v2\/media\/4100"}],"wp:attachment":[{"href":"https:\/\/alexandrecenis.com\/index.php\/wp-json\/wp\/v2\/media?parent=4099"}],"wp:term":[{"taxonomy":"category","embeddable":true,"href":"https:\/\/alexandrecenis.com\/index.php\/wp-json\/wp\/v2\/categories?post=4099"},{"taxonomy":"post_tag","embeddable":true,"href":"https:\/\/alexandrecenis.com\/index.php\/wp-json\/wp\/v2\/tags?post=4099"}],"curies":[{"name":"wp","href":"https:\/\/api.w.org\/{rel}","templated":true}]}}