{"id":3774,"date":"2021-05-17T06:25:14","date_gmt":"2021-05-17T04:25:14","guid":{"rendered":"https:\/\/alexandrecenis.com\/?p=3774"},"modified":"2021-05-17T06:25:14","modified_gmt":"2021-05-17T04:25:14","slug":"la-fine-equipe","status":"publish","type":"post","link":"https:\/\/alexandrecenis.com\/index.php\/2021\/05\/17\/la-fine-equipe\/","title":{"rendered":"la fine \u00e9quipe"},"content":{"rendered":"<p style=\"text-align: justify;\">Bien le bonjour le monde digital ! Les terrasses de bars et caf\u00e9s vont enfin rouvrir leurs portes ce mercredi 19 mai. Si c\u2019est un soulagement pour tous les amoureux de pintes et de conversations interminables autour d\u2019un verre, \u00e7a l\u2019est aussi pour les lecteurs de journaux qui vont retrouver leur table favorite au caf\u00e9 du coin.<\/p>\n<p><img loading=\"lazy\" decoding=\"async\" class=\"aligncenter wp-image-3778 size-full\" src=\"https:\/\/alexandrecenis.com\/wp-content\/uploads\/2021\/05\/4-3.png\" alt=\"\" width=\"534\" height=\"755\" srcset=\"https:\/\/alexandrecenis.com\/wp-content\/uploads\/2021\/05\/4-3.png 534w, https:\/\/alexandrecenis.com\/wp-content\/uploads\/2021\/05\/4-3-480x679.png 480w\" sizes=\"(min-width: 0px) and (max-width: 480px) 480px, (min-width: 481px) 534px, 100vw\" \/><\/p>\n<p style=\"text-align: justify;\">\u00c0 travers une campagne presse et digitale, le quotidien sportif fran\u00e7ais\u00a0l\u2019\u00c9quipe\u00a0souhaite entretenir le lien entre amoureux de sport, lecteurs du matin, et terrasses de caf\u00e9s.\u00a0\u00ab\u00a0En attendant d\u2019\u00eatre assis en tribune, profitez du sport assis en terrasse\u00a0\u00bb.<\/p>\n<p><img loading=\"lazy\" decoding=\"async\" class=\"aligncenter wp-image-3777 size-full\" src=\"https:\/\/alexandrecenis.com\/wp-content\/uploads\/2021\/05\/3-3.png\" alt=\"\" width=\"535\" height=\"756\" srcset=\"https:\/\/alexandrecenis.com\/wp-content\/uploads\/2021\/05\/3-3.png 535w, https:\/\/alexandrecenis.com\/wp-content\/uploads\/2021\/05\/3-3-480x678.png 480w\" sizes=\"(min-width: 0px) and (max-width: 480px) 480px, (min-width: 481px) 535px, 100vw\" \/><\/p>\n<p style=\"text-align: justify;\">Avec 4 prints aux jeux de mots bien sentis imagin\u00e9s par\u00a0DDB Paris, le journal rappelle \u00e0 ses lecteurs passionn\u00e9s le plaisir simple, et pourtant longtemps interdit, de lire son journal en terrasse, accompagn\u00e9 d\u2019un caf\u00e9 et du bruit des passants.\u00a0Une campagne visible depuis hier jusqu&rsquo;\u00e0 mercredi, en presse quotidienne (JDD, Le Figaro, L\u2019\u00c9quipe entre autres\u2026) et sur les r\u00e9seaux sociaux.<\/p>\n<p><img loading=\"lazy\" decoding=\"async\" class=\"aligncenter wp-image-3776 size-full\" src=\"https:\/\/alexandrecenis.com\/wp-content\/uploads\/2021\/05\/2-2.png\" alt=\"\" width=\"530\" height=\"753\" srcset=\"https:\/\/alexandrecenis.com\/wp-content\/uploads\/2021\/05\/2-2.png 530w, https:\/\/alexandrecenis.com\/wp-content\/uploads\/2021\/05\/2-2-480x682.png 480w\" sizes=\"(min-width: 0px) and (max-width: 480px) 480px, (min-width: 481px) 530px, 100vw\" \/><\/p>\n","protected":false},"excerpt":{"rendered":"<p>Bien le bonjour le monde digital ! Les terrasses de bars et caf\u00e9s vont enfin rouvrir leurs portes ce mercredi 19 mai. Si c\u2019est un soulagement pour tous les amoureux de pintes et de conversations interminables autour d\u2019un verre, \u00e7a l\u2019est aussi pour les lecteurs de journaux qui vont retrouver leur table favorite au caf\u00e9 [&hellip;]<\/p>\n","protected":false},"author":1,"featured_media":3775,"comment_status":"closed","ping_status":"open","sticky":false,"template":"","format":"standard","meta":{"_et_pb_use_builder":"","_et_pb_old_content":"","_et_gb_content_width":"","footnotes":""},"categories":[113],"tags":[1399,1397,146,1396,1401,1400,301,1398],"class_list":["post-3774","post","type-post","status-publish","format-standard","has-post-thumbnail","hentry","category-communication","tag-cafes","tag-campagne-presse","tag-ddb-paris","tag-lequipe","tag-pintes","tag-presse-quotidienne","tag-sport","tag-terrasses"],"yoast_head":"<!-- This site is optimized with the Yoast SEO plugin v27.3 - https:\/\/yoast.com\/product\/yoast-seo-wordpress\/ -->\n<title>la fine \u00e9quipe - Alexandre Cenis<\/title>\n<meta name=\"robots\" content=\"index, follow, max-snippet:-1, max-image-preview:large, max-video-preview:-1\" \/>\n<link rel=\"canonical\" href=\"https:\/\/alexandrecenis.com\/index.php\/2021\/05\/17\/la-fine-equipe\/\" \/>\n<meta property=\"og:locale\" content=\"fr_FR\" \/>\n<meta property=\"og:type\" content=\"article\" \/>\n<meta property=\"og:title\" content=\"la fine \u00e9quipe - Alexandre Cenis\" \/>\n<meta property=\"og:description\" content=\"Bien le bonjour le monde digital ! Les terrasses de bars et caf\u00e9s vont enfin rouvrir leurs portes ce mercredi 19 mai. Si c\u2019est un soulagement pour tous les amoureux de pintes et de conversations interminables autour d\u2019un verre, \u00e7a l\u2019est aussi pour les lecteurs de journaux qui vont retrouver leur table favorite au caf\u00e9 [&hellip;]\" \/>\n<meta property=\"og:url\" content=\"https:\/\/alexandrecenis.com\/index.php\/2021\/05\/17\/la-fine-equipe\/\" \/>\n<meta property=\"og:site_name\" content=\"Alexandre Cenis\" \/>\n<meta property=\"article:published_time\" content=\"2021-05-17T04:25:14+00:00\" \/>\n<meta property=\"og:image\" content=\"https:\/\/alexandrecenis.com\/wp-content\/uploads\/2021\/05\/1-3.png\" \/>\n\t<meta property=\"og:image:width\" content=\"534\" \/>\n\t<meta property=\"og:image:height\" content=\"711\" \/>\n\t<meta property=\"og:image:type\" content=\"image\/png\" \/>\n<meta name=\"author\" content=\"admin8497\" \/>\n<meta name=\"twitter:card\" content=\"summary_large_image\" \/>\n<meta name=\"twitter:creator\" content=\"@alexandrecenis\" \/>\n<meta name=\"twitter:site\" content=\"@alexandrecenis\" \/>\n<meta name=\"twitter:label1\" content=\"\u00c9crit par\" \/>\n\t<meta name=\"twitter:data1\" content=\"admin8497\" \/>\n\t<meta name=\"twitter:label2\" content=\"Dur\u00e9e de lecture estim\u00e9e\" \/>\n\t<meta name=\"twitter:data2\" content=\"2 minutes\" \/>\n<script type=\"application\/ld+json\" class=\"yoast-schema-graph\">{\"@context\":\"https:\\\/\\\/schema.org\",\"@graph\":[{\"@type\":\"Article\",\"@id\":\"https:\\\/\\\/alexandrecenis.com\\\/index.php\\\/2021\\\/05\\\/17\\\/la-fine-equipe\\\/#article\",\"isPartOf\":{\"@id\":\"https:\\\/\\\/alexandrecenis.com\\\/index.php\\\/2021\\\/05\\\/17\\\/la-fine-equipe\\\/\"},\"author\":{\"name\":\"admin8497\",\"@id\":\"https:\\\/\\\/alexandrecenis.com\\\/#\\\/schema\\\/person\\\/cb034178deaf60a8602f9c700c5b1c83\"},\"headline\":\"la fine \u00e9quipe\",\"datePublished\":\"2021-05-17T04:25:14+00:00\",\"mainEntityOfPage\":{\"@id\":\"https:\\\/\\\/alexandrecenis.com\\\/index.php\\\/2021\\\/05\\\/17\\\/la-fine-equipe\\\/\"},\"wordCount\":169,\"image\":{\"@id\":\"https:\\\/\\\/alexandrecenis.com\\\/index.php\\\/2021\\\/05\\\/17\\\/la-fine-equipe\\\/#primaryimage\"},\"thumbnailUrl\":\"https:\\\/\\\/alexandrecenis.com\\\/wp-content\\\/uploads\\\/2021\\\/05\\\/1-3.png\",\"keywords\":[\"caf\u00e9s\",\"campagne presse\",\"ddb paris\",\"l\u2019\u00c9quipe\",\"pintes\",\"presse quotidienne\",\"sport\",\"terrasses\"],\"articleSection\":[\"Communication\"],\"inLanguage\":\"fr-FR\"},{\"@type\":\"WebPage\",\"@id\":\"https:\\\/\\\/alexandrecenis.com\\\/index.php\\\/2021\\\/05\\\/17\\\/la-fine-equipe\\\/\",\"url\":\"https:\\\/\\\/alexandrecenis.com\\\/index.php\\\/2021\\\/05\\\/17\\\/la-fine-equipe\\\/\",\"name\":\"la fine \u00e9quipe - Alexandre Cenis\",\"isPartOf\":{\"@id\":\"https:\\\/\\\/alexandrecenis.com\\\/#website\"},\"primaryImageOfPage\":{\"@id\":\"https:\\\/\\\/alexandrecenis.com\\\/index.php\\\/2021\\\/05\\\/17\\\/la-fine-equipe\\\/#primaryimage\"},\"image\":{\"@id\":\"https:\\\/\\\/alexandrecenis.com\\\/index.php\\\/2021\\\/05\\\/17\\\/la-fine-equipe\\\/#primaryimage\"},\"thumbnailUrl\":\"https:\\\/\\\/alexandrecenis.com\\\/wp-content\\\/uploads\\\/2021\\\/05\\\/1-3.png\",\"datePublished\":\"2021-05-17T04:25:14+00:00\",\"author\":{\"@id\":\"https:\\\/\\\/alexandrecenis.com\\\/#\\\/schema\\\/person\\\/cb034178deaf60a8602f9c700c5b1c83\"},\"breadcrumb\":{\"@id\":\"https:\\\/\\\/alexandrecenis.com\\\/index.php\\\/2021\\\/05\\\/17\\\/la-fine-equipe\\\/#breadcrumb\"},\"inLanguage\":\"fr-FR\",\"potentialAction\":[{\"@type\":\"ReadAction\",\"target\":[\"https:\\\/\\\/alexandrecenis.com\\\/index.php\\\/2021\\\/05\\\/17\\\/la-fine-equipe\\\/\"]}]},{\"@type\":\"ImageObject\",\"inLanguage\":\"fr-FR\",\"@id\":\"https:\\\/\\\/alexandrecenis.com\\\/index.php\\\/2021\\\/05\\\/17\\\/la-fine-equipe\\\/#primaryimage\",\"url\":\"https:\\\/\\\/alexandrecenis.com\\\/wp-content\\\/uploads\\\/2021\\\/05\\\/1-3.png\",\"contentUrl\":\"https:\\\/\\\/alexandrecenis.com\\\/wp-content\\\/uploads\\\/2021\\\/05\\\/1-3.png\",\"width\":534,\"height\":711},{\"@type\":\"BreadcrumbList\",\"@id\":\"https:\\\/\\\/alexandrecenis.com\\\/index.php\\\/2021\\\/05\\\/17\\\/la-fine-equipe\\\/#breadcrumb\",\"itemListElement\":[{\"@type\":\"ListItem\",\"position\":1,\"name\":\"Home\",\"item\":\"https:\\\/\\\/alexandrecenis.com\\\/\"},{\"@type\":\"ListItem\",\"position\":2,\"name\":\"la fine \u00e9quipe\"}]},{\"@type\":\"WebSite\",\"@id\":\"https:\\\/\\\/alexandrecenis.com\\\/#website\",\"url\":\"https:\\\/\\\/alexandrecenis.com\\\/\",\"name\":\"Alexandre Cenis\",\"description\":\"Intelligence Cr\u00e9ative\",\"potentialAction\":[{\"@type\":\"SearchAction\",\"target\":{\"@type\":\"EntryPoint\",\"urlTemplate\":\"https:\\\/\\\/alexandrecenis.com\\\/?s={search_term_string}\"},\"query-input\":{\"@type\":\"PropertyValueSpecification\",\"valueRequired\":true,\"valueName\":\"search_term_string\"}}],\"inLanguage\":\"fr-FR\"},{\"@type\":\"Person\",\"@id\":\"https:\\\/\\\/alexandrecenis.com\\\/#\\\/schema\\\/person\\\/cb034178deaf60a8602f9c700c5b1c83\",\"name\":\"admin8497\",\"image\":{\"@type\":\"ImageObject\",\"inLanguage\":\"fr-FR\",\"@id\":\"https:\\\/\\\/secure.gravatar.com\\\/avatar\\\/9586a1b4e51047e1977e647153ddd075f143e741c8e5ba4d03f6cfa4c61126fd?s=96&d=mm&r=g\",\"url\":\"https:\\\/\\\/secure.gravatar.com\\\/avatar\\\/9586a1b4e51047e1977e647153ddd075f143e741c8e5ba4d03f6cfa4c61126fd?s=96&d=mm&r=g\",\"contentUrl\":\"https:\\\/\\\/secure.gravatar.com\\\/avatar\\\/9586a1b4e51047e1977e647153ddd075f143e741c8e5ba4d03f6cfa4c61126fd?s=96&d=mm&r=g\",\"caption\":\"admin8497\"},\"url\":\"https:\\\/\\\/alexandrecenis.com\\\/index.php\\\/author\\\/admin8497\\\/\"}]}<\/script>\n<!-- \/ Yoast SEO plugin. -->","yoast_head_json":{"title":"la fine \u00e9quipe - Alexandre Cenis","robots":{"index":"index","follow":"follow","max-snippet":"max-snippet:-1","max-image-preview":"max-image-preview:large","max-video-preview":"max-video-preview:-1"},"canonical":"https:\/\/alexandrecenis.com\/index.php\/2021\/05\/17\/la-fine-equipe\/","og_locale":"fr_FR","og_type":"article","og_title":"la fine \u00e9quipe - Alexandre Cenis","og_description":"Bien le bonjour le monde digital ! Les terrasses de bars et caf\u00e9s vont enfin rouvrir leurs portes ce mercredi 19 mai. Si c\u2019est un soulagement pour tous les amoureux de pintes et de conversations interminables autour d\u2019un verre, \u00e7a l\u2019est aussi pour les lecteurs de journaux qui vont retrouver leur table favorite au caf\u00e9 [&hellip;]","og_url":"https:\/\/alexandrecenis.com\/index.php\/2021\/05\/17\/la-fine-equipe\/","og_site_name":"Alexandre Cenis","article_published_time":"2021-05-17T04:25:14+00:00","og_image":[{"width":534,"height":711,"url":"https:\/\/alexandrecenis.com\/wp-content\/uploads\/2021\/05\/1-3.png","type":"image\/png"}],"author":"admin8497","twitter_card":"summary_large_image","twitter_creator":"@alexandrecenis","twitter_site":"@alexandrecenis","twitter_misc":{"\u00c9crit par":"admin8497","Dur\u00e9e de lecture estim\u00e9e":"2 minutes"},"schema":{"@context":"https:\/\/schema.org","@graph":[{"@type":"Article","@id":"https:\/\/alexandrecenis.com\/index.php\/2021\/05\/17\/la-fine-equipe\/#article","isPartOf":{"@id":"https:\/\/alexandrecenis.com\/index.php\/2021\/05\/17\/la-fine-equipe\/"},"author":{"name":"admin8497","@id":"https:\/\/alexandrecenis.com\/#\/schema\/person\/cb034178deaf60a8602f9c700c5b1c83"},"headline":"la fine \u00e9quipe","datePublished":"2021-05-17T04:25:14+00:00","mainEntityOfPage":{"@id":"https:\/\/alexandrecenis.com\/index.php\/2021\/05\/17\/la-fine-equipe\/"},"wordCount":169,"image":{"@id":"https:\/\/alexandrecenis.com\/index.php\/2021\/05\/17\/la-fine-equipe\/#primaryimage"},"thumbnailUrl":"https:\/\/alexandrecenis.com\/wp-content\/uploads\/2021\/05\/1-3.png","keywords":["caf\u00e9s","campagne presse","ddb paris","l\u2019\u00c9quipe","pintes","presse quotidienne","sport","terrasses"],"articleSection":["Communication"],"inLanguage":"fr-FR"},{"@type":"WebPage","@id":"https:\/\/alexandrecenis.com\/index.php\/2021\/05\/17\/la-fine-equipe\/","url":"https:\/\/alexandrecenis.com\/index.php\/2021\/05\/17\/la-fine-equipe\/","name":"la fine \u00e9quipe - Alexandre Cenis","isPartOf":{"@id":"https:\/\/alexandrecenis.com\/#website"},"primaryImageOfPage":{"@id":"https:\/\/alexandrecenis.com\/index.php\/2021\/05\/17\/la-fine-equipe\/#primaryimage"},"image":{"@id":"https:\/\/alexandrecenis.com\/index.php\/2021\/05\/17\/la-fine-equipe\/#primaryimage"},"thumbnailUrl":"https:\/\/alexandrecenis.com\/wp-content\/uploads\/2021\/05\/1-3.png","datePublished":"2021-05-17T04:25:14+00:00","author":{"@id":"https:\/\/alexandrecenis.com\/#\/schema\/person\/cb034178deaf60a8602f9c700c5b1c83"},"breadcrumb":{"@id":"https:\/\/alexandrecenis.com\/index.php\/2021\/05\/17\/la-fine-equipe\/#breadcrumb"},"inLanguage":"fr-FR","potentialAction":[{"@type":"ReadAction","target":["https:\/\/alexandrecenis.com\/index.php\/2021\/05\/17\/la-fine-equipe\/"]}]},{"@type":"ImageObject","inLanguage":"fr-FR","@id":"https:\/\/alexandrecenis.com\/index.php\/2021\/05\/17\/la-fine-equipe\/#primaryimage","url":"https:\/\/alexandrecenis.com\/wp-content\/uploads\/2021\/05\/1-3.png","contentUrl":"https:\/\/alexandrecenis.com\/wp-content\/uploads\/2021\/05\/1-3.png","width":534,"height":711},{"@type":"BreadcrumbList","@id":"https:\/\/alexandrecenis.com\/index.php\/2021\/05\/17\/la-fine-equipe\/#breadcrumb","itemListElement":[{"@type":"ListItem","position":1,"name":"Home","item":"https:\/\/alexandrecenis.com\/"},{"@type":"ListItem","position":2,"name":"la fine \u00e9quipe"}]},{"@type":"WebSite","@id":"https:\/\/alexandrecenis.com\/#website","url":"https:\/\/alexandrecenis.com\/","name":"Alexandre Cenis","description":"Intelligence Cr\u00e9ative","potentialAction":[{"@type":"SearchAction","target":{"@type":"EntryPoint","urlTemplate":"https:\/\/alexandrecenis.com\/?s={search_term_string}"},"query-input":{"@type":"PropertyValueSpecification","valueRequired":true,"valueName":"search_term_string"}}],"inLanguage":"fr-FR"},{"@type":"Person","@id":"https:\/\/alexandrecenis.com\/#\/schema\/person\/cb034178deaf60a8602f9c700c5b1c83","name":"admin8497","image":{"@type":"ImageObject","inLanguage":"fr-FR","@id":"https:\/\/secure.gravatar.com\/avatar\/9586a1b4e51047e1977e647153ddd075f143e741c8e5ba4d03f6cfa4c61126fd?s=96&d=mm&r=g","url":"https:\/\/secure.gravatar.com\/avatar\/9586a1b4e51047e1977e647153ddd075f143e741c8e5ba4d03f6cfa4c61126fd?s=96&d=mm&r=g","contentUrl":"https:\/\/secure.gravatar.com\/avatar\/9586a1b4e51047e1977e647153ddd075f143e741c8e5ba4d03f6cfa4c61126fd?s=96&d=mm&r=g","caption":"admin8497"},"url":"https:\/\/alexandrecenis.com\/index.php\/author\/admin8497\/"}]}},"_links":{"self":[{"href":"https:\/\/alexandrecenis.com\/index.php\/wp-json\/wp\/v2\/posts\/3774","targetHints":{"allow":["GET"]}}],"collection":[{"href":"https:\/\/alexandrecenis.com\/index.php\/wp-json\/wp\/v2\/posts"}],"about":[{"href":"https:\/\/alexandrecenis.com\/index.php\/wp-json\/wp\/v2\/types\/post"}],"author":[{"embeddable":true,"href":"https:\/\/alexandrecenis.com\/index.php\/wp-json\/wp\/v2\/users\/1"}],"replies":[{"embeddable":true,"href":"https:\/\/alexandrecenis.com\/index.php\/wp-json\/wp\/v2\/comments?post=3774"}],"version-history":[{"count":4,"href":"https:\/\/alexandrecenis.com\/index.php\/wp-json\/wp\/v2\/posts\/3774\/revisions"}],"predecessor-version":[{"id":3782,"href":"https:\/\/alexandrecenis.com\/index.php\/wp-json\/wp\/v2\/posts\/3774\/revisions\/3782"}],"wp:featuredmedia":[{"embeddable":true,"href":"https:\/\/alexandrecenis.com\/index.php\/wp-json\/wp\/v2\/media\/3775"}],"wp:attachment":[{"href":"https:\/\/alexandrecenis.com\/index.php\/wp-json\/wp\/v2\/media?parent=3774"}],"wp:term":[{"taxonomy":"category","embeddable":true,"href":"https:\/\/alexandrecenis.com\/index.php\/wp-json\/wp\/v2\/categories?post=3774"},{"taxonomy":"post_tag","embeddable":true,"href":"https:\/\/alexandrecenis.com\/index.php\/wp-json\/wp\/v2\/tags?post=3774"}],"curies":[{"name":"wp","href":"https:\/\/api.w.org\/{rel}","templated":true}]}}