{"id":3706,"date":"2021-05-06T06:32:24","date_gmt":"2021-05-06T04:32:24","guid":{"rendered":"https:\/\/alexandrecenis.com\/?p=3706"},"modified":"2021-05-06T06:32:24","modified_gmt":"2021-05-06T04:32:24","slug":"cest-fort-de-cafe-2","status":"publish","type":"post","link":"https:\/\/alexandrecenis.com\/index.php\/2021\/05\/06\/cest-fort-de-cafe-2\/","title":{"rendered":"C&rsquo;est fort de caf\u00e9"},"content":{"rendered":"<p style=\"text-align: justify;\">Bien le bonjour le monde digital ! Au d\u00e9but du Covid, les marques \u00e9taient sans doute un peu frileuses \u00e0 l\u2019id\u00e9e de communiquer autour la pand\u00e9mie. Mais un an plus tard, les habitudes se sont cr\u00e9\u00e9es et les publicit\u00e9s qui mettent en avant ou d\u00e9tournent les masques, les gestes barri\u00e8res voire m\u00eame parfois le terme de Covid sont devenues l\u00e9gion.<\/p>\n<p><img loading=\"lazy\" decoding=\"async\" class=\"aligncenter wp-image-3709 size-full\" src=\"https:\/\/alexandrecenis.com\/wp-content\/uploads\/2021\/05\/nescafe-tasse-masque-3.jpeg\" alt=\"\" width=\"900\" height=\"1002\" srcset=\"https:\/\/alexandrecenis.com\/wp-content\/uploads\/2021\/05\/nescafe-tasse-masque-3.jpeg 900w, https:\/\/alexandrecenis.com\/wp-content\/uploads\/2021\/05\/nescafe-tasse-masque-3-480x534.jpeg 480w\" sizes=\"(min-width: 0px) and (max-width: 480px) 480px, (min-width: 481px) 900px, 100vw\" \/><\/p>\n<p><img loading=\"lazy\" decoding=\"async\" class=\"aligncenter wp-image-3707 size-full\" src=\"https:\/\/alexandrecenis.com\/wp-content\/uploads\/2021\/05\/nescafe-tasse-masque-1.jpeg\" alt=\"\" width=\"900\" height=\"1002\" srcset=\"https:\/\/alexandrecenis.com\/wp-content\/uploads\/2021\/05\/nescafe-tasse-masque-1.jpeg 900w, https:\/\/alexandrecenis.com\/wp-content\/uploads\/2021\/05\/nescafe-tasse-masque-1-480x534.jpeg 480w\" sizes=\"(min-width: 0px) and (max-width: 480px) 480px, (min-width: 481px) 900px, 100vw\" \/><\/p>\n<p style=\"text-align: justify;\">Parmi elles, la derni\u00e8re campagne de Nescaf\u00e9 au Mexique est visuellement plut\u00f4t r\u00e9ussie. Une campagne compos\u00e9e de 3 visuels qui d\u00e9tournent intelligemment le masque en tasse \u00e0 caf\u00e9 avec l\u2019accroche \u201cYa falta menos\u201d (comprenez \u201cNous y sommes presque\u201d).<\/p>\n<p><img loading=\"lazy\" decoding=\"async\" class=\"aligncenter wp-image-3708 size-full\" src=\"https:\/\/alexandrecenis.com\/wp-content\/uploads\/2021\/05\/nescafe-tasse-masque-2.jpeg\" alt=\"\" width=\"900\" height=\"1002\" srcset=\"https:\/\/alexandrecenis.com\/wp-content\/uploads\/2021\/05\/nescafe-tasse-masque-2.jpeg 900w, https:\/\/alexandrecenis.com\/wp-content\/uploads\/2021\/05\/nescafe-tasse-masque-2-480x534.jpeg 480w\" sizes=\"(min-width: 0px) and (max-width: 480px) 480px, (min-width: 481px) 900px, 100vw\" \/><\/p>\n<p><img loading=\"lazy\" decoding=\"async\" class=\"aligncenter wp-image-3710 size-full\" src=\"https:\/\/alexandrecenis.com\/wp-content\/uploads\/2021\/05\/nescafe-tasse-masque-4.jpeg\" alt=\"\" width=\"900\" height=\"893\" srcset=\"https:\/\/alexandrecenis.com\/wp-content\/uploads\/2021\/05\/nescafe-tasse-masque-4.jpeg 900w, https:\/\/alexandrecenis.com\/wp-content\/uploads\/2021\/05\/nescafe-tasse-masque-4-480x476.jpeg 480w\" sizes=\"(min-width: 0px) and (max-width: 480px) 480px, (min-width: 481px) 900px, 100vw\" \/><\/p>\n<p style=\"text-align: justify;\">Un petit message d\u2019espoir partag\u00e9 avec cr\u00e9ativit\u00e9, m\u00eame si&#8230;..en 2020, la campagne Mucinex pour promouvoir le port du masque semblait avoir un temps d&rsquo;avance&#8230;<\/p>\n<p><img loading=\"lazy\" decoding=\"async\" class=\"aligncenter wp-image-3716 size-large\" src=\"https:\/\/alexandrecenis.com\/wp-content\/uploads\/2021\/05\/EfnwgDoXsAA5eKT-663x1024.jpg\" alt=\"\" width=\"663\" height=\"1024\" \/><\/p>\n<p><img loading=\"lazy\" decoding=\"async\" class=\"aligncenter wp-image-3715 size-large\" src=\"https:\/\/alexandrecenis.com\/wp-content\/uploads\/2021\/05\/EfnwgD7WsAIKDlC-663x1024.jpg\" alt=\"\" width=\"663\" height=\"1024\" \/><\/p>\n<p><img loading=\"lazy\" decoding=\"async\" class=\"aligncenter wp-image-3714 size-large\" src=\"https:\/\/alexandrecenis.com\/wp-content\/uploads\/2021\/05\/EfnwgCcWAAI1hE6-690x1024.jpg\" alt=\"\" width=\"690\" height=\"1024\" \/><\/p>\n<p><img loading=\"lazy\" decoding=\"async\" class=\"aligncenter wp-image-3713 size-large\" src=\"https:\/\/alexandrecenis.com\/wp-content\/uploads\/2021\/05\/EfnwgB2XgAA7-u--663x1024.jpg\" alt=\"\" width=\"663\" height=\"1024\" \/><\/p>\n","protected":false},"excerpt":{"rendered":"<p>Bien le bonjour le monde digital ! Au d\u00e9but du Covid, les marques \u00e9taient sans doute un peu frileuses \u00e0 l\u2019id\u00e9e de communiquer autour la pand\u00e9mie. Mais un an plus tard, les habitudes se sont cr\u00e9\u00e9es et les publicit\u00e9s qui mettent en avant ou d\u00e9tournent les masques, les gestes barri\u00e8res voire m\u00eame parfois le terme [&hellip;]<\/p>\n","protected":false},"author":1,"featured_media":3708,"comment_status":"closed","ping_status":"open","sticky":false,"template":"","format":"standard","meta":{"_et_pb_use_builder":"","_et_pb_old_content":"","_et_gb_content_width":"","footnotes":""},"categories":[113,2],"tags":[1367,664,1365,1364,646,1366],"class_list":["post-3706","post","type-post","status-publish","format-standard","has-post-thumbnail","hentry","category-communication","category-publicite","tag-campagne-de-publicite","tag-masque","tag-mexique","tag-nescafe","tag-pandemie","tag-ya-falta-menos"],"yoast_head":"<!-- This site is optimized with the Yoast SEO plugin v27.3 - https:\/\/yoast.com\/product\/yoast-seo-wordpress\/ -->\n<title>C&#039;est fort de caf\u00e9 - Alexandre Cenis<\/title>\n<meta name=\"robots\" content=\"index, follow, max-snippet:-1, max-image-preview:large, max-video-preview:-1\" \/>\n<link rel=\"canonical\" href=\"https:\/\/alexandrecenis.com\/index.php\/2021\/05\/06\/cest-fort-de-cafe-2\/\" \/>\n<meta property=\"og:locale\" content=\"fr_FR\" \/>\n<meta property=\"og:type\" content=\"article\" \/>\n<meta property=\"og:title\" content=\"C&#039;est fort de caf\u00e9 - Alexandre Cenis\" \/>\n<meta property=\"og:description\" content=\"Bien le bonjour le monde digital ! Au d\u00e9but du Covid, les marques \u00e9taient sans doute un peu frileuses \u00e0 l\u2019id\u00e9e de communiquer autour la pand\u00e9mie. Mais un an plus tard, les habitudes se sont cr\u00e9\u00e9es et les publicit\u00e9s qui mettent en avant ou d\u00e9tournent les masques, les gestes barri\u00e8res voire m\u00eame parfois le terme [&hellip;]\" \/>\n<meta property=\"og:url\" content=\"https:\/\/alexandrecenis.com\/index.php\/2021\/05\/06\/cest-fort-de-cafe-2\/\" \/>\n<meta property=\"og:site_name\" content=\"Alexandre Cenis\" \/>\n<meta property=\"article:published_time\" content=\"2021-05-06T04:32:24+00:00\" \/>\n<meta property=\"og:image\" content=\"https:\/\/alexandrecenis.com\/wp-content\/uploads\/2021\/05\/nescafe-tasse-masque-2.jpeg\" \/>\n\t<meta property=\"og:image:width\" content=\"900\" \/>\n\t<meta property=\"og:image:height\" content=\"1002\" \/>\n\t<meta property=\"og:image:type\" content=\"image\/jpeg\" \/>\n<meta name=\"author\" content=\"admin8497\" \/>\n<meta name=\"twitter:card\" content=\"summary_large_image\" \/>\n<meta name=\"twitter:creator\" content=\"@alexandrecenis\" \/>\n<meta name=\"twitter:site\" content=\"@alexandrecenis\" \/>\n<meta name=\"twitter:label1\" content=\"\u00c9crit par\" \/>\n\t<meta name=\"twitter:data1\" content=\"admin8497\" \/>\n\t<meta name=\"twitter:label2\" content=\"Dur\u00e9e de lecture estim\u00e9e\" \/>\n\t<meta name=\"twitter:data2\" content=\"3 minutes\" \/>\n<script type=\"application\/ld+json\" class=\"yoast-schema-graph\">{\"@context\":\"https:\\\/\\\/schema.org\",\"@graph\":[{\"@type\":\"Article\",\"@id\":\"https:\\\/\\\/alexandrecenis.com\\\/index.php\\\/2021\\\/05\\\/06\\\/cest-fort-de-cafe-2\\\/#article\",\"isPartOf\":{\"@id\":\"https:\\\/\\\/alexandrecenis.com\\\/index.php\\\/2021\\\/05\\\/06\\\/cest-fort-de-cafe-2\\\/\"},\"author\":{\"name\":\"admin8497\",\"@id\":\"https:\\\/\\\/alexandrecenis.com\\\/#\\\/schema\\\/person\\\/cb034178deaf60a8602f9c700c5b1c83\"},\"headline\":\"C&rsquo;est fort de caf\u00e9\",\"datePublished\":\"2021-05-06T04:32:24+00:00\",\"mainEntityOfPage\":{\"@id\":\"https:\\\/\\\/alexandrecenis.com\\\/index.php\\\/2021\\\/05\\\/06\\\/cest-fort-de-cafe-2\\\/\"},\"wordCount\":141,\"image\":{\"@id\":\"https:\\\/\\\/alexandrecenis.com\\\/index.php\\\/2021\\\/05\\\/06\\\/cest-fort-de-cafe-2\\\/#primaryimage\"},\"thumbnailUrl\":\"https:\\\/\\\/alexandrecenis.com\\\/wp-content\\\/uploads\\\/2021\\\/05\\\/nescafe-tasse-masque-2.jpeg\",\"keywords\":[\"campagne de publicit\u00e9\",\"masque\",\"mexique\",\"nescaf\u00e9\",\"pand\u00e9mie\",\"Ya falta menos\"],\"articleSection\":[\"Communication\",\"Publicit\u00e9\"],\"inLanguage\":\"fr-FR\"},{\"@type\":\"WebPage\",\"@id\":\"https:\\\/\\\/alexandrecenis.com\\\/index.php\\\/2021\\\/05\\\/06\\\/cest-fort-de-cafe-2\\\/\",\"url\":\"https:\\\/\\\/alexandrecenis.com\\\/index.php\\\/2021\\\/05\\\/06\\\/cest-fort-de-cafe-2\\\/\",\"name\":\"C'est fort de caf\u00e9 - Alexandre Cenis\",\"isPartOf\":{\"@id\":\"https:\\\/\\\/alexandrecenis.com\\\/#website\"},\"primaryImageOfPage\":{\"@id\":\"https:\\\/\\\/alexandrecenis.com\\\/index.php\\\/2021\\\/05\\\/06\\\/cest-fort-de-cafe-2\\\/#primaryimage\"},\"image\":{\"@id\":\"https:\\\/\\\/alexandrecenis.com\\\/index.php\\\/2021\\\/05\\\/06\\\/cest-fort-de-cafe-2\\\/#primaryimage\"},\"thumbnailUrl\":\"https:\\\/\\\/alexandrecenis.com\\\/wp-content\\\/uploads\\\/2021\\\/05\\\/nescafe-tasse-masque-2.jpeg\",\"datePublished\":\"2021-05-06T04:32:24+00:00\",\"author\":{\"@id\":\"https:\\\/\\\/alexandrecenis.com\\\/#\\\/schema\\\/person\\\/cb034178deaf60a8602f9c700c5b1c83\"},\"breadcrumb\":{\"@id\":\"https:\\\/\\\/alexandrecenis.com\\\/index.php\\\/2021\\\/05\\\/06\\\/cest-fort-de-cafe-2\\\/#breadcrumb\"},\"inLanguage\":\"fr-FR\",\"potentialAction\":[{\"@type\":\"ReadAction\",\"target\":[\"https:\\\/\\\/alexandrecenis.com\\\/index.php\\\/2021\\\/05\\\/06\\\/cest-fort-de-cafe-2\\\/\"]}]},{\"@type\":\"ImageObject\",\"inLanguage\":\"fr-FR\",\"@id\":\"https:\\\/\\\/alexandrecenis.com\\\/index.php\\\/2021\\\/05\\\/06\\\/cest-fort-de-cafe-2\\\/#primaryimage\",\"url\":\"https:\\\/\\\/alexandrecenis.com\\\/wp-content\\\/uploads\\\/2021\\\/05\\\/nescafe-tasse-masque-2.jpeg\",\"contentUrl\":\"https:\\\/\\\/alexandrecenis.com\\\/wp-content\\\/uploads\\\/2021\\\/05\\\/nescafe-tasse-masque-2.jpeg\",\"width\":900,\"height\":1002},{\"@type\":\"BreadcrumbList\",\"@id\":\"https:\\\/\\\/alexandrecenis.com\\\/index.php\\\/2021\\\/05\\\/06\\\/cest-fort-de-cafe-2\\\/#breadcrumb\",\"itemListElement\":[{\"@type\":\"ListItem\",\"position\":1,\"name\":\"Home\",\"item\":\"https:\\\/\\\/alexandrecenis.com\\\/\"},{\"@type\":\"ListItem\",\"position\":2,\"name\":\"C&rsquo;est fort de caf\u00e9\"}]},{\"@type\":\"WebSite\",\"@id\":\"https:\\\/\\\/alexandrecenis.com\\\/#website\",\"url\":\"https:\\\/\\\/alexandrecenis.com\\\/\",\"name\":\"Alexandre Cenis\",\"description\":\"Intelligence Cr\u00e9ative\",\"potentialAction\":[{\"@type\":\"SearchAction\",\"target\":{\"@type\":\"EntryPoint\",\"urlTemplate\":\"https:\\\/\\\/alexandrecenis.com\\\/?s={search_term_string}\"},\"query-input\":{\"@type\":\"PropertyValueSpecification\",\"valueRequired\":true,\"valueName\":\"search_term_string\"}}],\"inLanguage\":\"fr-FR\"},{\"@type\":\"Person\",\"@id\":\"https:\\\/\\\/alexandrecenis.com\\\/#\\\/schema\\\/person\\\/cb034178deaf60a8602f9c700c5b1c83\",\"name\":\"admin8497\",\"image\":{\"@type\":\"ImageObject\",\"inLanguage\":\"fr-FR\",\"@id\":\"https:\\\/\\\/secure.gravatar.com\\\/avatar\\\/9586a1b4e51047e1977e647153ddd075f143e741c8e5ba4d03f6cfa4c61126fd?s=96&d=mm&r=g\",\"url\":\"https:\\\/\\\/secure.gravatar.com\\\/avatar\\\/9586a1b4e51047e1977e647153ddd075f143e741c8e5ba4d03f6cfa4c61126fd?s=96&d=mm&r=g\",\"contentUrl\":\"https:\\\/\\\/secure.gravatar.com\\\/avatar\\\/9586a1b4e51047e1977e647153ddd075f143e741c8e5ba4d03f6cfa4c61126fd?s=96&d=mm&r=g\",\"caption\":\"admin8497\"},\"url\":\"https:\\\/\\\/alexandrecenis.com\\\/index.php\\\/author\\\/admin8497\\\/\"}]}<\/script>\n<!-- \/ Yoast SEO plugin. -->","yoast_head_json":{"title":"C'est fort de caf\u00e9 - Alexandre Cenis","robots":{"index":"index","follow":"follow","max-snippet":"max-snippet:-1","max-image-preview":"max-image-preview:large","max-video-preview":"max-video-preview:-1"},"canonical":"https:\/\/alexandrecenis.com\/index.php\/2021\/05\/06\/cest-fort-de-cafe-2\/","og_locale":"fr_FR","og_type":"article","og_title":"C'est fort de caf\u00e9 - Alexandre Cenis","og_description":"Bien le bonjour le monde digital ! Au d\u00e9but du Covid, les marques \u00e9taient sans doute un peu frileuses \u00e0 l\u2019id\u00e9e de communiquer autour la pand\u00e9mie. Mais un an plus tard, les habitudes se sont cr\u00e9\u00e9es et les publicit\u00e9s qui mettent en avant ou d\u00e9tournent les masques, les gestes barri\u00e8res voire m\u00eame parfois le terme [&hellip;]","og_url":"https:\/\/alexandrecenis.com\/index.php\/2021\/05\/06\/cest-fort-de-cafe-2\/","og_site_name":"Alexandre Cenis","article_published_time":"2021-05-06T04:32:24+00:00","og_image":[{"width":900,"height":1002,"url":"https:\/\/alexandrecenis.com\/wp-content\/uploads\/2021\/05\/nescafe-tasse-masque-2.jpeg","type":"image\/jpeg"}],"author":"admin8497","twitter_card":"summary_large_image","twitter_creator":"@alexandrecenis","twitter_site":"@alexandrecenis","twitter_misc":{"\u00c9crit par":"admin8497","Dur\u00e9e de lecture estim\u00e9e":"3 minutes"},"schema":{"@context":"https:\/\/schema.org","@graph":[{"@type":"Article","@id":"https:\/\/alexandrecenis.com\/index.php\/2021\/05\/06\/cest-fort-de-cafe-2\/#article","isPartOf":{"@id":"https:\/\/alexandrecenis.com\/index.php\/2021\/05\/06\/cest-fort-de-cafe-2\/"},"author":{"name":"admin8497","@id":"https:\/\/alexandrecenis.com\/#\/schema\/person\/cb034178deaf60a8602f9c700c5b1c83"},"headline":"C&rsquo;est fort de caf\u00e9","datePublished":"2021-05-06T04:32:24+00:00","mainEntityOfPage":{"@id":"https:\/\/alexandrecenis.com\/index.php\/2021\/05\/06\/cest-fort-de-cafe-2\/"},"wordCount":141,"image":{"@id":"https:\/\/alexandrecenis.com\/index.php\/2021\/05\/06\/cest-fort-de-cafe-2\/#primaryimage"},"thumbnailUrl":"https:\/\/alexandrecenis.com\/wp-content\/uploads\/2021\/05\/nescafe-tasse-masque-2.jpeg","keywords":["campagne de publicit\u00e9","masque","mexique","nescaf\u00e9","pand\u00e9mie","Ya falta menos"],"articleSection":["Communication","Publicit\u00e9"],"inLanguage":"fr-FR"},{"@type":"WebPage","@id":"https:\/\/alexandrecenis.com\/index.php\/2021\/05\/06\/cest-fort-de-cafe-2\/","url":"https:\/\/alexandrecenis.com\/index.php\/2021\/05\/06\/cest-fort-de-cafe-2\/","name":"C'est fort de caf\u00e9 - Alexandre Cenis","isPartOf":{"@id":"https:\/\/alexandrecenis.com\/#website"},"primaryImageOfPage":{"@id":"https:\/\/alexandrecenis.com\/index.php\/2021\/05\/06\/cest-fort-de-cafe-2\/#primaryimage"},"image":{"@id":"https:\/\/alexandrecenis.com\/index.php\/2021\/05\/06\/cest-fort-de-cafe-2\/#primaryimage"},"thumbnailUrl":"https:\/\/alexandrecenis.com\/wp-content\/uploads\/2021\/05\/nescafe-tasse-masque-2.jpeg","datePublished":"2021-05-06T04:32:24+00:00","author":{"@id":"https:\/\/alexandrecenis.com\/#\/schema\/person\/cb034178deaf60a8602f9c700c5b1c83"},"breadcrumb":{"@id":"https:\/\/alexandrecenis.com\/index.php\/2021\/05\/06\/cest-fort-de-cafe-2\/#breadcrumb"},"inLanguage":"fr-FR","potentialAction":[{"@type":"ReadAction","target":["https:\/\/alexandrecenis.com\/index.php\/2021\/05\/06\/cest-fort-de-cafe-2\/"]}]},{"@type":"ImageObject","inLanguage":"fr-FR","@id":"https:\/\/alexandrecenis.com\/index.php\/2021\/05\/06\/cest-fort-de-cafe-2\/#primaryimage","url":"https:\/\/alexandrecenis.com\/wp-content\/uploads\/2021\/05\/nescafe-tasse-masque-2.jpeg","contentUrl":"https:\/\/alexandrecenis.com\/wp-content\/uploads\/2021\/05\/nescafe-tasse-masque-2.jpeg","width":900,"height":1002},{"@type":"BreadcrumbList","@id":"https:\/\/alexandrecenis.com\/index.php\/2021\/05\/06\/cest-fort-de-cafe-2\/#breadcrumb","itemListElement":[{"@type":"ListItem","position":1,"name":"Home","item":"https:\/\/alexandrecenis.com\/"},{"@type":"ListItem","position":2,"name":"C&rsquo;est fort de caf\u00e9"}]},{"@type":"WebSite","@id":"https:\/\/alexandrecenis.com\/#website","url":"https:\/\/alexandrecenis.com\/","name":"Alexandre Cenis","description":"Intelligence Cr\u00e9ative","potentialAction":[{"@type":"SearchAction","target":{"@type":"EntryPoint","urlTemplate":"https:\/\/alexandrecenis.com\/?s={search_term_string}"},"query-input":{"@type":"PropertyValueSpecification","valueRequired":true,"valueName":"search_term_string"}}],"inLanguage":"fr-FR"},{"@type":"Person","@id":"https:\/\/alexandrecenis.com\/#\/schema\/person\/cb034178deaf60a8602f9c700c5b1c83","name":"admin8497","image":{"@type":"ImageObject","inLanguage":"fr-FR","@id":"https:\/\/secure.gravatar.com\/avatar\/9586a1b4e51047e1977e647153ddd075f143e741c8e5ba4d03f6cfa4c61126fd?s=96&d=mm&r=g","url":"https:\/\/secure.gravatar.com\/avatar\/9586a1b4e51047e1977e647153ddd075f143e741c8e5ba4d03f6cfa4c61126fd?s=96&d=mm&r=g","contentUrl":"https:\/\/secure.gravatar.com\/avatar\/9586a1b4e51047e1977e647153ddd075f143e741c8e5ba4d03f6cfa4c61126fd?s=96&d=mm&r=g","caption":"admin8497"},"url":"https:\/\/alexandrecenis.com\/index.php\/author\/admin8497\/"}]}},"_links":{"self":[{"href":"https:\/\/alexandrecenis.com\/index.php\/wp-json\/wp\/v2\/posts\/3706","targetHints":{"allow":["GET"]}}],"collection":[{"href":"https:\/\/alexandrecenis.com\/index.php\/wp-json\/wp\/v2\/posts"}],"about":[{"href":"https:\/\/alexandrecenis.com\/index.php\/wp-json\/wp\/v2\/types\/post"}],"author":[{"embeddable":true,"href":"https:\/\/alexandrecenis.com\/index.php\/wp-json\/wp\/v2\/users\/1"}],"replies":[{"embeddable":true,"href":"https:\/\/alexandrecenis.com\/index.php\/wp-json\/wp\/v2\/comments?post=3706"}],"version-history":[{"count":3,"href":"https:\/\/alexandrecenis.com\/index.php\/wp-json\/wp\/v2\/posts\/3706\/revisions"}],"predecessor-version":[{"id":3717,"href":"https:\/\/alexandrecenis.com\/index.php\/wp-json\/wp\/v2\/posts\/3706\/revisions\/3717"}],"wp:featuredmedia":[{"embeddable":true,"href":"https:\/\/alexandrecenis.com\/index.php\/wp-json\/wp\/v2\/media\/3708"}],"wp:attachment":[{"href":"https:\/\/alexandrecenis.com\/index.php\/wp-json\/wp\/v2\/media?parent=3706"}],"wp:term":[{"taxonomy":"category","embeddable":true,"href":"https:\/\/alexandrecenis.com\/index.php\/wp-json\/wp\/v2\/categories?post=3706"},{"taxonomy":"post_tag","embeddable":true,"href":"https:\/\/alexandrecenis.com\/index.php\/wp-json\/wp\/v2\/tags?post=3706"}],"curies":[{"name":"wp","href":"https:\/\/api.w.org\/{rel}","templated":true}]}}