{"id":3670,"date":"2021-05-03T06:23:23","date_gmt":"2021-05-03T04:23:23","guid":{"rendered":"https:\/\/alexandrecenis.com\/?p=3670"},"modified":"2021-05-03T06:23:23","modified_gmt":"2021-05-03T04:23:23","slug":"une-bonne-idee-a-recycler","status":"publish","type":"post","link":"https:\/\/alexandrecenis.com\/index.php\/2021\/05\/03\/une-bonne-idee-a-recycler\/","title":{"rendered":"Une bonne id\u00e9e \u00e0 recycler"},"content":{"rendered":"<p style=\"text-align: justify;\">Bien le bonjour le monde digital ! Recupel est une organisation belge charg\u00e9e de la collecte et du recyclage d\u2019appareils \u00e9lectriques et \u00e9lectroniques. Lors de sa derni\u00e8re \u00e9tude, l\u2019association estime que <strong>9 millions d\u2019appareils \u00e9lectroniques cass\u00e9s<\/strong> seraient en train de prendre la poussi\u00e8re chez les m\u00e9nages belges.<\/p>\n<p><img loading=\"lazy\" decoding=\"async\" class=\"aligncenter wp-image-3674\" src=\"https:\/\/alexandrecenis.com\/wp-content\/uploads\/2021\/05\/1.png\" alt=\"\" width=\"1024\" height=\"681\" srcset=\"https:\/\/alexandrecenis.com\/wp-content\/uploads\/2021\/05\/1.png 1024w, https:\/\/alexandrecenis.com\/wp-content\/uploads\/2021\/05\/1-480x319.png 480w\" sizes=\"(min-width: 0px) and (max-width: 480px) 480px, (min-width: 481px) 1024px, 100vw\" \/><\/p>\n<p style=\"text-align: justify;\">Eric Dewaet, CEO de l\u2019organisation, explique pourquoi il est n\u00e9cessaire de r\u00e9duire ce nombre :\u00a0\u201cEn rapportant ces appareils cass\u00e9s dans un point Recupel, vous ne lib\u00e9rez pas seulement de la place. Vous contribuez aussi \u00e0 la pr\u00e9servation de l\u2019environnement en donnant une nouvelle vie \u00e0 vos appareils cass\u00e9s. Le recyclage permet en effet de r\u00e9utiliser les mati\u00e8res premi\u00e8res extraites de ces appareils, par exemple pour fabriquer de nouveaux appareils.\u201d<\/p>\n<p><img loading=\"lazy\" decoding=\"async\" class=\"aligncenter wp-image-3672 size-large\" src=\"https:\/\/alexandrecenis.com\/wp-content\/uploads\/2021\/05\/mortierbrigade-recupel-3-1024x680.jpg\" alt=\"\" width=\"1024\" height=\"680\" srcset=\"https:\/\/alexandrecenis.com\/wp-content\/uploads\/2021\/05\/mortierbrigade-recupel-3-980x651.jpg 980w, https:\/\/alexandrecenis.com\/wp-content\/uploads\/2021\/05\/mortierbrigade-recupel-3-480x319.jpg 480w\" sizes=\"(min-width: 0px) and (max-width: 480px) 480px, (min-width: 481px) and (max-width: 980px) 980px, (min-width: 981px) 1024px, 100vw\" \/><\/p>\n<p style=\"text-align: justify;\">Pour alerter sur cette probl\u00e9matique, Recupel et l\u2019agence\u00a0mortierbrigade\u00a0ont mis en place une action plut\u00f4t inattendue. Lors d\u2019un match de football opposant le\u00a0FC Bruges\u00a0\u00e0 l\u2019Excel Mouscron, les tribunes vides depuis des mois en raison du coronavirus affichaient cette fois-ci complet.<\/p>\n<p style=\"text-align: justify;\">En effet, Recupel et mortierbrigade ont d\u00e9cid\u00e9 de remplir le stade Jan Breydel avec des centaines d\u2019appareils \u00e9lectrom\u00e9nagers cass\u00e9s pour sensibiliser \u00e0 leur recyclage. Les nouveaux supporters ont \u00e9videmment leur propre banderole sur laquelle on peut lire que les 9 millions d\u2019appareils \u00e9lectroniques cass\u00e9s et non utilis\u00e9s pourraient remplir les tribunes de 300 stades de football comme le stade Jan Breydel.<\/p>\n<p><img loading=\"lazy\" decoding=\"async\" class=\"aligncenter wp-image-3671 size-large\" src=\"https:\/\/alexandrecenis.com\/wp-content\/uploads\/2021\/05\/mortierbrigade-recupel-2-1024x681.jpg\" alt=\"\" width=\"1024\" height=\"681\" srcset=\"https:\/\/alexandrecenis.com\/wp-content\/uploads\/2021\/05\/mortierbrigade-recupel-2-980x652.jpg 980w, https:\/\/alexandrecenis.com\/wp-content\/uploads\/2021\/05\/mortierbrigade-recupel-2-480x319.jpg 480w\" sizes=\"(min-width: 0px) and (max-width: 480px) 480px, (min-width: 481px) and (max-width: 980px) 980px, (min-width: 981px) 1024px, 100vw\" \/><\/p>\n<p style=\"text-align: justify;\">Une action qui n\u2019aurait jamais vu le jour sans l\u2019aide du Club de Bruges :\u00a0\u201cMalheureusement, nous devons toujours nous passer de nos fid\u00e8les supporters au stade Jan Breydel. Mais ces tribunes vides nous offrent aujourd\u2019hui l\u2019opportunit\u00e9 de soutenir Recupel dans cette campagne. Ces derni\u00e8res d\u00e9cennies, le Club de Bruges est devenu un grand club durable. Avec Recupel, nous voulons lancer la contre-attaque contre la d\u00e9t\u00e9rioration de l\u2019environnement et encourager nos nombreux supporters \u00e0 rapporter massivement leur \u00e9lectro cass\u00e9\u201d\u00a0explique le club dans un communiqu\u00e9.<\/p>\n<p><img loading=\"lazy\" decoding=\"async\" class=\"aligncenter wp-image-3673 size-large\" src=\"https:\/\/alexandrecenis.com\/wp-content\/uploads\/2021\/05\/mortierbrigade-recupel-4-1024x684.jpg\" alt=\"\" width=\"1024\" height=\"684\" srcset=\"https:\/\/alexandrecenis.com\/wp-content\/uploads\/2021\/05\/mortierbrigade-recupel-4-980x655.jpg 980w, https:\/\/alexandrecenis.com\/wp-content\/uploads\/2021\/05\/mortierbrigade-recupel-4-480x321.jpg 480w\" sizes=\"(min-width: 0px) and (max-width: 480px) 480px, (min-width: 481px) and (max-width: 980px) 980px, (min-width: 981px) 1024px, 100vw\" \/><\/p>\n<p style=\"text-align: justify;\">Impactante et particuli\u00e8rement efficace, cette action a b\u00e9n\u00e9fici\u00e9 d\u2019une large couverture m\u00e9diatique, y compris dans les journaux t\u00e9l\u00e9vis\u00e9s. De quoi esp\u00e9rer faire miroiter aux\u00a0 Belges le titre de champions du monde du recyclage (\u00e0 d\u00e9faut d\u2019\u00eatre champion du monde de football).<\/p>\n<p style=\"text-align: center;\"><iframe loading=\"lazy\" title=\"vimeo-player\" src=\"https:\/\/player.vimeo.com\/video\/538772669\" width=\"640\" height=\"360\" frameborder=\"0\" allowfullscreen=\"allowfullscreen\"><\/iframe><\/p>\n","protected":false},"excerpt":{"rendered":"<p>Bien le bonjour le monde digital ! Recupel est une organisation belge charg\u00e9e de la collecte et du recyclage d\u2019appareils \u00e9lectriques et \u00e9lectroniques. Lors de sa derni\u00e8re \u00e9tude, l\u2019association estime que 9 millions d\u2019appareils \u00e9lectroniques cass\u00e9s seraient en train de prendre la poussi\u00e8re chez les m\u00e9nages belges. Eric Dewaet, CEO de l\u2019organisation, explique pourquoi il [&hellip;]<\/p>\n","protected":false},"author":1,"featured_media":3673,"comment_status":"closed","ping_status":"open","sticky":false,"template":"","format":"standard","meta":{"_et_pb_use_builder":"","_et_pb_old_content":"","_et_gb_content_width":"","footnotes":""},"categories":[113,4],"tags":[1354,1353,1113,1356,1352,1351,802,1355],"class_list":["post-3670","post","type-post","status-publish","format-standard","has-post-thumbnail","hentry","category-communication","category-marketing","tag-excel-mouscron","tag-fc-bruges","tag-football","tag-match-de-foot","tag-mortierbrigade","tag-recupel","tag-recyclage","tag-stade-jan-breydel"],"yoast_head":"<!-- This site is optimized with the Yoast SEO plugin v27.3 - https:\/\/yoast.com\/product\/yoast-seo-wordpress\/ -->\n<title>Une bonne id\u00e9e \u00e0 recycler - Alexandre Cenis<\/title>\n<meta name=\"robots\" content=\"index, follow, max-snippet:-1, max-image-preview:large, max-video-preview:-1\" \/>\n<link rel=\"canonical\" href=\"https:\/\/alexandrecenis.com\/index.php\/2021\/05\/03\/une-bonne-idee-a-recycler\/\" \/>\n<meta property=\"og:locale\" content=\"fr_FR\" \/>\n<meta property=\"og:type\" content=\"article\" \/>\n<meta property=\"og:title\" content=\"Une bonne id\u00e9e \u00e0 recycler - Alexandre Cenis\" \/>\n<meta property=\"og:description\" content=\"Bien le bonjour le monde digital ! Recupel est une organisation belge charg\u00e9e de la collecte et du recyclage d\u2019appareils \u00e9lectriques et \u00e9lectroniques. Lors de sa derni\u00e8re \u00e9tude, l\u2019association estime que 9 millions d\u2019appareils \u00e9lectroniques cass\u00e9s seraient en train de prendre la poussi\u00e8re chez les m\u00e9nages belges. Eric Dewaet, CEO de l\u2019organisation, explique pourquoi il [&hellip;]\" \/>\n<meta property=\"og:url\" content=\"https:\/\/alexandrecenis.com\/index.php\/2021\/05\/03\/une-bonne-idee-a-recycler\/\" \/>\n<meta property=\"og:site_name\" content=\"Alexandre Cenis\" \/>\n<meta property=\"article:published_time\" content=\"2021-05-03T04:23:23+00:00\" \/>\n<meta property=\"og:image\" content=\"https:\/\/alexandrecenis.com\/wp-content\/uploads\/2021\/05\/mortierbrigade-recupel-4.jpg\" \/>\n\t<meta property=\"og:image:width\" content=\"1600\" \/>\n\t<meta property=\"og:image:height\" content=\"1069\" \/>\n\t<meta property=\"og:image:type\" content=\"image\/jpeg\" \/>\n<meta name=\"author\" content=\"admin8497\" \/>\n<meta name=\"twitter:card\" content=\"summary_large_image\" \/>\n<meta name=\"twitter:creator\" content=\"@alexandrecenis\" \/>\n<meta name=\"twitter:site\" content=\"@alexandrecenis\" \/>\n<meta name=\"twitter:label1\" content=\"\u00c9crit par\" \/>\n\t<meta name=\"twitter:data1\" content=\"admin8497\" \/>\n\t<meta name=\"twitter:label2\" content=\"Dur\u00e9e de lecture estim\u00e9e\" \/>\n\t<meta name=\"twitter:data2\" content=\"3 minutes\" \/>\n<script type=\"application\/ld+json\" class=\"yoast-schema-graph\">{\"@context\":\"https:\\\/\\\/schema.org\",\"@graph\":[{\"@type\":\"Article\",\"@id\":\"https:\\\/\\\/alexandrecenis.com\\\/index.php\\\/2021\\\/05\\\/03\\\/une-bonne-idee-a-recycler\\\/#article\",\"isPartOf\":{\"@id\":\"https:\\\/\\\/alexandrecenis.com\\\/index.php\\\/2021\\\/05\\\/03\\\/une-bonne-idee-a-recycler\\\/\"},\"author\":{\"name\":\"admin8497\",\"@id\":\"https:\\\/\\\/alexandrecenis.com\\\/#\\\/schema\\\/person\\\/cb034178deaf60a8602f9c700c5b1c83\"},\"headline\":\"Une bonne id\u00e9e \u00e0 recycler\",\"datePublished\":\"2021-05-03T04:23:23+00:00\",\"mainEntityOfPage\":{\"@id\":\"https:\\\/\\\/alexandrecenis.com\\\/index.php\\\/2021\\\/05\\\/03\\\/une-bonne-idee-a-recycler\\\/\"},\"wordCount\":392,\"image\":{\"@id\":\"https:\\\/\\\/alexandrecenis.com\\\/index.php\\\/2021\\\/05\\\/03\\\/une-bonne-idee-a-recycler\\\/#primaryimage\"},\"thumbnailUrl\":\"https:\\\/\\\/alexandrecenis.com\\\/wp-content\\\/uploads\\\/2021\\\/05\\\/mortierbrigade-recupel-4.jpg\",\"keywords\":[\"Excel Mouscron\",\"FC Bruges\",\"football\",\"match de foot\",\"mortierbrigade\",\"Recupel\",\"recyclage\",\"stade Jan Breydel\"],\"articleSection\":[\"Communication\",\"Marketing\"],\"inLanguage\":\"fr-FR\"},{\"@type\":\"WebPage\",\"@id\":\"https:\\\/\\\/alexandrecenis.com\\\/index.php\\\/2021\\\/05\\\/03\\\/une-bonne-idee-a-recycler\\\/\",\"url\":\"https:\\\/\\\/alexandrecenis.com\\\/index.php\\\/2021\\\/05\\\/03\\\/une-bonne-idee-a-recycler\\\/\",\"name\":\"Une bonne id\u00e9e \u00e0 recycler - Alexandre Cenis\",\"isPartOf\":{\"@id\":\"https:\\\/\\\/alexandrecenis.com\\\/#website\"},\"primaryImageOfPage\":{\"@id\":\"https:\\\/\\\/alexandrecenis.com\\\/index.php\\\/2021\\\/05\\\/03\\\/une-bonne-idee-a-recycler\\\/#primaryimage\"},\"image\":{\"@id\":\"https:\\\/\\\/alexandrecenis.com\\\/index.php\\\/2021\\\/05\\\/03\\\/une-bonne-idee-a-recycler\\\/#primaryimage\"},\"thumbnailUrl\":\"https:\\\/\\\/alexandrecenis.com\\\/wp-content\\\/uploads\\\/2021\\\/05\\\/mortierbrigade-recupel-4.jpg\",\"datePublished\":\"2021-05-03T04:23:23+00:00\",\"author\":{\"@id\":\"https:\\\/\\\/alexandrecenis.com\\\/#\\\/schema\\\/person\\\/cb034178deaf60a8602f9c700c5b1c83\"},\"breadcrumb\":{\"@id\":\"https:\\\/\\\/alexandrecenis.com\\\/index.php\\\/2021\\\/05\\\/03\\\/une-bonne-idee-a-recycler\\\/#breadcrumb\"},\"inLanguage\":\"fr-FR\",\"potentialAction\":[{\"@type\":\"ReadAction\",\"target\":[\"https:\\\/\\\/alexandrecenis.com\\\/index.php\\\/2021\\\/05\\\/03\\\/une-bonne-idee-a-recycler\\\/\"]}]},{\"@type\":\"ImageObject\",\"inLanguage\":\"fr-FR\",\"@id\":\"https:\\\/\\\/alexandrecenis.com\\\/index.php\\\/2021\\\/05\\\/03\\\/une-bonne-idee-a-recycler\\\/#primaryimage\",\"url\":\"https:\\\/\\\/alexandrecenis.com\\\/wp-content\\\/uploads\\\/2021\\\/05\\\/mortierbrigade-recupel-4.jpg\",\"contentUrl\":\"https:\\\/\\\/alexandrecenis.com\\\/wp-content\\\/uploads\\\/2021\\\/05\\\/mortierbrigade-recupel-4.jpg\",\"width\":1600,\"height\":1069},{\"@type\":\"BreadcrumbList\",\"@id\":\"https:\\\/\\\/alexandrecenis.com\\\/index.php\\\/2021\\\/05\\\/03\\\/une-bonne-idee-a-recycler\\\/#breadcrumb\",\"itemListElement\":[{\"@type\":\"ListItem\",\"position\":1,\"name\":\"Home\",\"item\":\"https:\\\/\\\/alexandrecenis.com\\\/\"},{\"@type\":\"ListItem\",\"position\":2,\"name\":\"Une bonne id\u00e9e \u00e0 recycler\"}]},{\"@type\":\"WebSite\",\"@id\":\"https:\\\/\\\/alexandrecenis.com\\\/#website\",\"url\":\"https:\\\/\\\/alexandrecenis.com\\\/\",\"name\":\"Alexandre Cenis\",\"description\":\"Intelligence Cr\u00e9ative\",\"potentialAction\":[{\"@type\":\"SearchAction\",\"target\":{\"@type\":\"EntryPoint\",\"urlTemplate\":\"https:\\\/\\\/alexandrecenis.com\\\/?s={search_term_string}\"},\"query-input\":{\"@type\":\"PropertyValueSpecification\",\"valueRequired\":true,\"valueName\":\"search_term_string\"}}],\"inLanguage\":\"fr-FR\"},{\"@type\":\"Person\",\"@id\":\"https:\\\/\\\/alexandrecenis.com\\\/#\\\/schema\\\/person\\\/cb034178deaf60a8602f9c700c5b1c83\",\"name\":\"admin8497\",\"image\":{\"@type\":\"ImageObject\",\"inLanguage\":\"fr-FR\",\"@id\":\"https:\\\/\\\/secure.gravatar.com\\\/avatar\\\/9586a1b4e51047e1977e647153ddd075f143e741c8e5ba4d03f6cfa4c61126fd?s=96&d=mm&r=g\",\"url\":\"https:\\\/\\\/secure.gravatar.com\\\/avatar\\\/9586a1b4e51047e1977e647153ddd075f143e741c8e5ba4d03f6cfa4c61126fd?s=96&d=mm&r=g\",\"contentUrl\":\"https:\\\/\\\/secure.gravatar.com\\\/avatar\\\/9586a1b4e51047e1977e647153ddd075f143e741c8e5ba4d03f6cfa4c61126fd?s=96&d=mm&r=g\",\"caption\":\"admin8497\"},\"url\":\"https:\\\/\\\/alexandrecenis.com\\\/index.php\\\/author\\\/admin8497\\\/\"}]}<\/script>\n<!-- \/ Yoast SEO plugin. -->","yoast_head_json":{"title":"Une bonne id\u00e9e \u00e0 recycler - Alexandre Cenis","robots":{"index":"index","follow":"follow","max-snippet":"max-snippet:-1","max-image-preview":"max-image-preview:large","max-video-preview":"max-video-preview:-1"},"canonical":"https:\/\/alexandrecenis.com\/index.php\/2021\/05\/03\/une-bonne-idee-a-recycler\/","og_locale":"fr_FR","og_type":"article","og_title":"Une bonne id\u00e9e \u00e0 recycler - Alexandre Cenis","og_description":"Bien le bonjour le monde digital ! Recupel est une organisation belge charg\u00e9e de la collecte et du recyclage d\u2019appareils \u00e9lectriques et \u00e9lectroniques. Lors de sa derni\u00e8re \u00e9tude, l\u2019association estime que 9 millions d\u2019appareils \u00e9lectroniques cass\u00e9s seraient en train de prendre la poussi\u00e8re chez les m\u00e9nages belges. Eric Dewaet, CEO de l\u2019organisation, explique pourquoi il [&hellip;]","og_url":"https:\/\/alexandrecenis.com\/index.php\/2021\/05\/03\/une-bonne-idee-a-recycler\/","og_site_name":"Alexandre Cenis","article_published_time":"2021-05-03T04:23:23+00:00","og_image":[{"width":1600,"height":1069,"url":"https:\/\/alexandrecenis.com\/wp-content\/uploads\/2021\/05\/mortierbrigade-recupel-4.jpg","type":"image\/jpeg"}],"author":"admin8497","twitter_card":"summary_large_image","twitter_creator":"@alexandrecenis","twitter_site":"@alexandrecenis","twitter_misc":{"\u00c9crit par":"admin8497","Dur\u00e9e de lecture estim\u00e9e":"3 minutes"},"schema":{"@context":"https:\/\/schema.org","@graph":[{"@type":"Article","@id":"https:\/\/alexandrecenis.com\/index.php\/2021\/05\/03\/une-bonne-idee-a-recycler\/#article","isPartOf":{"@id":"https:\/\/alexandrecenis.com\/index.php\/2021\/05\/03\/une-bonne-idee-a-recycler\/"},"author":{"name":"admin8497","@id":"https:\/\/alexandrecenis.com\/#\/schema\/person\/cb034178deaf60a8602f9c700c5b1c83"},"headline":"Une bonne id\u00e9e \u00e0 recycler","datePublished":"2021-05-03T04:23:23+00:00","mainEntityOfPage":{"@id":"https:\/\/alexandrecenis.com\/index.php\/2021\/05\/03\/une-bonne-idee-a-recycler\/"},"wordCount":392,"image":{"@id":"https:\/\/alexandrecenis.com\/index.php\/2021\/05\/03\/une-bonne-idee-a-recycler\/#primaryimage"},"thumbnailUrl":"https:\/\/alexandrecenis.com\/wp-content\/uploads\/2021\/05\/mortierbrigade-recupel-4.jpg","keywords":["Excel Mouscron","FC Bruges","football","match de foot","mortierbrigade","Recupel","recyclage","stade Jan Breydel"],"articleSection":["Communication","Marketing"],"inLanguage":"fr-FR"},{"@type":"WebPage","@id":"https:\/\/alexandrecenis.com\/index.php\/2021\/05\/03\/une-bonne-idee-a-recycler\/","url":"https:\/\/alexandrecenis.com\/index.php\/2021\/05\/03\/une-bonne-idee-a-recycler\/","name":"Une bonne id\u00e9e \u00e0 recycler - Alexandre Cenis","isPartOf":{"@id":"https:\/\/alexandrecenis.com\/#website"},"primaryImageOfPage":{"@id":"https:\/\/alexandrecenis.com\/index.php\/2021\/05\/03\/une-bonne-idee-a-recycler\/#primaryimage"},"image":{"@id":"https:\/\/alexandrecenis.com\/index.php\/2021\/05\/03\/une-bonne-idee-a-recycler\/#primaryimage"},"thumbnailUrl":"https:\/\/alexandrecenis.com\/wp-content\/uploads\/2021\/05\/mortierbrigade-recupel-4.jpg","datePublished":"2021-05-03T04:23:23+00:00","author":{"@id":"https:\/\/alexandrecenis.com\/#\/schema\/person\/cb034178deaf60a8602f9c700c5b1c83"},"breadcrumb":{"@id":"https:\/\/alexandrecenis.com\/index.php\/2021\/05\/03\/une-bonne-idee-a-recycler\/#breadcrumb"},"inLanguage":"fr-FR","potentialAction":[{"@type":"ReadAction","target":["https:\/\/alexandrecenis.com\/index.php\/2021\/05\/03\/une-bonne-idee-a-recycler\/"]}]},{"@type":"ImageObject","inLanguage":"fr-FR","@id":"https:\/\/alexandrecenis.com\/index.php\/2021\/05\/03\/une-bonne-idee-a-recycler\/#primaryimage","url":"https:\/\/alexandrecenis.com\/wp-content\/uploads\/2021\/05\/mortierbrigade-recupel-4.jpg","contentUrl":"https:\/\/alexandrecenis.com\/wp-content\/uploads\/2021\/05\/mortierbrigade-recupel-4.jpg","width":1600,"height":1069},{"@type":"BreadcrumbList","@id":"https:\/\/alexandrecenis.com\/index.php\/2021\/05\/03\/une-bonne-idee-a-recycler\/#breadcrumb","itemListElement":[{"@type":"ListItem","position":1,"name":"Home","item":"https:\/\/alexandrecenis.com\/"},{"@type":"ListItem","position":2,"name":"Une bonne id\u00e9e \u00e0 recycler"}]},{"@type":"WebSite","@id":"https:\/\/alexandrecenis.com\/#website","url":"https:\/\/alexandrecenis.com\/","name":"Alexandre Cenis","description":"Intelligence Cr\u00e9ative","potentialAction":[{"@type":"SearchAction","target":{"@type":"EntryPoint","urlTemplate":"https:\/\/alexandrecenis.com\/?s={search_term_string}"},"query-input":{"@type":"PropertyValueSpecification","valueRequired":true,"valueName":"search_term_string"}}],"inLanguage":"fr-FR"},{"@type":"Person","@id":"https:\/\/alexandrecenis.com\/#\/schema\/person\/cb034178deaf60a8602f9c700c5b1c83","name":"admin8497","image":{"@type":"ImageObject","inLanguage":"fr-FR","@id":"https:\/\/secure.gravatar.com\/avatar\/9586a1b4e51047e1977e647153ddd075f143e741c8e5ba4d03f6cfa4c61126fd?s=96&d=mm&r=g","url":"https:\/\/secure.gravatar.com\/avatar\/9586a1b4e51047e1977e647153ddd075f143e741c8e5ba4d03f6cfa4c61126fd?s=96&d=mm&r=g","contentUrl":"https:\/\/secure.gravatar.com\/avatar\/9586a1b4e51047e1977e647153ddd075f143e741c8e5ba4d03f6cfa4c61126fd?s=96&d=mm&r=g","caption":"admin8497"},"url":"https:\/\/alexandrecenis.com\/index.php\/author\/admin8497\/"}]}},"_links":{"self":[{"href":"https:\/\/alexandrecenis.com\/index.php\/wp-json\/wp\/v2\/posts\/3670","targetHints":{"allow":["GET"]}}],"collection":[{"href":"https:\/\/alexandrecenis.com\/index.php\/wp-json\/wp\/v2\/posts"}],"about":[{"href":"https:\/\/alexandrecenis.com\/index.php\/wp-json\/wp\/v2\/types\/post"}],"author":[{"embeddable":true,"href":"https:\/\/alexandrecenis.com\/index.php\/wp-json\/wp\/v2\/users\/1"}],"replies":[{"embeddable":true,"href":"https:\/\/alexandrecenis.com\/index.php\/wp-json\/wp\/v2\/comments?post=3670"}],"version-history":[{"count":3,"href":"https:\/\/alexandrecenis.com\/index.php\/wp-json\/wp\/v2\/posts\/3670\/revisions"}],"predecessor-version":[{"id":3677,"href":"https:\/\/alexandrecenis.com\/index.php\/wp-json\/wp\/v2\/posts\/3670\/revisions\/3677"}],"wp:featuredmedia":[{"embeddable":true,"href":"https:\/\/alexandrecenis.com\/index.php\/wp-json\/wp\/v2\/media\/3673"}],"wp:attachment":[{"href":"https:\/\/alexandrecenis.com\/index.php\/wp-json\/wp\/v2\/media?parent=3670"}],"wp:term":[{"taxonomy":"category","embeddable":true,"href":"https:\/\/alexandrecenis.com\/index.php\/wp-json\/wp\/v2\/categories?post=3670"},{"taxonomy":"post_tag","embeddable":true,"href":"https:\/\/alexandrecenis.com\/index.php\/wp-json\/wp\/v2\/tags?post=3670"}],"curies":[{"name":"wp","href":"https:\/\/api.w.org\/{rel}","templated":true}]}}