{"id":3589,"date":"2021-04-08T08:13:33","date_gmt":"2021-04-08T06:13:33","guid":{"rendered":"https:\/\/alexandrecenis.com\/?p=3589"},"modified":"2021-04-08T08:13:33","modified_gmt":"2021-04-08T06:13:33","slug":"avec-volvo-cest-crash","status":"publish","type":"post","link":"https:\/\/alexandrecenis.com\/index.php\/2021\/04\/08\/avec-volvo-cest-crash\/","title":{"rendered":"Avec Volvo c&rsquo;est crash"},"content":{"rendered":"<p style=\"text-align: justify;\">Bien le bonjour le monde digital ! La derni\u00e8re publicit\u00e9 de Volvo vaut le d\u00e9tour. La c\u00e9l\u00e8bre marque automobile su\u00e9doise a collabor\u00e9 avec l\u2019agence anglaise Grey pour d\u00e9voiler une pub cr\u00e9ative d\u2019une minute dans laquelle elle pr\u00e9sente le test de s\u00e9curit\u00e9 ultime que tous les v\u00e9hicules doivent passer. Il faut dire que Volvo communique depuis longtemps sur la s\u00e9curit\u00e9 automobile. Un des principaux axes marketing de la marque, d\u00e9voil\u00e9 en 2015, \u00e9tait notamment cette promesse de \u201cz\u00e9ro mort sur les routes au volant d\u2019une Volvo d\u2019ici \u00e0 2020\u201d.<\/p>\n<p><img loading=\"lazy\" decoding=\"async\" class=\"aligncenter wp-image-3591 size-full\" src=\"https:\/\/alexandrecenis.com\/wp-content\/uploads\/2021\/04\/1-1.png\" alt=\"\" width=\"491\" height=\"412\" srcset=\"https:\/\/alexandrecenis.com\/wp-content\/uploads\/2021\/04\/1-1.png 491w, https:\/\/alexandrecenis.com\/wp-content\/uploads\/2021\/04\/1-1-480x403.png 480w\" sizes=\"(min-width: 0px) and (max-width: 480px) 480px, (min-width: 481px) 491px, 100vw\" \/><\/p>\n<p><img loading=\"lazy\" decoding=\"async\" class=\"aligncenter wp-image-3592 size-full\" src=\"https:\/\/alexandrecenis.com\/wp-content\/uploads\/2021\/04\/2-2.png\" alt=\"\" width=\"487\" height=\"419\" srcset=\"https:\/\/alexandrecenis.com\/wp-content\/uploads\/2021\/04\/2-2.png 487w, https:\/\/alexandrecenis.com\/wp-content\/uploads\/2021\/04\/2-2-480x413.png 480w\" sizes=\"(min-width: 0px) and (max-width: 480px) 480px, (min-width: 481px) 487px, 100vw\" \/><\/p>\n<p style=\"text-align: justify;\">Une expertise de la s\u00e9curit\u00e9 qui fait partie de l\u2019ADN de la marque depuis ses d\u00e9buts : rappelons (pour l\u2019anecdote et la culture g\u00e9n\u00e9rale) que c\u2019est Volvo qui a mis au point la ceinture de s\u00e9curit\u00e9 moderne, \u00e0 3 points d\u2019ancrage, en 1960 avant de laisser ce brevet libre de droit pour que tous les constructeurs en profitent.<\/p>\n<p><img loading=\"lazy\" decoding=\"async\" class=\"aligncenter wp-image-3593 size-full\" src=\"https:\/\/alexandrecenis.com\/wp-content\/uploads\/2021\/04\/3-1.png\" alt=\"\" width=\"504\" height=\"429\" srcset=\"https:\/\/alexandrecenis.com\/wp-content\/uploads\/2021\/04\/3-1.png 504w, https:\/\/alexandrecenis.com\/wp-content\/uploads\/2021\/04\/3-1-480x409.png 480w\" sizes=\"(min-width: 0px) and (max-width: 480px) 480px, (min-width: 481px) 504px, 100vw\" \/><\/p>\n<p><img loading=\"lazy\" decoding=\"async\" class=\"aligncenter wp-image-3594 size-full\" src=\"https:\/\/alexandrecenis.com\/wp-content\/uploads\/2021\/04\/4-1.png\" alt=\"\" width=\"500\" height=\"425\" srcset=\"https:\/\/alexandrecenis.com\/wp-content\/uploads\/2021\/04\/4-1.png 500w, https:\/\/alexandrecenis.com\/wp-content\/uploads\/2021\/04\/4-1-480x408.png 480w\" sizes=\"(min-width: 0px) and (max-width: 480px) 480px, (min-width: 481px) 500px, 100vw\" \/><\/p>\n<p style=\"text-align: justify;\">Un amour pour la s\u00e9curit\u00e9 qui se poursuit en 2021 avec la pr\u00e9sentation de ce test ultime. On y d\u00e9couvre Bjorn, un su\u00e9dois fier de nous pr\u00e9senter les diff\u00e9rentes \u00e9preuves que les v\u00e9hicules subissent pour assurer notre s\u00e9curit\u00e9. Bien \u00e9videmment, tout ne va pas se passer comme pr\u00e9vu\u2026Cette publicit\u00e9 a \u00e9t\u00e9 trouv\u00e9e sur le tr\u00e8s bon site www.creapills.com \ud83d\ude42<\/p>\n<p style=\"text-align: center;\"><iframe loading=\"lazy\" title=\"YouTube video player\" src=\"https:\/\/www.youtube.com\/embed\/w2gCtP6g0oc\" width=\"560\" height=\"315\" frameborder=\"0\" allowfullscreen=\"allowfullscreen\"><\/iframe><\/p>\n","protected":false},"excerpt":{"rendered":"<p>Bien le bonjour le monde digital ! La derni\u00e8re publicit\u00e9 de Volvo vaut le d\u00e9tour. La c\u00e9l\u00e8bre marque automobile su\u00e9doise a collabor\u00e9 avec l\u2019agence anglaise Grey pour d\u00e9voiler une pub cr\u00e9ative d\u2019une minute dans laquelle elle pr\u00e9sente le test de s\u00e9curit\u00e9 ultime que tous les v\u00e9hicules doivent passer. Il faut dire que Volvo communique depuis [&hellip;]<\/p>\n","protected":false},"author":1,"featured_media":3596,"comment_status":"closed","ping_status":"open","sticky":false,"template":"","format":"standard","meta":{"_et_pb_use_builder":"","_et_pb_old_content":"","_et_gb_content_width":"","footnotes":""},"categories":[113,4,2],"tags":[1308,1306,419,1303,1304,1309,674,1307,1305,1302],"class_list":["post-3589","post","type-post","status-publish","format-standard","has-post-thumbnail","hentry","category-communication","category-marketing","category-publicite","tag-banquise","tag-ceinture-de-securite","tag-climat","tag-crash-test","tag-grey","tag-iceberg","tag-rechauffement-climatique","tag-securite","tag-test-de-securite","tag-volvo"],"yoast_head":"<!-- This site is optimized with the Yoast SEO plugin v27.3 - https:\/\/yoast.com\/product\/yoast-seo-wordpress\/ -->\n<title>Avec Volvo c&#039;est crash - Alexandre Cenis<\/title>\n<meta name=\"robots\" content=\"index, follow, max-snippet:-1, max-image-preview:large, max-video-preview:-1\" \/>\n<link rel=\"canonical\" href=\"https:\/\/alexandrecenis.com\/index.php\/2021\/04\/08\/avec-volvo-cest-crash\/\" \/>\n<meta property=\"og:locale\" content=\"fr_FR\" \/>\n<meta property=\"og:type\" content=\"article\" \/>\n<meta property=\"og:title\" content=\"Avec Volvo c&#039;est crash - Alexandre Cenis\" \/>\n<meta property=\"og:description\" content=\"Bien le bonjour le monde digital ! La derni\u00e8re publicit\u00e9 de Volvo vaut le d\u00e9tour. La c\u00e9l\u00e8bre marque automobile su\u00e9doise a collabor\u00e9 avec l\u2019agence anglaise Grey pour d\u00e9voiler une pub cr\u00e9ative d\u2019une minute dans laquelle elle pr\u00e9sente le test de s\u00e9curit\u00e9 ultime que tous les v\u00e9hicules doivent passer. Il faut dire que Volvo communique depuis [&hellip;]\" \/>\n<meta property=\"og:url\" content=\"https:\/\/alexandrecenis.com\/index.php\/2021\/04\/08\/avec-volvo-cest-crash\/\" \/>\n<meta property=\"og:site_name\" content=\"Alexandre Cenis\" \/>\n<meta property=\"article:published_time\" content=\"2021-04-08T06:13:33+00:00\" \/>\n<meta property=\"og:image\" content=\"https:\/\/alexandrecenis.com\/wp-content\/uploads\/2021\/04\/vignette-3.png\" \/>\n\t<meta property=\"og:image:width\" content=\"365\" \/>\n\t<meta property=\"og:image:height\" content=\"269\" \/>\n\t<meta property=\"og:image:type\" content=\"image\/png\" \/>\n<meta name=\"author\" content=\"admin8497\" \/>\n<meta name=\"twitter:card\" content=\"summary_large_image\" \/>\n<meta name=\"twitter:creator\" content=\"@alexandrecenis\" \/>\n<meta name=\"twitter:site\" content=\"@alexandrecenis\" \/>\n<meta name=\"twitter:label1\" content=\"\u00c9crit par\" \/>\n\t<meta name=\"twitter:data1\" content=\"admin8497\" \/>\n\t<meta name=\"twitter:label2\" content=\"Dur\u00e9e de lecture estim\u00e9e\" \/>\n\t<meta name=\"twitter:data2\" content=\"2 minutes\" \/>\n<script type=\"application\/ld+json\" class=\"yoast-schema-graph\">{\"@context\":\"https:\\\/\\\/schema.org\",\"@graph\":[{\"@type\":\"Article\",\"@id\":\"https:\\\/\\\/alexandrecenis.com\\\/index.php\\\/2021\\\/04\\\/08\\\/avec-volvo-cest-crash\\\/#article\",\"isPartOf\":{\"@id\":\"https:\\\/\\\/alexandrecenis.com\\\/index.php\\\/2021\\\/04\\\/08\\\/avec-volvo-cest-crash\\\/\"},\"author\":{\"name\":\"admin8497\",\"@id\":\"https:\\\/\\\/alexandrecenis.com\\\/#\\\/schema\\\/person\\\/cb034178deaf60a8602f9c700c5b1c83\"},\"headline\":\"Avec Volvo c&rsquo;est crash\",\"datePublished\":\"2021-04-08T06:13:33+00:00\",\"mainEntityOfPage\":{\"@id\":\"https:\\\/\\\/alexandrecenis.com\\\/index.php\\\/2021\\\/04\\\/08\\\/avec-volvo-cest-crash\\\/\"},\"wordCount\":239,\"image\":{\"@id\":\"https:\\\/\\\/alexandrecenis.com\\\/index.php\\\/2021\\\/04\\\/08\\\/avec-volvo-cest-crash\\\/#primaryimage\"},\"thumbnailUrl\":\"https:\\\/\\\/alexandrecenis.com\\\/wp-content\\\/uploads\\\/2021\\\/04\\\/vignette-3.png\",\"keywords\":[\"banquise\",\"ceinture de s\u00e9curit\u00e9\",\"climat\",\"crash test\",\"Grey\",\"iceberg\",\"r\u00e9chauffement climatique\",\"s\u00e9curit\u00e9\",\"test de s\u00e9curit\u00e9\",\"volvo\"],\"articleSection\":[\"Communication\",\"Marketing\",\"Publicit\u00e9\"],\"inLanguage\":\"fr-FR\"},{\"@type\":\"WebPage\",\"@id\":\"https:\\\/\\\/alexandrecenis.com\\\/index.php\\\/2021\\\/04\\\/08\\\/avec-volvo-cest-crash\\\/\",\"url\":\"https:\\\/\\\/alexandrecenis.com\\\/index.php\\\/2021\\\/04\\\/08\\\/avec-volvo-cest-crash\\\/\",\"name\":\"Avec Volvo c'est crash - Alexandre Cenis\",\"isPartOf\":{\"@id\":\"https:\\\/\\\/alexandrecenis.com\\\/#website\"},\"primaryImageOfPage\":{\"@id\":\"https:\\\/\\\/alexandrecenis.com\\\/index.php\\\/2021\\\/04\\\/08\\\/avec-volvo-cest-crash\\\/#primaryimage\"},\"image\":{\"@id\":\"https:\\\/\\\/alexandrecenis.com\\\/index.php\\\/2021\\\/04\\\/08\\\/avec-volvo-cest-crash\\\/#primaryimage\"},\"thumbnailUrl\":\"https:\\\/\\\/alexandrecenis.com\\\/wp-content\\\/uploads\\\/2021\\\/04\\\/vignette-3.png\",\"datePublished\":\"2021-04-08T06:13:33+00:00\",\"author\":{\"@id\":\"https:\\\/\\\/alexandrecenis.com\\\/#\\\/schema\\\/person\\\/cb034178deaf60a8602f9c700c5b1c83\"},\"breadcrumb\":{\"@id\":\"https:\\\/\\\/alexandrecenis.com\\\/index.php\\\/2021\\\/04\\\/08\\\/avec-volvo-cest-crash\\\/#breadcrumb\"},\"inLanguage\":\"fr-FR\",\"potentialAction\":[{\"@type\":\"ReadAction\",\"target\":[\"https:\\\/\\\/alexandrecenis.com\\\/index.php\\\/2021\\\/04\\\/08\\\/avec-volvo-cest-crash\\\/\"]}]},{\"@type\":\"ImageObject\",\"inLanguage\":\"fr-FR\",\"@id\":\"https:\\\/\\\/alexandrecenis.com\\\/index.php\\\/2021\\\/04\\\/08\\\/avec-volvo-cest-crash\\\/#primaryimage\",\"url\":\"https:\\\/\\\/alexandrecenis.com\\\/wp-content\\\/uploads\\\/2021\\\/04\\\/vignette-3.png\",\"contentUrl\":\"https:\\\/\\\/alexandrecenis.com\\\/wp-content\\\/uploads\\\/2021\\\/04\\\/vignette-3.png\",\"width\":365,\"height\":269},{\"@type\":\"BreadcrumbList\",\"@id\":\"https:\\\/\\\/alexandrecenis.com\\\/index.php\\\/2021\\\/04\\\/08\\\/avec-volvo-cest-crash\\\/#breadcrumb\",\"itemListElement\":[{\"@type\":\"ListItem\",\"position\":1,\"name\":\"Home\",\"item\":\"https:\\\/\\\/alexandrecenis.com\\\/\"},{\"@type\":\"ListItem\",\"position\":2,\"name\":\"Avec Volvo c&rsquo;est crash\"}]},{\"@type\":\"WebSite\",\"@id\":\"https:\\\/\\\/alexandrecenis.com\\\/#website\",\"url\":\"https:\\\/\\\/alexandrecenis.com\\\/\",\"name\":\"Alexandre Cenis\",\"description\":\"Intelligence Cr\u00e9ative\",\"potentialAction\":[{\"@type\":\"SearchAction\",\"target\":{\"@type\":\"EntryPoint\",\"urlTemplate\":\"https:\\\/\\\/alexandrecenis.com\\\/?s={search_term_string}\"},\"query-input\":{\"@type\":\"PropertyValueSpecification\",\"valueRequired\":true,\"valueName\":\"search_term_string\"}}],\"inLanguage\":\"fr-FR\"},{\"@type\":\"Person\",\"@id\":\"https:\\\/\\\/alexandrecenis.com\\\/#\\\/schema\\\/person\\\/cb034178deaf60a8602f9c700c5b1c83\",\"name\":\"admin8497\",\"image\":{\"@type\":\"ImageObject\",\"inLanguage\":\"fr-FR\",\"@id\":\"https:\\\/\\\/secure.gravatar.com\\\/avatar\\\/9586a1b4e51047e1977e647153ddd075f143e741c8e5ba4d03f6cfa4c61126fd?s=96&d=mm&r=g\",\"url\":\"https:\\\/\\\/secure.gravatar.com\\\/avatar\\\/9586a1b4e51047e1977e647153ddd075f143e741c8e5ba4d03f6cfa4c61126fd?s=96&d=mm&r=g\",\"contentUrl\":\"https:\\\/\\\/secure.gravatar.com\\\/avatar\\\/9586a1b4e51047e1977e647153ddd075f143e741c8e5ba4d03f6cfa4c61126fd?s=96&d=mm&r=g\",\"caption\":\"admin8497\"},\"url\":\"https:\\\/\\\/alexandrecenis.com\\\/index.php\\\/author\\\/admin8497\\\/\"}]}<\/script>\n<!-- \/ Yoast SEO plugin. -->","yoast_head_json":{"title":"Avec Volvo c'est crash - Alexandre Cenis","robots":{"index":"index","follow":"follow","max-snippet":"max-snippet:-1","max-image-preview":"max-image-preview:large","max-video-preview":"max-video-preview:-1"},"canonical":"https:\/\/alexandrecenis.com\/index.php\/2021\/04\/08\/avec-volvo-cest-crash\/","og_locale":"fr_FR","og_type":"article","og_title":"Avec Volvo c'est crash - Alexandre Cenis","og_description":"Bien le bonjour le monde digital ! La derni\u00e8re publicit\u00e9 de Volvo vaut le d\u00e9tour. La c\u00e9l\u00e8bre marque automobile su\u00e9doise a collabor\u00e9 avec l\u2019agence anglaise Grey pour d\u00e9voiler une pub cr\u00e9ative d\u2019une minute dans laquelle elle pr\u00e9sente le test de s\u00e9curit\u00e9 ultime que tous les v\u00e9hicules doivent passer. Il faut dire que Volvo communique depuis [&hellip;]","og_url":"https:\/\/alexandrecenis.com\/index.php\/2021\/04\/08\/avec-volvo-cest-crash\/","og_site_name":"Alexandre Cenis","article_published_time":"2021-04-08T06:13:33+00:00","og_image":[{"width":365,"height":269,"url":"https:\/\/alexandrecenis.com\/wp-content\/uploads\/2021\/04\/vignette-3.png","type":"image\/png"}],"author":"admin8497","twitter_card":"summary_large_image","twitter_creator":"@alexandrecenis","twitter_site":"@alexandrecenis","twitter_misc":{"\u00c9crit par":"admin8497","Dur\u00e9e de lecture estim\u00e9e":"2 minutes"},"schema":{"@context":"https:\/\/schema.org","@graph":[{"@type":"Article","@id":"https:\/\/alexandrecenis.com\/index.php\/2021\/04\/08\/avec-volvo-cest-crash\/#article","isPartOf":{"@id":"https:\/\/alexandrecenis.com\/index.php\/2021\/04\/08\/avec-volvo-cest-crash\/"},"author":{"name":"admin8497","@id":"https:\/\/alexandrecenis.com\/#\/schema\/person\/cb034178deaf60a8602f9c700c5b1c83"},"headline":"Avec Volvo c&rsquo;est crash","datePublished":"2021-04-08T06:13:33+00:00","mainEntityOfPage":{"@id":"https:\/\/alexandrecenis.com\/index.php\/2021\/04\/08\/avec-volvo-cest-crash\/"},"wordCount":239,"image":{"@id":"https:\/\/alexandrecenis.com\/index.php\/2021\/04\/08\/avec-volvo-cest-crash\/#primaryimage"},"thumbnailUrl":"https:\/\/alexandrecenis.com\/wp-content\/uploads\/2021\/04\/vignette-3.png","keywords":["banquise","ceinture de s\u00e9curit\u00e9","climat","crash test","Grey","iceberg","r\u00e9chauffement climatique","s\u00e9curit\u00e9","test de s\u00e9curit\u00e9","volvo"],"articleSection":["Communication","Marketing","Publicit\u00e9"],"inLanguage":"fr-FR"},{"@type":"WebPage","@id":"https:\/\/alexandrecenis.com\/index.php\/2021\/04\/08\/avec-volvo-cest-crash\/","url":"https:\/\/alexandrecenis.com\/index.php\/2021\/04\/08\/avec-volvo-cest-crash\/","name":"Avec Volvo c'est crash - Alexandre Cenis","isPartOf":{"@id":"https:\/\/alexandrecenis.com\/#website"},"primaryImageOfPage":{"@id":"https:\/\/alexandrecenis.com\/index.php\/2021\/04\/08\/avec-volvo-cest-crash\/#primaryimage"},"image":{"@id":"https:\/\/alexandrecenis.com\/index.php\/2021\/04\/08\/avec-volvo-cest-crash\/#primaryimage"},"thumbnailUrl":"https:\/\/alexandrecenis.com\/wp-content\/uploads\/2021\/04\/vignette-3.png","datePublished":"2021-04-08T06:13:33+00:00","author":{"@id":"https:\/\/alexandrecenis.com\/#\/schema\/person\/cb034178deaf60a8602f9c700c5b1c83"},"breadcrumb":{"@id":"https:\/\/alexandrecenis.com\/index.php\/2021\/04\/08\/avec-volvo-cest-crash\/#breadcrumb"},"inLanguage":"fr-FR","potentialAction":[{"@type":"ReadAction","target":["https:\/\/alexandrecenis.com\/index.php\/2021\/04\/08\/avec-volvo-cest-crash\/"]}]},{"@type":"ImageObject","inLanguage":"fr-FR","@id":"https:\/\/alexandrecenis.com\/index.php\/2021\/04\/08\/avec-volvo-cest-crash\/#primaryimage","url":"https:\/\/alexandrecenis.com\/wp-content\/uploads\/2021\/04\/vignette-3.png","contentUrl":"https:\/\/alexandrecenis.com\/wp-content\/uploads\/2021\/04\/vignette-3.png","width":365,"height":269},{"@type":"BreadcrumbList","@id":"https:\/\/alexandrecenis.com\/index.php\/2021\/04\/08\/avec-volvo-cest-crash\/#breadcrumb","itemListElement":[{"@type":"ListItem","position":1,"name":"Home","item":"https:\/\/alexandrecenis.com\/"},{"@type":"ListItem","position":2,"name":"Avec Volvo c&rsquo;est crash"}]},{"@type":"WebSite","@id":"https:\/\/alexandrecenis.com\/#website","url":"https:\/\/alexandrecenis.com\/","name":"Alexandre Cenis","description":"Intelligence Cr\u00e9ative","potentialAction":[{"@type":"SearchAction","target":{"@type":"EntryPoint","urlTemplate":"https:\/\/alexandrecenis.com\/?s={search_term_string}"},"query-input":{"@type":"PropertyValueSpecification","valueRequired":true,"valueName":"search_term_string"}}],"inLanguage":"fr-FR"},{"@type":"Person","@id":"https:\/\/alexandrecenis.com\/#\/schema\/person\/cb034178deaf60a8602f9c700c5b1c83","name":"admin8497","image":{"@type":"ImageObject","inLanguage":"fr-FR","@id":"https:\/\/secure.gravatar.com\/avatar\/9586a1b4e51047e1977e647153ddd075f143e741c8e5ba4d03f6cfa4c61126fd?s=96&d=mm&r=g","url":"https:\/\/secure.gravatar.com\/avatar\/9586a1b4e51047e1977e647153ddd075f143e741c8e5ba4d03f6cfa4c61126fd?s=96&d=mm&r=g","contentUrl":"https:\/\/secure.gravatar.com\/avatar\/9586a1b4e51047e1977e647153ddd075f143e741c8e5ba4d03f6cfa4c61126fd?s=96&d=mm&r=g","caption":"admin8497"},"url":"https:\/\/alexandrecenis.com\/index.php\/author\/admin8497\/"}]}},"_links":{"self":[{"href":"https:\/\/alexandrecenis.com\/index.php\/wp-json\/wp\/v2\/posts\/3589","targetHints":{"allow":["GET"]}}],"collection":[{"href":"https:\/\/alexandrecenis.com\/index.php\/wp-json\/wp\/v2\/posts"}],"about":[{"href":"https:\/\/alexandrecenis.com\/index.php\/wp-json\/wp\/v2\/types\/post"}],"author":[{"embeddable":true,"href":"https:\/\/alexandrecenis.com\/index.php\/wp-json\/wp\/v2\/users\/1"}],"replies":[{"embeddable":true,"href":"https:\/\/alexandrecenis.com\/index.php\/wp-json\/wp\/v2\/comments?post=3589"}],"version-history":[{"count":5,"href":"https:\/\/alexandrecenis.com\/index.php\/wp-json\/wp\/v2\/posts\/3589\/revisions"}],"predecessor-version":[{"id":3600,"href":"https:\/\/alexandrecenis.com\/index.php\/wp-json\/wp\/v2\/posts\/3589\/revisions\/3600"}],"wp:featuredmedia":[{"embeddable":true,"href":"https:\/\/alexandrecenis.com\/index.php\/wp-json\/wp\/v2\/media\/3596"}],"wp:attachment":[{"href":"https:\/\/alexandrecenis.com\/index.php\/wp-json\/wp\/v2\/media?parent=3589"}],"wp:term":[{"taxonomy":"category","embeddable":true,"href":"https:\/\/alexandrecenis.com\/index.php\/wp-json\/wp\/v2\/categories?post=3589"},{"taxonomy":"post_tag","embeddable":true,"href":"https:\/\/alexandrecenis.com\/index.php\/wp-json\/wp\/v2\/tags?post=3589"}],"curies":[{"name":"wp","href":"https:\/\/api.w.org\/{rel}","templated":true}]}}