{"id":3578,"date":"2021-04-06T10:15:37","date_gmt":"2021-04-06T08:15:37","guid":{"rendered":"https:\/\/alexandrecenis.com\/?p=3578"},"modified":"2021-04-06T10:15:37","modified_gmt":"2021-04-06T08:15:37","slug":"sous-le-vent","status":"publish","type":"post","link":"https:\/\/alexandrecenis.com\/index.php\/2021\/04\/06\/sous-le-vent\/","title":{"rendered":"Sous le vent"},"content":{"rendered":"<p style=\"text-align: justify;\">Bien le bonjour le monde digital ! Dans sa derni\u00e8re toute derni\u00e8re campagne, Mercedes-Benz c\u00e9l\u00e8bre la force du vent, grand ennemi des constructeurs automobiles jusqu\u2019alors.\u00a0 En effet, le constructeur allemand se f\u00e9licite d\u2019entamer d\u00e8s \u00e0 pr\u00e9sent sa transition \u00e9cologique en annon\u00e7ant que d\u2019ici 2022, toutes ses usines utiliseront une \u00e9lectricit\u00e9 provenant enti\u00e8rement de sources d\u2019\u00e9nergies renouvelables.<\/p>\n<p><img loading=\"lazy\" decoding=\"async\" class=\"aligncenter wp-image-3583 size-full\" src=\"https:\/\/alexandrecenis.com\/wp-content\/uploads\/2021\/04\/2-1.png\" alt=\"\" width=\"795\" height=\"449\" srcset=\"https:\/\/alexandrecenis.com\/wp-content\/uploads\/2021\/04\/2-1.png 795w, https:\/\/alexandrecenis.com\/wp-content\/uploads\/2021\/04\/2-1-480x271.png 480w\" sizes=\"(min-width: 0px) and (max-width: 480px) 480px, (min-width: 481px) 795px, 100vw\" \/><\/p>\n<p style=\"text-align: justify;\">Mercedes-Benz s\u2019associe \u00e0 l\u2019agence\u00a0Publicis Emil\u00a0afin de nous d\u00e9livrer cette nouvelle d\u00e9coiffante dans un spot de 1 minute et 27 secondes aux visuels attrayants accompagn\u00e9s d\u2019une reprise du\u00a0\u00ab\u00a0Come Together\u00a0\u00bb\u00a0des\u00a0Beatles.\u00a0Alors qu\u2019une temp\u00eate fait rage \u00e0 l\u2019ext\u00e9rieur, la pub nous d\u00e9voile peu \u00e0 peu les courbes d\u2019une voiture. Finalement une \u00e9olienne repr\u00e9sentant le passage au renouvelable de Mercedes se transforme en son\u00a0logo.<\/p>\n<p><img loading=\"lazy\" decoding=\"async\" class=\"aligncenter wp-image-3586 size-full\" src=\"https:\/\/alexandrecenis.com\/wp-content\/uploads\/2021\/04\/Sans-titre.png\" alt=\"\" width=\"796\" height=\"448\" srcset=\"https:\/\/alexandrecenis.com\/wp-content\/uploads\/2021\/04\/Sans-titre.png 796w, https:\/\/alexandrecenis.com\/wp-content\/uploads\/2021\/04\/Sans-titre-480x270.png 480w\" sizes=\"(min-width: 0px) and (max-width: 480px) 480px, (min-width: 481px) 796px, 100vw\" \/><\/p>\n<p style=\"text-align: justify;\">Les h\u00e9lices c\u00e8dent ainsi leur place \u00e0 la c\u00e9l\u00e8bre \u00e9toile \u00e0 trois pointes repr\u00e9sentant les trois voies que le cr\u00e9ateur des moteurs \u00e0 essence\u00a0Gottlieb Daimler\u00a0avait choisies pour son invention : terre, mer et bien s\u00fbr, air.\u00a0Un bon moyen pour le constructeur de rendre hommage \u00e0 son identit\u00e9 visuelle, mais aussi aux 130 ann\u00e9es de lutte pour le pouvoir entre la force de la nature et les automobiles en qu\u00eate d\u2019a\u00e9rodynamisme repr\u00e9sent\u00e9s par la phrase\u00a0\u00ab\u00a0Apr\u00e8s des ann\u00e9es de lutte contre le vent, nous unissons nos forces\u00a0\u00bb.<\/p>\n<p><img loading=\"lazy\" decoding=\"async\" class=\"aligncenter wp-image-3584 size-full\" src=\"https:\/\/alexandrecenis.com\/wp-content\/uploads\/2021\/04\/3.png\" alt=\"\" width=\"799\" height=\"450\" srcset=\"https:\/\/alexandrecenis.com\/wp-content\/uploads\/2021\/04\/3.png 799w, https:\/\/alexandrecenis.com\/wp-content\/uploads\/2021\/04\/3-480x270.png 480w\" sizes=\"(min-width: 0px) and (max-width: 480px) 480px, (min-width: 481px) 799px, 100vw\" \/><\/p>\n<p><img loading=\"lazy\" decoding=\"async\" class=\"aligncenter wp-image-3585 size-full\" src=\"https:\/\/alexandrecenis.com\/wp-content\/uploads\/2021\/04\/4.png\" alt=\"\" width=\"798\" height=\"450\" srcset=\"https:\/\/alexandrecenis.com\/wp-content\/uploads\/2021\/04\/4.png 798w, https:\/\/alexandrecenis.com\/wp-content\/uploads\/2021\/04\/4-480x271.png 480w\" sizes=\"(min-width: 0px) and (max-width: 480px) 480px, (min-width: 481px) 798px, 100vw\" \/><\/p>\n<p style=\"text-align: justify;\">Cette campagne mondiale s\u2019inscrivant dans la d\u00e9marche \u00e9cologique naissante de Mercedes-Benz sera d\u00e9clin\u00e9e sous la forme de prints, mais aussi d\u2019un spot TV de 60 secondes diffus\u00e9 dans de nombreux pays.<\/p>\n<p style=\"text-align: center;\"><iframe loading=\"lazy\" title=\"YouTube video player\" src=\"https:\/\/www.youtube.com\/embed\/7fqI5-occgI\" width=\"560\" height=\"315\" frameborder=\"0\" allowfullscreen=\"allowfullscreen\"><\/iframe><\/p>\n","protected":false},"excerpt":{"rendered":"<p>Bien le bonjour le monde digital ! Dans sa derni\u00e8re toute derni\u00e8re campagne, Mercedes-Benz c\u00e9l\u00e8bre la force du vent, grand ennemi des constructeurs automobiles jusqu\u2019alors.\u00a0 En effet, le constructeur allemand se f\u00e9licite d\u2019entamer d\u00e8s \u00e0 pr\u00e9sent sa transition \u00e9cologique en annon\u00e7ant que d\u2019ici 2022, toutes ses usines utiliseront une \u00e9lectricit\u00e9 provenant enti\u00e8rement de sources d\u2019\u00e9nergies [&hellip;]<\/p>\n","protected":false},"author":1,"featured_media":3587,"comment_status":"closed","ping_status":"open","sticky":false,"template":"","format":"standard","meta":{"_et_pb_use_builder":"","_et_pb_old_content":"","_et_gb_content_width":"","footnotes":""},"categories":[113,4],"tags":[1298,1300,1299,1301],"class_list":["post-3578","post","type-post","status-publish","format-standard","has-post-thumbnail","hentry","category-communication","category-marketing","tag-come-together","tag-force-du-vent","tag-mercedes-benz","tag-transition-ecologique"],"yoast_head":"<!-- This site is optimized with the Yoast SEO plugin v27.3 - https:\/\/yoast.com\/product\/yoast-seo-wordpress\/ -->\n<title>Sous le vent - Alexandre Cenis<\/title>\n<meta name=\"robots\" content=\"index, follow, max-snippet:-1, max-image-preview:large, max-video-preview:-1\" \/>\n<link rel=\"canonical\" href=\"https:\/\/alexandrecenis.com\/index.php\/2021\/04\/06\/sous-le-vent\/\" \/>\n<meta property=\"og:locale\" content=\"fr_FR\" \/>\n<meta property=\"og:type\" content=\"article\" \/>\n<meta property=\"og:title\" content=\"Sous le vent - Alexandre Cenis\" \/>\n<meta property=\"og:description\" content=\"Bien le bonjour le monde digital ! Dans sa derni\u00e8re toute derni\u00e8re campagne, Mercedes-Benz c\u00e9l\u00e8bre la force du vent, grand ennemi des constructeurs automobiles jusqu\u2019alors.\u00a0 En effet, le constructeur allemand se f\u00e9licite d\u2019entamer d\u00e8s \u00e0 pr\u00e9sent sa transition \u00e9cologique en annon\u00e7ant que d\u2019ici 2022, toutes ses usines utiliseront une \u00e9lectricit\u00e9 provenant enti\u00e8rement de sources d\u2019\u00e9nergies [&hellip;]\" \/>\n<meta property=\"og:url\" content=\"https:\/\/alexandrecenis.com\/index.php\/2021\/04\/06\/sous-le-vent\/\" \/>\n<meta property=\"og:site_name\" content=\"Alexandre Cenis\" \/>\n<meta property=\"article:published_time\" content=\"2021-04-06T08:15:37+00:00\" \/>\n<meta property=\"og:image\" content=\"https:\/\/alexandrecenis.com\/wp-content\/uploads\/2021\/04\/vignette-1.png\" \/>\n\t<meta property=\"og:image:width\" content=\"424\" \/>\n\t<meta property=\"og:image:height\" content=\"318\" \/>\n\t<meta property=\"og:image:type\" content=\"image\/png\" \/>\n<meta name=\"author\" content=\"admin8497\" \/>\n<meta name=\"twitter:card\" content=\"summary_large_image\" \/>\n<meta name=\"twitter:creator\" content=\"@alexandrecenis\" \/>\n<meta name=\"twitter:site\" content=\"@alexandrecenis\" \/>\n<meta name=\"twitter:label1\" content=\"\u00c9crit par\" \/>\n\t<meta name=\"twitter:data1\" content=\"admin8497\" \/>\n\t<meta name=\"twitter:label2\" content=\"Dur\u00e9e de lecture estim\u00e9e\" \/>\n\t<meta name=\"twitter:data2\" content=\"2 minutes\" \/>\n<script type=\"application\/ld+json\" class=\"yoast-schema-graph\">{\"@context\":\"https:\\\/\\\/schema.org\",\"@graph\":[{\"@type\":\"Article\",\"@id\":\"https:\\\/\\\/alexandrecenis.com\\\/index.php\\\/2021\\\/04\\\/06\\\/sous-le-vent\\\/#article\",\"isPartOf\":{\"@id\":\"https:\\\/\\\/alexandrecenis.com\\\/index.php\\\/2021\\\/04\\\/06\\\/sous-le-vent\\\/\"},\"author\":{\"name\":\"admin8497\",\"@id\":\"https:\\\/\\\/alexandrecenis.com\\\/#\\\/schema\\\/person\\\/cb034178deaf60a8602f9c700c5b1c83\"},\"headline\":\"Sous le vent\",\"datePublished\":\"2021-04-06T08:15:37+00:00\",\"mainEntityOfPage\":{\"@id\":\"https:\\\/\\\/alexandrecenis.com\\\/index.php\\\/2021\\\/04\\\/06\\\/sous-le-vent\\\/\"},\"wordCount\":276,\"image\":{\"@id\":\"https:\\\/\\\/alexandrecenis.com\\\/index.php\\\/2021\\\/04\\\/06\\\/sous-le-vent\\\/#primaryimage\"},\"thumbnailUrl\":\"https:\\\/\\\/alexandrecenis.com\\\/wp-content\\\/uploads\\\/2021\\\/04\\\/vignette-1.png\",\"keywords\":[\"Come Together\",\"force du vent\",\"Mercedes-Benz\",\"transition \u00e9cologique\"],\"articleSection\":[\"Communication\",\"Marketing\"],\"inLanguage\":\"fr-FR\"},{\"@type\":\"WebPage\",\"@id\":\"https:\\\/\\\/alexandrecenis.com\\\/index.php\\\/2021\\\/04\\\/06\\\/sous-le-vent\\\/\",\"url\":\"https:\\\/\\\/alexandrecenis.com\\\/index.php\\\/2021\\\/04\\\/06\\\/sous-le-vent\\\/\",\"name\":\"Sous le vent - Alexandre Cenis\",\"isPartOf\":{\"@id\":\"https:\\\/\\\/alexandrecenis.com\\\/#website\"},\"primaryImageOfPage\":{\"@id\":\"https:\\\/\\\/alexandrecenis.com\\\/index.php\\\/2021\\\/04\\\/06\\\/sous-le-vent\\\/#primaryimage\"},\"image\":{\"@id\":\"https:\\\/\\\/alexandrecenis.com\\\/index.php\\\/2021\\\/04\\\/06\\\/sous-le-vent\\\/#primaryimage\"},\"thumbnailUrl\":\"https:\\\/\\\/alexandrecenis.com\\\/wp-content\\\/uploads\\\/2021\\\/04\\\/vignette-1.png\",\"datePublished\":\"2021-04-06T08:15:37+00:00\",\"author\":{\"@id\":\"https:\\\/\\\/alexandrecenis.com\\\/#\\\/schema\\\/person\\\/cb034178deaf60a8602f9c700c5b1c83\"},\"breadcrumb\":{\"@id\":\"https:\\\/\\\/alexandrecenis.com\\\/index.php\\\/2021\\\/04\\\/06\\\/sous-le-vent\\\/#breadcrumb\"},\"inLanguage\":\"fr-FR\",\"potentialAction\":[{\"@type\":\"ReadAction\",\"target\":[\"https:\\\/\\\/alexandrecenis.com\\\/index.php\\\/2021\\\/04\\\/06\\\/sous-le-vent\\\/\"]}]},{\"@type\":\"ImageObject\",\"inLanguage\":\"fr-FR\",\"@id\":\"https:\\\/\\\/alexandrecenis.com\\\/index.php\\\/2021\\\/04\\\/06\\\/sous-le-vent\\\/#primaryimage\",\"url\":\"https:\\\/\\\/alexandrecenis.com\\\/wp-content\\\/uploads\\\/2021\\\/04\\\/vignette-1.png\",\"contentUrl\":\"https:\\\/\\\/alexandrecenis.com\\\/wp-content\\\/uploads\\\/2021\\\/04\\\/vignette-1.png\",\"width\":424,\"height\":318},{\"@type\":\"BreadcrumbList\",\"@id\":\"https:\\\/\\\/alexandrecenis.com\\\/index.php\\\/2021\\\/04\\\/06\\\/sous-le-vent\\\/#breadcrumb\",\"itemListElement\":[{\"@type\":\"ListItem\",\"position\":1,\"name\":\"Home\",\"item\":\"https:\\\/\\\/alexandrecenis.com\\\/\"},{\"@type\":\"ListItem\",\"position\":2,\"name\":\"Sous le vent\"}]},{\"@type\":\"WebSite\",\"@id\":\"https:\\\/\\\/alexandrecenis.com\\\/#website\",\"url\":\"https:\\\/\\\/alexandrecenis.com\\\/\",\"name\":\"Alexandre Cenis\",\"description\":\"Intelligence Cr\u00e9ative\",\"potentialAction\":[{\"@type\":\"SearchAction\",\"target\":{\"@type\":\"EntryPoint\",\"urlTemplate\":\"https:\\\/\\\/alexandrecenis.com\\\/?s={search_term_string}\"},\"query-input\":{\"@type\":\"PropertyValueSpecification\",\"valueRequired\":true,\"valueName\":\"search_term_string\"}}],\"inLanguage\":\"fr-FR\"},{\"@type\":\"Person\",\"@id\":\"https:\\\/\\\/alexandrecenis.com\\\/#\\\/schema\\\/person\\\/cb034178deaf60a8602f9c700c5b1c83\",\"name\":\"admin8497\",\"image\":{\"@type\":\"ImageObject\",\"inLanguage\":\"fr-FR\",\"@id\":\"https:\\\/\\\/secure.gravatar.com\\\/avatar\\\/9586a1b4e51047e1977e647153ddd075f143e741c8e5ba4d03f6cfa4c61126fd?s=96&d=mm&r=g\",\"url\":\"https:\\\/\\\/secure.gravatar.com\\\/avatar\\\/9586a1b4e51047e1977e647153ddd075f143e741c8e5ba4d03f6cfa4c61126fd?s=96&d=mm&r=g\",\"contentUrl\":\"https:\\\/\\\/secure.gravatar.com\\\/avatar\\\/9586a1b4e51047e1977e647153ddd075f143e741c8e5ba4d03f6cfa4c61126fd?s=96&d=mm&r=g\",\"caption\":\"admin8497\"},\"url\":\"https:\\\/\\\/alexandrecenis.com\\\/index.php\\\/author\\\/admin8497\\\/\"}]}<\/script>\n<!-- \/ Yoast SEO plugin. -->","yoast_head_json":{"title":"Sous le vent - Alexandre Cenis","robots":{"index":"index","follow":"follow","max-snippet":"max-snippet:-1","max-image-preview":"max-image-preview:large","max-video-preview":"max-video-preview:-1"},"canonical":"https:\/\/alexandrecenis.com\/index.php\/2021\/04\/06\/sous-le-vent\/","og_locale":"fr_FR","og_type":"article","og_title":"Sous le vent - Alexandre Cenis","og_description":"Bien le bonjour le monde digital ! Dans sa derni\u00e8re toute derni\u00e8re campagne, Mercedes-Benz c\u00e9l\u00e8bre la force du vent, grand ennemi des constructeurs automobiles jusqu\u2019alors.\u00a0 En effet, le constructeur allemand se f\u00e9licite d\u2019entamer d\u00e8s \u00e0 pr\u00e9sent sa transition \u00e9cologique en annon\u00e7ant que d\u2019ici 2022, toutes ses usines utiliseront une \u00e9lectricit\u00e9 provenant enti\u00e8rement de sources d\u2019\u00e9nergies [&hellip;]","og_url":"https:\/\/alexandrecenis.com\/index.php\/2021\/04\/06\/sous-le-vent\/","og_site_name":"Alexandre Cenis","article_published_time":"2021-04-06T08:15:37+00:00","og_image":[{"width":424,"height":318,"url":"https:\/\/alexandrecenis.com\/wp-content\/uploads\/2021\/04\/vignette-1.png","type":"image\/png"}],"author":"admin8497","twitter_card":"summary_large_image","twitter_creator":"@alexandrecenis","twitter_site":"@alexandrecenis","twitter_misc":{"\u00c9crit par":"admin8497","Dur\u00e9e de lecture estim\u00e9e":"2 minutes"},"schema":{"@context":"https:\/\/schema.org","@graph":[{"@type":"Article","@id":"https:\/\/alexandrecenis.com\/index.php\/2021\/04\/06\/sous-le-vent\/#article","isPartOf":{"@id":"https:\/\/alexandrecenis.com\/index.php\/2021\/04\/06\/sous-le-vent\/"},"author":{"name":"admin8497","@id":"https:\/\/alexandrecenis.com\/#\/schema\/person\/cb034178deaf60a8602f9c700c5b1c83"},"headline":"Sous le vent","datePublished":"2021-04-06T08:15:37+00:00","mainEntityOfPage":{"@id":"https:\/\/alexandrecenis.com\/index.php\/2021\/04\/06\/sous-le-vent\/"},"wordCount":276,"image":{"@id":"https:\/\/alexandrecenis.com\/index.php\/2021\/04\/06\/sous-le-vent\/#primaryimage"},"thumbnailUrl":"https:\/\/alexandrecenis.com\/wp-content\/uploads\/2021\/04\/vignette-1.png","keywords":["Come Together","force du vent","Mercedes-Benz","transition \u00e9cologique"],"articleSection":["Communication","Marketing"],"inLanguage":"fr-FR"},{"@type":"WebPage","@id":"https:\/\/alexandrecenis.com\/index.php\/2021\/04\/06\/sous-le-vent\/","url":"https:\/\/alexandrecenis.com\/index.php\/2021\/04\/06\/sous-le-vent\/","name":"Sous le vent - Alexandre Cenis","isPartOf":{"@id":"https:\/\/alexandrecenis.com\/#website"},"primaryImageOfPage":{"@id":"https:\/\/alexandrecenis.com\/index.php\/2021\/04\/06\/sous-le-vent\/#primaryimage"},"image":{"@id":"https:\/\/alexandrecenis.com\/index.php\/2021\/04\/06\/sous-le-vent\/#primaryimage"},"thumbnailUrl":"https:\/\/alexandrecenis.com\/wp-content\/uploads\/2021\/04\/vignette-1.png","datePublished":"2021-04-06T08:15:37+00:00","author":{"@id":"https:\/\/alexandrecenis.com\/#\/schema\/person\/cb034178deaf60a8602f9c700c5b1c83"},"breadcrumb":{"@id":"https:\/\/alexandrecenis.com\/index.php\/2021\/04\/06\/sous-le-vent\/#breadcrumb"},"inLanguage":"fr-FR","potentialAction":[{"@type":"ReadAction","target":["https:\/\/alexandrecenis.com\/index.php\/2021\/04\/06\/sous-le-vent\/"]}]},{"@type":"ImageObject","inLanguage":"fr-FR","@id":"https:\/\/alexandrecenis.com\/index.php\/2021\/04\/06\/sous-le-vent\/#primaryimage","url":"https:\/\/alexandrecenis.com\/wp-content\/uploads\/2021\/04\/vignette-1.png","contentUrl":"https:\/\/alexandrecenis.com\/wp-content\/uploads\/2021\/04\/vignette-1.png","width":424,"height":318},{"@type":"BreadcrumbList","@id":"https:\/\/alexandrecenis.com\/index.php\/2021\/04\/06\/sous-le-vent\/#breadcrumb","itemListElement":[{"@type":"ListItem","position":1,"name":"Home","item":"https:\/\/alexandrecenis.com\/"},{"@type":"ListItem","position":2,"name":"Sous le vent"}]},{"@type":"WebSite","@id":"https:\/\/alexandrecenis.com\/#website","url":"https:\/\/alexandrecenis.com\/","name":"Alexandre Cenis","description":"Intelligence Cr\u00e9ative","potentialAction":[{"@type":"SearchAction","target":{"@type":"EntryPoint","urlTemplate":"https:\/\/alexandrecenis.com\/?s={search_term_string}"},"query-input":{"@type":"PropertyValueSpecification","valueRequired":true,"valueName":"search_term_string"}}],"inLanguage":"fr-FR"},{"@type":"Person","@id":"https:\/\/alexandrecenis.com\/#\/schema\/person\/cb034178deaf60a8602f9c700c5b1c83","name":"admin8497","image":{"@type":"ImageObject","inLanguage":"fr-FR","@id":"https:\/\/secure.gravatar.com\/avatar\/9586a1b4e51047e1977e647153ddd075f143e741c8e5ba4d03f6cfa4c61126fd?s=96&d=mm&r=g","url":"https:\/\/secure.gravatar.com\/avatar\/9586a1b4e51047e1977e647153ddd075f143e741c8e5ba4d03f6cfa4c61126fd?s=96&d=mm&r=g","contentUrl":"https:\/\/secure.gravatar.com\/avatar\/9586a1b4e51047e1977e647153ddd075f143e741c8e5ba4d03f6cfa4c61126fd?s=96&d=mm&r=g","caption":"admin8497"},"url":"https:\/\/alexandrecenis.com\/index.php\/author\/admin8497\/"}]}},"_links":{"self":[{"href":"https:\/\/alexandrecenis.com\/index.php\/wp-json\/wp\/v2\/posts\/3578","targetHints":{"allow":["GET"]}}],"collection":[{"href":"https:\/\/alexandrecenis.com\/index.php\/wp-json\/wp\/v2\/posts"}],"about":[{"href":"https:\/\/alexandrecenis.com\/index.php\/wp-json\/wp\/v2\/types\/post"}],"author":[{"embeddable":true,"href":"https:\/\/alexandrecenis.com\/index.php\/wp-json\/wp\/v2\/users\/1"}],"replies":[{"embeddable":true,"href":"https:\/\/alexandrecenis.com\/index.php\/wp-json\/wp\/v2\/comments?post=3578"}],"version-history":[{"count":5,"href":"https:\/\/alexandrecenis.com\/index.php\/wp-json\/wp\/v2\/posts\/3578\/revisions"}],"predecessor-version":[{"id":3588,"href":"https:\/\/alexandrecenis.com\/index.php\/wp-json\/wp\/v2\/posts\/3578\/revisions\/3588"}],"wp:featuredmedia":[{"embeddable":true,"href":"https:\/\/alexandrecenis.com\/index.php\/wp-json\/wp\/v2\/media\/3587"}],"wp:attachment":[{"href":"https:\/\/alexandrecenis.com\/index.php\/wp-json\/wp\/v2\/media?parent=3578"}],"wp:term":[{"taxonomy":"category","embeddable":true,"href":"https:\/\/alexandrecenis.com\/index.php\/wp-json\/wp\/v2\/categories?post=3578"},{"taxonomy":"post_tag","embeddable":true,"href":"https:\/\/alexandrecenis.com\/index.php\/wp-json\/wp\/v2\/tags?post=3578"}],"curies":[{"name":"wp","href":"https:\/\/api.w.org\/{rel}","templated":true}]}}