{"id":3465,"date":"2021-03-12T06:23:33","date_gmt":"2021-03-12T05:23:33","guid":{"rendered":"https:\/\/alexandrecenis.com\/?p=3465"},"modified":"2021-03-12T06:23:33","modified_gmt":"2021-03-12T05:23:33","slug":"dua-lipa-a-de-la-bouteille","status":"publish","type":"post","link":"https:\/\/alexandrecenis.com\/index.php\/2021\/03\/12\/dua-lipa-a-de-la-bouteille\/","title":{"rendered":"Dua Lipa a de la bouteille"},"content":{"rendered":"<p style=\"text-align: justify;\">Bien le bonjour le monde digital ! La c\u00e9l\u00e8bre chanteuse Dua Lipa reprend son tube Levitating, mais cette fois-ci a capella. La performance est au rendez-vous. La jeune Britannique pr\u00eate sa voix \u00e0 la nouvelle campagne d\u2019Evian, r\u00e9alis\u00e9e avec l\u2019agence\u00a0Wieden + Kennedy Amsterdam. C\u2019est la toute premi\u00e8re campagne Evian depuis que la marque a confi\u00e9 son budget publicitaire global \u00e0 l\u2019agence l\u2019ann\u00e9e derni\u00e8re.<\/p>\n<p><img loading=\"lazy\" decoding=\"async\" class=\"aligncenter wp-image-3470 size-large\" src=\"https:\/\/alexandrecenis.com\/wp-content\/uploads\/2021\/03\/1-2-1024x610.png\" alt=\"\" width=\"1024\" height=\"610\" srcset=\"https:\/\/alexandrecenis.com\/wp-content\/uploads\/2021\/03\/1-2-980x584.png 980w, https:\/\/alexandrecenis.com\/wp-content\/uploads\/2021\/03\/1-2-480x286.png 480w\" sizes=\"(min-width: 0px) and (max-width: 480px) 480px, (min-width: 481px) and (max-width: 980px) 980px, (min-width: 981px) 1024px, 100vw\" \/><\/p>\n<p style=\"text-align: justify;\">La publicit\u00e9 se d\u00e9roule dans une salle de spectacle, avec tr\u00e8s peu d\u2019\u00e9l\u00e9ments de d\u00e9cors. Dua Lipa est sur sc\u00e8ne, accompagn\u00e9e de techniciens, pour filmer sa prouesse et installer les lumi\u00e8res. Elle se met alors \u00e0 chanter, avec comme unique instrument de musique sa voix.<\/p>\n<p><img loading=\"lazy\" decoding=\"async\" class=\"aligncenter wp-image-3471 size-large\" src=\"https:\/\/alexandrecenis.com\/wp-content\/uploads\/2021\/03\/2-2-1024x706.png\" alt=\"\" width=\"1024\" height=\"706\" srcset=\"https:\/\/alexandrecenis.com\/wp-content\/uploads\/2021\/03\/2-2-980x675.png 980w, https:\/\/alexandrecenis.com\/wp-content\/uploads\/2021\/03\/2-2-480x331.png 480w\" sizes=\"(min-width: 0px) and (max-width: 480px) 480px, (min-width: 481px) and (max-width: 980px) 980px, (min-width: 981px) 1024px, 100vw\" \/><\/p>\n<p style=\"text-align: justify;\">Dua Lipa s\u2019est exprim\u00e9e sur sa collaboration avec la marque d\u2019D : \u201cCe n\u2019est pas souvent que j\u2019ai la chance de faire une pause et de chanter ma musique a capella, alors j\u2019esp\u00e8re que les fans appr\u00e9cieront. J\u2019ai toujours trouv\u00e9 qu\u2019\u00eatre fid\u00e8le \u00e0 moi-m\u00eame est extr\u00eamement stimulant, et j\u2019aime que cela soit \u00e9galement important pour Evian\u201d.<\/p>\n<p><img loading=\"lazy\" decoding=\"async\" class=\"aligncenter wp-image-3472 size-large\" src=\"https:\/\/alexandrecenis.com\/wp-content\/uploads\/2021\/03\/3-2-1024x503.png\" alt=\"\" width=\"1024\" height=\"503\" srcset=\"https:\/\/alexandrecenis.com\/wp-content\/uploads\/2021\/03\/3-2-980x482.png 980w, https:\/\/alexandrecenis.com\/wp-content\/uploads\/2021\/03\/3-2-480x236.png 480w\" sizes=\"(min-width: 0px) and (max-width: 480px) 480px, (min-width: 481px) and (max-width: 980px) 980px, (min-width: 981px) 1024px, 100vw\" \/><\/p>\n<p style=\"text-align: justify;\">Lorsque la chanteuse boit, elle peut chanter sans instrument avec une voix claire et puissante. Gr\u00e2ce \u00e0 Manon, la marque met en avant son c\u00f4t\u00e9 naturel et durable. La campagne\u00a0Drink True\u00a0sera diffus\u00e9e \u00e0 la t\u00e9l\u00e9vision et sur les r\u00e9seaux sociaux dans diff\u00e9rents pays tels que les \u00c9tats-Unis, le Royaume-Uni, la Suisse, la Chine et le Canada.<\/p>\n<p><img loading=\"lazy\" decoding=\"async\" class=\"aligncenter wp-image-3473 size-large\" src=\"https:\/\/alexandrecenis.com\/wp-content\/uploads\/2021\/03\/4-1-1024x585.png\" alt=\"\" width=\"1024\" height=\"585\" srcset=\"https:\/\/alexandrecenis.com\/wp-content\/uploads\/2021\/03\/4-1-980x559.png 980w, https:\/\/alexandrecenis.com\/wp-content\/uploads\/2021\/03\/4-1-480x274.png 480w\" sizes=\"(min-width: 0px) and (max-width: 480px) 480px, (min-width: 481px) and (max-width: 980px) 980px, (min-width: 981px) 1024px, 100vw\" \/><\/p>\n<p style=\"text-align: center;\"><iframe loading=\"lazy\" src=\"https:\/\/www.youtube.com\/embed\/Q3_OJd0OLBM\" width=\"560\" height=\"315\" frameborder=\"0\" allowfullscreen=\"allowfullscreen\"><\/iframe><\/p>\n","protected":false},"excerpt":{"rendered":"<p>Bien le bonjour le monde digital ! La c\u00e9l\u00e8bre chanteuse Dua Lipa reprend son tube Levitating, mais cette fois-ci a capella. La performance est au rendez-vous. La jeune Britannique pr\u00eate sa voix \u00e0 la nouvelle campagne d\u2019Evian, r\u00e9alis\u00e9e avec l\u2019agence\u00a0Wieden + Kennedy Amsterdam. C\u2019est la toute premi\u00e8re campagne Evian depuis que la marque a confi\u00e9 [&hellip;]<\/p>\n","protected":false},"author":1,"featured_media":3474,"comment_status":"closed","ping_status":"open","sticky":false,"template":"","format":"standard","meta":{"_et_pb_use_builder":"","_et_pb_old_content":"","_et_gb_content_width":"","footnotes":""},"categories":[113,4],"tags":[1257,1091,1254,906,190,1256,703,1255],"class_list":["post-3465","post","type-post","status-publish","format-standard","has-post-thumbnail","hentry","category-communication","category-marketing","tag-a-capella","tag-chanson","tag-dua-lipa","tag-eau-minerale","tag-evian","tag-musique","tag-voix","tag-wieden-kennedy-amsterdam"],"yoast_head":"<!-- This site is optimized with the Yoast SEO plugin v27.3 - https:\/\/yoast.com\/product\/yoast-seo-wordpress\/ -->\n<title>Dua Lipa a de la bouteille - Alexandre Cenis<\/title>\n<meta name=\"robots\" content=\"index, follow, max-snippet:-1, max-image-preview:large, max-video-preview:-1\" \/>\n<link rel=\"canonical\" href=\"https:\/\/alexandrecenis.com\/index.php\/2021\/03\/12\/dua-lipa-a-de-la-bouteille\/\" \/>\n<meta property=\"og:locale\" content=\"fr_FR\" \/>\n<meta property=\"og:type\" content=\"article\" \/>\n<meta property=\"og:title\" content=\"Dua Lipa a de la bouteille - Alexandre Cenis\" \/>\n<meta property=\"og:description\" content=\"Bien le bonjour le monde digital ! La c\u00e9l\u00e8bre chanteuse Dua Lipa reprend son tube Levitating, mais cette fois-ci a capella. La performance est au rendez-vous. La jeune Britannique pr\u00eate sa voix \u00e0 la nouvelle campagne d\u2019Evian, r\u00e9alis\u00e9e avec l\u2019agence\u00a0Wieden + Kennedy Amsterdam. C\u2019est la toute premi\u00e8re campagne Evian depuis que la marque a confi\u00e9 [&hellip;]\" \/>\n<meta property=\"og:url\" content=\"https:\/\/alexandrecenis.com\/index.php\/2021\/03\/12\/dua-lipa-a-de-la-bouteille\/\" \/>\n<meta property=\"og:site_name\" content=\"Alexandre Cenis\" \/>\n<meta property=\"article:published_time\" content=\"2021-03-12T05:23:33+00:00\" \/>\n<meta property=\"og:image\" content=\"https:\/\/alexandrecenis.com\/wp-content\/uploads\/2021\/03\/5-1.png\" \/>\n\t<meta property=\"og:image:width\" content=\"1159\" \/>\n\t<meta property=\"og:image:height\" content=\"769\" \/>\n\t<meta property=\"og:image:type\" content=\"image\/png\" \/>\n<meta name=\"author\" content=\"admin8497\" \/>\n<meta name=\"twitter:card\" content=\"summary_large_image\" \/>\n<meta name=\"twitter:creator\" content=\"@alexandrecenis\" \/>\n<meta name=\"twitter:site\" content=\"@alexandrecenis\" \/>\n<meta name=\"twitter:label1\" content=\"\u00c9crit par\" \/>\n\t<meta name=\"twitter:data1\" content=\"admin8497\" \/>\n\t<meta name=\"twitter:label2\" content=\"Dur\u00e9e de lecture estim\u00e9e\" \/>\n\t<meta name=\"twitter:data2\" content=\"2 minutes\" \/>\n<script type=\"application\/ld+json\" class=\"yoast-schema-graph\">{\"@context\":\"https:\\\/\\\/schema.org\",\"@graph\":[{\"@type\":\"Article\",\"@id\":\"https:\\\/\\\/alexandrecenis.com\\\/index.php\\\/2021\\\/03\\\/12\\\/dua-lipa-a-de-la-bouteille\\\/#article\",\"isPartOf\":{\"@id\":\"https:\\\/\\\/alexandrecenis.com\\\/index.php\\\/2021\\\/03\\\/12\\\/dua-lipa-a-de-la-bouteille\\\/\"},\"author\":{\"name\":\"admin8497\",\"@id\":\"https:\\\/\\\/alexandrecenis.com\\\/#\\\/schema\\\/person\\\/cb034178deaf60a8602f9c700c5b1c83\"},\"headline\":\"Dua Lipa a de la bouteille\",\"datePublished\":\"2021-03-12T05:23:33+00:00\",\"mainEntityOfPage\":{\"@id\":\"https:\\\/\\\/alexandrecenis.com\\\/index.php\\\/2021\\\/03\\\/12\\\/dua-lipa-a-de-la-bouteille\\\/\"},\"wordCount\":262,\"image\":{\"@id\":\"https:\\\/\\\/alexandrecenis.com\\\/index.php\\\/2021\\\/03\\\/12\\\/dua-lipa-a-de-la-bouteille\\\/#primaryimage\"},\"thumbnailUrl\":\"https:\\\/\\\/alexandrecenis.com\\\/wp-content\\\/uploads\\\/2021\\\/03\\\/5-1.png\",\"keywords\":[\"a capella\",\"chanson\",\"Dua Lipa\",\"eau min\u00e9rale\",\"evian\",\"musique\",\"voix\",\"Wieden + Kennedy Amsterdam\"],\"articleSection\":[\"Communication\",\"Marketing\"],\"inLanguage\":\"fr-FR\"},{\"@type\":\"WebPage\",\"@id\":\"https:\\\/\\\/alexandrecenis.com\\\/index.php\\\/2021\\\/03\\\/12\\\/dua-lipa-a-de-la-bouteille\\\/\",\"url\":\"https:\\\/\\\/alexandrecenis.com\\\/index.php\\\/2021\\\/03\\\/12\\\/dua-lipa-a-de-la-bouteille\\\/\",\"name\":\"Dua Lipa a de la bouteille - Alexandre Cenis\",\"isPartOf\":{\"@id\":\"https:\\\/\\\/alexandrecenis.com\\\/#website\"},\"primaryImageOfPage\":{\"@id\":\"https:\\\/\\\/alexandrecenis.com\\\/index.php\\\/2021\\\/03\\\/12\\\/dua-lipa-a-de-la-bouteille\\\/#primaryimage\"},\"image\":{\"@id\":\"https:\\\/\\\/alexandrecenis.com\\\/index.php\\\/2021\\\/03\\\/12\\\/dua-lipa-a-de-la-bouteille\\\/#primaryimage\"},\"thumbnailUrl\":\"https:\\\/\\\/alexandrecenis.com\\\/wp-content\\\/uploads\\\/2021\\\/03\\\/5-1.png\",\"datePublished\":\"2021-03-12T05:23:33+00:00\",\"author\":{\"@id\":\"https:\\\/\\\/alexandrecenis.com\\\/#\\\/schema\\\/person\\\/cb034178deaf60a8602f9c700c5b1c83\"},\"breadcrumb\":{\"@id\":\"https:\\\/\\\/alexandrecenis.com\\\/index.php\\\/2021\\\/03\\\/12\\\/dua-lipa-a-de-la-bouteille\\\/#breadcrumb\"},\"inLanguage\":\"fr-FR\",\"potentialAction\":[{\"@type\":\"ReadAction\",\"target\":[\"https:\\\/\\\/alexandrecenis.com\\\/index.php\\\/2021\\\/03\\\/12\\\/dua-lipa-a-de-la-bouteille\\\/\"]}]},{\"@type\":\"ImageObject\",\"inLanguage\":\"fr-FR\",\"@id\":\"https:\\\/\\\/alexandrecenis.com\\\/index.php\\\/2021\\\/03\\\/12\\\/dua-lipa-a-de-la-bouteille\\\/#primaryimage\",\"url\":\"https:\\\/\\\/alexandrecenis.com\\\/wp-content\\\/uploads\\\/2021\\\/03\\\/5-1.png\",\"contentUrl\":\"https:\\\/\\\/alexandrecenis.com\\\/wp-content\\\/uploads\\\/2021\\\/03\\\/5-1.png\",\"width\":1159,\"height\":769},{\"@type\":\"BreadcrumbList\",\"@id\":\"https:\\\/\\\/alexandrecenis.com\\\/index.php\\\/2021\\\/03\\\/12\\\/dua-lipa-a-de-la-bouteille\\\/#breadcrumb\",\"itemListElement\":[{\"@type\":\"ListItem\",\"position\":1,\"name\":\"Home\",\"item\":\"https:\\\/\\\/alexandrecenis.com\\\/\"},{\"@type\":\"ListItem\",\"position\":2,\"name\":\"Dua Lipa a de la bouteille\"}]},{\"@type\":\"WebSite\",\"@id\":\"https:\\\/\\\/alexandrecenis.com\\\/#website\",\"url\":\"https:\\\/\\\/alexandrecenis.com\\\/\",\"name\":\"Alexandre Cenis\",\"description\":\"Intelligence Cr\u00e9ative\",\"potentialAction\":[{\"@type\":\"SearchAction\",\"target\":{\"@type\":\"EntryPoint\",\"urlTemplate\":\"https:\\\/\\\/alexandrecenis.com\\\/?s={search_term_string}\"},\"query-input\":{\"@type\":\"PropertyValueSpecification\",\"valueRequired\":true,\"valueName\":\"search_term_string\"}}],\"inLanguage\":\"fr-FR\"},{\"@type\":\"Person\",\"@id\":\"https:\\\/\\\/alexandrecenis.com\\\/#\\\/schema\\\/person\\\/cb034178deaf60a8602f9c700c5b1c83\",\"name\":\"admin8497\",\"image\":{\"@type\":\"ImageObject\",\"inLanguage\":\"fr-FR\",\"@id\":\"https:\\\/\\\/secure.gravatar.com\\\/avatar\\\/9586a1b4e51047e1977e647153ddd075f143e741c8e5ba4d03f6cfa4c61126fd?s=96&d=mm&r=g\",\"url\":\"https:\\\/\\\/secure.gravatar.com\\\/avatar\\\/9586a1b4e51047e1977e647153ddd075f143e741c8e5ba4d03f6cfa4c61126fd?s=96&d=mm&r=g\",\"contentUrl\":\"https:\\\/\\\/secure.gravatar.com\\\/avatar\\\/9586a1b4e51047e1977e647153ddd075f143e741c8e5ba4d03f6cfa4c61126fd?s=96&d=mm&r=g\",\"caption\":\"admin8497\"},\"url\":\"https:\\\/\\\/alexandrecenis.com\\\/index.php\\\/author\\\/admin8497\\\/\"}]}<\/script>\n<!-- \/ Yoast SEO plugin. -->","yoast_head_json":{"title":"Dua Lipa a de la bouteille - Alexandre Cenis","robots":{"index":"index","follow":"follow","max-snippet":"max-snippet:-1","max-image-preview":"max-image-preview:large","max-video-preview":"max-video-preview:-1"},"canonical":"https:\/\/alexandrecenis.com\/index.php\/2021\/03\/12\/dua-lipa-a-de-la-bouteille\/","og_locale":"fr_FR","og_type":"article","og_title":"Dua Lipa a de la bouteille - Alexandre Cenis","og_description":"Bien le bonjour le monde digital ! La c\u00e9l\u00e8bre chanteuse Dua Lipa reprend son tube Levitating, mais cette fois-ci a capella. La performance est au rendez-vous. La jeune Britannique pr\u00eate sa voix \u00e0 la nouvelle campagne d\u2019Evian, r\u00e9alis\u00e9e avec l\u2019agence\u00a0Wieden + Kennedy Amsterdam. C\u2019est la toute premi\u00e8re campagne Evian depuis que la marque a confi\u00e9 [&hellip;]","og_url":"https:\/\/alexandrecenis.com\/index.php\/2021\/03\/12\/dua-lipa-a-de-la-bouteille\/","og_site_name":"Alexandre Cenis","article_published_time":"2021-03-12T05:23:33+00:00","og_image":[{"width":1159,"height":769,"url":"https:\/\/alexandrecenis.com\/wp-content\/uploads\/2021\/03\/5-1.png","type":"image\/png"}],"author":"admin8497","twitter_card":"summary_large_image","twitter_creator":"@alexandrecenis","twitter_site":"@alexandrecenis","twitter_misc":{"\u00c9crit par":"admin8497","Dur\u00e9e de lecture estim\u00e9e":"2 minutes"},"schema":{"@context":"https:\/\/schema.org","@graph":[{"@type":"Article","@id":"https:\/\/alexandrecenis.com\/index.php\/2021\/03\/12\/dua-lipa-a-de-la-bouteille\/#article","isPartOf":{"@id":"https:\/\/alexandrecenis.com\/index.php\/2021\/03\/12\/dua-lipa-a-de-la-bouteille\/"},"author":{"name":"admin8497","@id":"https:\/\/alexandrecenis.com\/#\/schema\/person\/cb034178deaf60a8602f9c700c5b1c83"},"headline":"Dua Lipa a de la bouteille","datePublished":"2021-03-12T05:23:33+00:00","mainEntityOfPage":{"@id":"https:\/\/alexandrecenis.com\/index.php\/2021\/03\/12\/dua-lipa-a-de-la-bouteille\/"},"wordCount":262,"image":{"@id":"https:\/\/alexandrecenis.com\/index.php\/2021\/03\/12\/dua-lipa-a-de-la-bouteille\/#primaryimage"},"thumbnailUrl":"https:\/\/alexandrecenis.com\/wp-content\/uploads\/2021\/03\/5-1.png","keywords":["a capella","chanson","Dua Lipa","eau min\u00e9rale","evian","musique","voix","Wieden + Kennedy Amsterdam"],"articleSection":["Communication","Marketing"],"inLanguage":"fr-FR"},{"@type":"WebPage","@id":"https:\/\/alexandrecenis.com\/index.php\/2021\/03\/12\/dua-lipa-a-de-la-bouteille\/","url":"https:\/\/alexandrecenis.com\/index.php\/2021\/03\/12\/dua-lipa-a-de-la-bouteille\/","name":"Dua Lipa a de la bouteille - Alexandre Cenis","isPartOf":{"@id":"https:\/\/alexandrecenis.com\/#website"},"primaryImageOfPage":{"@id":"https:\/\/alexandrecenis.com\/index.php\/2021\/03\/12\/dua-lipa-a-de-la-bouteille\/#primaryimage"},"image":{"@id":"https:\/\/alexandrecenis.com\/index.php\/2021\/03\/12\/dua-lipa-a-de-la-bouteille\/#primaryimage"},"thumbnailUrl":"https:\/\/alexandrecenis.com\/wp-content\/uploads\/2021\/03\/5-1.png","datePublished":"2021-03-12T05:23:33+00:00","author":{"@id":"https:\/\/alexandrecenis.com\/#\/schema\/person\/cb034178deaf60a8602f9c700c5b1c83"},"breadcrumb":{"@id":"https:\/\/alexandrecenis.com\/index.php\/2021\/03\/12\/dua-lipa-a-de-la-bouteille\/#breadcrumb"},"inLanguage":"fr-FR","potentialAction":[{"@type":"ReadAction","target":["https:\/\/alexandrecenis.com\/index.php\/2021\/03\/12\/dua-lipa-a-de-la-bouteille\/"]}]},{"@type":"ImageObject","inLanguage":"fr-FR","@id":"https:\/\/alexandrecenis.com\/index.php\/2021\/03\/12\/dua-lipa-a-de-la-bouteille\/#primaryimage","url":"https:\/\/alexandrecenis.com\/wp-content\/uploads\/2021\/03\/5-1.png","contentUrl":"https:\/\/alexandrecenis.com\/wp-content\/uploads\/2021\/03\/5-1.png","width":1159,"height":769},{"@type":"BreadcrumbList","@id":"https:\/\/alexandrecenis.com\/index.php\/2021\/03\/12\/dua-lipa-a-de-la-bouteille\/#breadcrumb","itemListElement":[{"@type":"ListItem","position":1,"name":"Home","item":"https:\/\/alexandrecenis.com\/"},{"@type":"ListItem","position":2,"name":"Dua Lipa a de la bouteille"}]},{"@type":"WebSite","@id":"https:\/\/alexandrecenis.com\/#website","url":"https:\/\/alexandrecenis.com\/","name":"Alexandre Cenis","description":"Intelligence Cr\u00e9ative","potentialAction":[{"@type":"SearchAction","target":{"@type":"EntryPoint","urlTemplate":"https:\/\/alexandrecenis.com\/?s={search_term_string}"},"query-input":{"@type":"PropertyValueSpecification","valueRequired":true,"valueName":"search_term_string"}}],"inLanguage":"fr-FR"},{"@type":"Person","@id":"https:\/\/alexandrecenis.com\/#\/schema\/person\/cb034178deaf60a8602f9c700c5b1c83","name":"admin8497","image":{"@type":"ImageObject","inLanguage":"fr-FR","@id":"https:\/\/secure.gravatar.com\/avatar\/9586a1b4e51047e1977e647153ddd075f143e741c8e5ba4d03f6cfa4c61126fd?s=96&d=mm&r=g","url":"https:\/\/secure.gravatar.com\/avatar\/9586a1b4e51047e1977e647153ddd075f143e741c8e5ba4d03f6cfa4c61126fd?s=96&d=mm&r=g","contentUrl":"https:\/\/secure.gravatar.com\/avatar\/9586a1b4e51047e1977e647153ddd075f143e741c8e5ba4d03f6cfa4c61126fd?s=96&d=mm&r=g","caption":"admin8497"},"url":"https:\/\/alexandrecenis.com\/index.php\/author\/admin8497\/"}]}},"_links":{"self":[{"href":"https:\/\/alexandrecenis.com\/index.php\/wp-json\/wp\/v2\/posts\/3465","targetHints":{"allow":["GET"]}}],"collection":[{"href":"https:\/\/alexandrecenis.com\/index.php\/wp-json\/wp\/v2\/posts"}],"about":[{"href":"https:\/\/alexandrecenis.com\/index.php\/wp-json\/wp\/v2\/types\/post"}],"author":[{"embeddable":true,"href":"https:\/\/alexandrecenis.com\/index.php\/wp-json\/wp\/v2\/users\/1"}],"replies":[{"embeddable":true,"href":"https:\/\/alexandrecenis.com\/index.php\/wp-json\/wp\/v2\/comments?post=3465"}],"version-history":[{"count":8,"href":"https:\/\/alexandrecenis.com\/index.php\/wp-json\/wp\/v2\/posts\/3465\/revisions"}],"predecessor-version":[{"id":3478,"href":"https:\/\/alexandrecenis.com\/index.php\/wp-json\/wp\/v2\/posts\/3465\/revisions\/3478"}],"wp:featuredmedia":[{"embeddable":true,"href":"https:\/\/alexandrecenis.com\/index.php\/wp-json\/wp\/v2\/media\/3474"}],"wp:attachment":[{"href":"https:\/\/alexandrecenis.com\/index.php\/wp-json\/wp\/v2\/media?parent=3465"}],"wp:term":[{"taxonomy":"category","embeddable":true,"href":"https:\/\/alexandrecenis.com\/index.php\/wp-json\/wp\/v2\/categories?post=3465"},{"taxonomy":"post_tag","embeddable":true,"href":"https:\/\/alexandrecenis.com\/index.php\/wp-json\/wp\/v2\/tags?post=3465"}],"curies":[{"name":"wp","href":"https:\/\/api.w.org\/{rel}","templated":true}]}}