{"id":3437,"date":"2021-03-01T11:38:40","date_gmt":"2021-03-01T10:38:40","guid":{"rendered":"https:\/\/alexandrecenis.com\/?p=3437"},"modified":"2021-03-01T11:38:40","modified_gmt":"2021-03-01T10:38:40","slug":"la-communication-sans-barrieres","status":"publish","type":"post","link":"https:\/\/alexandrecenis.com\/index.php\/2021\/03\/01\/la-communication-sans-barrieres\/","title":{"rendered":"La communication sans barri\u00e8res"},"content":{"rendered":"<p style=\"text-align: justify;\">R\u00e9aliser un clip adress\u00e9 aux plus jeunes sur les gestes barri\u00e8re, c&rsquo;est le d\u00e9fi lanc\u00e9 par le pr\u00e9sident de la R\u00e9publique Emmanuel Macron aux youtubeurs et influenceurs McFly et Carlito. Les deux hommes totalisent 6,38 millions d&rsquo;abonn\u00e9s sur leur cha\u00eene YouTube. L&rsquo;ex\u00e9cutif a bien choisi son m\u00e9dium pour diffuser les consignes sanitaires. D\u00e9fi accept\u00e9 ! Les influenceurs passent un march\u00e9 avec le pr\u00e9sident, s&rsquo;ils atteignent les 10 millions de vues, Emmanuel Macron devra se pr\u00eater \u00e0 un concours d&rsquo;anecdotes \u00e0 l&rsquo;\u00c9lys\u00e9e<!--more--><\/p>\n<p style=\"text-align: center;\"><iframe loading=\"lazy\" src=\"https:\/\/www.youtube.com\/embed\/t4h8j9xLyxQ\" width=\"560\" height=\"315\" frameborder=\"0\" allowfullscreen=\"allowfullscreen\"><\/iframe><\/p>\n<p style=\"text-align: justify;\">Bilan : <strong>13 millions de vues<\/strong> comptabilis\u00e9es sur la vid\u00e9o (01\/03\/21) : pari r\u00e9ussi pour McFly et Carlito avec cette vid\u00e9o pleine d&rsquo;humour qui rappelle les gestes barri\u00e8res et les bons comportements sanitaires \u00e0 adopter en p\u00e9riode de crise. Un coup de com&rsquo; performant de la part du gouvernement qui rappelle avec cette vid\u00e9o, la fra\u00eecheur que tente d&rsquo;insuffler le pr\u00e9sident malgr\u00e9 la crise. Pendant que vous y \u00eates, regardez cette autre vid\u00e9o qui traite de la communication politique d&rsquo;hier et d&rsquo;aujourd&rsquo;hui&#8230;muy int\u00e9ressant \ud83d\ude09<\/p>\n<p style=\"text-align: center;\"><iframe loading=\"lazy\" src=\"https:\/\/www.youtube.com\/embed\/Z03wQeEW0F0\" width=\"560\" height=\"315\" frameborder=\"0\" allowfullscreen=\"allowfullscreen\"><\/iframe><\/p>\n","protected":false},"excerpt":{"rendered":"<p>R\u00e9aliser un clip adress\u00e9 aux plus jeunes sur les gestes barri\u00e8re, c&rsquo;est le d\u00e9fi lanc\u00e9 par le pr\u00e9sident de la R\u00e9publique Emmanuel Macron aux youtubeurs et influenceurs McFly et Carlito. Les deux hommes totalisent 6,38 millions d&rsquo;abonn\u00e9s sur leur cha\u00eene YouTube. L&rsquo;ex\u00e9cutif a bien choisi son m\u00e9dium pour diffuser les consignes sanitaires. D\u00e9fi accept\u00e9 ! [&hellip;]<\/p>\n","protected":false},"author":1,"featured_media":3442,"comment_status":"closed","ping_status":"open","sticky":false,"template":"","format":"standard","meta":{"_et_pb_use_builder":"","_et_pb_old_content":"","_et_gb_content_width":"","footnotes":""},"categories":[113],"tags":[1239,761,416,1238],"class_list":["post-3437","post","type-post","status-publish","format-standard","has-post-thumbnail","hentry","category-communication","tag-defi","tag-gestes-barrieres","tag-macron","tag-mcfly-et-carlito"],"yoast_head":"<!-- This site is optimized with the Yoast SEO plugin v27.3 - https:\/\/yoast.com\/product\/yoast-seo-wordpress\/ -->\n<title>La communication sans barri\u00e8res - Alexandre Cenis<\/title>\n<meta name=\"robots\" content=\"index, follow, max-snippet:-1, max-image-preview:large, max-video-preview:-1\" \/>\n<link rel=\"canonical\" href=\"https:\/\/alexandrecenis.com\/index.php\/2021\/03\/01\/la-communication-sans-barrieres\/\" \/>\n<meta property=\"og:locale\" content=\"fr_FR\" \/>\n<meta property=\"og:type\" content=\"article\" \/>\n<meta property=\"og:title\" content=\"La communication sans barri\u00e8res - Alexandre Cenis\" \/>\n<meta property=\"og:description\" content=\"R\u00e9aliser un clip adress\u00e9 aux plus jeunes sur les gestes barri\u00e8re, c&rsquo;est le d\u00e9fi lanc\u00e9 par le pr\u00e9sident de la R\u00e9publique Emmanuel Macron aux youtubeurs et influenceurs McFly et Carlito. Les deux hommes totalisent 6,38 millions d&rsquo;abonn\u00e9s sur leur cha\u00eene YouTube. L&rsquo;ex\u00e9cutif a bien choisi son m\u00e9dium pour diffuser les consignes sanitaires. D\u00e9fi accept\u00e9 ! [&hellip;]\" \/>\n<meta property=\"og:url\" content=\"https:\/\/alexandrecenis.com\/index.php\/2021\/03\/01\/la-communication-sans-barrieres\/\" \/>\n<meta property=\"og:site_name\" content=\"Alexandre Cenis\" \/>\n<meta property=\"article:published_time\" content=\"2021-03-01T10:38:40+00:00\" \/>\n<meta property=\"og:image\" content=\"https:\/\/alexandrecenis.com\/wp-content\/uploads\/2021\/03\/vignette.png\" \/>\n\t<meta property=\"og:image:width\" content=\"562\" \/>\n\t<meta property=\"og:image:height\" content=\"258\" \/>\n\t<meta property=\"og:image:type\" content=\"image\/png\" \/>\n<meta name=\"author\" content=\"admin8497\" \/>\n<meta name=\"twitter:card\" content=\"summary_large_image\" \/>\n<meta name=\"twitter:creator\" content=\"@alexandrecenis\" \/>\n<meta name=\"twitter:site\" content=\"@alexandrecenis\" \/>\n<meta name=\"twitter:label1\" content=\"\u00c9crit par\" \/>\n\t<meta name=\"twitter:data1\" content=\"admin8497\" \/>\n\t<meta name=\"twitter:label2\" content=\"Dur\u00e9e de lecture estim\u00e9e\" \/>\n\t<meta name=\"twitter:data2\" content=\"1 minute\" \/>\n<script type=\"application\/ld+json\" class=\"yoast-schema-graph\">{\"@context\":\"https:\\\/\\\/schema.org\",\"@graph\":[{\"@type\":\"Article\",\"@id\":\"https:\\\/\\\/alexandrecenis.com\\\/index.php\\\/2021\\\/03\\\/01\\\/la-communication-sans-barrieres\\\/#article\",\"isPartOf\":{\"@id\":\"https:\\\/\\\/alexandrecenis.com\\\/index.php\\\/2021\\\/03\\\/01\\\/la-communication-sans-barrieres\\\/\"},\"author\":{\"name\":\"admin8497\",\"@id\":\"https:\\\/\\\/alexandrecenis.com\\\/#\\\/schema\\\/person\\\/cb034178deaf60a8602f9c700c5b1c83\"},\"headline\":\"La communication sans barri\u00e8res\",\"datePublished\":\"2021-03-01T10:38:40+00:00\",\"mainEntityOfPage\":{\"@id\":\"https:\\\/\\\/alexandrecenis.com\\\/index.php\\\/2021\\\/03\\\/01\\\/la-communication-sans-barrieres\\\/\"},\"wordCount\":185,\"image\":{\"@id\":\"https:\\\/\\\/alexandrecenis.com\\\/index.php\\\/2021\\\/03\\\/01\\\/la-communication-sans-barrieres\\\/#primaryimage\"},\"thumbnailUrl\":\"https:\\\/\\\/alexandrecenis.com\\\/wp-content\\\/uploads\\\/2021\\\/03\\\/vignette.png\",\"keywords\":[\"d\u00e9fi\",\"gestes barri\u00e8res\",\"macron\",\"McFly et Carlito\"],\"articleSection\":[\"Communication\"],\"inLanguage\":\"fr-FR\"},{\"@type\":\"WebPage\",\"@id\":\"https:\\\/\\\/alexandrecenis.com\\\/index.php\\\/2021\\\/03\\\/01\\\/la-communication-sans-barrieres\\\/\",\"url\":\"https:\\\/\\\/alexandrecenis.com\\\/index.php\\\/2021\\\/03\\\/01\\\/la-communication-sans-barrieres\\\/\",\"name\":\"La communication sans barri\u00e8res - Alexandre Cenis\",\"isPartOf\":{\"@id\":\"https:\\\/\\\/alexandrecenis.com\\\/#website\"},\"primaryImageOfPage\":{\"@id\":\"https:\\\/\\\/alexandrecenis.com\\\/index.php\\\/2021\\\/03\\\/01\\\/la-communication-sans-barrieres\\\/#primaryimage\"},\"image\":{\"@id\":\"https:\\\/\\\/alexandrecenis.com\\\/index.php\\\/2021\\\/03\\\/01\\\/la-communication-sans-barrieres\\\/#primaryimage\"},\"thumbnailUrl\":\"https:\\\/\\\/alexandrecenis.com\\\/wp-content\\\/uploads\\\/2021\\\/03\\\/vignette.png\",\"datePublished\":\"2021-03-01T10:38:40+00:00\",\"author\":{\"@id\":\"https:\\\/\\\/alexandrecenis.com\\\/#\\\/schema\\\/person\\\/cb034178deaf60a8602f9c700c5b1c83\"},\"breadcrumb\":{\"@id\":\"https:\\\/\\\/alexandrecenis.com\\\/index.php\\\/2021\\\/03\\\/01\\\/la-communication-sans-barrieres\\\/#breadcrumb\"},\"inLanguage\":\"fr-FR\",\"potentialAction\":[{\"@type\":\"ReadAction\",\"target\":[\"https:\\\/\\\/alexandrecenis.com\\\/index.php\\\/2021\\\/03\\\/01\\\/la-communication-sans-barrieres\\\/\"]}]},{\"@type\":\"ImageObject\",\"inLanguage\":\"fr-FR\",\"@id\":\"https:\\\/\\\/alexandrecenis.com\\\/index.php\\\/2021\\\/03\\\/01\\\/la-communication-sans-barrieres\\\/#primaryimage\",\"url\":\"https:\\\/\\\/alexandrecenis.com\\\/wp-content\\\/uploads\\\/2021\\\/03\\\/vignette.png\",\"contentUrl\":\"https:\\\/\\\/alexandrecenis.com\\\/wp-content\\\/uploads\\\/2021\\\/03\\\/vignette.png\",\"width\":562,\"height\":258},{\"@type\":\"BreadcrumbList\",\"@id\":\"https:\\\/\\\/alexandrecenis.com\\\/index.php\\\/2021\\\/03\\\/01\\\/la-communication-sans-barrieres\\\/#breadcrumb\",\"itemListElement\":[{\"@type\":\"ListItem\",\"position\":1,\"name\":\"Home\",\"item\":\"https:\\\/\\\/alexandrecenis.com\\\/\"},{\"@type\":\"ListItem\",\"position\":2,\"name\":\"La communication sans barri\u00e8res\"}]},{\"@type\":\"WebSite\",\"@id\":\"https:\\\/\\\/alexandrecenis.com\\\/#website\",\"url\":\"https:\\\/\\\/alexandrecenis.com\\\/\",\"name\":\"Alexandre Cenis\",\"description\":\"Intelligence Cr\u00e9ative\",\"potentialAction\":[{\"@type\":\"SearchAction\",\"target\":{\"@type\":\"EntryPoint\",\"urlTemplate\":\"https:\\\/\\\/alexandrecenis.com\\\/?s={search_term_string}\"},\"query-input\":{\"@type\":\"PropertyValueSpecification\",\"valueRequired\":true,\"valueName\":\"search_term_string\"}}],\"inLanguage\":\"fr-FR\"},{\"@type\":\"Person\",\"@id\":\"https:\\\/\\\/alexandrecenis.com\\\/#\\\/schema\\\/person\\\/cb034178deaf60a8602f9c700c5b1c83\",\"name\":\"admin8497\",\"image\":{\"@type\":\"ImageObject\",\"inLanguage\":\"fr-FR\",\"@id\":\"https:\\\/\\\/secure.gravatar.com\\\/avatar\\\/9586a1b4e51047e1977e647153ddd075f143e741c8e5ba4d03f6cfa4c61126fd?s=96&d=mm&r=g\",\"url\":\"https:\\\/\\\/secure.gravatar.com\\\/avatar\\\/9586a1b4e51047e1977e647153ddd075f143e741c8e5ba4d03f6cfa4c61126fd?s=96&d=mm&r=g\",\"contentUrl\":\"https:\\\/\\\/secure.gravatar.com\\\/avatar\\\/9586a1b4e51047e1977e647153ddd075f143e741c8e5ba4d03f6cfa4c61126fd?s=96&d=mm&r=g\",\"caption\":\"admin8497\"},\"url\":\"https:\\\/\\\/alexandrecenis.com\\\/index.php\\\/author\\\/admin8497\\\/\"}]}<\/script>\n<!-- \/ Yoast SEO plugin. -->","yoast_head_json":{"title":"La communication sans barri\u00e8res - Alexandre Cenis","robots":{"index":"index","follow":"follow","max-snippet":"max-snippet:-1","max-image-preview":"max-image-preview:large","max-video-preview":"max-video-preview:-1"},"canonical":"https:\/\/alexandrecenis.com\/index.php\/2021\/03\/01\/la-communication-sans-barrieres\/","og_locale":"fr_FR","og_type":"article","og_title":"La communication sans barri\u00e8res - Alexandre Cenis","og_description":"R\u00e9aliser un clip adress\u00e9 aux plus jeunes sur les gestes barri\u00e8re, c&rsquo;est le d\u00e9fi lanc\u00e9 par le pr\u00e9sident de la R\u00e9publique Emmanuel Macron aux youtubeurs et influenceurs McFly et Carlito. Les deux hommes totalisent 6,38 millions d&rsquo;abonn\u00e9s sur leur cha\u00eene YouTube. L&rsquo;ex\u00e9cutif a bien choisi son m\u00e9dium pour diffuser les consignes sanitaires. D\u00e9fi accept\u00e9 ! [&hellip;]","og_url":"https:\/\/alexandrecenis.com\/index.php\/2021\/03\/01\/la-communication-sans-barrieres\/","og_site_name":"Alexandre Cenis","article_published_time":"2021-03-01T10:38:40+00:00","og_image":[{"width":562,"height":258,"url":"https:\/\/alexandrecenis.com\/wp-content\/uploads\/2021\/03\/vignette.png","type":"image\/png"}],"author":"admin8497","twitter_card":"summary_large_image","twitter_creator":"@alexandrecenis","twitter_site":"@alexandrecenis","twitter_misc":{"\u00c9crit par":"admin8497","Dur\u00e9e de lecture estim\u00e9e":"1 minute"},"schema":{"@context":"https:\/\/schema.org","@graph":[{"@type":"Article","@id":"https:\/\/alexandrecenis.com\/index.php\/2021\/03\/01\/la-communication-sans-barrieres\/#article","isPartOf":{"@id":"https:\/\/alexandrecenis.com\/index.php\/2021\/03\/01\/la-communication-sans-barrieres\/"},"author":{"name":"admin8497","@id":"https:\/\/alexandrecenis.com\/#\/schema\/person\/cb034178deaf60a8602f9c700c5b1c83"},"headline":"La communication sans barri\u00e8res","datePublished":"2021-03-01T10:38:40+00:00","mainEntityOfPage":{"@id":"https:\/\/alexandrecenis.com\/index.php\/2021\/03\/01\/la-communication-sans-barrieres\/"},"wordCount":185,"image":{"@id":"https:\/\/alexandrecenis.com\/index.php\/2021\/03\/01\/la-communication-sans-barrieres\/#primaryimage"},"thumbnailUrl":"https:\/\/alexandrecenis.com\/wp-content\/uploads\/2021\/03\/vignette.png","keywords":["d\u00e9fi","gestes barri\u00e8res","macron","McFly et Carlito"],"articleSection":["Communication"],"inLanguage":"fr-FR"},{"@type":"WebPage","@id":"https:\/\/alexandrecenis.com\/index.php\/2021\/03\/01\/la-communication-sans-barrieres\/","url":"https:\/\/alexandrecenis.com\/index.php\/2021\/03\/01\/la-communication-sans-barrieres\/","name":"La communication sans barri\u00e8res - Alexandre Cenis","isPartOf":{"@id":"https:\/\/alexandrecenis.com\/#website"},"primaryImageOfPage":{"@id":"https:\/\/alexandrecenis.com\/index.php\/2021\/03\/01\/la-communication-sans-barrieres\/#primaryimage"},"image":{"@id":"https:\/\/alexandrecenis.com\/index.php\/2021\/03\/01\/la-communication-sans-barrieres\/#primaryimage"},"thumbnailUrl":"https:\/\/alexandrecenis.com\/wp-content\/uploads\/2021\/03\/vignette.png","datePublished":"2021-03-01T10:38:40+00:00","author":{"@id":"https:\/\/alexandrecenis.com\/#\/schema\/person\/cb034178deaf60a8602f9c700c5b1c83"},"breadcrumb":{"@id":"https:\/\/alexandrecenis.com\/index.php\/2021\/03\/01\/la-communication-sans-barrieres\/#breadcrumb"},"inLanguage":"fr-FR","potentialAction":[{"@type":"ReadAction","target":["https:\/\/alexandrecenis.com\/index.php\/2021\/03\/01\/la-communication-sans-barrieres\/"]}]},{"@type":"ImageObject","inLanguage":"fr-FR","@id":"https:\/\/alexandrecenis.com\/index.php\/2021\/03\/01\/la-communication-sans-barrieres\/#primaryimage","url":"https:\/\/alexandrecenis.com\/wp-content\/uploads\/2021\/03\/vignette.png","contentUrl":"https:\/\/alexandrecenis.com\/wp-content\/uploads\/2021\/03\/vignette.png","width":562,"height":258},{"@type":"BreadcrumbList","@id":"https:\/\/alexandrecenis.com\/index.php\/2021\/03\/01\/la-communication-sans-barrieres\/#breadcrumb","itemListElement":[{"@type":"ListItem","position":1,"name":"Home","item":"https:\/\/alexandrecenis.com\/"},{"@type":"ListItem","position":2,"name":"La communication sans barri\u00e8res"}]},{"@type":"WebSite","@id":"https:\/\/alexandrecenis.com\/#website","url":"https:\/\/alexandrecenis.com\/","name":"Alexandre Cenis","description":"Intelligence Cr\u00e9ative","potentialAction":[{"@type":"SearchAction","target":{"@type":"EntryPoint","urlTemplate":"https:\/\/alexandrecenis.com\/?s={search_term_string}"},"query-input":{"@type":"PropertyValueSpecification","valueRequired":true,"valueName":"search_term_string"}}],"inLanguage":"fr-FR"},{"@type":"Person","@id":"https:\/\/alexandrecenis.com\/#\/schema\/person\/cb034178deaf60a8602f9c700c5b1c83","name":"admin8497","image":{"@type":"ImageObject","inLanguage":"fr-FR","@id":"https:\/\/secure.gravatar.com\/avatar\/9586a1b4e51047e1977e647153ddd075f143e741c8e5ba4d03f6cfa4c61126fd?s=96&d=mm&r=g","url":"https:\/\/secure.gravatar.com\/avatar\/9586a1b4e51047e1977e647153ddd075f143e741c8e5ba4d03f6cfa4c61126fd?s=96&d=mm&r=g","contentUrl":"https:\/\/secure.gravatar.com\/avatar\/9586a1b4e51047e1977e647153ddd075f143e741c8e5ba4d03f6cfa4c61126fd?s=96&d=mm&r=g","caption":"admin8497"},"url":"https:\/\/alexandrecenis.com\/index.php\/author\/admin8497\/"}]}},"_links":{"self":[{"href":"https:\/\/alexandrecenis.com\/index.php\/wp-json\/wp\/v2\/posts\/3437","targetHints":{"allow":["GET"]}}],"collection":[{"href":"https:\/\/alexandrecenis.com\/index.php\/wp-json\/wp\/v2\/posts"}],"about":[{"href":"https:\/\/alexandrecenis.com\/index.php\/wp-json\/wp\/v2\/types\/post"}],"author":[{"embeddable":true,"href":"https:\/\/alexandrecenis.com\/index.php\/wp-json\/wp\/v2\/users\/1"}],"replies":[{"embeddable":true,"href":"https:\/\/alexandrecenis.com\/index.php\/wp-json\/wp\/v2\/comments?post=3437"}],"version-history":[{"count":5,"href":"https:\/\/alexandrecenis.com\/index.php\/wp-json\/wp\/v2\/posts\/3437\/revisions"}],"predecessor-version":[{"id":3443,"href":"https:\/\/alexandrecenis.com\/index.php\/wp-json\/wp\/v2\/posts\/3437\/revisions\/3443"}],"wp:featuredmedia":[{"embeddable":true,"href":"https:\/\/alexandrecenis.com\/index.php\/wp-json\/wp\/v2\/media\/3442"}],"wp:attachment":[{"href":"https:\/\/alexandrecenis.com\/index.php\/wp-json\/wp\/v2\/media?parent=3437"}],"wp:term":[{"taxonomy":"category","embeddable":true,"href":"https:\/\/alexandrecenis.com\/index.php\/wp-json\/wp\/v2\/categories?post=3437"},{"taxonomy":"post_tag","embeddable":true,"href":"https:\/\/alexandrecenis.com\/index.php\/wp-json\/wp\/v2\/tags?post=3437"}],"curies":[{"name":"wp","href":"https:\/\/api.w.org\/{rel}","templated":true}]}}