{"id":3421,"date":"2021-02-23T06:09:26","date_gmt":"2021-02-23T05:09:26","guid":{"rendered":"https:\/\/alexandrecenis.com\/?p=3421"},"modified":"2021-02-23T06:09:26","modified_gmt":"2021-02-23T05:09:26","slug":"la-cybersecurite-ce-nest-pas-une-legende","status":"publish","type":"post","link":"https:\/\/alexandrecenis.com\/index.php\/2021\/02\/23\/la-cybersecurite-ce-nest-pas-une-legende\/","title":{"rendered":"La cybers\u00e9curit\u00e9 ce n&rsquo;est pas une l\u00e9gende"},"content":{"rendered":"<p style=\"text-align: justify;\">Bien le bonjour le monde digital ! La s\u00e9rie ph\u00e9nom\u00e8ne de CANAL+ <em>Le Bureau des l\u00e9gendes<\/em> a pr\u00eat\u00e9 main forte au gouvernement pour parler de cybers\u00e9curit\u00e9. Cette campagne est diffus\u00e9e depuis le jeudi 18 f\u00e9vrier sur les r\u00e9seaux sociaux. Plusieurs acteurs de la s\u00e9rie se sont mis dans la peau de leur personnage pour ce spot publicitaire, notamment <strong>Irina Muluile<\/strong> qui incarne \u201cla mule\u201d.<\/p>\n<p style=\"text-align: justify;\">Ce court-m\u00e9trage met en sc\u00e8ne une jeune femme qui travaille \u00e0 la Direction G\u00e9n\u00e9rale de la S\u00e9curit\u00e9 Ext\u00e9rieure (DGSE), des services secrets fran\u00e7ais. Elle se fait sans cesse interrompre dans ses r\u00e9unions et ses missions par ses proches. En effet, ils l\u2019appellent \u00e0 tour de r\u00f4le pour lui demander de l\u2019aide concernant des probl\u00e8mes de cyberattaque. La jeune femme leur recommande de s\u2019adresser \u00e0 l\u2019<strong>Agence Nationale de la S\u00e9curit\u00e9 des Syst\u00e8mes d\u2019Information<\/strong> (ANSSI).<\/p>\n<p style=\"text-align: justify;\">Le film se finit par ce message :<em> \u201cFace \u00e0 la menace cyber, pas besoin de conna\u00eetre quelqu\u2019un au Bureau des l\u00e9gendes\u201d<\/em>. Cette campagne a \u00e9t\u00e9 r\u00e9alis\u00e9e avec l\u2019aide de <strong>TOP-The Oligarchs Productions<\/strong>, coproducteur de la s\u00e9rie <em>Le Bureau des l\u00e9gendes<\/em>, ainsi que <strong>TOD-The Oligarchs Digital<\/strong>. En m\u00ealant habilement la fiction \u00e0 la r\u00e9alit\u00e9, la publicit\u00e9 a pour but de sensibiliser aux risques de leur vie num\u00e9rique. Car les cyberattaques peuvent toucher n\u2019importe qui. Si vous \u00eates victime d\u2019une attaque, il est conseill\u00e9 de se renseigner sur ces sites : <a href=\"https:\/\/www.ssi.gouv.fr\/\">www.ssi.gouv.fr<\/a>, <a href=\"https:\/\/www.cybermalveillance.gouv.fr\/\">www.cybermalveillance.gouv.fr\/<\/a><\/p>\n<p style=\"text-align: center;\"><iframe loading=\"lazy\" src=\"https:\/\/www.youtube.com\/embed\/CGUy57AI0jM\" width=\"560\" height=\"315\" frameborder=\"0\" allowfullscreen=\"allowfullscreen\"><\/iframe><\/p>\n","protected":false},"excerpt":{"rendered":"<p>Bien le bonjour le monde digital ! La s\u00e9rie ph\u00e9nom\u00e8ne de CANAL+ Le Bureau des l\u00e9gendes a pr\u00eat\u00e9 main forte au gouvernement pour parler de cybers\u00e9curit\u00e9. Cette campagne est diffus\u00e9e depuis le jeudi 18 f\u00e9vrier sur les r\u00e9seaux sociaux. Plusieurs acteurs de la s\u00e9rie se sont mis dans la peau de leur personnage pour ce [&hellip;]<\/p>\n","protected":false},"author":1,"featured_media":3426,"comment_status":"closed","ping_status":"open","sticky":false,"template":"","format":"standard","meta":{"_et_pb_use_builder":"","_et_pb_old_content":"","_et_gb_content_width":"","footnotes":""},"categories":[113,1],"tags":[323,1236,1237,1235],"class_list":["post-3421","post","type-post","status-publish","format-standard","has-post-thumbnail","hentry","category-communication","category-non-classe","tag-canal","tag-cybersecurite","tag-irina-muluile","tag-le-bureau-des-legendes"],"yoast_head":"<!-- This site is optimized with the Yoast SEO plugin v27.3 - https:\/\/yoast.com\/product\/yoast-seo-wordpress\/ -->\n<title>La cybers\u00e9curit\u00e9 ce n&#039;est pas une l\u00e9gende - Alexandre Cenis<\/title>\n<meta name=\"robots\" content=\"index, follow, max-snippet:-1, max-image-preview:large, max-video-preview:-1\" \/>\n<link rel=\"canonical\" href=\"https:\/\/alexandrecenis.com\/index.php\/2021\/02\/23\/la-cybersecurite-ce-nest-pas-une-legende\/\" \/>\n<meta property=\"og:locale\" content=\"fr_FR\" \/>\n<meta property=\"og:type\" content=\"article\" \/>\n<meta property=\"og:title\" content=\"La cybers\u00e9curit\u00e9 ce n&#039;est pas une l\u00e9gende - Alexandre Cenis\" \/>\n<meta property=\"og:description\" content=\"Bien le bonjour le monde digital ! La s\u00e9rie ph\u00e9nom\u00e8ne de CANAL+ Le Bureau des l\u00e9gendes a pr\u00eat\u00e9 main forte au gouvernement pour parler de cybers\u00e9curit\u00e9. Cette campagne est diffus\u00e9e depuis le jeudi 18 f\u00e9vrier sur les r\u00e9seaux sociaux. Plusieurs acteurs de la s\u00e9rie se sont mis dans la peau de leur personnage pour ce [&hellip;]\" \/>\n<meta property=\"og:url\" content=\"https:\/\/alexandrecenis.com\/index.php\/2021\/02\/23\/la-cybersecurite-ce-nest-pas-une-legende\/\" \/>\n<meta property=\"og:site_name\" content=\"Alexandre Cenis\" \/>\n<meta property=\"article:published_time\" content=\"2021-02-23T05:09:26+00:00\" \/>\n<meta property=\"og:image\" content=\"https:\/\/alexandrecenis.com\/wp-content\/uploads\/2021\/02\/Pub-legendes__w1200.jpg\" \/>\n\t<meta property=\"og:image:width\" content=\"1200\" \/>\n\t<meta property=\"og:image:height\" content=\"632\" \/>\n\t<meta property=\"og:image:type\" content=\"image\/jpeg\" \/>\n<meta name=\"author\" content=\"admin8497\" \/>\n<meta name=\"twitter:card\" content=\"summary_large_image\" \/>\n<meta name=\"twitter:creator\" content=\"@alexandrecenis\" \/>\n<meta name=\"twitter:site\" content=\"@alexandrecenis\" \/>\n<meta name=\"twitter:label1\" content=\"\u00c9crit par\" \/>\n\t<meta name=\"twitter:data1\" content=\"admin8497\" \/>\n\t<meta name=\"twitter:label2\" content=\"Dur\u00e9e de lecture estim\u00e9e\" \/>\n\t<meta name=\"twitter:data2\" content=\"1 minute\" \/>\n<script type=\"application\/ld+json\" class=\"yoast-schema-graph\">{\"@context\":\"https:\\\/\\\/schema.org\",\"@graph\":[{\"@type\":\"Article\",\"@id\":\"https:\\\/\\\/alexandrecenis.com\\\/index.php\\\/2021\\\/02\\\/23\\\/la-cybersecurite-ce-nest-pas-une-legende\\\/#article\",\"isPartOf\":{\"@id\":\"https:\\\/\\\/alexandrecenis.com\\\/index.php\\\/2021\\\/02\\\/23\\\/la-cybersecurite-ce-nest-pas-une-legende\\\/\"},\"author\":{\"name\":\"admin8497\",\"@id\":\"https:\\\/\\\/alexandrecenis.com\\\/#\\\/schema\\\/person\\\/cb034178deaf60a8602f9c700c5b1c83\"},\"headline\":\"La cybers\u00e9curit\u00e9 ce n&rsquo;est pas une l\u00e9gende\",\"datePublished\":\"2021-02-23T05:09:26+00:00\",\"mainEntityOfPage\":{\"@id\":\"https:\\\/\\\/alexandrecenis.com\\\/index.php\\\/2021\\\/02\\\/23\\\/la-cybersecurite-ce-nest-pas-une-legende\\\/\"},\"wordCount\":275,\"image\":{\"@id\":\"https:\\\/\\\/alexandrecenis.com\\\/index.php\\\/2021\\\/02\\\/23\\\/la-cybersecurite-ce-nest-pas-une-legende\\\/#primaryimage\"},\"thumbnailUrl\":\"https:\\\/\\\/alexandrecenis.com\\\/wp-content\\\/uploads\\\/2021\\\/02\\\/Pub-legendes__w1200.jpg\",\"keywords\":[\"canal+\",\"cybers\u00e9curit\u00e9\",\"Irina Muluile\",\"Le Bureau des l\u00e9gendes\"],\"articleSection\":[\"Communication\"],\"inLanguage\":\"fr-FR\"},{\"@type\":\"WebPage\",\"@id\":\"https:\\\/\\\/alexandrecenis.com\\\/index.php\\\/2021\\\/02\\\/23\\\/la-cybersecurite-ce-nest-pas-une-legende\\\/\",\"url\":\"https:\\\/\\\/alexandrecenis.com\\\/index.php\\\/2021\\\/02\\\/23\\\/la-cybersecurite-ce-nest-pas-une-legende\\\/\",\"name\":\"La cybers\u00e9curit\u00e9 ce n'est pas une l\u00e9gende - Alexandre Cenis\",\"isPartOf\":{\"@id\":\"https:\\\/\\\/alexandrecenis.com\\\/#website\"},\"primaryImageOfPage\":{\"@id\":\"https:\\\/\\\/alexandrecenis.com\\\/index.php\\\/2021\\\/02\\\/23\\\/la-cybersecurite-ce-nest-pas-une-legende\\\/#primaryimage\"},\"image\":{\"@id\":\"https:\\\/\\\/alexandrecenis.com\\\/index.php\\\/2021\\\/02\\\/23\\\/la-cybersecurite-ce-nest-pas-une-legende\\\/#primaryimage\"},\"thumbnailUrl\":\"https:\\\/\\\/alexandrecenis.com\\\/wp-content\\\/uploads\\\/2021\\\/02\\\/Pub-legendes__w1200.jpg\",\"datePublished\":\"2021-02-23T05:09:26+00:00\",\"author\":{\"@id\":\"https:\\\/\\\/alexandrecenis.com\\\/#\\\/schema\\\/person\\\/cb034178deaf60a8602f9c700c5b1c83\"},\"breadcrumb\":{\"@id\":\"https:\\\/\\\/alexandrecenis.com\\\/index.php\\\/2021\\\/02\\\/23\\\/la-cybersecurite-ce-nest-pas-une-legende\\\/#breadcrumb\"},\"inLanguage\":\"fr-FR\",\"potentialAction\":[{\"@type\":\"ReadAction\",\"target\":[\"https:\\\/\\\/alexandrecenis.com\\\/index.php\\\/2021\\\/02\\\/23\\\/la-cybersecurite-ce-nest-pas-une-legende\\\/\"]}]},{\"@type\":\"ImageObject\",\"inLanguage\":\"fr-FR\",\"@id\":\"https:\\\/\\\/alexandrecenis.com\\\/index.php\\\/2021\\\/02\\\/23\\\/la-cybersecurite-ce-nest-pas-une-legende\\\/#primaryimage\",\"url\":\"https:\\\/\\\/alexandrecenis.com\\\/wp-content\\\/uploads\\\/2021\\\/02\\\/Pub-legendes__w1200.jpg\",\"contentUrl\":\"https:\\\/\\\/alexandrecenis.com\\\/wp-content\\\/uploads\\\/2021\\\/02\\\/Pub-legendes__w1200.jpg\",\"width\":1200,\"height\":632},{\"@type\":\"BreadcrumbList\",\"@id\":\"https:\\\/\\\/alexandrecenis.com\\\/index.php\\\/2021\\\/02\\\/23\\\/la-cybersecurite-ce-nest-pas-une-legende\\\/#breadcrumb\",\"itemListElement\":[{\"@type\":\"ListItem\",\"position\":1,\"name\":\"Home\",\"item\":\"https:\\\/\\\/alexandrecenis.com\\\/\"},{\"@type\":\"ListItem\",\"position\":2,\"name\":\"La cybers\u00e9curit\u00e9 ce n&rsquo;est pas une l\u00e9gende\"}]},{\"@type\":\"WebSite\",\"@id\":\"https:\\\/\\\/alexandrecenis.com\\\/#website\",\"url\":\"https:\\\/\\\/alexandrecenis.com\\\/\",\"name\":\"Alexandre Cenis\",\"description\":\"Intelligence Cr\u00e9ative\",\"potentialAction\":[{\"@type\":\"SearchAction\",\"target\":{\"@type\":\"EntryPoint\",\"urlTemplate\":\"https:\\\/\\\/alexandrecenis.com\\\/?s={search_term_string}\"},\"query-input\":{\"@type\":\"PropertyValueSpecification\",\"valueRequired\":true,\"valueName\":\"search_term_string\"}}],\"inLanguage\":\"fr-FR\"},{\"@type\":\"Person\",\"@id\":\"https:\\\/\\\/alexandrecenis.com\\\/#\\\/schema\\\/person\\\/cb034178deaf60a8602f9c700c5b1c83\",\"name\":\"admin8497\",\"image\":{\"@type\":\"ImageObject\",\"inLanguage\":\"fr-FR\",\"@id\":\"https:\\\/\\\/secure.gravatar.com\\\/avatar\\\/9586a1b4e51047e1977e647153ddd075f143e741c8e5ba4d03f6cfa4c61126fd?s=96&d=mm&r=g\",\"url\":\"https:\\\/\\\/secure.gravatar.com\\\/avatar\\\/9586a1b4e51047e1977e647153ddd075f143e741c8e5ba4d03f6cfa4c61126fd?s=96&d=mm&r=g\",\"contentUrl\":\"https:\\\/\\\/secure.gravatar.com\\\/avatar\\\/9586a1b4e51047e1977e647153ddd075f143e741c8e5ba4d03f6cfa4c61126fd?s=96&d=mm&r=g\",\"caption\":\"admin8497\"},\"url\":\"https:\\\/\\\/alexandrecenis.com\\\/index.php\\\/author\\\/admin8497\\\/\"}]}<\/script>\n<!-- \/ Yoast SEO plugin. -->","yoast_head_json":{"title":"La cybers\u00e9curit\u00e9 ce n'est pas une l\u00e9gende - Alexandre Cenis","robots":{"index":"index","follow":"follow","max-snippet":"max-snippet:-1","max-image-preview":"max-image-preview:large","max-video-preview":"max-video-preview:-1"},"canonical":"https:\/\/alexandrecenis.com\/index.php\/2021\/02\/23\/la-cybersecurite-ce-nest-pas-une-legende\/","og_locale":"fr_FR","og_type":"article","og_title":"La cybers\u00e9curit\u00e9 ce n'est pas une l\u00e9gende - Alexandre Cenis","og_description":"Bien le bonjour le monde digital ! La s\u00e9rie ph\u00e9nom\u00e8ne de CANAL+ Le Bureau des l\u00e9gendes a pr\u00eat\u00e9 main forte au gouvernement pour parler de cybers\u00e9curit\u00e9. Cette campagne est diffus\u00e9e depuis le jeudi 18 f\u00e9vrier sur les r\u00e9seaux sociaux. Plusieurs acteurs de la s\u00e9rie se sont mis dans la peau de leur personnage pour ce [&hellip;]","og_url":"https:\/\/alexandrecenis.com\/index.php\/2021\/02\/23\/la-cybersecurite-ce-nest-pas-une-legende\/","og_site_name":"Alexandre Cenis","article_published_time":"2021-02-23T05:09:26+00:00","og_image":[{"width":1200,"height":632,"url":"https:\/\/alexandrecenis.com\/wp-content\/uploads\/2021\/02\/Pub-legendes__w1200.jpg","type":"image\/jpeg"}],"author":"admin8497","twitter_card":"summary_large_image","twitter_creator":"@alexandrecenis","twitter_site":"@alexandrecenis","twitter_misc":{"\u00c9crit par":"admin8497","Dur\u00e9e de lecture estim\u00e9e":"1 minute"},"schema":{"@context":"https:\/\/schema.org","@graph":[{"@type":"Article","@id":"https:\/\/alexandrecenis.com\/index.php\/2021\/02\/23\/la-cybersecurite-ce-nest-pas-une-legende\/#article","isPartOf":{"@id":"https:\/\/alexandrecenis.com\/index.php\/2021\/02\/23\/la-cybersecurite-ce-nest-pas-une-legende\/"},"author":{"name":"admin8497","@id":"https:\/\/alexandrecenis.com\/#\/schema\/person\/cb034178deaf60a8602f9c700c5b1c83"},"headline":"La cybers\u00e9curit\u00e9 ce n&rsquo;est pas une l\u00e9gende","datePublished":"2021-02-23T05:09:26+00:00","mainEntityOfPage":{"@id":"https:\/\/alexandrecenis.com\/index.php\/2021\/02\/23\/la-cybersecurite-ce-nest-pas-une-legende\/"},"wordCount":275,"image":{"@id":"https:\/\/alexandrecenis.com\/index.php\/2021\/02\/23\/la-cybersecurite-ce-nest-pas-une-legende\/#primaryimage"},"thumbnailUrl":"https:\/\/alexandrecenis.com\/wp-content\/uploads\/2021\/02\/Pub-legendes__w1200.jpg","keywords":["canal+","cybers\u00e9curit\u00e9","Irina Muluile","Le Bureau des l\u00e9gendes"],"articleSection":["Communication"],"inLanguage":"fr-FR"},{"@type":"WebPage","@id":"https:\/\/alexandrecenis.com\/index.php\/2021\/02\/23\/la-cybersecurite-ce-nest-pas-une-legende\/","url":"https:\/\/alexandrecenis.com\/index.php\/2021\/02\/23\/la-cybersecurite-ce-nest-pas-une-legende\/","name":"La cybers\u00e9curit\u00e9 ce n'est pas une l\u00e9gende - Alexandre Cenis","isPartOf":{"@id":"https:\/\/alexandrecenis.com\/#website"},"primaryImageOfPage":{"@id":"https:\/\/alexandrecenis.com\/index.php\/2021\/02\/23\/la-cybersecurite-ce-nest-pas-une-legende\/#primaryimage"},"image":{"@id":"https:\/\/alexandrecenis.com\/index.php\/2021\/02\/23\/la-cybersecurite-ce-nest-pas-une-legende\/#primaryimage"},"thumbnailUrl":"https:\/\/alexandrecenis.com\/wp-content\/uploads\/2021\/02\/Pub-legendes__w1200.jpg","datePublished":"2021-02-23T05:09:26+00:00","author":{"@id":"https:\/\/alexandrecenis.com\/#\/schema\/person\/cb034178deaf60a8602f9c700c5b1c83"},"breadcrumb":{"@id":"https:\/\/alexandrecenis.com\/index.php\/2021\/02\/23\/la-cybersecurite-ce-nest-pas-une-legende\/#breadcrumb"},"inLanguage":"fr-FR","potentialAction":[{"@type":"ReadAction","target":["https:\/\/alexandrecenis.com\/index.php\/2021\/02\/23\/la-cybersecurite-ce-nest-pas-une-legende\/"]}]},{"@type":"ImageObject","inLanguage":"fr-FR","@id":"https:\/\/alexandrecenis.com\/index.php\/2021\/02\/23\/la-cybersecurite-ce-nest-pas-une-legende\/#primaryimage","url":"https:\/\/alexandrecenis.com\/wp-content\/uploads\/2021\/02\/Pub-legendes__w1200.jpg","contentUrl":"https:\/\/alexandrecenis.com\/wp-content\/uploads\/2021\/02\/Pub-legendes__w1200.jpg","width":1200,"height":632},{"@type":"BreadcrumbList","@id":"https:\/\/alexandrecenis.com\/index.php\/2021\/02\/23\/la-cybersecurite-ce-nest-pas-une-legende\/#breadcrumb","itemListElement":[{"@type":"ListItem","position":1,"name":"Home","item":"https:\/\/alexandrecenis.com\/"},{"@type":"ListItem","position":2,"name":"La cybers\u00e9curit\u00e9 ce n&rsquo;est pas une l\u00e9gende"}]},{"@type":"WebSite","@id":"https:\/\/alexandrecenis.com\/#website","url":"https:\/\/alexandrecenis.com\/","name":"Alexandre Cenis","description":"Intelligence Cr\u00e9ative","potentialAction":[{"@type":"SearchAction","target":{"@type":"EntryPoint","urlTemplate":"https:\/\/alexandrecenis.com\/?s={search_term_string}"},"query-input":{"@type":"PropertyValueSpecification","valueRequired":true,"valueName":"search_term_string"}}],"inLanguage":"fr-FR"},{"@type":"Person","@id":"https:\/\/alexandrecenis.com\/#\/schema\/person\/cb034178deaf60a8602f9c700c5b1c83","name":"admin8497","image":{"@type":"ImageObject","inLanguage":"fr-FR","@id":"https:\/\/secure.gravatar.com\/avatar\/9586a1b4e51047e1977e647153ddd075f143e741c8e5ba4d03f6cfa4c61126fd?s=96&d=mm&r=g","url":"https:\/\/secure.gravatar.com\/avatar\/9586a1b4e51047e1977e647153ddd075f143e741c8e5ba4d03f6cfa4c61126fd?s=96&d=mm&r=g","contentUrl":"https:\/\/secure.gravatar.com\/avatar\/9586a1b4e51047e1977e647153ddd075f143e741c8e5ba4d03f6cfa4c61126fd?s=96&d=mm&r=g","caption":"admin8497"},"url":"https:\/\/alexandrecenis.com\/index.php\/author\/admin8497\/"}]}},"_links":{"self":[{"href":"https:\/\/alexandrecenis.com\/index.php\/wp-json\/wp\/v2\/posts\/3421","targetHints":{"allow":["GET"]}}],"collection":[{"href":"https:\/\/alexandrecenis.com\/index.php\/wp-json\/wp\/v2\/posts"}],"about":[{"href":"https:\/\/alexandrecenis.com\/index.php\/wp-json\/wp\/v2\/types\/post"}],"author":[{"embeddable":true,"href":"https:\/\/alexandrecenis.com\/index.php\/wp-json\/wp\/v2\/users\/1"}],"replies":[{"embeddable":true,"href":"https:\/\/alexandrecenis.com\/index.php\/wp-json\/wp\/v2\/comments?post=3421"}],"version-history":[{"count":5,"href":"https:\/\/alexandrecenis.com\/index.php\/wp-json\/wp\/v2\/posts\/3421\/revisions"}],"predecessor-version":[{"id":3427,"href":"https:\/\/alexandrecenis.com\/index.php\/wp-json\/wp\/v2\/posts\/3421\/revisions\/3427"}],"wp:featuredmedia":[{"embeddable":true,"href":"https:\/\/alexandrecenis.com\/index.php\/wp-json\/wp\/v2\/media\/3426"}],"wp:attachment":[{"href":"https:\/\/alexandrecenis.com\/index.php\/wp-json\/wp\/v2\/media?parent=3421"}],"wp:term":[{"taxonomy":"category","embeddable":true,"href":"https:\/\/alexandrecenis.com\/index.php\/wp-json\/wp\/v2\/categories?post=3421"},{"taxonomy":"post_tag","embeddable":true,"href":"https:\/\/alexandrecenis.com\/index.php\/wp-json\/wp\/v2\/tags?post=3421"}],"curies":[{"name":"wp","href":"https:\/\/api.w.org\/{rel}","templated":true}]}}