{"id":3361,"date":"2021-01-29T06:22:48","date_gmt":"2021-01-29T05:22:48","guid":{"rendered":"https:\/\/alexandrecenis.com\/?p=3361"},"modified":"2021-01-29T06:22:48","modified_gmt":"2021-01-29T05:22:48","slug":"la-preuve-par-limage","status":"publish","type":"post","link":"https:\/\/alexandrecenis.com\/index.php\/2021\/01\/29\/la-preuve-par-limage\/","title":{"rendered":"La preuve par l&rsquo;image"},"content":{"rendered":"<p style=\"text-align: justify;\">Bien le bonjour le monde digital ! Apr\u00e8s avoir coll\u00e9 des <a href=\"https:\/\/alexandrecenis.com\/index.php\/2021\/01\/14\/sans-lombre-dun-doute\/\">affiches dans le m\u00e9tro<\/a>\u00a0totalement incognito, Omar Sy et Netflix reviennent avec un petit coup marketing bien pens\u00e9 pour annoncer la date de la partie 2 de la s\u00e9rie Lupin. Et cette fois, ce n\u2019est pas dans le m\u00e9tro mais sur Twitter que le coup de ma\u00eetre a eu lieu.<\/p>\n<p><img loading=\"lazy\" decoding=\"async\" class=\"aligncenter wp-image-3364 size-full\" src=\"https:\/\/alexandrecenis.com\/wp-content\/uploads\/2021\/01\/870x489_870x489_b_capture.jpg\" alt=\"\" width=\"870\" height=\"489\" srcset=\"https:\/\/alexandrecenis.com\/wp-content\/uploads\/2021\/01\/870x489_870x489_b_capture.jpg 870w, https:\/\/alexandrecenis.com\/wp-content\/uploads\/2021\/01\/870x489_870x489_b_capture-480x270.jpg 480w\" sizes=\"(min-width: 0px) and (max-width: 480px) 480px, (min-width: 481px) 870px, 100vw\" \/><\/p>\n<p style=\"text-align: justify;\">Ceux qui regardent la s\u00e9rie le savent, toute la strat\u00e9gie d\u2019Assane (Omar Sy) repose sur le manque d\u2019attention des gens qu\u2019il pi\u00e8ge : \u201cVous m\u2019avez vu, mais vous ne m\u2019avez pas regard\u00e9\u201d. Et alors que depuis plusieurs semaines les fans questionnent Netflix sur les r\u00e9seaux sociaux pour conna\u00eetre la date de sortie de la partie 2, on apprend aujourd\u2019hui que la r\u00e9ponse \u00e9tait\u2026 juste sous nos yeux.<\/p>\n<p><img loading=\"lazy\" decoding=\"async\" class=\"aligncenter wp-image-3362 size-full\" src=\"https:\/\/alexandrecenis.com\/wp-content\/uploads\/2021\/01\/1-7.png\" alt=\"\" width=\"681\" height=\"487\" srcset=\"https:\/\/alexandrecenis.com\/wp-content\/uploads\/2021\/01\/1-7.png 681w, https:\/\/alexandrecenis.com\/wp-content\/uploads\/2021\/01\/1-7-480x343.png 480w\" sizes=\"(min-width: 0px) and (max-width: 480px) 480px, (min-width: 481px) 681px, 100vw\" \/><\/p>\n<p style=\"text-align: justify;\">En r\u00e9alit\u00e9, la date \u00e9tait inscrite depuis le d\u00e9but sur l\u2019image de banni\u00e8re du compte Twitter d\u2019Omar Sy, mais elle \u00e9tait tout simplement cach\u00e9e par la photo de l\u2019acteur. Elle \u00e9tait juste sous nos yeux et il suffisait de cliquer dessus pour la d\u00e9voiler. La partie 2 de Lupin est donc annonc\u00e9e pour cet \u00e9t\u00e9. Alors Ars\u00e8ne Lupin : gentleman marketeur ?<\/p>\n<p><img loading=\"lazy\" decoding=\"async\" class=\"aligncenter wp-image-3363 size-full\" src=\"https:\/\/alexandrecenis.com\/wp-content\/uploads\/2021\/01\/2-7.png\" alt=\"\" width=\"678\" height=\"489\" srcset=\"https:\/\/alexandrecenis.com\/wp-content\/uploads\/2021\/01\/2-7.png 678w, https:\/\/alexandrecenis.com\/wp-content\/uploads\/2021\/01\/2-7-480x346.png 480w\" sizes=\"(min-width: 0px) and (max-width: 480px) 480px, (min-width: 481px) 678px, 100vw\" \/><\/p>\n<p style=\"text-align: justify;\">Encore un tr\u00e8s joli coup de communication assur\u00e9 par Netflix et qui joue parfaitement avec l\u2019ADN de la s\u00e9rie. Alors \u00e9videmment, il est fort probable que la banni\u00e8re ait \u00e9t\u00e9 chang\u00e9e r\u00e9cemment et ne soit pas pr\u00e9sente depuis le d\u00e9but\u2026 mais apr\u00e8s tout, cela n\u2019enl\u00e8ve rien \u00e0 la cr\u00e9ativit\u00e9 du hack marketing.<\/p>\n","protected":false},"excerpt":{"rendered":"<p>Bien le bonjour le monde digital ! Apr\u00e8s avoir coll\u00e9 des affiches dans le m\u00e9tro\u00a0totalement incognito, Omar Sy et Netflix reviennent avec un petit coup marketing bien pens\u00e9 pour annoncer la date de la partie 2 de la s\u00e9rie Lupin. Et cette fois, ce n\u2019est pas dans le m\u00e9tro mais sur Twitter que le coup [&hellip;]<\/p>\n","protected":false},"author":1,"featured_media":3365,"comment_status":"closed","ping_status":"open","sticky":false,"template":"","format":"standard","meta":{"_et_pb_use_builder":"","_et_pb_old_content":"","_et_gb_content_width":"","footnotes":""},"categories":[113,4],"tags":[1205,1207,1209,1208,1163,1206,1084],"class_list":["post-3361","post","type-post","status-publish","format-standard","has-post-thumbnail","hentry","category-communication","category-marketing","tag-arsene-lupin","tag-dans-lombre-darsene","tag-diversion","tag-ete-2021","tag-omar-sy","tag-saison-2","tag-secret"],"yoast_head":"<!-- This site is optimized with the Yoast SEO plugin v27.3 - https:\/\/yoast.com\/product\/yoast-seo-wordpress\/ -->\n<title>La preuve par l&#039;image - Alexandre Cenis<\/title>\n<meta name=\"robots\" content=\"index, follow, max-snippet:-1, max-image-preview:large, max-video-preview:-1\" \/>\n<link rel=\"canonical\" href=\"https:\/\/alexandrecenis.com\/index.php\/2021\/01\/29\/la-preuve-par-limage\/\" \/>\n<meta property=\"og:locale\" content=\"fr_FR\" \/>\n<meta property=\"og:type\" content=\"article\" \/>\n<meta property=\"og:title\" content=\"La preuve par l&#039;image - Alexandre Cenis\" \/>\n<meta property=\"og:description\" content=\"Bien le bonjour le monde digital ! Apr\u00e8s avoir coll\u00e9 des affiches dans le m\u00e9tro\u00a0totalement incognito, Omar Sy et Netflix reviennent avec un petit coup marketing bien pens\u00e9 pour annoncer la date de la partie 2 de la s\u00e9rie Lupin. Et cette fois, ce n\u2019est pas dans le m\u00e9tro mais sur Twitter que le coup [&hellip;]\" \/>\n<meta property=\"og:url\" content=\"https:\/\/alexandrecenis.com\/index.php\/2021\/01\/29\/la-preuve-par-limage\/\" \/>\n<meta property=\"og:site_name\" content=\"Alexandre Cenis\" \/>\n<meta property=\"article:published_time\" content=\"2021-01-29T05:22:48+00:00\" \/>\n<meta property=\"og:image\" content=\"https:\/\/alexandrecenis.com\/wp-content\/uploads\/2021\/01\/sans_titre_8.png\" \/>\n\t<meta property=\"og:image:width\" content=\"831\" \/>\n\t<meta property=\"og:image:height\" content=\"554\" \/>\n\t<meta property=\"og:image:type\" content=\"image\/png\" \/>\n<meta name=\"author\" content=\"admin8497\" \/>\n<meta name=\"twitter:card\" content=\"summary_large_image\" \/>\n<meta name=\"twitter:creator\" content=\"@alexandrecenis\" \/>\n<meta name=\"twitter:site\" content=\"@alexandrecenis\" \/>\n<meta name=\"twitter:label1\" content=\"\u00c9crit par\" \/>\n\t<meta name=\"twitter:data1\" content=\"admin8497\" \/>\n\t<meta name=\"twitter:label2\" content=\"Dur\u00e9e de lecture estim\u00e9e\" \/>\n\t<meta name=\"twitter:data2\" content=\"2 minutes\" \/>\n<script type=\"application\/ld+json\" class=\"yoast-schema-graph\">{\"@context\":\"https:\\\/\\\/schema.org\",\"@graph\":[{\"@type\":\"Article\",\"@id\":\"https:\\\/\\\/alexandrecenis.com\\\/index.php\\\/2021\\\/01\\\/29\\\/la-preuve-par-limage\\\/#article\",\"isPartOf\":{\"@id\":\"https:\\\/\\\/alexandrecenis.com\\\/index.php\\\/2021\\\/01\\\/29\\\/la-preuve-par-limage\\\/\"},\"author\":{\"name\":\"admin8497\",\"@id\":\"https:\\\/\\\/alexandrecenis.com\\\/#\\\/schema\\\/person\\\/cb034178deaf60a8602f9c700c5b1c83\"},\"headline\":\"La preuve par l&rsquo;image\",\"datePublished\":\"2021-01-29T05:22:48+00:00\",\"mainEntityOfPage\":{\"@id\":\"https:\\\/\\\/alexandrecenis.com\\\/index.php\\\/2021\\\/01\\\/29\\\/la-preuve-par-limage\\\/\"},\"wordCount\":278,\"image\":{\"@id\":\"https:\\\/\\\/alexandrecenis.com\\\/index.php\\\/2021\\\/01\\\/29\\\/la-preuve-par-limage\\\/#primaryimage\"},\"thumbnailUrl\":\"https:\\\/\\\/alexandrecenis.com\\\/wp-content\\\/uploads\\\/2021\\\/01\\\/sans_titre_8.png\",\"keywords\":[\"arsene lupin\",\"dans l'ombre d'arsene\",\"diversion\",\"\u00e9t\u00e9 2021\",\"Omar Sy\",\"saison 2\",\"secret\"],\"articleSection\":[\"Communication\",\"Marketing\"],\"inLanguage\":\"fr-FR\"},{\"@type\":\"WebPage\",\"@id\":\"https:\\\/\\\/alexandrecenis.com\\\/index.php\\\/2021\\\/01\\\/29\\\/la-preuve-par-limage\\\/\",\"url\":\"https:\\\/\\\/alexandrecenis.com\\\/index.php\\\/2021\\\/01\\\/29\\\/la-preuve-par-limage\\\/\",\"name\":\"La preuve par l'image - Alexandre Cenis\",\"isPartOf\":{\"@id\":\"https:\\\/\\\/alexandrecenis.com\\\/#website\"},\"primaryImageOfPage\":{\"@id\":\"https:\\\/\\\/alexandrecenis.com\\\/index.php\\\/2021\\\/01\\\/29\\\/la-preuve-par-limage\\\/#primaryimage\"},\"image\":{\"@id\":\"https:\\\/\\\/alexandrecenis.com\\\/index.php\\\/2021\\\/01\\\/29\\\/la-preuve-par-limage\\\/#primaryimage\"},\"thumbnailUrl\":\"https:\\\/\\\/alexandrecenis.com\\\/wp-content\\\/uploads\\\/2021\\\/01\\\/sans_titre_8.png\",\"datePublished\":\"2021-01-29T05:22:48+00:00\",\"author\":{\"@id\":\"https:\\\/\\\/alexandrecenis.com\\\/#\\\/schema\\\/person\\\/cb034178deaf60a8602f9c700c5b1c83\"},\"breadcrumb\":{\"@id\":\"https:\\\/\\\/alexandrecenis.com\\\/index.php\\\/2021\\\/01\\\/29\\\/la-preuve-par-limage\\\/#breadcrumb\"},\"inLanguage\":\"fr-FR\",\"potentialAction\":[{\"@type\":\"ReadAction\",\"target\":[\"https:\\\/\\\/alexandrecenis.com\\\/index.php\\\/2021\\\/01\\\/29\\\/la-preuve-par-limage\\\/\"]}]},{\"@type\":\"ImageObject\",\"inLanguage\":\"fr-FR\",\"@id\":\"https:\\\/\\\/alexandrecenis.com\\\/index.php\\\/2021\\\/01\\\/29\\\/la-preuve-par-limage\\\/#primaryimage\",\"url\":\"https:\\\/\\\/alexandrecenis.com\\\/wp-content\\\/uploads\\\/2021\\\/01\\\/sans_titre_8.png\",\"contentUrl\":\"https:\\\/\\\/alexandrecenis.com\\\/wp-content\\\/uploads\\\/2021\\\/01\\\/sans_titre_8.png\",\"width\":831,\"height\":554},{\"@type\":\"BreadcrumbList\",\"@id\":\"https:\\\/\\\/alexandrecenis.com\\\/index.php\\\/2021\\\/01\\\/29\\\/la-preuve-par-limage\\\/#breadcrumb\",\"itemListElement\":[{\"@type\":\"ListItem\",\"position\":1,\"name\":\"Home\",\"item\":\"https:\\\/\\\/alexandrecenis.com\\\/\"},{\"@type\":\"ListItem\",\"position\":2,\"name\":\"La preuve par l&rsquo;image\"}]},{\"@type\":\"WebSite\",\"@id\":\"https:\\\/\\\/alexandrecenis.com\\\/#website\",\"url\":\"https:\\\/\\\/alexandrecenis.com\\\/\",\"name\":\"Alexandre Cenis\",\"description\":\"Intelligence Cr\u00e9ative\",\"potentialAction\":[{\"@type\":\"SearchAction\",\"target\":{\"@type\":\"EntryPoint\",\"urlTemplate\":\"https:\\\/\\\/alexandrecenis.com\\\/?s={search_term_string}\"},\"query-input\":{\"@type\":\"PropertyValueSpecification\",\"valueRequired\":true,\"valueName\":\"search_term_string\"}}],\"inLanguage\":\"fr-FR\"},{\"@type\":\"Person\",\"@id\":\"https:\\\/\\\/alexandrecenis.com\\\/#\\\/schema\\\/person\\\/cb034178deaf60a8602f9c700c5b1c83\",\"name\":\"admin8497\",\"image\":{\"@type\":\"ImageObject\",\"inLanguage\":\"fr-FR\",\"@id\":\"https:\\\/\\\/secure.gravatar.com\\\/avatar\\\/9586a1b4e51047e1977e647153ddd075f143e741c8e5ba4d03f6cfa4c61126fd?s=96&d=mm&r=g\",\"url\":\"https:\\\/\\\/secure.gravatar.com\\\/avatar\\\/9586a1b4e51047e1977e647153ddd075f143e741c8e5ba4d03f6cfa4c61126fd?s=96&d=mm&r=g\",\"contentUrl\":\"https:\\\/\\\/secure.gravatar.com\\\/avatar\\\/9586a1b4e51047e1977e647153ddd075f143e741c8e5ba4d03f6cfa4c61126fd?s=96&d=mm&r=g\",\"caption\":\"admin8497\"},\"url\":\"https:\\\/\\\/alexandrecenis.com\\\/index.php\\\/author\\\/admin8497\\\/\"}]}<\/script>\n<!-- \/ Yoast SEO plugin. -->","yoast_head_json":{"title":"La preuve par l'image - Alexandre Cenis","robots":{"index":"index","follow":"follow","max-snippet":"max-snippet:-1","max-image-preview":"max-image-preview:large","max-video-preview":"max-video-preview:-1"},"canonical":"https:\/\/alexandrecenis.com\/index.php\/2021\/01\/29\/la-preuve-par-limage\/","og_locale":"fr_FR","og_type":"article","og_title":"La preuve par l'image - Alexandre Cenis","og_description":"Bien le bonjour le monde digital ! Apr\u00e8s avoir coll\u00e9 des affiches dans le m\u00e9tro\u00a0totalement incognito, Omar Sy et Netflix reviennent avec un petit coup marketing bien pens\u00e9 pour annoncer la date de la partie 2 de la s\u00e9rie Lupin. Et cette fois, ce n\u2019est pas dans le m\u00e9tro mais sur Twitter que le coup [&hellip;]","og_url":"https:\/\/alexandrecenis.com\/index.php\/2021\/01\/29\/la-preuve-par-limage\/","og_site_name":"Alexandre Cenis","article_published_time":"2021-01-29T05:22:48+00:00","og_image":[{"width":831,"height":554,"url":"https:\/\/alexandrecenis.com\/wp-content\/uploads\/2021\/01\/sans_titre_8.png","type":"image\/png"}],"author":"admin8497","twitter_card":"summary_large_image","twitter_creator":"@alexandrecenis","twitter_site":"@alexandrecenis","twitter_misc":{"\u00c9crit par":"admin8497","Dur\u00e9e de lecture estim\u00e9e":"2 minutes"},"schema":{"@context":"https:\/\/schema.org","@graph":[{"@type":"Article","@id":"https:\/\/alexandrecenis.com\/index.php\/2021\/01\/29\/la-preuve-par-limage\/#article","isPartOf":{"@id":"https:\/\/alexandrecenis.com\/index.php\/2021\/01\/29\/la-preuve-par-limage\/"},"author":{"name":"admin8497","@id":"https:\/\/alexandrecenis.com\/#\/schema\/person\/cb034178deaf60a8602f9c700c5b1c83"},"headline":"La preuve par l&rsquo;image","datePublished":"2021-01-29T05:22:48+00:00","mainEntityOfPage":{"@id":"https:\/\/alexandrecenis.com\/index.php\/2021\/01\/29\/la-preuve-par-limage\/"},"wordCount":278,"image":{"@id":"https:\/\/alexandrecenis.com\/index.php\/2021\/01\/29\/la-preuve-par-limage\/#primaryimage"},"thumbnailUrl":"https:\/\/alexandrecenis.com\/wp-content\/uploads\/2021\/01\/sans_titre_8.png","keywords":["arsene lupin","dans l'ombre d'arsene","diversion","\u00e9t\u00e9 2021","Omar Sy","saison 2","secret"],"articleSection":["Communication","Marketing"],"inLanguage":"fr-FR"},{"@type":"WebPage","@id":"https:\/\/alexandrecenis.com\/index.php\/2021\/01\/29\/la-preuve-par-limage\/","url":"https:\/\/alexandrecenis.com\/index.php\/2021\/01\/29\/la-preuve-par-limage\/","name":"La preuve par l'image - Alexandre Cenis","isPartOf":{"@id":"https:\/\/alexandrecenis.com\/#website"},"primaryImageOfPage":{"@id":"https:\/\/alexandrecenis.com\/index.php\/2021\/01\/29\/la-preuve-par-limage\/#primaryimage"},"image":{"@id":"https:\/\/alexandrecenis.com\/index.php\/2021\/01\/29\/la-preuve-par-limage\/#primaryimage"},"thumbnailUrl":"https:\/\/alexandrecenis.com\/wp-content\/uploads\/2021\/01\/sans_titre_8.png","datePublished":"2021-01-29T05:22:48+00:00","author":{"@id":"https:\/\/alexandrecenis.com\/#\/schema\/person\/cb034178deaf60a8602f9c700c5b1c83"},"breadcrumb":{"@id":"https:\/\/alexandrecenis.com\/index.php\/2021\/01\/29\/la-preuve-par-limage\/#breadcrumb"},"inLanguage":"fr-FR","potentialAction":[{"@type":"ReadAction","target":["https:\/\/alexandrecenis.com\/index.php\/2021\/01\/29\/la-preuve-par-limage\/"]}]},{"@type":"ImageObject","inLanguage":"fr-FR","@id":"https:\/\/alexandrecenis.com\/index.php\/2021\/01\/29\/la-preuve-par-limage\/#primaryimage","url":"https:\/\/alexandrecenis.com\/wp-content\/uploads\/2021\/01\/sans_titre_8.png","contentUrl":"https:\/\/alexandrecenis.com\/wp-content\/uploads\/2021\/01\/sans_titre_8.png","width":831,"height":554},{"@type":"BreadcrumbList","@id":"https:\/\/alexandrecenis.com\/index.php\/2021\/01\/29\/la-preuve-par-limage\/#breadcrumb","itemListElement":[{"@type":"ListItem","position":1,"name":"Home","item":"https:\/\/alexandrecenis.com\/"},{"@type":"ListItem","position":2,"name":"La preuve par l&rsquo;image"}]},{"@type":"WebSite","@id":"https:\/\/alexandrecenis.com\/#website","url":"https:\/\/alexandrecenis.com\/","name":"Alexandre Cenis","description":"Intelligence Cr\u00e9ative","potentialAction":[{"@type":"SearchAction","target":{"@type":"EntryPoint","urlTemplate":"https:\/\/alexandrecenis.com\/?s={search_term_string}"},"query-input":{"@type":"PropertyValueSpecification","valueRequired":true,"valueName":"search_term_string"}}],"inLanguage":"fr-FR"},{"@type":"Person","@id":"https:\/\/alexandrecenis.com\/#\/schema\/person\/cb034178deaf60a8602f9c700c5b1c83","name":"admin8497","image":{"@type":"ImageObject","inLanguage":"fr-FR","@id":"https:\/\/secure.gravatar.com\/avatar\/9586a1b4e51047e1977e647153ddd075f143e741c8e5ba4d03f6cfa4c61126fd?s=96&d=mm&r=g","url":"https:\/\/secure.gravatar.com\/avatar\/9586a1b4e51047e1977e647153ddd075f143e741c8e5ba4d03f6cfa4c61126fd?s=96&d=mm&r=g","contentUrl":"https:\/\/secure.gravatar.com\/avatar\/9586a1b4e51047e1977e647153ddd075f143e741c8e5ba4d03f6cfa4c61126fd?s=96&d=mm&r=g","caption":"admin8497"},"url":"https:\/\/alexandrecenis.com\/index.php\/author\/admin8497\/"}]}},"_links":{"self":[{"href":"https:\/\/alexandrecenis.com\/index.php\/wp-json\/wp\/v2\/posts\/3361","targetHints":{"allow":["GET"]}}],"collection":[{"href":"https:\/\/alexandrecenis.com\/index.php\/wp-json\/wp\/v2\/posts"}],"about":[{"href":"https:\/\/alexandrecenis.com\/index.php\/wp-json\/wp\/v2\/types\/post"}],"author":[{"embeddable":true,"href":"https:\/\/alexandrecenis.com\/index.php\/wp-json\/wp\/v2\/users\/1"}],"replies":[{"embeddable":true,"href":"https:\/\/alexandrecenis.com\/index.php\/wp-json\/wp\/v2\/comments?post=3361"}],"version-history":[{"count":3,"href":"https:\/\/alexandrecenis.com\/index.php\/wp-json\/wp\/v2\/posts\/3361\/revisions"}],"predecessor-version":[{"id":3368,"href":"https:\/\/alexandrecenis.com\/index.php\/wp-json\/wp\/v2\/posts\/3361\/revisions\/3368"}],"wp:featuredmedia":[{"embeddable":true,"href":"https:\/\/alexandrecenis.com\/index.php\/wp-json\/wp\/v2\/media\/3365"}],"wp:attachment":[{"href":"https:\/\/alexandrecenis.com\/index.php\/wp-json\/wp\/v2\/media?parent=3361"}],"wp:term":[{"taxonomy":"category","embeddable":true,"href":"https:\/\/alexandrecenis.com\/index.php\/wp-json\/wp\/v2\/categories?post=3361"},{"taxonomy":"post_tag","embeddable":true,"href":"https:\/\/alexandrecenis.com\/index.php\/wp-json\/wp\/v2\/tags?post=3361"}],"curies":[{"name":"wp","href":"https:\/\/api.w.org\/{rel}","templated":true}]}}