{"id":3335,"date":"2021-01-25T06:15:31","date_gmt":"2021-01-25T05:15:31","guid":{"rendered":"https:\/\/alexandrecenis.com\/?p=3335"},"modified":"2021-01-25T06:15:31","modified_gmt":"2021-01-25T05:15:31","slug":"il-ny-a-pas-photo","status":"publish","type":"post","link":"https:\/\/alexandrecenis.com\/index.php\/2021\/01\/25\/il-ny-a-pas-photo\/","title":{"rendered":"Il n&rsquo;y a pas photo"},"content":{"rendered":"<p style=\"text-align: justify;\">Leica Camera AG a sorti une nouvelle campagne il y a maintenant 1 semaine. En effet, le l\u00e9gendaire fabricant d\u2019appareils photographiques et d\u2019optiques haut de gamme a r\u00e9alis\u00e9 avec l\u2019agence <strong>TBWA\\Paris<\/strong> un film ainsi que des affiches publicitaires. Le film d\u00e9bute sur un plan de la plan\u00e8te Terre.<\/p>\n<p style=\"text-align: center;\"><iframe loading=\"lazy\" src=\"https:\/\/www.youtube.com\/embed\/tjuQ3fuGD2Q\" width=\"560\" height=\"315\" frameborder=\"0\" allowfullscreen=\"allowfullscreen\"><\/iframe><\/p>\n<p>Des photographies d\u00e9filent ensuite, en noir et blanc ou en couleur. Elles ont \u00e9t\u00e9 prises aux quatre coins du monde, et lors d\u2019\u00e9poques diff\u00e9rentes. Une voix off parle pendant que les images apparaissent \u00e0 l\u2019\u00e9cran. Elle raconte les messages qui sont v\u00e9hicul\u00e9s \u00e0 travers ces photos : la musique, la guerre, les r\u00eaves, les gens qu\u2019on aime, la solitude, le progr\u00e8s et bien d\u2019autres.<\/p>\n<p><img loading=\"lazy\" decoding=\"async\" class=\"aligncenter wp-image-3337 size-full\" src=\"https:\/\/alexandrecenis.com\/wp-content\/uploads\/2021\/01\/photo-leica1-800x497-1.jpg\" alt=\"\" width=\"800\" height=\"497\" srcset=\"https:\/\/alexandrecenis.com\/wp-content\/uploads\/2021\/01\/photo-leica1-800x497-1.jpg 800w, https:\/\/alexandrecenis.com\/wp-content\/uploads\/2021\/01\/photo-leica1-800x497-1-480x298.jpg 480w\" sizes=\"(min-width: 0px) and (max-width: 480px) 480px, (min-width: 481px) 800px, 100vw\" \/><\/p>\n<p><img loading=\"lazy\" decoding=\"async\" class=\"aligncenter wp-image-3338 size-full\" src=\"https:\/\/alexandrecenis.com\/wp-content\/uploads\/2021\/01\/photo-leica2-800x497-1.jpg\" alt=\"\" width=\"800\" height=\"497\" srcset=\"https:\/\/alexandrecenis.com\/wp-content\/uploads\/2021\/01\/photo-leica2-800x497-1.jpg 800w, https:\/\/alexandrecenis.com\/wp-content\/uploads\/2021\/01\/photo-leica2-800x497-1-480x298.jpg 480w\" sizes=\"(min-width: 0px) and (max-width: 480px) 480px, (min-width: 481px) 800px, 100vw\" \/><\/p>\n<p style=\"text-align: justify;\">Il s\u2019agit de Joel Meyerowitz qui pose sa voix sur le film, un c\u00e9l\u00e8bre photographe am\u00e9ricain. Il a \u00e9t\u00e9 \u00e9mu par ce projet : <em>\u201cJ\u2019avais la chair de poule le long des bras et des c\u00f4tes quand j\u2019ai vu la vid\u00e9o pour la premi\u00e8re fois. C\u2019\u00e9tait \u00e9tonnant ! C\u2019\u00e9tait plus humain et plus inspirant que ce qu\u2019une compagnie d\u2019appareils photos a jamais fait ! Cela ne fait aucun doute\u201d<\/em>.<\/p>\n<p><img loading=\"lazy\" decoding=\"async\" class=\"aligncenter wp-image-3339 size-full\" src=\"https:\/\/alexandrecenis.com\/wp-content\/uploads\/2021\/01\/photo-leica3-800x497-1.jpg\" alt=\"\" width=\"800\" height=\"497\" srcset=\"https:\/\/alexandrecenis.com\/wp-content\/uploads\/2021\/01\/photo-leica3-800x497-1.jpg 800w, https:\/\/alexandrecenis.com\/wp-content\/uploads\/2021\/01\/photo-leica3-800x497-1-480x298.jpg 480w\" sizes=\"(min-width: 0px) and (max-width: 480px) 480px, (min-width: 481px) 800px, 100vw\" \/><\/p>\n<p><img loading=\"lazy\" decoding=\"async\" class=\"aligncenter wp-image-3340 size-full\" src=\"https:\/\/alexandrecenis.com\/wp-content\/uploads\/2021\/01\/photo-leica4jpg-800x497-1.jpg\" alt=\"\" width=\"800\" height=\"497\" srcset=\"https:\/\/alexandrecenis.com\/wp-content\/uploads\/2021\/01\/photo-leica4jpg-800x497-1.jpg 800w, https:\/\/alexandrecenis.com\/wp-content\/uploads\/2021\/01\/photo-leica4jpg-800x497-1-480x298.jpg 480w\" sizes=\"(min-width: 0px) and (max-width: 480px) 480px, (min-width: 481px) 800px, 100vw\" \/><\/p>\n<p style=\"text-align: justify;\">Plus de 30 photographes ont contribu\u00e9 \u00e0 cette campagne. Dans le film et sur les affiches, le m\u00eame slogan appara\u00eet :\u00a0<em>\u201cThe world deserves Witnesses\u201d<\/em>\u00a0(\u201cle monde m\u00e9rite des t\u00e9moins\u201d en Fran\u00e7ais). Cette phrase prend tout son sens avec ces photographies, elles montrent des \u00e9v\u00e8nements importants \u00e0 l\u2019\u00e9chelle mondiale comme dans la vie de tous les jours, et capturent avec justesse les \u00e9motions.<\/p>\n<p><img loading=\"lazy\" decoding=\"async\" class=\"aligncenter wp-image-3341 size-full\" src=\"https:\/\/alexandrecenis.com\/wp-content\/uploads\/2021\/01\/photo-leica5-800x497-1.jpg\" alt=\"\" width=\"800\" height=\"497\" srcset=\"https:\/\/alexandrecenis.com\/wp-content\/uploads\/2021\/01\/photo-leica5-800x497-1.jpg 800w, https:\/\/alexandrecenis.com\/wp-content\/uploads\/2021\/01\/photo-leica5-800x497-1-480x298.jpg 480w\" sizes=\"(min-width: 0px) and (max-width: 480px) 480px, (min-width: 481px) 800px, 100vw\" \/><\/p>\n<p><img loading=\"lazy\" decoding=\"async\" class=\"aligncenter wp-image-3342 size-full\" src=\"https:\/\/alexandrecenis.com\/wp-content\/uploads\/2021\/01\/photo-leica-800x497-1.jpg\" alt=\"\" width=\"800\" height=\"497\" srcset=\"https:\/\/alexandrecenis.com\/wp-content\/uploads\/2021\/01\/photo-leica-800x497-1.jpg 800w, https:\/\/alexandrecenis.com\/wp-content\/uploads\/2021\/01\/photo-leica-800x497-1-480x298.jpg 480w\" sizes=\"(min-width: 0px) and (max-width: 480px) 480px, (min-width: 481px) 800px, 100vw\" \/><\/p>\n<p style=\"text-align: justify;\"><em>\u201cJe suis extr\u00eamement heureux du r\u00e9sultat de notre nouvelle campagne. Je pense que la nouvelle campagne \u2013 et chez Leica, nous ne le faisons que tous les dix ans environ \u2013 refl\u00e8te magnifiquement notre approche photographique, artistique et humaniste. Tout ce que je peux dire : Soyons tous ensemble les t\u00e9moins de toutes les facettes de notre monde commun !\u201d<\/em>\u00a0s\u2019est exprim\u00e9 Andreas Kaufmann, pr\u00e9sident du conseil de surveillance et actionnaire majoritaire de Leica. Cette campagne \u00e9l\u00e9gante est diffus\u00e9e dans 15 pays.<\/p>\n","protected":false},"excerpt":{"rendered":"<p>Leica Camera AG a sorti une nouvelle campagne il y a maintenant 1 semaine. En effet, le l\u00e9gendaire fabricant d\u2019appareils photographiques et d\u2019optiques haut de gamme a r\u00e9alis\u00e9 avec l\u2019agence TBWA\\Paris un film ainsi que des affiches publicitaires. Le film d\u00e9bute sur un plan de la plan\u00e8te Terre. Des photographies d\u00e9filent ensuite, en noir et [&hellip;]<\/p>\n","protected":false},"author":1,"featured_media":3338,"comment_status":"closed","ping_status":"open","sticky":false,"template":"","format":"standard","meta":{"_et_pb_use_builder":"","_et_pb_old_content":"","_et_gb_content_width":"","footnotes":""},"categories":[113],"tags":[1195,1192,1198,1194,1193,1197,1196],"class_list":["post-3335","post","type-post","status-publish","format-standard","has-post-thumbnail","hentry","category-communication","tag-joel-meyerowitz","tag-leica-camera-ag","tag-moment-important","tag-photographie","tag-tbwaparis","tag-temoins","tag-the-world-deserves-witnesses"],"yoast_head":"<!-- This site is optimized with the Yoast SEO plugin v27.3 - https:\/\/yoast.com\/product\/yoast-seo-wordpress\/ -->\n<title>Il n&#039;y a pas photo - Alexandre Cenis<\/title>\n<meta name=\"robots\" content=\"index, follow, max-snippet:-1, max-image-preview:large, max-video-preview:-1\" \/>\n<link rel=\"canonical\" href=\"https:\/\/alexandrecenis.com\/index.php\/2021\/01\/25\/il-ny-a-pas-photo\/\" \/>\n<meta property=\"og:locale\" content=\"fr_FR\" \/>\n<meta property=\"og:type\" content=\"article\" \/>\n<meta property=\"og:title\" content=\"Il n&#039;y a pas photo - Alexandre Cenis\" \/>\n<meta property=\"og:description\" content=\"Leica Camera AG a sorti une nouvelle campagne il y a maintenant 1 semaine. En effet, le l\u00e9gendaire fabricant d\u2019appareils photographiques et d\u2019optiques haut de gamme a r\u00e9alis\u00e9 avec l\u2019agence TBWAParis un film ainsi que des affiches publicitaires. Le film d\u00e9bute sur un plan de la plan\u00e8te Terre. Des photographies d\u00e9filent ensuite, en noir et [&hellip;]\" \/>\n<meta property=\"og:url\" content=\"https:\/\/alexandrecenis.com\/index.php\/2021\/01\/25\/il-ny-a-pas-photo\/\" \/>\n<meta property=\"og:site_name\" content=\"Alexandre Cenis\" \/>\n<meta property=\"article:published_time\" content=\"2021-01-25T05:15:31+00:00\" \/>\n<meta property=\"og:image\" content=\"https:\/\/alexandrecenis.com\/wp-content\/uploads\/2021\/01\/photo-leica2-800x497-1.jpg\" \/>\n\t<meta property=\"og:image:width\" content=\"800\" \/>\n\t<meta property=\"og:image:height\" content=\"497\" \/>\n\t<meta property=\"og:image:type\" content=\"image\/jpeg\" \/>\n<meta name=\"author\" content=\"admin8497\" \/>\n<meta name=\"twitter:card\" content=\"summary_large_image\" \/>\n<meta name=\"twitter:creator\" content=\"@alexandrecenis\" \/>\n<meta name=\"twitter:site\" content=\"@alexandrecenis\" \/>\n<meta name=\"twitter:label1\" content=\"\u00c9crit par\" \/>\n\t<meta name=\"twitter:data1\" content=\"admin8497\" \/>\n\t<meta name=\"twitter:label2\" content=\"Dur\u00e9e de lecture estim\u00e9e\" \/>\n\t<meta name=\"twitter:data2\" content=\"3 minutes\" \/>\n<script type=\"application\/ld+json\" class=\"yoast-schema-graph\">{\"@context\":\"https:\\\/\\\/schema.org\",\"@graph\":[{\"@type\":\"Article\",\"@id\":\"https:\\\/\\\/alexandrecenis.com\\\/index.php\\\/2021\\\/01\\\/25\\\/il-ny-a-pas-photo\\\/#article\",\"isPartOf\":{\"@id\":\"https:\\\/\\\/alexandrecenis.com\\\/index.php\\\/2021\\\/01\\\/25\\\/il-ny-a-pas-photo\\\/\"},\"author\":{\"name\":\"admin8497\",\"@id\":\"https:\\\/\\\/alexandrecenis.com\\\/#\\\/schema\\\/person\\\/cb034178deaf60a8602f9c700c5b1c83\"},\"headline\":\"Il n&rsquo;y a pas photo\",\"datePublished\":\"2021-01-25T05:15:31+00:00\",\"mainEntityOfPage\":{\"@id\":\"https:\\\/\\\/alexandrecenis.com\\\/index.php\\\/2021\\\/01\\\/25\\\/il-ny-a-pas-photo\\\/\"},\"wordCount\":361,\"image\":{\"@id\":\"https:\\\/\\\/alexandrecenis.com\\\/index.php\\\/2021\\\/01\\\/25\\\/il-ny-a-pas-photo\\\/#primaryimage\"},\"thumbnailUrl\":\"https:\\\/\\\/alexandrecenis.com\\\/wp-content\\\/uploads\\\/2021\\\/01\\\/photo-leica2-800x497-1.jpg\",\"keywords\":[\"Joel Meyerowitz\",\"Leica Camera AG\",\"moment important\",\"photographie\",\"TBWA\\\\Paris\",\"t\u00e9moins\",\"The world deserves Witnesses\"],\"articleSection\":[\"Communication\"],\"inLanguage\":\"fr-FR\"},{\"@type\":\"WebPage\",\"@id\":\"https:\\\/\\\/alexandrecenis.com\\\/index.php\\\/2021\\\/01\\\/25\\\/il-ny-a-pas-photo\\\/\",\"url\":\"https:\\\/\\\/alexandrecenis.com\\\/index.php\\\/2021\\\/01\\\/25\\\/il-ny-a-pas-photo\\\/\",\"name\":\"Il n'y a pas photo - Alexandre Cenis\",\"isPartOf\":{\"@id\":\"https:\\\/\\\/alexandrecenis.com\\\/#website\"},\"primaryImageOfPage\":{\"@id\":\"https:\\\/\\\/alexandrecenis.com\\\/index.php\\\/2021\\\/01\\\/25\\\/il-ny-a-pas-photo\\\/#primaryimage\"},\"image\":{\"@id\":\"https:\\\/\\\/alexandrecenis.com\\\/index.php\\\/2021\\\/01\\\/25\\\/il-ny-a-pas-photo\\\/#primaryimage\"},\"thumbnailUrl\":\"https:\\\/\\\/alexandrecenis.com\\\/wp-content\\\/uploads\\\/2021\\\/01\\\/photo-leica2-800x497-1.jpg\",\"datePublished\":\"2021-01-25T05:15:31+00:00\",\"author\":{\"@id\":\"https:\\\/\\\/alexandrecenis.com\\\/#\\\/schema\\\/person\\\/cb034178deaf60a8602f9c700c5b1c83\"},\"breadcrumb\":{\"@id\":\"https:\\\/\\\/alexandrecenis.com\\\/index.php\\\/2021\\\/01\\\/25\\\/il-ny-a-pas-photo\\\/#breadcrumb\"},\"inLanguage\":\"fr-FR\",\"potentialAction\":[{\"@type\":\"ReadAction\",\"target\":[\"https:\\\/\\\/alexandrecenis.com\\\/index.php\\\/2021\\\/01\\\/25\\\/il-ny-a-pas-photo\\\/\"]}]},{\"@type\":\"ImageObject\",\"inLanguage\":\"fr-FR\",\"@id\":\"https:\\\/\\\/alexandrecenis.com\\\/index.php\\\/2021\\\/01\\\/25\\\/il-ny-a-pas-photo\\\/#primaryimage\",\"url\":\"https:\\\/\\\/alexandrecenis.com\\\/wp-content\\\/uploads\\\/2021\\\/01\\\/photo-leica2-800x497-1.jpg\",\"contentUrl\":\"https:\\\/\\\/alexandrecenis.com\\\/wp-content\\\/uploads\\\/2021\\\/01\\\/photo-leica2-800x497-1.jpg\",\"width\":800,\"height\":497},{\"@type\":\"BreadcrumbList\",\"@id\":\"https:\\\/\\\/alexandrecenis.com\\\/index.php\\\/2021\\\/01\\\/25\\\/il-ny-a-pas-photo\\\/#breadcrumb\",\"itemListElement\":[{\"@type\":\"ListItem\",\"position\":1,\"name\":\"Home\",\"item\":\"https:\\\/\\\/alexandrecenis.com\\\/\"},{\"@type\":\"ListItem\",\"position\":2,\"name\":\"Il n&rsquo;y a pas photo\"}]},{\"@type\":\"WebSite\",\"@id\":\"https:\\\/\\\/alexandrecenis.com\\\/#website\",\"url\":\"https:\\\/\\\/alexandrecenis.com\\\/\",\"name\":\"Alexandre Cenis\",\"description\":\"Intelligence Cr\u00e9ative\",\"potentialAction\":[{\"@type\":\"SearchAction\",\"target\":{\"@type\":\"EntryPoint\",\"urlTemplate\":\"https:\\\/\\\/alexandrecenis.com\\\/?s={search_term_string}\"},\"query-input\":{\"@type\":\"PropertyValueSpecification\",\"valueRequired\":true,\"valueName\":\"search_term_string\"}}],\"inLanguage\":\"fr-FR\"},{\"@type\":\"Person\",\"@id\":\"https:\\\/\\\/alexandrecenis.com\\\/#\\\/schema\\\/person\\\/cb034178deaf60a8602f9c700c5b1c83\",\"name\":\"admin8497\",\"image\":{\"@type\":\"ImageObject\",\"inLanguage\":\"fr-FR\",\"@id\":\"https:\\\/\\\/secure.gravatar.com\\\/avatar\\\/9586a1b4e51047e1977e647153ddd075f143e741c8e5ba4d03f6cfa4c61126fd?s=96&d=mm&r=g\",\"url\":\"https:\\\/\\\/secure.gravatar.com\\\/avatar\\\/9586a1b4e51047e1977e647153ddd075f143e741c8e5ba4d03f6cfa4c61126fd?s=96&d=mm&r=g\",\"contentUrl\":\"https:\\\/\\\/secure.gravatar.com\\\/avatar\\\/9586a1b4e51047e1977e647153ddd075f143e741c8e5ba4d03f6cfa4c61126fd?s=96&d=mm&r=g\",\"caption\":\"admin8497\"},\"url\":\"https:\\\/\\\/alexandrecenis.com\\\/index.php\\\/author\\\/admin8497\\\/\"}]}<\/script>\n<!-- \/ Yoast SEO plugin. -->","yoast_head_json":{"title":"Il n'y a pas photo - Alexandre Cenis","robots":{"index":"index","follow":"follow","max-snippet":"max-snippet:-1","max-image-preview":"max-image-preview:large","max-video-preview":"max-video-preview:-1"},"canonical":"https:\/\/alexandrecenis.com\/index.php\/2021\/01\/25\/il-ny-a-pas-photo\/","og_locale":"fr_FR","og_type":"article","og_title":"Il n'y a pas photo - Alexandre Cenis","og_description":"Leica Camera AG a sorti une nouvelle campagne il y a maintenant 1 semaine. En effet, le l\u00e9gendaire fabricant d\u2019appareils photographiques et d\u2019optiques haut de gamme a r\u00e9alis\u00e9 avec l\u2019agence TBWAParis un film ainsi que des affiches publicitaires. Le film d\u00e9bute sur un plan de la plan\u00e8te Terre. Des photographies d\u00e9filent ensuite, en noir et [&hellip;]","og_url":"https:\/\/alexandrecenis.com\/index.php\/2021\/01\/25\/il-ny-a-pas-photo\/","og_site_name":"Alexandre Cenis","article_published_time":"2021-01-25T05:15:31+00:00","og_image":[{"width":800,"height":497,"url":"https:\/\/alexandrecenis.com\/wp-content\/uploads\/2021\/01\/photo-leica2-800x497-1.jpg","type":"image\/jpeg"}],"author":"admin8497","twitter_card":"summary_large_image","twitter_creator":"@alexandrecenis","twitter_site":"@alexandrecenis","twitter_misc":{"\u00c9crit par":"admin8497","Dur\u00e9e de lecture estim\u00e9e":"3 minutes"},"schema":{"@context":"https:\/\/schema.org","@graph":[{"@type":"Article","@id":"https:\/\/alexandrecenis.com\/index.php\/2021\/01\/25\/il-ny-a-pas-photo\/#article","isPartOf":{"@id":"https:\/\/alexandrecenis.com\/index.php\/2021\/01\/25\/il-ny-a-pas-photo\/"},"author":{"name":"admin8497","@id":"https:\/\/alexandrecenis.com\/#\/schema\/person\/cb034178deaf60a8602f9c700c5b1c83"},"headline":"Il n&rsquo;y a pas photo","datePublished":"2021-01-25T05:15:31+00:00","mainEntityOfPage":{"@id":"https:\/\/alexandrecenis.com\/index.php\/2021\/01\/25\/il-ny-a-pas-photo\/"},"wordCount":361,"image":{"@id":"https:\/\/alexandrecenis.com\/index.php\/2021\/01\/25\/il-ny-a-pas-photo\/#primaryimage"},"thumbnailUrl":"https:\/\/alexandrecenis.com\/wp-content\/uploads\/2021\/01\/photo-leica2-800x497-1.jpg","keywords":["Joel Meyerowitz","Leica Camera AG","moment important","photographie","TBWA\\Paris","t\u00e9moins","The world deserves Witnesses"],"articleSection":["Communication"],"inLanguage":"fr-FR"},{"@type":"WebPage","@id":"https:\/\/alexandrecenis.com\/index.php\/2021\/01\/25\/il-ny-a-pas-photo\/","url":"https:\/\/alexandrecenis.com\/index.php\/2021\/01\/25\/il-ny-a-pas-photo\/","name":"Il n'y a pas photo - Alexandre Cenis","isPartOf":{"@id":"https:\/\/alexandrecenis.com\/#website"},"primaryImageOfPage":{"@id":"https:\/\/alexandrecenis.com\/index.php\/2021\/01\/25\/il-ny-a-pas-photo\/#primaryimage"},"image":{"@id":"https:\/\/alexandrecenis.com\/index.php\/2021\/01\/25\/il-ny-a-pas-photo\/#primaryimage"},"thumbnailUrl":"https:\/\/alexandrecenis.com\/wp-content\/uploads\/2021\/01\/photo-leica2-800x497-1.jpg","datePublished":"2021-01-25T05:15:31+00:00","author":{"@id":"https:\/\/alexandrecenis.com\/#\/schema\/person\/cb034178deaf60a8602f9c700c5b1c83"},"breadcrumb":{"@id":"https:\/\/alexandrecenis.com\/index.php\/2021\/01\/25\/il-ny-a-pas-photo\/#breadcrumb"},"inLanguage":"fr-FR","potentialAction":[{"@type":"ReadAction","target":["https:\/\/alexandrecenis.com\/index.php\/2021\/01\/25\/il-ny-a-pas-photo\/"]}]},{"@type":"ImageObject","inLanguage":"fr-FR","@id":"https:\/\/alexandrecenis.com\/index.php\/2021\/01\/25\/il-ny-a-pas-photo\/#primaryimage","url":"https:\/\/alexandrecenis.com\/wp-content\/uploads\/2021\/01\/photo-leica2-800x497-1.jpg","contentUrl":"https:\/\/alexandrecenis.com\/wp-content\/uploads\/2021\/01\/photo-leica2-800x497-1.jpg","width":800,"height":497},{"@type":"BreadcrumbList","@id":"https:\/\/alexandrecenis.com\/index.php\/2021\/01\/25\/il-ny-a-pas-photo\/#breadcrumb","itemListElement":[{"@type":"ListItem","position":1,"name":"Home","item":"https:\/\/alexandrecenis.com\/"},{"@type":"ListItem","position":2,"name":"Il n&rsquo;y a pas photo"}]},{"@type":"WebSite","@id":"https:\/\/alexandrecenis.com\/#website","url":"https:\/\/alexandrecenis.com\/","name":"Alexandre Cenis","description":"Intelligence Cr\u00e9ative","potentialAction":[{"@type":"SearchAction","target":{"@type":"EntryPoint","urlTemplate":"https:\/\/alexandrecenis.com\/?s={search_term_string}"},"query-input":{"@type":"PropertyValueSpecification","valueRequired":true,"valueName":"search_term_string"}}],"inLanguage":"fr-FR"},{"@type":"Person","@id":"https:\/\/alexandrecenis.com\/#\/schema\/person\/cb034178deaf60a8602f9c700c5b1c83","name":"admin8497","image":{"@type":"ImageObject","inLanguage":"fr-FR","@id":"https:\/\/secure.gravatar.com\/avatar\/9586a1b4e51047e1977e647153ddd075f143e741c8e5ba4d03f6cfa4c61126fd?s=96&d=mm&r=g","url":"https:\/\/secure.gravatar.com\/avatar\/9586a1b4e51047e1977e647153ddd075f143e741c8e5ba4d03f6cfa4c61126fd?s=96&d=mm&r=g","contentUrl":"https:\/\/secure.gravatar.com\/avatar\/9586a1b4e51047e1977e647153ddd075f143e741c8e5ba4d03f6cfa4c61126fd?s=96&d=mm&r=g","caption":"admin8497"},"url":"https:\/\/alexandrecenis.com\/index.php\/author\/admin8497\/"}]}},"_links":{"self":[{"href":"https:\/\/alexandrecenis.com\/index.php\/wp-json\/wp\/v2\/posts\/3335","targetHints":{"allow":["GET"]}}],"collection":[{"href":"https:\/\/alexandrecenis.com\/index.php\/wp-json\/wp\/v2\/posts"}],"about":[{"href":"https:\/\/alexandrecenis.com\/index.php\/wp-json\/wp\/v2\/types\/post"}],"author":[{"embeddable":true,"href":"https:\/\/alexandrecenis.com\/index.php\/wp-json\/wp\/v2\/users\/1"}],"replies":[{"embeddable":true,"href":"https:\/\/alexandrecenis.com\/index.php\/wp-json\/wp\/v2\/comments?post=3335"}],"version-history":[{"count":5,"href":"https:\/\/alexandrecenis.com\/index.php\/wp-json\/wp\/v2\/posts\/3335\/revisions"}],"predecessor-version":[{"id":3346,"href":"https:\/\/alexandrecenis.com\/index.php\/wp-json\/wp\/v2\/posts\/3335\/revisions\/3346"}],"wp:featuredmedia":[{"embeddable":true,"href":"https:\/\/alexandrecenis.com\/index.php\/wp-json\/wp\/v2\/media\/3338"}],"wp:attachment":[{"href":"https:\/\/alexandrecenis.com\/index.php\/wp-json\/wp\/v2\/media?parent=3335"}],"wp:term":[{"taxonomy":"category","embeddable":true,"href":"https:\/\/alexandrecenis.com\/index.php\/wp-json\/wp\/v2\/categories?post=3335"},{"taxonomy":"post_tag","embeddable":true,"href":"https:\/\/alexandrecenis.com\/index.php\/wp-json\/wp\/v2\/tags?post=3335"}],"curies":[{"name":"wp","href":"https:\/\/api.w.org\/{rel}","templated":true}]}}