{"id":3270,"date":"2021-01-14T05:30:52","date_gmt":"2021-01-14T04:30:52","guid":{"rendered":"https:\/\/alexandrecenis.com\/?p=3270"},"modified":"2021-01-14T05:30:52","modified_gmt":"2021-01-14T04:30:52","slug":"sans-lombre-dun-doute","status":"publish","type":"post","link":"https:\/\/alexandrecenis.com\/index.php\/2021\/01\/14\/sans-lombre-dun-doute\/","title":{"rendered":"Sans l&rsquo;ombre d&rsquo;un doute"},"content":{"rendered":"<p style=\"text-align: justify;\">Toutes les personnes qui se trouvaient \u00e0 la station Palais-Royal \u2013 Mus\u00e9e du Louvre le 4 janvier vont s\u2019en mordre les doigts. Ce jour-l\u00e0, ils auraient pu tomber nez \u00e0 nez avec\u00a0<strong>Omar Sy<\/strong>\u00a0dans le cadre d\u2019une op\u00e9ration con\u00e7ue par l\u2019agence\u00a0<strong>Dare.Win<\/strong>.<\/p>\n<p style=\"text-align: justify;\">Le c\u00e9l\u00e8bre acteur fran\u00e7ais \u00e9tait en train de coller l\u2019affiche de la s\u00e9rie\u00a0<em>Lupin, dans l\u2019ombre d\u2019Ars\u00e8ne<\/em> dans laquelle il incarne le personnage principal. La sc\u00e8ne a \u00e9t\u00e9 film\u00e9e, et publi\u00e9e\u00a0 mardi 12 janvier par Netflix. La s\u00e9rie qui est accessible sur Netflix depuis le 8 janvier fait d\u00e9j\u00e0 un carton plein.<\/p>\n<p><img loading=\"lazy\" decoding=\"async\" class=\"aligncenter wp-image-3274 size-large\" src=\"https:\/\/alexandrecenis.com\/wp-content\/uploads\/2021\/01\/lupin-dans-lombre-darsene-affiche-francaise-1359045-691x1024.jpg\" alt=\"\" width=\"691\" height=\"1024\" srcset=\"https:\/\/alexandrecenis.com\/wp-content\/uploads\/2021\/01\/lupin-dans-lombre-darsene-affiche-francaise-1359045-691x1024.jpg 691w, https:\/\/alexandrecenis.com\/wp-content\/uploads\/2021\/01\/lupin-dans-lombre-darsene-affiche-francaise-1359045-480x711.jpg 480w\" sizes=\"(min-width: 0px) and (max-width: 480px) 480px, (min-width: 481px) 691px, 100vw\" \/><\/p>\n<p style=\"text-align: justify;\">Souvent, on ne fait pas assez attention \u00e0 ce qui nous entoure. C\u2019est ce que souhaite prouver Omar Sy avec cette exp\u00e9rience :\u00a0<em>\u00ab\u00a0Dans la s\u00e9rie, mon personnage Assane est un professionnel de la diversion. En portant la bonne tenue, au bon endroit, au bon moment, il est capable de se faire passer pour n\u2019importe qui, n\u2019importe o\u00f9, pour arriver \u00e0 ses fins. Aujourd\u2019hui, on va vous prouver qu\u2019au-del\u00e0 de la fiction, m\u00eame dans la vraie vie, parfois on voit, mais on ne regarde pas\u00a0\u00bb\u00a0<\/em>. Effectivement, si certaines personnes ont l\u2019air intrigu\u00e9es par ce que l\u2019acteur est en train de faire, la plupart semblent n\u2019avoir rien remarqu\u00e9.<\/p>\n<p><img loading=\"lazy\" decoding=\"async\" class=\"aligncenter wp-image-3273 size-large\" src=\"https:\/\/alexandrecenis.com\/wp-content\/uploads\/2021\/01\/ErOsXDjXYAAI9SS-800x1200-1-683x1024.jpg\" alt=\"\" width=\"683\" height=\"1024\" srcset=\"https:\/\/alexandrecenis.com\/wp-content\/uploads\/2021\/01\/ErOsXDjXYAAI9SS-800x1200-1-683x1024.jpg 683w, https:\/\/alexandrecenis.com\/wp-content\/uploads\/2021\/01\/ErOsXDjXYAAI9SS-800x1200-1-480x720.jpg 480w\" sizes=\"(min-width: 0px) and (max-width: 480px) 480px, (min-width: 481px) 683px, 100vw\" \/><\/p>\n<p style=\"text-align: justify;\">En parall\u00e8le, l\u2019agence\u00a0<strong>Marcel<\/strong>\u00a0a \u00e9galement fait la promotion de la s\u00e9rie le jour de sa sortie : elle a publi\u00e9 des affiches de s\u00e9ries telles que\u00a0<em>La Casa de Papel<\/em>\u00a0ou encore\u00a0<em>Umbrella Academy<\/em>. Si on regarde attentivement ces affiches, on peut constater la pr\u00e9sence inhabituelle d\u2019Omar Sy. Voil\u00e0 un tour de passe-passe ing\u00e9nieux.<\/p>\n<p><img loading=\"lazy\" decoding=\"async\" class=\"aligncenter wp-image-3272 size-large\" src=\"https:\/\/alexandrecenis.com\/wp-content\/uploads\/2021\/01\/ErOsTZ4XUAIEkj2-800x1200-1-683x1024.jpg\" alt=\"\" width=\"683\" height=\"1024\" srcset=\"https:\/\/alexandrecenis.com\/wp-content\/uploads\/2021\/01\/ErOsTZ4XUAIEkj2-800x1200-1-683x1024.jpg 683w, https:\/\/alexandrecenis.com\/wp-content\/uploads\/2021\/01\/ErOsTZ4XUAIEkj2-800x1200-1-480x720.jpg 480w\" sizes=\"(min-width: 0px) and (max-width: 480px) 480px, (min-width: 481px) 683px, 100vw\" \/><\/p>\n<p style=\"text-align: justify;\">A l\u2019oppos\u00e9 de son personnage principal qui est l\u2019incarnation m\u00eame de la discr\u00e9tion, la s\u00e9rie a fait une entr\u00e9e remarqu\u00e9e. Ce qui est s\u00fbr, c\u2019est qu\u2019on ne regardera plus les afficheurs du m\u00e9tro parisien de la m\u00eame fa\u00e7on.<\/p>\n<p style=\"text-align: center;\"><iframe loading=\"lazy\" src=\"https:\/\/www.youtube.com\/embed\/AHSTUI4D58I\" width=\"560\" height=\"315\" frameborder=\"0\" allowfullscreen=\"allowfullscreen\"><\/iframe><\/p>\n","protected":false},"excerpt":{"rendered":"<p>Toutes les personnes qui se trouvaient \u00e0 la station Palais-Royal \u2013 Mus\u00e9e du Louvre le 4 janvier vont s\u2019en mordre les doigts. Ce jour-l\u00e0, ils auraient pu tomber nez \u00e0 nez avec\u00a0Omar Sy\u00a0dans le cadre d\u2019une op\u00e9ration con\u00e7ue par l\u2019agence\u00a0Dare.Win. Le c\u00e9l\u00e8bre acteur fran\u00e7ais \u00e9tait en train de coller l\u2019affiche de la s\u00e9rie\u00a0Lupin, dans l\u2019ombre [&hellip;]<\/p>\n","protected":false},"author":1,"featured_media":3274,"comment_status":"closed","ping_status":"open","sticky":false,"template":"","format":"standard","meta":{"_et_pb_use_builder":"","_et_pb_old_content":"","_et_gb_content_width":"","footnotes":""},"categories":[113],"tags":[155,1164,1062,1163,244],"class_list":["post-3270","post","type-post","status-publish","format-standard","has-post-thumbnail","hentry","category-communication","tag-affichage","tag-lupin","tag-metro","tag-omar-sy","tag-prank"],"yoast_head":"<!-- This site is optimized with the Yoast SEO plugin v27.3 - https:\/\/yoast.com\/product\/yoast-seo-wordpress\/ -->\n<title>Sans l&#039;ombre d&#039;un doute - Alexandre Cenis<\/title>\n<meta name=\"robots\" content=\"index, follow, max-snippet:-1, max-image-preview:large, max-video-preview:-1\" \/>\n<link rel=\"canonical\" href=\"https:\/\/alexandrecenis.com\/index.php\/2021\/01\/14\/sans-lombre-dun-doute\/\" \/>\n<meta property=\"og:locale\" content=\"fr_FR\" \/>\n<meta property=\"og:type\" content=\"article\" \/>\n<meta property=\"og:title\" content=\"Sans l&#039;ombre d&#039;un doute - Alexandre Cenis\" \/>\n<meta property=\"og:description\" content=\"Toutes les personnes qui se trouvaient \u00e0 la station Palais-Royal \u2013 Mus\u00e9e du Louvre le 4 janvier vont s\u2019en mordre les doigts. Ce jour-l\u00e0, ils auraient pu tomber nez \u00e0 nez avec\u00a0Omar Sy\u00a0dans le cadre d\u2019une op\u00e9ration con\u00e7ue par l\u2019agence\u00a0Dare.Win. Le c\u00e9l\u00e8bre acteur fran\u00e7ais \u00e9tait en train de coller l\u2019affiche de la s\u00e9rie\u00a0Lupin, dans l\u2019ombre [&hellip;]\" \/>\n<meta property=\"og:url\" content=\"https:\/\/alexandrecenis.com\/index.php\/2021\/01\/14\/sans-lombre-dun-doute\/\" \/>\n<meta property=\"og:site_name\" content=\"Alexandre Cenis\" \/>\n<meta property=\"article:published_time\" content=\"2021-01-14T04:30:52+00:00\" \/>\n<meta property=\"og:image\" content=\"https:\/\/alexandrecenis.com\/wp-content\/uploads\/2021\/01\/lupin-dans-lombre-darsene-affiche-francaise-1359045.jpg\" \/>\n\t<meta property=\"og:image:width\" content=\"729\" \/>\n\t<meta property=\"og:image:height\" content=\"1080\" \/>\n\t<meta property=\"og:image:type\" content=\"image\/jpeg\" \/>\n<meta name=\"author\" content=\"admin8497\" \/>\n<meta name=\"twitter:card\" content=\"summary_large_image\" \/>\n<meta name=\"twitter:creator\" content=\"@alexandrecenis\" \/>\n<meta name=\"twitter:site\" content=\"@alexandrecenis\" \/>\n<meta name=\"twitter:label1\" content=\"\u00c9crit par\" \/>\n\t<meta name=\"twitter:data1\" content=\"admin8497\" \/>\n\t<meta name=\"twitter:label2\" content=\"Dur\u00e9e de lecture estim\u00e9e\" \/>\n\t<meta name=\"twitter:data2\" content=\"2 minutes\" \/>\n<script type=\"application\/ld+json\" class=\"yoast-schema-graph\">{\"@context\":\"https:\\\/\\\/schema.org\",\"@graph\":[{\"@type\":\"Article\",\"@id\":\"https:\\\/\\\/alexandrecenis.com\\\/index.php\\\/2021\\\/01\\\/14\\\/sans-lombre-dun-doute\\\/#article\",\"isPartOf\":{\"@id\":\"https:\\\/\\\/alexandrecenis.com\\\/index.php\\\/2021\\\/01\\\/14\\\/sans-lombre-dun-doute\\\/\"},\"author\":{\"name\":\"admin8497\",\"@id\":\"https:\\\/\\\/alexandrecenis.com\\\/#\\\/schema\\\/person\\\/cb034178deaf60a8602f9c700c5b1c83\"},\"headline\":\"Sans l&rsquo;ombre d&rsquo;un doute\",\"datePublished\":\"2021-01-14T04:30:52+00:00\",\"mainEntityOfPage\":{\"@id\":\"https:\\\/\\\/alexandrecenis.com\\\/index.php\\\/2021\\\/01\\\/14\\\/sans-lombre-dun-doute\\\/\"},\"wordCount\":341,\"image\":{\"@id\":\"https:\\\/\\\/alexandrecenis.com\\\/index.php\\\/2021\\\/01\\\/14\\\/sans-lombre-dun-doute\\\/#primaryimage\"},\"thumbnailUrl\":\"https:\\\/\\\/alexandrecenis.com\\\/wp-content\\\/uploads\\\/2021\\\/01\\\/lupin-dans-lombre-darsene-affiche-francaise-1359045.jpg\",\"keywords\":[\"affichage\",\"Lupin\",\"m\u00e9tro\",\"Omar Sy\",\"prank\"],\"articleSection\":[\"Communication\"],\"inLanguage\":\"fr-FR\"},{\"@type\":\"WebPage\",\"@id\":\"https:\\\/\\\/alexandrecenis.com\\\/index.php\\\/2021\\\/01\\\/14\\\/sans-lombre-dun-doute\\\/\",\"url\":\"https:\\\/\\\/alexandrecenis.com\\\/index.php\\\/2021\\\/01\\\/14\\\/sans-lombre-dun-doute\\\/\",\"name\":\"Sans l'ombre d'un doute - Alexandre Cenis\",\"isPartOf\":{\"@id\":\"https:\\\/\\\/alexandrecenis.com\\\/#website\"},\"primaryImageOfPage\":{\"@id\":\"https:\\\/\\\/alexandrecenis.com\\\/index.php\\\/2021\\\/01\\\/14\\\/sans-lombre-dun-doute\\\/#primaryimage\"},\"image\":{\"@id\":\"https:\\\/\\\/alexandrecenis.com\\\/index.php\\\/2021\\\/01\\\/14\\\/sans-lombre-dun-doute\\\/#primaryimage\"},\"thumbnailUrl\":\"https:\\\/\\\/alexandrecenis.com\\\/wp-content\\\/uploads\\\/2021\\\/01\\\/lupin-dans-lombre-darsene-affiche-francaise-1359045.jpg\",\"datePublished\":\"2021-01-14T04:30:52+00:00\",\"author\":{\"@id\":\"https:\\\/\\\/alexandrecenis.com\\\/#\\\/schema\\\/person\\\/cb034178deaf60a8602f9c700c5b1c83\"},\"breadcrumb\":{\"@id\":\"https:\\\/\\\/alexandrecenis.com\\\/index.php\\\/2021\\\/01\\\/14\\\/sans-lombre-dun-doute\\\/#breadcrumb\"},\"inLanguage\":\"fr-FR\",\"potentialAction\":[{\"@type\":\"ReadAction\",\"target\":[\"https:\\\/\\\/alexandrecenis.com\\\/index.php\\\/2021\\\/01\\\/14\\\/sans-lombre-dun-doute\\\/\"]}]},{\"@type\":\"ImageObject\",\"inLanguage\":\"fr-FR\",\"@id\":\"https:\\\/\\\/alexandrecenis.com\\\/index.php\\\/2021\\\/01\\\/14\\\/sans-lombre-dun-doute\\\/#primaryimage\",\"url\":\"https:\\\/\\\/alexandrecenis.com\\\/wp-content\\\/uploads\\\/2021\\\/01\\\/lupin-dans-lombre-darsene-affiche-francaise-1359045.jpg\",\"contentUrl\":\"https:\\\/\\\/alexandrecenis.com\\\/wp-content\\\/uploads\\\/2021\\\/01\\\/lupin-dans-lombre-darsene-affiche-francaise-1359045.jpg\",\"width\":729,\"height\":1080},{\"@type\":\"BreadcrumbList\",\"@id\":\"https:\\\/\\\/alexandrecenis.com\\\/index.php\\\/2021\\\/01\\\/14\\\/sans-lombre-dun-doute\\\/#breadcrumb\",\"itemListElement\":[{\"@type\":\"ListItem\",\"position\":1,\"name\":\"Home\",\"item\":\"https:\\\/\\\/alexandrecenis.com\\\/\"},{\"@type\":\"ListItem\",\"position\":2,\"name\":\"Sans l&rsquo;ombre d&rsquo;un doute\"}]},{\"@type\":\"WebSite\",\"@id\":\"https:\\\/\\\/alexandrecenis.com\\\/#website\",\"url\":\"https:\\\/\\\/alexandrecenis.com\\\/\",\"name\":\"Alexandre Cenis\",\"description\":\"Intelligence Cr\u00e9ative\",\"potentialAction\":[{\"@type\":\"SearchAction\",\"target\":{\"@type\":\"EntryPoint\",\"urlTemplate\":\"https:\\\/\\\/alexandrecenis.com\\\/?s={search_term_string}\"},\"query-input\":{\"@type\":\"PropertyValueSpecification\",\"valueRequired\":true,\"valueName\":\"search_term_string\"}}],\"inLanguage\":\"fr-FR\"},{\"@type\":\"Person\",\"@id\":\"https:\\\/\\\/alexandrecenis.com\\\/#\\\/schema\\\/person\\\/cb034178deaf60a8602f9c700c5b1c83\",\"name\":\"admin8497\",\"image\":{\"@type\":\"ImageObject\",\"inLanguage\":\"fr-FR\",\"@id\":\"https:\\\/\\\/secure.gravatar.com\\\/avatar\\\/9586a1b4e51047e1977e647153ddd075f143e741c8e5ba4d03f6cfa4c61126fd?s=96&d=mm&r=g\",\"url\":\"https:\\\/\\\/secure.gravatar.com\\\/avatar\\\/9586a1b4e51047e1977e647153ddd075f143e741c8e5ba4d03f6cfa4c61126fd?s=96&d=mm&r=g\",\"contentUrl\":\"https:\\\/\\\/secure.gravatar.com\\\/avatar\\\/9586a1b4e51047e1977e647153ddd075f143e741c8e5ba4d03f6cfa4c61126fd?s=96&d=mm&r=g\",\"caption\":\"admin8497\"},\"url\":\"https:\\\/\\\/alexandrecenis.com\\\/index.php\\\/author\\\/admin8497\\\/\"}]}<\/script>\n<!-- \/ Yoast SEO plugin. -->","yoast_head_json":{"title":"Sans l'ombre d'un doute - Alexandre Cenis","robots":{"index":"index","follow":"follow","max-snippet":"max-snippet:-1","max-image-preview":"max-image-preview:large","max-video-preview":"max-video-preview:-1"},"canonical":"https:\/\/alexandrecenis.com\/index.php\/2021\/01\/14\/sans-lombre-dun-doute\/","og_locale":"fr_FR","og_type":"article","og_title":"Sans l'ombre d'un doute - Alexandre Cenis","og_description":"Toutes les personnes qui se trouvaient \u00e0 la station Palais-Royal \u2013 Mus\u00e9e du Louvre le 4 janvier vont s\u2019en mordre les doigts. Ce jour-l\u00e0, ils auraient pu tomber nez \u00e0 nez avec\u00a0Omar Sy\u00a0dans le cadre d\u2019une op\u00e9ration con\u00e7ue par l\u2019agence\u00a0Dare.Win. Le c\u00e9l\u00e8bre acteur fran\u00e7ais \u00e9tait en train de coller l\u2019affiche de la s\u00e9rie\u00a0Lupin, dans l\u2019ombre [&hellip;]","og_url":"https:\/\/alexandrecenis.com\/index.php\/2021\/01\/14\/sans-lombre-dun-doute\/","og_site_name":"Alexandre Cenis","article_published_time":"2021-01-14T04:30:52+00:00","og_image":[{"width":729,"height":1080,"url":"https:\/\/alexandrecenis.com\/wp-content\/uploads\/2021\/01\/lupin-dans-lombre-darsene-affiche-francaise-1359045.jpg","type":"image\/jpeg"}],"author":"admin8497","twitter_card":"summary_large_image","twitter_creator":"@alexandrecenis","twitter_site":"@alexandrecenis","twitter_misc":{"\u00c9crit par":"admin8497","Dur\u00e9e de lecture estim\u00e9e":"2 minutes"},"schema":{"@context":"https:\/\/schema.org","@graph":[{"@type":"Article","@id":"https:\/\/alexandrecenis.com\/index.php\/2021\/01\/14\/sans-lombre-dun-doute\/#article","isPartOf":{"@id":"https:\/\/alexandrecenis.com\/index.php\/2021\/01\/14\/sans-lombre-dun-doute\/"},"author":{"name":"admin8497","@id":"https:\/\/alexandrecenis.com\/#\/schema\/person\/cb034178deaf60a8602f9c700c5b1c83"},"headline":"Sans l&rsquo;ombre d&rsquo;un doute","datePublished":"2021-01-14T04:30:52+00:00","mainEntityOfPage":{"@id":"https:\/\/alexandrecenis.com\/index.php\/2021\/01\/14\/sans-lombre-dun-doute\/"},"wordCount":341,"image":{"@id":"https:\/\/alexandrecenis.com\/index.php\/2021\/01\/14\/sans-lombre-dun-doute\/#primaryimage"},"thumbnailUrl":"https:\/\/alexandrecenis.com\/wp-content\/uploads\/2021\/01\/lupin-dans-lombre-darsene-affiche-francaise-1359045.jpg","keywords":["affichage","Lupin","m\u00e9tro","Omar Sy","prank"],"articleSection":["Communication"],"inLanguage":"fr-FR"},{"@type":"WebPage","@id":"https:\/\/alexandrecenis.com\/index.php\/2021\/01\/14\/sans-lombre-dun-doute\/","url":"https:\/\/alexandrecenis.com\/index.php\/2021\/01\/14\/sans-lombre-dun-doute\/","name":"Sans l'ombre d'un doute - Alexandre Cenis","isPartOf":{"@id":"https:\/\/alexandrecenis.com\/#website"},"primaryImageOfPage":{"@id":"https:\/\/alexandrecenis.com\/index.php\/2021\/01\/14\/sans-lombre-dun-doute\/#primaryimage"},"image":{"@id":"https:\/\/alexandrecenis.com\/index.php\/2021\/01\/14\/sans-lombre-dun-doute\/#primaryimage"},"thumbnailUrl":"https:\/\/alexandrecenis.com\/wp-content\/uploads\/2021\/01\/lupin-dans-lombre-darsene-affiche-francaise-1359045.jpg","datePublished":"2021-01-14T04:30:52+00:00","author":{"@id":"https:\/\/alexandrecenis.com\/#\/schema\/person\/cb034178deaf60a8602f9c700c5b1c83"},"breadcrumb":{"@id":"https:\/\/alexandrecenis.com\/index.php\/2021\/01\/14\/sans-lombre-dun-doute\/#breadcrumb"},"inLanguage":"fr-FR","potentialAction":[{"@type":"ReadAction","target":["https:\/\/alexandrecenis.com\/index.php\/2021\/01\/14\/sans-lombre-dun-doute\/"]}]},{"@type":"ImageObject","inLanguage":"fr-FR","@id":"https:\/\/alexandrecenis.com\/index.php\/2021\/01\/14\/sans-lombre-dun-doute\/#primaryimage","url":"https:\/\/alexandrecenis.com\/wp-content\/uploads\/2021\/01\/lupin-dans-lombre-darsene-affiche-francaise-1359045.jpg","contentUrl":"https:\/\/alexandrecenis.com\/wp-content\/uploads\/2021\/01\/lupin-dans-lombre-darsene-affiche-francaise-1359045.jpg","width":729,"height":1080},{"@type":"BreadcrumbList","@id":"https:\/\/alexandrecenis.com\/index.php\/2021\/01\/14\/sans-lombre-dun-doute\/#breadcrumb","itemListElement":[{"@type":"ListItem","position":1,"name":"Home","item":"https:\/\/alexandrecenis.com\/"},{"@type":"ListItem","position":2,"name":"Sans l&rsquo;ombre d&rsquo;un doute"}]},{"@type":"WebSite","@id":"https:\/\/alexandrecenis.com\/#website","url":"https:\/\/alexandrecenis.com\/","name":"Alexandre Cenis","description":"Intelligence Cr\u00e9ative","potentialAction":[{"@type":"SearchAction","target":{"@type":"EntryPoint","urlTemplate":"https:\/\/alexandrecenis.com\/?s={search_term_string}"},"query-input":{"@type":"PropertyValueSpecification","valueRequired":true,"valueName":"search_term_string"}}],"inLanguage":"fr-FR"},{"@type":"Person","@id":"https:\/\/alexandrecenis.com\/#\/schema\/person\/cb034178deaf60a8602f9c700c5b1c83","name":"admin8497","image":{"@type":"ImageObject","inLanguage":"fr-FR","@id":"https:\/\/secure.gravatar.com\/avatar\/9586a1b4e51047e1977e647153ddd075f143e741c8e5ba4d03f6cfa4c61126fd?s=96&d=mm&r=g","url":"https:\/\/secure.gravatar.com\/avatar\/9586a1b4e51047e1977e647153ddd075f143e741c8e5ba4d03f6cfa4c61126fd?s=96&d=mm&r=g","contentUrl":"https:\/\/secure.gravatar.com\/avatar\/9586a1b4e51047e1977e647153ddd075f143e741c8e5ba4d03f6cfa4c61126fd?s=96&d=mm&r=g","caption":"admin8497"},"url":"https:\/\/alexandrecenis.com\/index.php\/author\/admin8497\/"}]}},"_links":{"self":[{"href":"https:\/\/alexandrecenis.com\/index.php\/wp-json\/wp\/v2\/posts\/3270","targetHints":{"allow":["GET"]}}],"collection":[{"href":"https:\/\/alexandrecenis.com\/index.php\/wp-json\/wp\/v2\/posts"}],"about":[{"href":"https:\/\/alexandrecenis.com\/index.php\/wp-json\/wp\/v2\/types\/post"}],"author":[{"embeddable":true,"href":"https:\/\/alexandrecenis.com\/index.php\/wp-json\/wp\/v2\/users\/1"}],"replies":[{"embeddable":true,"href":"https:\/\/alexandrecenis.com\/index.php\/wp-json\/wp\/v2\/comments?post=3270"}],"version-history":[{"count":4,"href":"https:\/\/alexandrecenis.com\/index.php\/wp-json\/wp\/v2\/posts\/3270\/revisions"}],"predecessor-version":[{"id":3277,"href":"https:\/\/alexandrecenis.com\/index.php\/wp-json\/wp\/v2\/posts\/3270\/revisions\/3277"}],"wp:featuredmedia":[{"embeddable":true,"href":"https:\/\/alexandrecenis.com\/index.php\/wp-json\/wp\/v2\/media\/3274"}],"wp:attachment":[{"href":"https:\/\/alexandrecenis.com\/index.php\/wp-json\/wp\/v2\/media?parent=3270"}],"wp:term":[{"taxonomy":"category","embeddable":true,"href":"https:\/\/alexandrecenis.com\/index.php\/wp-json\/wp\/v2\/categories?post=3270"},{"taxonomy":"post_tag","embeddable":true,"href":"https:\/\/alexandrecenis.com\/index.php\/wp-json\/wp\/v2\/tags?post=3270"}],"curies":[{"name":"wp","href":"https:\/\/api.w.org\/{rel}","templated":true}]}}