{"id":3162,"date":"2020-12-16T09:37:59","date_gmt":"2020-12-16T08:37:59","guid":{"rendered":"https:\/\/alexandrecenis.com\/?p=3162"},"modified":"2020-12-16T09:37:59","modified_gmt":"2020-12-16T08:37:59","slug":"le-niel-et-les-abeilles","status":"publish","type":"post","link":"https:\/\/alexandrecenis.com\/index.php\/2020\/12\/16\/le-niel-et-les-abeilles\/","title":{"rendered":"Le Niel et les abeilles"},"content":{"rendered":"<p style=\"text-align: justify;\">Bien le bonjour le monde digital ! Il fallait oser. En guise de publicit\u00e9 pour annoncer l\u2019arriv\u00e9e prochaine de la 5G sur son r\u00e9seau, Free a d\u00e9voil\u00e9 hier une prise de parole des plus surprenantes. Xavier Niel, fondateur et PDG de la soci\u00e9t\u00e9, s\u2019est exprim\u00e9 face cam\u00e9ra pour r\u00e9pondre \u00e0 des accusations plus ou moins fantaisistes concernant la 5G.<\/p>\n<p><img loading=\"lazy\" decoding=\"async\" class=\"aligncenter wp-image-3167 size-large\" src=\"https:\/\/alexandrecenis.com\/wp-content\/uploads\/2020\/12\/3-6-1024x574.png\" alt=\"\" width=\"1024\" height=\"574\" srcset=\"https:\/\/alexandrecenis.com\/wp-content\/uploads\/2020\/12\/3-6-1024x574.png 1024w, https:\/\/alexandrecenis.com\/wp-content\/uploads\/2020\/12\/3-6-980x549.png 980w, https:\/\/alexandrecenis.com\/wp-content\/uploads\/2020\/12\/3-6-480x269.png 480w\" sizes=\"(min-width: 0px) and (max-width: 480px) 480px, (min-width: 481px) and (max-width: 980px) 980px, (min-width: 981px) 1024px, 100vw\" \/><\/p>\n<p style=\"text-align: justify;\">Un ton \u00e9videmment absurde de la part de la marque qui veut tourner en d\u00e9rision les anti-5G en exploitant m\u00eame les codes du film documentaire Hold-up, dans sa mise en sc\u00e8ne des interviews et surtout dans son visuel d\u2019introduction.<\/p>\n<p><img loading=\"lazy\" decoding=\"async\" class=\"aligncenter wp-image-3166 size-large\" src=\"https:\/\/alexandrecenis.com\/wp-content\/uploads\/2020\/12\/2-6-1024x580.png\" alt=\"\" width=\"1024\" height=\"580\" srcset=\"https:\/\/alexandrecenis.com\/wp-content\/uploads\/2020\/12\/2-6-1024x580.png 1024w, https:\/\/alexandrecenis.com\/wp-content\/uploads\/2020\/12\/2-6-980x555.png 980w, https:\/\/alexandrecenis.com\/wp-content\/uploads\/2020\/12\/2-6-480x272.png 480w\" sizes=\"(min-width: 0px) and (max-width: 480px) 480px, (min-width: 481px) and (max-width: 980px) 980px, (min-width: 981px) 1024px, 100vw\" \/><\/p>\n<p style=\"text-align: justify;\">Une communication surprenante et d\u00e9finitivement os\u00e9e pour Free. Alors que la plupart des op\u00e9rateurs marchent sur des \u0153ufs quand ils \u00e9voquent la 5G pour ne pas se faire attaquer sur les r\u00e9seaux sociaux, Free donne un grand coup de pied dans la fourmili\u00e8re pour le plus grand plaisir des d\u00e9fenseurs de la technologie.<\/p>\n<p style=\"text-align: center;\"><iframe loading=\"lazy\" src=\"https:\/\/www.youtube.com\/embed\/e44Rh4s8VYo\" width=\"560\" height=\"315\" frameborder=\"0\" allowfullscreen=\"allowfullscreen\"><\/iframe><\/p>\n","protected":false},"excerpt":{"rendered":"<p>Bien le bonjour le monde digital ! Il fallait oser. En guise de publicit\u00e9 pour annoncer l\u2019arriv\u00e9e prochaine de la 5G sur son r\u00e9seau, Free a d\u00e9voil\u00e9 hier une prise de parole des plus surprenantes. Xavier Niel, fondateur et PDG de la soci\u00e9t\u00e9, s\u2019est exprim\u00e9 face cam\u00e9ra pour r\u00e9pondre \u00e0 des accusations plus ou moins [&hellip;]<\/p>\n","protected":false},"author":1,"featured_media":3165,"comment_status":"closed","ping_status":"open","sticky":false,"template":"","format":"standard","meta":{"_et_pb_use_builder":"","_et_pb_old_content":"","_et_gb_content_width":"","footnotes":""},"categories":[113],"tags":[1127,1129,1130,1128,1126],"class_list":["post-3162","post","type-post","status-publish","format-standard","has-post-thumbnail","hentry","category-communication","tag-5g","tag-conspiration","tag-free","tag-hold-up","tag-xavier-niel"],"yoast_head":"<!-- This site is optimized with the Yoast SEO plugin v27.3 - https:\/\/yoast.com\/product\/yoast-seo-wordpress\/ -->\n<title>Le Niel et les abeilles - Alexandre Cenis<\/title>\n<meta name=\"robots\" content=\"index, follow, max-snippet:-1, max-image-preview:large, max-video-preview:-1\" \/>\n<link rel=\"canonical\" href=\"https:\/\/alexandrecenis.com\/index.php\/2020\/12\/16\/le-niel-et-les-abeilles\/\" \/>\n<meta property=\"og:locale\" content=\"fr_FR\" \/>\n<meta property=\"og:type\" content=\"article\" \/>\n<meta property=\"og:title\" content=\"Le Niel et les abeilles - Alexandre Cenis\" \/>\n<meta property=\"og:description\" content=\"Bien le bonjour le monde digital ! Il fallait oser. En guise de publicit\u00e9 pour annoncer l\u2019arriv\u00e9e prochaine de la 5G sur son r\u00e9seau, Free a d\u00e9voil\u00e9 hier une prise de parole des plus surprenantes. Xavier Niel, fondateur et PDG de la soci\u00e9t\u00e9, s\u2019est exprim\u00e9 face cam\u00e9ra pour r\u00e9pondre \u00e0 des accusations plus ou moins [&hellip;]\" \/>\n<meta property=\"og:url\" content=\"https:\/\/alexandrecenis.com\/index.php\/2020\/12\/16\/le-niel-et-les-abeilles\/\" \/>\n<meta property=\"og:site_name\" content=\"Alexandre Cenis\" \/>\n<meta property=\"article:published_time\" content=\"2020-12-16T08:37:59+00:00\" \/>\n<meta property=\"og:image\" content=\"https:\/\/alexandrecenis.com\/wp-content\/uploads\/2020\/12\/1-5.png\" \/>\n\t<meta property=\"og:image:width\" content=\"1277\" \/>\n\t<meta property=\"og:image:height\" content=\"719\" \/>\n\t<meta property=\"og:image:type\" content=\"image\/png\" \/>\n<meta name=\"author\" content=\"admin8497\" \/>\n<meta name=\"twitter:card\" content=\"summary_large_image\" \/>\n<meta name=\"twitter:creator\" content=\"@alexandrecenis\" \/>\n<meta name=\"twitter:site\" content=\"@alexandrecenis\" \/>\n<meta name=\"twitter:label1\" content=\"\u00c9crit par\" \/>\n\t<meta name=\"twitter:data1\" content=\"admin8497\" \/>\n\t<meta name=\"twitter:label2\" content=\"Dur\u00e9e de lecture estim\u00e9e\" \/>\n\t<meta name=\"twitter:data2\" content=\"1 minute\" \/>\n<script type=\"application\/ld+json\" class=\"yoast-schema-graph\">{\"@context\":\"https:\\\/\\\/schema.org\",\"@graph\":[{\"@type\":\"Article\",\"@id\":\"https:\\\/\\\/alexandrecenis.com\\\/index.php\\\/2020\\\/12\\\/16\\\/le-niel-et-les-abeilles\\\/#article\",\"isPartOf\":{\"@id\":\"https:\\\/\\\/alexandrecenis.com\\\/index.php\\\/2020\\\/12\\\/16\\\/le-niel-et-les-abeilles\\\/\"},\"author\":{\"name\":\"admin8497\",\"@id\":\"https:\\\/\\\/alexandrecenis.com\\\/#\\\/schema\\\/person\\\/cb034178deaf60a8602f9c700c5b1c83\"},\"headline\":\"Le Niel et les abeilles\",\"datePublished\":\"2020-12-16T08:37:59+00:00\",\"mainEntityOfPage\":{\"@id\":\"https:\\\/\\\/alexandrecenis.com\\\/index.php\\\/2020\\\/12\\\/16\\\/le-niel-et-les-abeilles\\\/\"},\"wordCount\":173,\"image\":{\"@id\":\"https:\\\/\\\/alexandrecenis.com\\\/index.php\\\/2020\\\/12\\\/16\\\/le-niel-et-les-abeilles\\\/#primaryimage\"},\"thumbnailUrl\":\"https:\\\/\\\/alexandrecenis.com\\\/wp-content\\\/uploads\\\/2020\\\/12\\\/1-5.png\",\"keywords\":[\"5G\",\"conspiration\",\"free\",\"hold up\",\"Xavier Niel\"],\"articleSection\":[\"Communication\"],\"inLanguage\":\"fr-FR\"},{\"@type\":\"WebPage\",\"@id\":\"https:\\\/\\\/alexandrecenis.com\\\/index.php\\\/2020\\\/12\\\/16\\\/le-niel-et-les-abeilles\\\/\",\"url\":\"https:\\\/\\\/alexandrecenis.com\\\/index.php\\\/2020\\\/12\\\/16\\\/le-niel-et-les-abeilles\\\/\",\"name\":\"Le Niel et les abeilles - Alexandre Cenis\",\"isPartOf\":{\"@id\":\"https:\\\/\\\/alexandrecenis.com\\\/#website\"},\"primaryImageOfPage\":{\"@id\":\"https:\\\/\\\/alexandrecenis.com\\\/index.php\\\/2020\\\/12\\\/16\\\/le-niel-et-les-abeilles\\\/#primaryimage\"},\"image\":{\"@id\":\"https:\\\/\\\/alexandrecenis.com\\\/index.php\\\/2020\\\/12\\\/16\\\/le-niel-et-les-abeilles\\\/#primaryimage\"},\"thumbnailUrl\":\"https:\\\/\\\/alexandrecenis.com\\\/wp-content\\\/uploads\\\/2020\\\/12\\\/1-5.png\",\"datePublished\":\"2020-12-16T08:37:59+00:00\",\"author\":{\"@id\":\"https:\\\/\\\/alexandrecenis.com\\\/#\\\/schema\\\/person\\\/cb034178deaf60a8602f9c700c5b1c83\"},\"breadcrumb\":{\"@id\":\"https:\\\/\\\/alexandrecenis.com\\\/index.php\\\/2020\\\/12\\\/16\\\/le-niel-et-les-abeilles\\\/#breadcrumb\"},\"inLanguage\":\"fr-FR\",\"potentialAction\":[{\"@type\":\"ReadAction\",\"target\":[\"https:\\\/\\\/alexandrecenis.com\\\/index.php\\\/2020\\\/12\\\/16\\\/le-niel-et-les-abeilles\\\/\"]}]},{\"@type\":\"ImageObject\",\"inLanguage\":\"fr-FR\",\"@id\":\"https:\\\/\\\/alexandrecenis.com\\\/index.php\\\/2020\\\/12\\\/16\\\/le-niel-et-les-abeilles\\\/#primaryimage\",\"url\":\"https:\\\/\\\/alexandrecenis.com\\\/wp-content\\\/uploads\\\/2020\\\/12\\\/1-5.png\",\"contentUrl\":\"https:\\\/\\\/alexandrecenis.com\\\/wp-content\\\/uploads\\\/2020\\\/12\\\/1-5.png\",\"width\":1277,\"height\":719},{\"@type\":\"BreadcrumbList\",\"@id\":\"https:\\\/\\\/alexandrecenis.com\\\/index.php\\\/2020\\\/12\\\/16\\\/le-niel-et-les-abeilles\\\/#breadcrumb\",\"itemListElement\":[{\"@type\":\"ListItem\",\"position\":1,\"name\":\"Home\",\"item\":\"https:\\\/\\\/alexandrecenis.com\\\/\"},{\"@type\":\"ListItem\",\"position\":2,\"name\":\"Le Niel et les abeilles\"}]},{\"@type\":\"WebSite\",\"@id\":\"https:\\\/\\\/alexandrecenis.com\\\/#website\",\"url\":\"https:\\\/\\\/alexandrecenis.com\\\/\",\"name\":\"Alexandre Cenis\",\"description\":\"Intelligence Cr\u00e9ative\",\"potentialAction\":[{\"@type\":\"SearchAction\",\"target\":{\"@type\":\"EntryPoint\",\"urlTemplate\":\"https:\\\/\\\/alexandrecenis.com\\\/?s={search_term_string}\"},\"query-input\":{\"@type\":\"PropertyValueSpecification\",\"valueRequired\":true,\"valueName\":\"search_term_string\"}}],\"inLanguage\":\"fr-FR\"},{\"@type\":\"Person\",\"@id\":\"https:\\\/\\\/alexandrecenis.com\\\/#\\\/schema\\\/person\\\/cb034178deaf60a8602f9c700c5b1c83\",\"name\":\"admin8497\",\"image\":{\"@type\":\"ImageObject\",\"inLanguage\":\"fr-FR\",\"@id\":\"https:\\\/\\\/secure.gravatar.com\\\/avatar\\\/9586a1b4e51047e1977e647153ddd075f143e741c8e5ba4d03f6cfa4c61126fd?s=96&d=mm&r=g\",\"url\":\"https:\\\/\\\/secure.gravatar.com\\\/avatar\\\/9586a1b4e51047e1977e647153ddd075f143e741c8e5ba4d03f6cfa4c61126fd?s=96&d=mm&r=g\",\"contentUrl\":\"https:\\\/\\\/secure.gravatar.com\\\/avatar\\\/9586a1b4e51047e1977e647153ddd075f143e741c8e5ba4d03f6cfa4c61126fd?s=96&d=mm&r=g\",\"caption\":\"admin8497\"},\"url\":\"https:\\\/\\\/alexandrecenis.com\\\/index.php\\\/author\\\/admin8497\\\/\"}]}<\/script>\n<!-- \/ Yoast SEO plugin. -->","yoast_head_json":{"title":"Le Niel et les abeilles - Alexandre Cenis","robots":{"index":"index","follow":"follow","max-snippet":"max-snippet:-1","max-image-preview":"max-image-preview:large","max-video-preview":"max-video-preview:-1"},"canonical":"https:\/\/alexandrecenis.com\/index.php\/2020\/12\/16\/le-niel-et-les-abeilles\/","og_locale":"fr_FR","og_type":"article","og_title":"Le Niel et les abeilles - Alexandre Cenis","og_description":"Bien le bonjour le monde digital ! Il fallait oser. En guise de publicit\u00e9 pour annoncer l\u2019arriv\u00e9e prochaine de la 5G sur son r\u00e9seau, Free a d\u00e9voil\u00e9 hier une prise de parole des plus surprenantes. Xavier Niel, fondateur et PDG de la soci\u00e9t\u00e9, s\u2019est exprim\u00e9 face cam\u00e9ra pour r\u00e9pondre \u00e0 des accusations plus ou moins [&hellip;]","og_url":"https:\/\/alexandrecenis.com\/index.php\/2020\/12\/16\/le-niel-et-les-abeilles\/","og_site_name":"Alexandre Cenis","article_published_time":"2020-12-16T08:37:59+00:00","og_image":[{"width":1277,"height":719,"url":"https:\/\/alexandrecenis.com\/wp-content\/uploads\/2020\/12\/1-5.png","type":"image\/png"}],"author":"admin8497","twitter_card":"summary_large_image","twitter_creator":"@alexandrecenis","twitter_site":"@alexandrecenis","twitter_misc":{"\u00c9crit par":"admin8497","Dur\u00e9e de lecture estim\u00e9e":"1 minute"},"schema":{"@context":"https:\/\/schema.org","@graph":[{"@type":"Article","@id":"https:\/\/alexandrecenis.com\/index.php\/2020\/12\/16\/le-niel-et-les-abeilles\/#article","isPartOf":{"@id":"https:\/\/alexandrecenis.com\/index.php\/2020\/12\/16\/le-niel-et-les-abeilles\/"},"author":{"name":"admin8497","@id":"https:\/\/alexandrecenis.com\/#\/schema\/person\/cb034178deaf60a8602f9c700c5b1c83"},"headline":"Le Niel et les abeilles","datePublished":"2020-12-16T08:37:59+00:00","mainEntityOfPage":{"@id":"https:\/\/alexandrecenis.com\/index.php\/2020\/12\/16\/le-niel-et-les-abeilles\/"},"wordCount":173,"image":{"@id":"https:\/\/alexandrecenis.com\/index.php\/2020\/12\/16\/le-niel-et-les-abeilles\/#primaryimage"},"thumbnailUrl":"https:\/\/alexandrecenis.com\/wp-content\/uploads\/2020\/12\/1-5.png","keywords":["5G","conspiration","free","hold up","Xavier Niel"],"articleSection":["Communication"],"inLanguage":"fr-FR"},{"@type":"WebPage","@id":"https:\/\/alexandrecenis.com\/index.php\/2020\/12\/16\/le-niel-et-les-abeilles\/","url":"https:\/\/alexandrecenis.com\/index.php\/2020\/12\/16\/le-niel-et-les-abeilles\/","name":"Le Niel et les abeilles - Alexandre Cenis","isPartOf":{"@id":"https:\/\/alexandrecenis.com\/#website"},"primaryImageOfPage":{"@id":"https:\/\/alexandrecenis.com\/index.php\/2020\/12\/16\/le-niel-et-les-abeilles\/#primaryimage"},"image":{"@id":"https:\/\/alexandrecenis.com\/index.php\/2020\/12\/16\/le-niel-et-les-abeilles\/#primaryimage"},"thumbnailUrl":"https:\/\/alexandrecenis.com\/wp-content\/uploads\/2020\/12\/1-5.png","datePublished":"2020-12-16T08:37:59+00:00","author":{"@id":"https:\/\/alexandrecenis.com\/#\/schema\/person\/cb034178deaf60a8602f9c700c5b1c83"},"breadcrumb":{"@id":"https:\/\/alexandrecenis.com\/index.php\/2020\/12\/16\/le-niel-et-les-abeilles\/#breadcrumb"},"inLanguage":"fr-FR","potentialAction":[{"@type":"ReadAction","target":["https:\/\/alexandrecenis.com\/index.php\/2020\/12\/16\/le-niel-et-les-abeilles\/"]}]},{"@type":"ImageObject","inLanguage":"fr-FR","@id":"https:\/\/alexandrecenis.com\/index.php\/2020\/12\/16\/le-niel-et-les-abeilles\/#primaryimage","url":"https:\/\/alexandrecenis.com\/wp-content\/uploads\/2020\/12\/1-5.png","contentUrl":"https:\/\/alexandrecenis.com\/wp-content\/uploads\/2020\/12\/1-5.png","width":1277,"height":719},{"@type":"BreadcrumbList","@id":"https:\/\/alexandrecenis.com\/index.php\/2020\/12\/16\/le-niel-et-les-abeilles\/#breadcrumb","itemListElement":[{"@type":"ListItem","position":1,"name":"Home","item":"https:\/\/alexandrecenis.com\/"},{"@type":"ListItem","position":2,"name":"Le Niel et les abeilles"}]},{"@type":"WebSite","@id":"https:\/\/alexandrecenis.com\/#website","url":"https:\/\/alexandrecenis.com\/","name":"Alexandre Cenis","description":"Intelligence Cr\u00e9ative","potentialAction":[{"@type":"SearchAction","target":{"@type":"EntryPoint","urlTemplate":"https:\/\/alexandrecenis.com\/?s={search_term_string}"},"query-input":{"@type":"PropertyValueSpecification","valueRequired":true,"valueName":"search_term_string"}}],"inLanguage":"fr-FR"},{"@type":"Person","@id":"https:\/\/alexandrecenis.com\/#\/schema\/person\/cb034178deaf60a8602f9c700c5b1c83","name":"admin8497","image":{"@type":"ImageObject","inLanguage":"fr-FR","@id":"https:\/\/secure.gravatar.com\/avatar\/9586a1b4e51047e1977e647153ddd075f143e741c8e5ba4d03f6cfa4c61126fd?s=96&d=mm&r=g","url":"https:\/\/secure.gravatar.com\/avatar\/9586a1b4e51047e1977e647153ddd075f143e741c8e5ba4d03f6cfa4c61126fd?s=96&d=mm&r=g","contentUrl":"https:\/\/secure.gravatar.com\/avatar\/9586a1b4e51047e1977e647153ddd075f143e741c8e5ba4d03f6cfa4c61126fd?s=96&d=mm&r=g","caption":"admin8497"},"url":"https:\/\/alexandrecenis.com\/index.php\/author\/admin8497\/"}]}},"_links":{"self":[{"href":"https:\/\/alexandrecenis.com\/index.php\/wp-json\/wp\/v2\/posts\/3162","targetHints":{"allow":["GET"]}}],"collection":[{"href":"https:\/\/alexandrecenis.com\/index.php\/wp-json\/wp\/v2\/posts"}],"about":[{"href":"https:\/\/alexandrecenis.com\/index.php\/wp-json\/wp\/v2\/types\/post"}],"author":[{"embeddable":true,"href":"https:\/\/alexandrecenis.com\/index.php\/wp-json\/wp\/v2\/users\/1"}],"replies":[{"embeddable":true,"href":"https:\/\/alexandrecenis.com\/index.php\/wp-json\/wp\/v2\/comments?post=3162"}],"version-history":[{"count":4,"href":"https:\/\/alexandrecenis.com\/index.php\/wp-json\/wp\/v2\/posts\/3162\/revisions"}],"predecessor-version":[{"id":3170,"href":"https:\/\/alexandrecenis.com\/index.php\/wp-json\/wp\/v2\/posts\/3162\/revisions\/3170"}],"wp:featuredmedia":[{"embeddable":true,"href":"https:\/\/alexandrecenis.com\/index.php\/wp-json\/wp\/v2\/media\/3165"}],"wp:attachment":[{"href":"https:\/\/alexandrecenis.com\/index.php\/wp-json\/wp\/v2\/media?parent=3162"}],"wp:term":[{"taxonomy":"category","embeddable":true,"href":"https:\/\/alexandrecenis.com\/index.php\/wp-json\/wp\/v2\/categories?post=3162"},{"taxonomy":"post_tag","embeddable":true,"href":"https:\/\/alexandrecenis.com\/index.php\/wp-json\/wp\/v2\/tags?post=3162"}],"curies":[{"name":"wp","href":"https:\/\/api.w.org\/{rel}","templated":true}]}}