{"id":3031,"date":"2020-11-23T08:10:04","date_gmt":"2020-11-23T07:10:04","guid":{"rendered":"https:\/\/alexandrecenis.com\/?p=3031"},"modified":"2020-11-23T08:10:04","modified_gmt":"2020-11-23T07:10:04","slug":"homme-sweet-homme","status":"publish","type":"post","link":"https:\/\/alexandrecenis.com\/index.php\/2020\/11\/23\/homme-sweet-homme\/","title":{"rendered":"Homme sweet homme"},"content":{"rendered":"<p style=\"text-align: justify;\">Bien le bonjour le monde digital ! Vous ne le saviez peut-\u00eatre pas, mais les hommes aussi ont leur journ\u00e9e internationale et c&rsquo;\u00e9tait le 19 novembre dernier. Gillette a profit\u00e9 de l\u2019occasion pour \u00e9voquer un sujet embrass\u00e9 par la marque depuis plusieurs ann\u00e9es maintenant : les st\u00e9r\u00e9otypes autour de la masculinit\u00e9.<\/p>\n<p style=\"text-align: justify;\">Apr\u00e8s\u00a0s\u2019\u00eatre attaqu\u00e9 \u00e0 la masculinit\u00e9 toxique\u00a0pour d\u00e9construire les id\u00e9es pr\u00e9con\u00e7ues sur ce que cela signifie d\u2019\u00eatre un homme, puis racont\u00e9\u00a0l\u2019histoire de Samson, jeune gar\u00e7on transgenre, au moment de sa premi\u00e8re le\u00e7on de rasage prodigu\u00e9e par son p\u00e8re, et d\u00e9voil\u00e9 une\u00a0pub gay-friendly avec l\u2019\u00e9cole Kourtrajm\u00e9, Gillette c\u00e9l\u00e8bre la masculinit\u00e9 plurielle dans sa nouvelle campagne d\u2019affichage.<\/p>\n<p><img loading=\"lazy\" decoding=\"async\" class=\"aligncenter wp-image-3036 size-full\" src=\"https:\/\/alexandrecenis.com\/wp-content\/uploads\/2020\/11\/Gillette-masculinite-journee-homme-4-800x606-1.jpg\" alt=\"\" width=\"800\" height=\"606\" srcset=\"https:\/\/alexandrecenis.com\/wp-content\/uploads\/2020\/11\/Gillette-masculinite-journee-homme-4-800x606-1.jpg 800w, https:\/\/alexandrecenis.com\/wp-content\/uploads\/2020\/11\/Gillette-masculinite-journee-homme-4-800x606-1-480x364.jpg 480w\" sizes=\"(min-width: 0px) and (max-width: 480px) 480px, (min-width: 481px) 800px, 100vw\" \/><\/p>\n<p style=\"text-align: justify;\">Photographi\u00e9e par la photographe et fondatrice du magazine Arcades, Wendy Huynh, la campagne met en sc\u00e8ne six \u00abperfections au masculin\u00bb : loin des st\u00e9r\u00e9otypes habituels, ces hommes sont la repr\u00e9sentation d\u2019une soci\u00e9t\u00e9 qui change, d\u2019une masculinit\u00e9 qui \u00e9volue vers plus d\u2019inclusion, d\u2019acceptation et sans doute de subtilit\u00e9, pr\u00e9cise le communiqu\u00e9. Ils sont la repr\u00e9sentation de ces hommes qui, face au miroir, se posent des questions sur eux-m\u00eames, sur leur masculinit\u00e9 et leur r\u00f4le dans la soci\u00e9t\u00e9, car les st\u00e9r\u00e9otypes et les discriminations qui y sont associ\u00e9s sont encore bien pr\u00e9gnants en France.\u2009\u00bb<\/p>\n<p><img loading=\"lazy\" decoding=\"async\" class=\"aligncenter wp-image-3038 size-full\" src=\"https:\/\/alexandrecenis.com\/wp-content\/uploads\/2020\/11\/Gillette-masculinite-journee-homme-800x606-1.jpg\" alt=\"\" width=\"800\" height=\"606\" srcset=\"https:\/\/alexandrecenis.com\/wp-content\/uploads\/2020\/11\/Gillette-masculinite-journee-homme-800x606-1.jpg 800w, https:\/\/alexandrecenis.com\/wp-content\/uploads\/2020\/11\/Gillette-masculinite-journee-homme-800x606-1-480x364.jpg 480w\" sizes=\"(min-width: 0px) and (max-width: 480px) 480px, (min-width: 481px) 800px, 100vw\" \/><\/p>\n<p style=\"text-align: justify;\">Un \u00ab\u2009changement n\u00e9cessaire\u2009\u00bb pour la marque, non pour grimper dans le train du progressisme, mais parce que ces hommes sont une r\u00e9alit\u00e9 que certains voudraient invisibiliser. \u00c9trill\u00e9 par les masculinistes depuis sa nouvelle direction, Gillette fait\u00a0fi des critiques\u00a0et appels au boycott r\u00e9guliers, la marque maintient son cap pour red\u00e9finir la masculinit\u00e9 et les atours de la virilit\u00e9. Vivement demain\u2009!<\/p>\n<p><img loading=\"lazy\" decoding=\"async\" class=\"aligncenter wp-image-3035 size-full\" src=\"https:\/\/alexandrecenis.com\/wp-content\/uploads\/2020\/11\/Gillette-masculinite-journee-homme-3-800x606-1.jpg\" alt=\"\" width=\"800\" height=\"606\" srcset=\"https:\/\/alexandrecenis.com\/wp-content\/uploads\/2020\/11\/Gillette-masculinite-journee-homme-3-800x606-1.jpg 800w, https:\/\/alexandrecenis.com\/wp-content\/uploads\/2020\/11\/Gillette-masculinite-journee-homme-3-800x606-1-480x364.jpg 480w\" sizes=\"(min-width: 0px) and (max-width: 480px) 480px, (min-width: 481px) 800px, 100vw\" \/><\/p>\n<p style=\"text-align: justify;\">Ces six portraits sont visibles depuis le 19 novembre, et ce, pendant 2 semaines dans plusieurs stations de m\u00e9tro parisiennes, dont Gare du Nord et Gare de l\u2019Est. L\u2019histoire de ces hommes sera \u00e0 d\u00e9couvrir ult\u00e9rieurement par le biais d\u2019interviews sur les r\u00e9seaux sociaux de Gillette.<\/p>\n<p><img loading=\"lazy\" decoding=\"async\" class=\"aligncenter wp-image-3034 size-full\" src=\"https:\/\/alexandrecenis.com\/wp-content\/uploads\/2020\/11\/Gillette-masculinite-journee-homme-2-800x606-1.jpg\" alt=\"\" width=\"800\" height=\"606\" srcset=\"https:\/\/alexandrecenis.com\/wp-content\/uploads\/2020\/11\/Gillette-masculinite-journee-homme-2-800x606-1.jpg 800w, https:\/\/alexandrecenis.com\/wp-content\/uploads\/2020\/11\/Gillette-masculinite-journee-homme-2-800x606-1-480x364.jpg 480w\" sizes=\"(min-width: 0px) and (max-width: 480px) 480px, (min-width: 481px) 800px, 100vw\" \/><\/p>\n","protected":false},"excerpt":{"rendered":"<p>Bien le bonjour le monde digital ! Vous ne le saviez peut-\u00eatre pas, mais les hommes aussi ont leur journ\u00e9e internationale et c&rsquo;\u00e9tait le 19 novembre dernier. Gillette a profit\u00e9 de l\u2019occasion pour \u00e9voquer un sujet embrass\u00e9 par la marque depuis plusieurs ann\u00e9es maintenant : les st\u00e9r\u00e9otypes autour de la masculinit\u00e9. Apr\u00e8s\u00a0s\u2019\u00eatre attaqu\u00e9 \u00e0 la [&hellip;]<\/p>\n","protected":false},"author":1,"featured_media":3037,"comment_status":"closed","ping_status":"open","sticky":false,"template":"","format":"standard","meta":{"_et_pb_use_builder":"","_et_pb_old_content":"","_et_gb_content_width":"","footnotes":""},"categories":[113],"tags":[1068,208,1069,1070,1071],"class_list":["post-3031","post","type-post","status-publish","format-standard","has-post-thumbnail","hentry","category-communication","tag-gillette","tag-hommes","tag-journee-internationale","tag-masculinite","tag-rasoir"],"yoast_head":"<!-- This site is optimized with the Yoast SEO plugin v27.3 - https:\/\/yoast.com\/product\/yoast-seo-wordpress\/ -->\n<title>Homme sweet homme - Alexandre Cenis<\/title>\n<meta name=\"robots\" content=\"index, follow, max-snippet:-1, max-image-preview:large, max-video-preview:-1\" \/>\n<link rel=\"canonical\" href=\"https:\/\/alexandrecenis.com\/index.php\/2020\/11\/23\/homme-sweet-homme\/\" \/>\n<meta property=\"og:locale\" content=\"fr_FR\" \/>\n<meta property=\"og:type\" content=\"article\" \/>\n<meta property=\"og:title\" content=\"Homme sweet homme - Alexandre Cenis\" \/>\n<meta property=\"og:description\" content=\"Bien le bonjour le monde digital ! Vous ne le saviez peut-\u00eatre pas, mais les hommes aussi ont leur journ\u00e9e internationale et c&rsquo;\u00e9tait le 19 novembre dernier. Gillette a profit\u00e9 de l\u2019occasion pour \u00e9voquer un sujet embrass\u00e9 par la marque depuis plusieurs ann\u00e9es maintenant : les st\u00e9r\u00e9otypes autour de la masculinit\u00e9. Apr\u00e8s\u00a0s\u2019\u00eatre attaqu\u00e9 \u00e0 la [&hellip;]\" \/>\n<meta property=\"og:url\" content=\"https:\/\/alexandrecenis.com\/index.php\/2020\/11\/23\/homme-sweet-homme\/\" \/>\n<meta property=\"og:site_name\" content=\"Alexandre Cenis\" \/>\n<meta property=\"article:published_time\" content=\"2020-11-23T07:10:04+00:00\" \/>\n<meta property=\"og:image\" content=\"https:\/\/alexandrecenis.com\/wp-content\/uploads\/2020\/11\/Gillette-masculinite-journee-homme-5-800x606-1.jpg\" \/>\n\t<meta property=\"og:image:width\" content=\"800\" \/>\n\t<meta property=\"og:image:height\" content=\"606\" \/>\n\t<meta property=\"og:image:type\" content=\"image\/jpeg\" \/>\n<meta name=\"author\" content=\"admin8497\" \/>\n<meta name=\"twitter:card\" content=\"summary_large_image\" \/>\n<meta name=\"twitter:creator\" content=\"@alexandrecenis\" \/>\n<meta name=\"twitter:site\" content=\"@alexandrecenis\" \/>\n<meta name=\"twitter:label1\" content=\"\u00c9crit par\" \/>\n\t<meta name=\"twitter:data1\" content=\"admin8497\" \/>\n\t<meta name=\"twitter:label2\" content=\"Dur\u00e9e de lecture estim\u00e9e\" \/>\n\t<meta name=\"twitter:data2\" content=\"2 minutes\" \/>\n<script type=\"application\/ld+json\" class=\"yoast-schema-graph\">{\"@context\":\"https:\\\/\\\/schema.org\",\"@graph\":[{\"@type\":\"Article\",\"@id\":\"https:\\\/\\\/alexandrecenis.com\\\/index.php\\\/2020\\\/11\\\/23\\\/homme-sweet-homme\\\/#article\",\"isPartOf\":{\"@id\":\"https:\\\/\\\/alexandrecenis.com\\\/index.php\\\/2020\\\/11\\\/23\\\/homme-sweet-homme\\\/\"},\"author\":{\"name\":\"admin8497\",\"@id\":\"https:\\\/\\\/alexandrecenis.com\\\/#\\\/schema\\\/person\\\/cb034178deaf60a8602f9c700c5b1c83\"},\"headline\":\"Homme sweet homme\",\"datePublished\":\"2020-11-23T07:10:04+00:00\",\"mainEntityOfPage\":{\"@id\":\"https:\\\/\\\/alexandrecenis.com\\\/index.php\\\/2020\\\/11\\\/23\\\/homme-sweet-homme\\\/\"},\"wordCount\":358,\"image\":{\"@id\":\"https:\\\/\\\/alexandrecenis.com\\\/index.php\\\/2020\\\/11\\\/23\\\/homme-sweet-homme\\\/#primaryimage\"},\"thumbnailUrl\":\"https:\\\/\\\/alexandrecenis.com\\\/wp-content\\\/uploads\\\/2020\\\/11\\\/Gillette-masculinite-journee-homme-5-800x606-1.jpg\",\"keywords\":[\"gillette\",\"hommes\",\"journ\u00e9e internationale\",\"masculinit\u00e9\",\"rasoir\"],\"articleSection\":[\"Communication\"],\"inLanguage\":\"fr-FR\"},{\"@type\":\"WebPage\",\"@id\":\"https:\\\/\\\/alexandrecenis.com\\\/index.php\\\/2020\\\/11\\\/23\\\/homme-sweet-homme\\\/\",\"url\":\"https:\\\/\\\/alexandrecenis.com\\\/index.php\\\/2020\\\/11\\\/23\\\/homme-sweet-homme\\\/\",\"name\":\"Homme sweet homme - Alexandre Cenis\",\"isPartOf\":{\"@id\":\"https:\\\/\\\/alexandrecenis.com\\\/#website\"},\"primaryImageOfPage\":{\"@id\":\"https:\\\/\\\/alexandrecenis.com\\\/index.php\\\/2020\\\/11\\\/23\\\/homme-sweet-homme\\\/#primaryimage\"},\"image\":{\"@id\":\"https:\\\/\\\/alexandrecenis.com\\\/index.php\\\/2020\\\/11\\\/23\\\/homme-sweet-homme\\\/#primaryimage\"},\"thumbnailUrl\":\"https:\\\/\\\/alexandrecenis.com\\\/wp-content\\\/uploads\\\/2020\\\/11\\\/Gillette-masculinite-journee-homme-5-800x606-1.jpg\",\"datePublished\":\"2020-11-23T07:10:04+00:00\",\"author\":{\"@id\":\"https:\\\/\\\/alexandrecenis.com\\\/#\\\/schema\\\/person\\\/cb034178deaf60a8602f9c700c5b1c83\"},\"breadcrumb\":{\"@id\":\"https:\\\/\\\/alexandrecenis.com\\\/index.php\\\/2020\\\/11\\\/23\\\/homme-sweet-homme\\\/#breadcrumb\"},\"inLanguage\":\"fr-FR\",\"potentialAction\":[{\"@type\":\"ReadAction\",\"target\":[\"https:\\\/\\\/alexandrecenis.com\\\/index.php\\\/2020\\\/11\\\/23\\\/homme-sweet-homme\\\/\"]}]},{\"@type\":\"ImageObject\",\"inLanguage\":\"fr-FR\",\"@id\":\"https:\\\/\\\/alexandrecenis.com\\\/index.php\\\/2020\\\/11\\\/23\\\/homme-sweet-homme\\\/#primaryimage\",\"url\":\"https:\\\/\\\/alexandrecenis.com\\\/wp-content\\\/uploads\\\/2020\\\/11\\\/Gillette-masculinite-journee-homme-5-800x606-1.jpg\",\"contentUrl\":\"https:\\\/\\\/alexandrecenis.com\\\/wp-content\\\/uploads\\\/2020\\\/11\\\/Gillette-masculinite-journee-homme-5-800x606-1.jpg\",\"width\":800,\"height\":606},{\"@type\":\"BreadcrumbList\",\"@id\":\"https:\\\/\\\/alexandrecenis.com\\\/index.php\\\/2020\\\/11\\\/23\\\/homme-sweet-homme\\\/#breadcrumb\",\"itemListElement\":[{\"@type\":\"ListItem\",\"position\":1,\"name\":\"Home\",\"item\":\"https:\\\/\\\/alexandrecenis.com\\\/\"},{\"@type\":\"ListItem\",\"position\":2,\"name\":\"Homme sweet homme\"}]},{\"@type\":\"WebSite\",\"@id\":\"https:\\\/\\\/alexandrecenis.com\\\/#website\",\"url\":\"https:\\\/\\\/alexandrecenis.com\\\/\",\"name\":\"Alexandre Cenis\",\"description\":\"Intelligence Cr\u00e9ative\",\"potentialAction\":[{\"@type\":\"SearchAction\",\"target\":{\"@type\":\"EntryPoint\",\"urlTemplate\":\"https:\\\/\\\/alexandrecenis.com\\\/?s={search_term_string}\"},\"query-input\":{\"@type\":\"PropertyValueSpecification\",\"valueRequired\":true,\"valueName\":\"search_term_string\"}}],\"inLanguage\":\"fr-FR\"},{\"@type\":\"Person\",\"@id\":\"https:\\\/\\\/alexandrecenis.com\\\/#\\\/schema\\\/person\\\/cb034178deaf60a8602f9c700c5b1c83\",\"name\":\"admin8497\",\"image\":{\"@type\":\"ImageObject\",\"inLanguage\":\"fr-FR\",\"@id\":\"https:\\\/\\\/secure.gravatar.com\\\/avatar\\\/9586a1b4e51047e1977e647153ddd075f143e741c8e5ba4d03f6cfa4c61126fd?s=96&d=mm&r=g\",\"url\":\"https:\\\/\\\/secure.gravatar.com\\\/avatar\\\/9586a1b4e51047e1977e647153ddd075f143e741c8e5ba4d03f6cfa4c61126fd?s=96&d=mm&r=g\",\"contentUrl\":\"https:\\\/\\\/secure.gravatar.com\\\/avatar\\\/9586a1b4e51047e1977e647153ddd075f143e741c8e5ba4d03f6cfa4c61126fd?s=96&d=mm&r=g\",\"caption\":\"admin8497\"},\"url\":\"https:\\\/\\\/alexandrecenis.com\\\/index.php\\\/author\\\/admin8497\\\/\"}]}<\/script>\n<!-- \/ Yoast SEO plugin. -->","yoast_head_json":{"title":"Homme sweet homme - Alexandre Cenis","robots":{"index":"index","follow":"follow","max-snippet":"max-snippet:-1","max-image-preview":"max-image-preview:large","max-video-preview":"max-video-preview:-1"},"canonical":"https:\/\/alexandrecenis.com\/index.php\/2020\/11\/23\/homme-sweet-homme\/","og_locale":"fr_FR","og_type":"article","og_title":"Homme sweet homme - Alexandre Cenis","og_description":"Bien le bonjour le monde digital ! Vous ne le saviez peut-\u00eatre pas, mais les hommes aussi ont leur journ\u00e9e internationale et c&rsquo;\u00e9tait le 19 novembre dernier. Gillette a profit\u00e9 de l\u2019occasion pour \u00e9voquer un sujet embrass\u00e9 par la marque depuis plusieurs ann\u00e9es maintenant : les st\u00e9r\u00e9otypes autour de la masculinit\u00e9. Apr\u00e8s\u00a0s\u2019\u00eatre attaqu\u00e9 \u00e0 la [&hellip;]","og_url":"https:\/\/alexandrecenis.com\/index.php\/2020\/11\/23\/homme-sweet-homme\/","og_site_name":"Alexandre Cenis","article_published_time":"2020-11-23T07:10:04+00:00","og_image":[{"width":800,"height":606,"url":"https:\/\/alexandrecenis.com\/wp-content\/uploads\/2020\/11\/Gillette-masculinite-journee-homme-5-800x606-1.jpg","type":"image\/jpeg"}],"author":"admin8497","twitter_card":"summary_large_image","twitter_creator":"@alexandrecenis","twitter_site":"@alexandrecenis","twitter_misc":{"\u00c9crit par":"admin8497","Dur\u00e9e de lecture estim\u00e9e":"2 minutes"},"schema":{"@context":"https:\/\/schema.org","@graph":[{"@type":"Article","@id":"https:\/\/alexandrecenis.com\/index.php\/2020\/11\/23\/homme-sweet-homme\/#article","isPartOf":{"@id":"https:\/\/alexandrecenis.com\/index.php\/2020\/11\/23\/homme-sweet-homme\/"},"author":{"name":"admin8497","@id":"https:\/\/alexandrecenis.com\/#\/schema\/person\/cb034178deaf60a8602f9c700c5b1c83"},"headline":"Homme sweet homme","datePublished":"2020-11-23T07:10:04+00:00","mainEntityOfPage":{"@id":"https:\/\/alexandrecenis.com\/index.php\/2020\/11\/23\/homme-sweet-homme\/"},"wordCount":358,"image":{"@id":"https:\/\/alexandrecenis.com\/index.php\/2020\/11\/23\/homme-sweet-homme\/#primaryimage"},"thumbnailUrl":"https:\/\/alexandrecenis.com\/wp-content\/uploads\/2020\/11\/Gillette-masculinite-journee-homme-5-800x606-1.jpg","keywords":["gillette","hommes","journ\u00e9e internationale","masculinit\u00e9","rasoir"],"articleSection":["Communication"],"inLanguage":"fr-FR"},{"@type":"WebPage","@id":"https:\/\/alexandrecenis.com\/index.php\/2020\/11\/23\/homme-sweet-homme\/","url":"https:\/\/alexandrecenis.com\/index.php\/2020\/11\/23\/homme-sweet-homme\/","name":"Homme sweet homme - Alexandre Cenis","isPartOf":{"@id":"https:\/\/alexandrecenis.com\/#website"},"primaryImageOfPage":{"@id":"https:\/\/alexandrecenis.com\/index.php\/2020\/11\/23\/homme-sweet-homme\/#primaryimage"},"image":{"@id":"https:\/\/alexandrecenis.com\/index.php\/2020\/11\/23\/homme-sweet-homme\/#primaryimage"},"thumbnailUrl":"https:\/\/alexandrecenis.com\/wp-content\/uploads\/2020\/11\/Gillette-masculinite-journee-homme-5-800x606-1.jpg","datePublished":"2020-11-23T07:10:04+00:00","author":{"@id":"https:\/\/alexandrecenis.com\/#\/schema\/person\/cb034178deaf60a8602f9c700c5b1c83"},"breadcrumb":{"@id":"https:\/\/alexandrecenis.com\/index.php\/2020\/11\/23\/homme-sweet-homme\/#breadcrumb"},"inLanguage":"fr-FR","potentialAction":[{"@type":"ReadAction","target":["https:\/\/alexandrecenis.com\/index.php\/2020\/11\/23\/homme-sweet-homme\/"]}]},{"@type":"ImageObject","inLanguage":"fr-FR","@id":"https:\/\/alexandrecenis.com\/index.php\/2020\/11\/23\/homme-sweet-homme\/#primaryimage","url":"https:\/\/alexandrecenis.com\/wp-content\/uploads\/2020\/11\/Gillette-masculinite-journee-homme-5-800x606-1.jpg","contentUrl":"https:\/\/alexandrecenis.com\/wp-content\/uploads\/2020\/11\/Gillette-masculinite-journee-homme-5-800x606-1.jpg","width":800,"height":606},{"@type":"BreadcrumbList","@id":"https:\/\/alexandrecenis.com\/index.php\/2020\/11\/23\/homme-sweet-homme\/#breadcrumb","itemListElement":[{"@type":"ListItem","position":1,"name":"Home","item":"https:\/\/alexandrecenis.com\/"},{"@type":"ListItem","position":2,"name":"Homme sweet homme"}]},{"@type":"WebSite","@id":"https:\/\/alexandrecenis.com\/#website","url":"https:\/\/alexandrecenis.com\/","name":"Alexandre Cenis","description":"Intelligence Cr\u00e9ative","potentialAction":[{"@type":"SearchAction","target":{"@type":"EntryPoint","urlTemplate":"https:\/\/alexandrecenis.com\/?s={search_term_string}"},"query-input":{"@type":"PropertyValueSpecification","valueRequired":true,"valueName":"search_term_string"}}],"inLanguage":"fr-FR"},{"@type":"Person","@id":"https:\/\/alexandrecenis.com\/#\/schema\/person\/cb034178deaf60a8602f9c700c5b1c83","name":"admin8497","image":{"@type":"ImageObject","inLanguage":"fr-FR","@id":"https:\/\/secure.gravatar.com\/avatar\/9586a1b4e51047e1977e647153ddd075f143e741c8e5ba4d03f6cfa4c61126fd?s=96&d=mm&r=g","url":"https:\/\/secure.gravatar.com\/avatar\/9586a1b4e51047e1977e647153ddd075f143e741c8e5ba4d03f6cfa4c61126fd?s=96&d=mm&r=g","contentUrl":"https:\/\/secure.gravatar.com\/avatar\/9586a1b4e51047e1977e647153ddd075f143e741c8e5ba4d03f6cfa4c61126fd?s=96&d=mm&r=g","caption":"admin8497"},"url":"https:\/\/alexandrecenis.com\/index.php\/author\/admin8497\/"}]}},"_links":{"self":[{"href":"https:\/\/alexandrecenis.com\/index.php\/wp-json\/wp\/v2\/posts\/3031","targetHints":{"allow":["GET"]}}],"collection":[{"href":"https:\/\/alexandrecenis.com\/index.php\/wp-json\/wp\/v2\/posts"}],"about":[{"href":"https:\/\/alexandrecenis.com\/index.php\/wp-json\/wp\/v2\/types\/post"}],"author":[{"embeddable":true,"href":"https:\/\/alexandrecenis.com\/index.php\/wp-json\/wp\/v2\/users\/1"}],"replies":[{"embeddable":true,"href":"https:\/\/alexandrecenis.com\/index.php\/wp-json\/wp\/v2\/comments?post=3031"}],"version-history":[{"count":3,"href":"https:\/\/alexandrecenis.com\/index.php\/wp-json\/wp\/v2\/posts\/3031\/revisions"}],"predecessor-version":[{"id":3039,"href":"https:\/\/alexandrecenis.com\/index.php\/wp-json\/wp\/v2\/posts\/3031\/revisions\/3039"}],"wp:featuredmedia":[{"embeddable":true,"href":"https:\/\/alexandrecenis.com\/index.php\/wp-json\/wp\/v2\/media\/3037"}],"wp:attachment":[{"href":"https:\/\/alexandrecenis.com\/index.php\/wp-json\/wp\/v2\/media?parent=3031"}],"wp:term":[{"taxonomy":"category","embeddable":true,"href":"https:\/\/alexandrecenis.com\/index.php\/wp-json\/wp\/v2\/categories?post=3031"},{"taxonomy":"post_tag","embeddable":true,"href":"https:\/\/alexandrecenis.com\/index.php\/wp-json\/wp\/v2\/tags?post=3031"}],"curies":[{"name":"wp","href":"https:\/\/api.w.org\/{rel}","templated":true}]}}