{"id":2897,"date":"2020-10-26T11:43:54","date_gmt":"2020-10-26T10:43:54","guid":{"rendered":"https:\/\/alexandrecenis.com\/?p=2897"},"modified":"2020-10-26T11:43:54","modified_gmt":"2020-10-26T10:43:54","slug":"lhaleine-sur-le-dos","status":"publish","type":"post","link":"https:\/\/alexandrecenis.com\/index.php\/2020\/10\/26\/lhaleine-sur-le-dos\/","title":{"rendered":"L&rsquo;haleine sur le dos"},"content":{"rendered":"<p style=\"text-align: justify;\">Bien le bonjour le monde digital ! Le 1er septembre dernier, le port du masque a \u00e9t\u00e9 rendu obligatoire partout : que ce soit dans les magasins, dans les transports, mais aussi au bureau et m\u00eame dans la rue, une contrainte d\u00e9sagr\u00e9able mais n\u00e9cessaire et \u00e7a va continuer ! Nous passons d\u00e9sormais chaque minute de nos journ\u00e9es avec un masque sur le visage.<\/p>\n<p style=\"text-align: justify;\">Un masque qui recouvre notre bouche et notre nez et nous rappelle \u2013 qu\u2019on le souhaite ou non \u2013 leur pr\u00e9sence, au fur et \u00e0 mesure des heures qui passent et de l\u2019odeur qui s\u2019intensifie. Mais Hollywood Chewing Gum ne compte pas vous laisser dans cette situation !<\/p>\n<p><img loading=\"lazy\" decoding=\"async\" class=\"aligncenter wp-image-2901 size-large\" src=\"https:\/\/alexandrecenis.com\/wp-content\/uploads\/2020\/10\/marcel_hollywood_jupdlc-2-1024x536.jpg\" alt=\"\" width=\"1024\" height=\"536\" srcset=\"https:\/\/alexandrecenis.com\/wp-content\/uploads\/2020\/10\/marcel_hollywood_jupdlc-2-1024x536.jpg 1024w, https:\/\/alexandrecenis.com\/wp-content\/uploads\/2020\/10\/marcel_hollywood_jupdlc-2-980x513.jpg 980w, https:\/\/alexandrecenis.com\/wp-content\/uploads\/2020\/10\/marcel_hollywood_jupdlc-2-480x251.jpg 480w\" sizes=\"(min-width: 0px) and (max-width: 480px) 480px, (min-width: 481px) and (max-width: 980px) 980px, (min-width: 981px) 1024px, 100vw\" \/><\/p>\n<p style=\"text-align: justify;\">Parce qu\u2019avec le masque, notre bouche ne nous aura jamais paru aussi proche de notre nez, la\u00a0marque\u00a0Hollywood et son agence\u00a0Marcel\u00a0reprennent la parole pour inviter les gens \u00e0 gagner un peu en confort en s\u2019offrant un peu de fra\u00eecheur.<\/p>\n<p><img loading=\"lazy\" decoding=\"async\" class=\"aligncenter wp-image-2900 size-large\" src=\"https:\/\/alexandrecenis.com\/wp-content\/uploads\/2020\/10\/marcel_hollywood_jupdlc-1-1024x536.jpg\" alt=\"\" width=\"1024\" height=\"536\" srcset=\"https:\/\/alexandrecenis.com\/wp-content\/uploads\/2020\/10\/marcel_hollywood_jupdlc-1-1024x536.jpg 1024w, https:\/\/alexandrecenis.com\/wp-content\/uploads\/2020\/10\/marcel_hollywood_jupdlc-1-980x513.jpg 980w, https:\/\/alexandrecenis.com\/wp-content\/uploads\/2020\/10\/marcel_hollywood_jupdlc-1-480x251.jpg 480w\" sizes=\"(min-width: 0px) and (max-width: 480px) 480px, (min-width: 481px) and (max-width: 980px) 980px, (min-width: 981px) 1024px, 100vw\" \/><\/p>\n<p style=\"text-align: justify;\">Avec l\u2019humour et la l\u00e9g\u00e8ret\u00e9 qui lui est propre, la marque d\u00e9voile sa campagne #M\u00e2chezMasqu\u00e9s. Une campagne d\u2019accroches qui nous ram\u00e8ne \u00e0 notre situation quotidienne et nouvelle derri\u00e8re ce masque.<\/p>\n<p><img loading=\"lazy\" decoding=\"async\" class=\"aligncenter wp-image-2899 size-large\" src=\"https:\/\/alexandrecenis.com\/wp-content\/uploads\/2020\/10\/marcel_hollywood_jupdlc-1024x536.jpg\" alt=\"\" width=\"1024\" height=\"536\" srcset=\"https:\/\/alexandrecenis.com\/wp-content\/uploads\/2020\/10\/marcel_hollywood_jupdlc-1024x536.jpg 1024w, https:\/\/alexandrecenis.com\/wp-content\/uploads\/2020\/10\/marcel_hollywood_jupdlc-980x513.jpg 980w, https:\/\/alexandrecenis.com\/wp-content\/uploads\/2020\/10\/marcel_hollywood_jupdlc-480x251.jpg 480w\" sizes=\"(min-width: 0px) and (max-width: 480px) 480px, (min-width: 481px) and (max-width: 980px) 980px, (min-width: 981px) 1024px, 100vw\" \/><\/p>\n<p style=\"text-align: justify;\">Cette campagne est disponible en TV, en VOL, en DOOH et en social depuis le 12 octobre et ce jusqu\u2019\u00e0 d\u00e9but d\u00e9cembre<\/p>\n<p><img loading=\"lazy\" decoding=\"async\" class=\"aligncenter wp-image-2902 size-large\" src=\"https:\/\/alexandrecenis.com\/wp-content\/uploads\/2020\/10\/marcel_hollywood_jupdlc-3-1024x536.jpg\" alt=\"\" width=\"1024\" height=\"536\" srcset=\"https:\/\/alexandrecenis.com\/wp-content\/uploads\/2020\/10\/marcel_hollywood_jupdlc-3-1024x536.jpg 1024w, https:\/\/alexandrecenis.com\/wp-content\/uploads\/2020\/10\/marcel_hollywood_jupdlc-3-980x513.jpg 980w, https:\/\/alexandrecenis.com\/wp-content\/uploads\/2020\/10\/marcel_hollywood_jupdlc-3-480x251.jpg 480w\" sizes=\"(min-width: 0px) and (max-width: 480px) 480px, (min-width: 481px) and (max-width: 980px) 980px, (min-width: 981px) 1024px, 100vw\" \/><\/p>\n","protected":false},"excerpt":{"rendered":"<p>Bien le bonjour le monde digital ! Le 1er septembre dernier, le port du masque a \u00e9t\u00e9 rendu obligatoire partout : que ce soit dans les magasins, dans les transports, mais aussi au bureau et m\u00eame dans la rue, une contrainte d\u00e9sagr\u00e9able mais n\u00e9cessaire et \u00e7a va continuer ! Nous passons d\u00e9sormais chaque minute de [&hellip;]<\/p>\n","protected":false},"author":1,"featured_media":2901,"comment_status":"closed","ping_status":"open","sticky":false,"template":"","format":"standard","meta":{"_et_pb_use_builder":"","_et_pb_old_content":"","_et_gb_content_width":"","footnotes":""},"categories":[113],"tags":[1018,59,1016,1015,664,1017],"class_list":["post-2897","post","type-post","status-publish","format-standard","has-post-thumbnail","hentry","category-communication","tag-chewing-gum","tag-fraicheur","tag-haleine","tag-hollywood","tag-masque","tag-obligation"],"yoast_head":"<!-- This site is optimized with the Yoast SEO plugin v27.3 - https:\/\/yoast.com\/product\/yoast-seo-wordpress\/ -->\n<title>L&#039;haleine sur le dos - Alexandre Cenis<\/title>\n<meta name=\"robots\" content=\"index, follow, max-snippet:-1, max-image-preview:large, max-video-preview:-1\" \/>\n<link rel=\"canonical\" href=\"https:\/\/alexandrecenis.com\/index.php\/2020\/10\/26\/lhaleine-sur-le-dos\/\" \/>\n<meta property=\"og:locale\" content=\"fr_FR\" \/>\n<meta property=\"og:type\" content=\"article\" \/>\n<meta property=\"og:title\" content=\"L&#039;haleine sur le dos - Alexandre Cenis\" \/>\n<meta property=\"og:description\" content=\"Bien le bonjour le monde digital ! Le 1er septembre dernier, le port du masque a \u00e9t\u00e9 rendu obligatoire partout : que ce soit dans les magasins, dans les transports, mais aussi au bureau et m\u00eame dans la rue, une contrainte d\u00e9sagr\u00e9able mais n\u00e9cessaire et \u00e7a va continuer ! Nous passons d\u00e9sormais chaque minute de [&hellip;]\" \/>\n<meta property=\"og:url\" content=\"https:\/\/alexandrecenis.com\/index.php\/2020\/10\/26\/lhaleine-sur-le-dos\/\" \/>\n<meta property=\"og:site_name\" content=\"Alexandre Cenis\" \/>\n<meta property=\"article:published_time\" content=\"2020-10-26T10:43:54+00:00\" \/>\n<meta property=\"og:image\" content=\"https:\/\/alexandrecenis.com\/wp-content\/uploads\/2020\/10\/marcel_hollywood_jupdlc-2.jpg\" \/>\n\t<meta property=\"og:image:width\" content=\"1200\" \/>\n\t<meta property=\"og:image:height\" content=\"628\" \/>\n\t<meta property=\"og:image:type\" content=\"image\/jpeg\" \/>\n<meta name=\"author\" content=\"admin8497\" \/>\n<meta name=\"twitter:card\" content=\"summary_large_image\" \/>\n<meta name=\"twitter:creator\" content=\"@alexandrecenis\" \/>\n<meta name=\"twitter:site\" content=\"@alexandrecenis\" \/>\n<meta name=\"twitter:label1\" content=\"\u00c9crit par\" \/>\n\t<meta name=\"twitter:data1\" content=\"admin8497\" \/>\n\t<meta name=\"twitter:label2\" content=\"Dur\u00e9e de lecture estim\u00e9e\" \/>\n\t<meta name=\"twitter:data2\" content=\"1 minute\" \/>\n<script type=\"application\/ld+json\" class=\"yoast-schema-graph\">{\"@context\":\"https:\\\/\\\/schema.org\",\"@graph\":[{\"@type\":\"Article\",\"@id\":\"https:\\\/\\\/alexandrecenis.com\\\/index.php\\\/2020\\\/10\\\/26\\\/lhaleine-sur-le-dos\\\/#article\",\"isPartOf\":{\"@id\":\"https:\\\/\\\/alexandrecenis.com\\\/index.php\\\/2020\\\/10\\\/26\\\/lhaleine-sur-le-dos\\\/\"},\"author\":{\"name\":\"admin8497\",\"@id\":\"https:\\\/\\\/alexandrecenis.com\\\/#\\\/schema\\\/person\\\/cb034178deaf60a8602f9c700c5b1c83\"},\"headline\":\"L&rsquo;haleine sur le dos\",\"datePublished\":\"2020-10-26T10:43:54+00:00\",\"mainEntityOfPage\":{\"@id\":\"https:\\\/\\\/alexandrecenis.com\\\/index.php\\\/2020\\\/10\\\/26\\\/lhaleine-sur-le-dos\\\/\"},\"wordCount\":223,\"image\":{\"@id\":\"https:\\\/\\\/alexandrecenis.com\\\/index.php\\\/2020\\\/10\\\/26\\\/lhaleine-sur-le-dos\\\/#primaryimage\"},\"thumbnailUrl\":\"https:\\\/\\\/alexandrecenis.com\\\/wp-content\\\/uploads\\\/2020\\\/10\\\/marcel_hollywood_jupdlc-2.jpg\",\"keywords\":[\"Chewing Gum\",\"fra\u00eecheur\",\"haleine\",\"Hollywood\",\"masque\",\"obligation\"],\"articleSection\":[\"Communication\"],\"inLanguage\":\"fr-FR\"},{\"@type\":\"WebPage\",\"@id\":\"https:\\\/\\\/alexandrecenis.com\\\/index.php\\\/2020\\\/10\\\/26\\\/lhaleine-sur-le-dos\\\/\",\"url\":\"https:\\\/\\\/alexandrecenis.com\\\/index.php\\\/2020\\\/10\\\/26\\\/lhaleine-sur-le-dos\\\/\",\"name\":\"L'haleine sur le dos - Alexandre Cenis\",\"isPartOf\":{\"@id\":\"https:\\\/\\\/alexandrecenis.com\\\/#website\"},\"primaryImageOfPage\":{\"@id\":\"https:\\\/\\\/alexandrecenis.com\\\/index.php\\\/2020\\\/10\\\/26\\\/lhaleine-sur-le-dos\\\/#primaryimage\"},\"image\":{\"@id\":\"https:\\\/\\\/alexandrecenis.com\\\/index.php\\\/2020\\\/10\\\/26\\\/lhaleine-sur-le-dos\\\/#primaryimage\"},\"thumbnailUrl\":\"https:\\\/\\\/alexandrecenis.com\\\/wp-content\\\/uploads\\\/2020\\\/10\\\/marcel_hollywood_jupdlc-2.jpg\",\"datePublished\":\"2020-10-26T10:43:54+00:00\",\"author\":{\"@id\":\"https:\\\/\\\/alexandrecenis.com\\\/#\\\/schema\\\/person\\\/cb034178deaf60a8602f9c700c5b1c83\"},\"breadcrumb\":{\"@id\":\"https:\\\/\\\/alexandrecenis.com\\\/index.php\\\/2020\\\/10\\\/26\\\/lhaleine-sur-le-dos\\\/#breadcrumb\"},\"inLanguage\":\"fr-FR\",\"potentialAction\":[{\"@type\":\"ReadAction\",\"target\":[\"https:\\\/\\\/alexandrecenis.com\\\/index.php\\\/2020\\\/10\\\/26\\\/lhaleine-sur-le-dos\\\/\"]}]},{\"@type\":\"ImageObject\",\"inLanguage\":\"fr-FR\",\"@id\":\"https:\\\/\\\/alexandrecenis.com\\\/index.php\\\/2020\\\/10\\\/26\\\/lhaleine-sur-le-dos\\\/#primaryimage\",\"url\":\"https:\\\/\\\/alexandrecenis.com\\\/wp-content\\\/uploads\\\/2020\\\/10\\\/marcel_hollywood_jupdlc-2.jpg\",\"contentUrl\":\"https:\\\/\\\/alexandrecenis.com\\\/wp-content\\\/uploads\\\/2020\\\/10\\\/marcel_hollywood_jupdlc-2.jpg\",\"width\":1200,\"height\":628},{\"@type\":\"BreadcrumbList\",\"@id\":\"https:\\\/\\\/alexandrecenis.com\\\/index.php\\\/2020\\\/10\\\/26\\\/lhaleine-sur-le-dos\\\/#breadcrumb\",\"itemListElement\":[{\"@type\":\"ListItem\",\"position\":1,\"name\":\"Home\",\"item\":\"https:\\\/\\\/alexandrecenis.com\\\/\"},{\"@type\":\"ListItem\",\"position\":2,\"name\":\"L&rsquo;haleine sur le dos\"}]},{\"@type\":\"WebSite\",\"@id\":\"https:\\\/\\\/alexandrecenis.com\\\/#website\",\"url\":\"https:\\\/\\\/alexandrecenis.com\\\/\",\"name\":\"Alexandre Cenis\",\"description\":\"Intelligence Cr\u00e9ative\",\"potentialAction\":[{\"@type\":\"SearchAction\",\"target\":{\"@type\":\"EntryPoint\",\"urlTemplate\":\"https:\\\/\\\/alexandrecenis.com\\\/?s={search_term_string}\"},\"query-input\":{\"@type\":\"PropertyValueSpecification\",\"valueRequired\":true,\"valueName\":\"search_term_string\"}}],\"inLanguage\":\"fr-FR\"},{\"@type\":\"Person\",\"@id\":\"https:\\\/\\\/alexandrecenis.com\\\/#\\\/schema\\\/person\\\/cb034178deaf60a8602f9c700c5b1c83\",\"name\":\"admin8497\",\"image\":{\"@type\":\"ImageObject\",\"inLanguage\":\"fr-FR\",\"@id\":\"https:\\\/\\\/secure.gravatar.com\\\/avatar\\\/9586a1b4e51047e1977e647153ddd075f143e741c8e5ba4d03f6cfa4c61126fd?s=96&d=mm&r=g\",\"url\":\"https:\\\/\\\/secure.gravatar.com\\\/avatar\\\/9586a1b4e51047e1977e647153ddd075f143e741c8e5ba4d03f6cfa4c61126fd?s=96&d=mm&r=g\",\"contentUrl\":\"https:\\\/\\\/secure.gravatar.com\\\/avatar\\\/9586a1b4e51047e1977e647153ddd075f143e741c8e5ba4d03f6cfa4c61126fd?s=96&d=mm&r=g\",\"caption\":\"admin8497\"},\"url\":\"https:\\\/\\\/alexandrecenis.com\\\/index.php\\\/author\\\/admin8497\\\/\"}]}<\/script>\n<!-- \/ Yoast SEO plugin. -->","yoast_head_json":{"title":"L'haleine sur le dos - Alexandre Cenis","robots":{"index":"index","follow":"follow","max-snippet":"max-snippet:-1","max-image-preview":"max-image-preview:large","max-video-preview":"max-video-preview:-1"},"canonical":"https:\/\/alexandrecenis.com\/index.php\/2020\/10\/26\/lhaleine-sur-le-dos\/","og_locale":"fr_FR","og_type":"article","og_title":"L'haleine sur le dos - Alexandre Cenis","og_description":"Bien le bonjour le monde digital ! Le 1er septembre dernier, le port du masque a \u00e9t\u00e9 rendu obligatoire partout : que ce soit dans les magasins, dans les transports, mais aussi au bureau et m\u00eame dans la rue, une contrainte d\u00e9sagr\u00e9able mais n\u00e9cessaire et \u00e7a va continuer ! Nous passons d\u00e9sormais chaque minute de [&hellip;]","og_url":"https:\/\/alexandrecenis.com\/index.php\/2020\/10\/26\/lhaleine-sur-le-dos\/","og_site_name":"Alexandre Cenis","article_published_time":"2020-10-26T10:43:54+00:00","og_image":[{"width":1200,"height":628,"url":"https:\/\/alexandrecenis.com\/wp-content\/uploads\/2020\/10\/marcel_hollywood_jupdlc-2.jpg","type":"image\/jpeg"}],"author":"admin8497","twitter_card":"summary_large_image","twitter_creator":"@alexandrecenis","twitter_site":"@alexandrecenis","twitter_misc":{"\u00c9crit par":"admin8497","Dur\u00e9e de lecture estim\u00e9e":"1 minute"},"schema":{"@context":"https:\/\/schema.org","@graph":[{"@type":"Article","@id":"https:\/\/alexandrecenis.com\/index.php\/2020\/10\/26\/lhaleine-sur-le-dos\/#article","isPartOf":{"@id":"https:\/\/alexandrecenis.com\/index.php\/2020\/10\/26\/lhaleine-sur-le-dos\/"},"author":{"name":"admin8497","@id":"https:\/\/alexandrecenis.com\/#\/schema\/person\/cb034178deaf60a8602f9c700c5b1c83"},"headline":"L&rsquo;haleine sur le dos","datePublished":"2020-10-26T10:43:54+00:00","mainEntityOfPage":{"@id":"https:\/\/alexandrecenis.com\/index.php\/2020\/10\/26\/lhaleine-sur-le-dos\/"},"wordCount":223,"image":{"@id":"https:\/\/alexandrecenis.com\/index.php\/2020\/10\/26\/lhaleine-sur-le-dos\/#primaryimage"},"thumbnailUrl":"https:\/\/alexandrecenis.com\/wp-content\/uploads\/2020\/10\/marcel_hollywood_jupdlc-2.jpg","keywords":["Chewing Gum","fra\u00eecheur","haleine","Hollywood","masque","obligation"],"articleSection":["Communication"],"inLanguage":"fr-FR"},{"@type":"WebPage","@id":"https:\/\/alexandrecenis.com\/index.php\/2020\/10\/26\/lhaleine-sur-le-dos\/","url":"https:\/\/alexandrecenis.com\/index.php\/2020\/10\/26\/lhaleine-sur-le-dos\/","name":"L'haleine sur le dos - Alexandre Cenis","isPartOf":{"@id":"https:\/\/alexandrecenis.com\/#website"},"primaryImageOfPage":{"@id":"https:\/\/alexandrecenis.com\/index.php\/2020\/10\/26\/lhaleine-sur-le-dos\/#primaryimage"},"image":{"@id":"https:\/\/alexandrecenis.com\/index.php\/2020\/10\/26\/lhaleine-sur-le-dos\/#primaryimage"},"thumbnailUrl":"https:\/\/alexandrecenis.com\/wp-content\/uploads\/2020\/10\/marcel_hollywood_jupdlc-2.jpg","datePublished":"2020-10-26T10:43:54+00:00","author":{"@id":"https:\/\/alexandrecenis.com\/#\/schema\/person\/cb034178deaf60a8602f9c700c5b1c83"},"breadcrumb":{"@id":"https:\/\/alexandrecenis.com\/index.php\/2020\/10\/26\/lhaleine-sur-le-dos\/#breadcrumb"},"inLanguage":"fr-FR","potentialAction":[{"@type":"ReadAction","target":["https:\/\/alexandrecenis.com\/index.php\/2020\/10\/26\/lhaleine-sur-le-dos\/"]}]},{"@type":"ImageObject","inLanguage":"fr-FR","@id":"https:\/\/alexandrecenis.com\/index.php\/2020\/10\/26\/lhaleine-sur-le-dos\/#primaryimage","url":"https:\/\/alexandrecenis.com\/wp-content\/uploads\/2020\/10\/marcel_hollywood_jupdlc-2.jpg","contentUrl":"https:\/\/alexandrecenis.com\/wp-content\/uploads\/2020\/10\/marcel_hollywood_jupdlc-2.jpg","width":1200,"height":628},{"@type":"BreadcrumbList","@id":"https:\/\/alexandrecenis.com\/index.php\/2020\/10\/26\/lhaleine-sur-le-dos\/#breadcrumb","itemListElement":[{"@type":"ListItem","position":1,"name":"Home","item":"https:\/\/alexandrecenis.com\/"},{"@type":"ListItem","position":2,"name":"L&rsquo;haleine sur le dos"}]},{"@type":"WebSite","@id":"https:\/\/alexandrecenis.com\/#website","url":"https:\/\/alexandrecenis.com\/","name":"Alexandre Cenis","description":"Intelligence Cr\u00e9ative","potentialAction":[{"@type":"SearchAction","target":{"@type":"EntryPoint","urlTemplate":"https:\/\/alexandrecenis.com\/?s={search_term_string}"},"query-input":{"@type":"PropertyValueSpecification","valueRequired":true,"valueName":"search_term_string"}}],"inLanguage":"fr-FR"},{"@type":"Person","@id":"https:\/\/alexandrecenis.com\/#\/schema\/person\/cb034178deaf60a8602f9c700c5b1c83","name":"admin8497","image":{"@type":"ImageObject","inLanguage":"fr-FR","@id":"https:\/\/secure.gravatar.com\/avatar\/9586a1b4e51047e1977e647153ddd075f143e741c8e5ba4d03f6cfa4c61126fd?s=96&d=mm&r=g","url":"https:\/\/secure.gravatar.com\/avatar\/9586a1b4e51047e1977e647153ddd075f143e741c8e5ba4d03f6cfa4c61126fd?s=96&d=mm&r=g","contentUrl":"https:\/\/secure.gravatar.com\/avatar\/9586a1b4e51047e1977e647153ddd075f143e741c8e5ba4d03f6cfa4c61126fd?s=96&d=mm&r=g","caption":"admin8497"},"url":"https:\/\/alexandrecenis.com\/index.php\/author\/admin8497\/"}]}},"_links":{"self":[{"href":"https:\/\/alexandrecenis.com\/index.php\/wp-json\/wp\/v2\/posts\/2897","targetHints":{"allow":["GET"]}}],"collection":[{"href":"https:\/\/alexandrecenis.com\/index.php\/wp-json\/wp\/v2\/posts"}],"about":[{"href":"https:\/\/alexandrecenis.com\/index.php\/wp-json\/wp\/v2\/types\/post"}],"author":[{"embeddable":true,"href":"https:\/\/alexandrecenis.com\/index.php\/wp-json\/wp\/v2\/users\/1"}],"replies":[{"embeddable":true,"href":"https:\/\/alexandrecenis.com\/index.php\/wp-json\/wp\/v2\/comments?post=2897"}],"version-history":[{"count":5,"href":"https:\/\/alexandrecenis.com\/index.php\/wp-json\/wp\/v2\/posts\/2897\/revisions"}],"predecessor-version":[{"id":2906,"href":"https:\/\/alexandrecenis.com\/index.php\/wp-json\/wp\/v2\/posts\/2897\/revisions\/2906"}],"wp:featuredmedia":[{"embeddable":true,"href":"https:\/\/alexandrecenis.com\/index.php\/wp-json\/wp\/v2\/media\/2901"}],"wp:attachment":[{"href":"https:\/\/alexandrecenis.com\/index.php\/wp-json\/wp\/v2\/media?parent=2897"}],"wp:term":[{"taxonomy":"category","embeddable":true,"href":"https:\/\/alexandrecenis.com\/index.php\/wp-json\/wp\/v2\/categories?post=2897"},{"taxonomy":"post_tag","embeddable":true,"href":"https:\/\/alexandrecenis.com\/index.php\/wp-json\/wp\/v2\/tags?post=2897"}],"curies":[{"name":"wp","href":"https:\/\/api.w.org\/{rel}","templated":true}]}}