{"id":2878,"date":"2020-10-19T14:22:07","date_gmt":"2020-10-19T12:22:07","guid":{"rendered":"https:\/\/alexandrecenis.com\/?p=2878"},"modified":"2020-10-19T14:22:07","modified_gmt":"2020-10-19T12:22:07","slug":"couvrez-vous","status":"publish","type":"post","link":"https:\/\/alexandrecenis.com\/index.php\/2020\/10\/19\/couvrez-vous\/","title":{"rendered":"Couvrez-vous"},"content":{"rendered":"<p style=\"text-align: justify;\">Bien le bonjour le monde digital ! Depuis samedi dernier, les grandes villes fran\u00e7aises font l\u2019objet d\u2019un couvre-feu historique interdisant les populations \u00e0 se d\u00e9placer entre 21h et 6h du matin avec pour objectif de limiter la propagation du Covid-19. Une d\u00e9cision qui a visiblement inspir\u00e9 une \u00e9tudiante en communication pour une campagne simple mais efficace. D&rsquo;ailleurs, j&rsquo;en profite pour passer un coucou \u00e0 mes ex-\u00e9tudiants en communication et publicit\u00e9 \ud83d\ude09<\/p>\n<p><img loading=\"lazy\" decoding=\"async\" class=\"aligncenter wp-image-2881 size-full\" src=\"https:\/\/alexandrecenis.com\/wp-content\/uploads\/2020\/10\/fondation-abbe-pierre-couvre-feu-1.jpg\" alt=\"\" width=\"736\" height=\"491\" srcset=\"https:\/\/alexandrecenis.com\/wp-content\/uploads\/2020\/10\/fondation-abbe-pierre-couvre-feu-1.jpg 736w, https:\/\/alexandrecenis.com\/wp-content\/uploads\/2020\/10\/fondation-abbe-pierre-couvre-feu-1-480x320.jpg 480w\" sizes=\"(min-width: 0px) and (max-width: 480px) 480px, (min-width: 481px) 736px, 100vw\" \/><\/p>\n<p style=\"text-align: justify;\">Imagin\u00e9e pour la Fondation Abb\u00e9-Pierre, cette campagne sauvage (dans le sens o\u00f9 elle a \u00e9t\u00e9 faite sans l\u2019accord de la fondation) met en sc\u00e8ne des sans-abris qui, pass\u00e9 l\u2019heure du couvre-feu, sont toujours dehors : \u201c\u00c0 21h, tout le monde ne rentre pas \u00e0 la maison.\u201d<\/p>\n<p><img loading=\"lazy\" decoding=\"async\" class=\"aligncenter wp-image-2882 size-full\" src=\"https:\/\/alexandrecenis.com\/wp-content\/uploads\/2020\/10\/fondation-abbe-pierre-couvre-feu-2.jpg\" alt=\"\" width=\"736\" height=\"491\" srcset=\"https:\/\/alexandrecenis.com\/wp-content\/uploads\/2020\/10\/fondation-abbe-pierre-couvre-feu-2.jpg 736w, https:\/\/alexandrecenis.com\/wp-content\/uploads\/2020\/10\/fondation-abbe-pierre-couvre-feu-2-480x320.jpg 480w\" sizes=\"(min-width: 0px) and (max-width: 480px) 480px, (min-width: 481px) 736px, 100vw\" \/><\/p>\n<p style=\"text-align: justify;\">L\u2019occasion de mettre en lumi\u00e8re les conditions des sans-abris, oubli\u00e9s de cette crise et dont le couvre-feu rend la prise en charge encore plus difficile. Une campagne minimaliste et impactante imagin\u00e9e par Eden Bouaziz, \u00e9tudiante en publicit\u00e9 \u00e0 l\u2019\u00e9cole LE QUATRE \u00e0 Paris, dont voici le\u00a0profil <a href=\"https:\/\/www.behance.net\/edenbouaziz\">Behance<\/a>. Pour en savoir plus sur la Fondation <a href=\"https:\/\/www.fondation-abbe-pierre.fr\/\">Abb\u00e9-Pierre,<\/a> rendez-vous sur\u00a0leur site.<\/p>\n","protected":false},"excerpt":{"rendered":"<p>Bien le bonjour le monde digital ! Depuis samedi dernier, les grandes villes fran\u00e7aises font l\u2019objet d\u2019un couvre-feu historique interdisant les populations \u00e0 se d\u00e9placer entre 21h et 6h du matin avec pour objectif de limiter la propagation du Covid-19. Une d\u00e9cision qui a visiblement inspir\u00e9 une \u00e9tudiante en communication pour une campagne simple mais [&hellip;]<\/p>\n","protected":false},"author":1,"featured_media":2883,"comment_status":"closed","ping_status":"open","sticky":false,"template":"","format":"standard","meta":{"_et_pb_use_builder":"","_et_pb_old_content":"","_et_gb_content_width":"","footnotes":""},"categories":[113,4],"tags":[1001,1002,1004,1005,1007,1006,1003],"class_list":["post-2878","post","type-post","status-publish","format-standard","has-post-thumbnail","hentry","category-communication","category-marketing","tag-abbe-pierre","tag-couvre-feu","tag-dehors","tag-dormir","tag-fondation-abbe-pierre","tag-le-quatre","tag-sans-abris"],"yoast_head":"<!-- This site is optimized with the Yoast SEO plugin v27.3 - https:\/\/yoast.com\/product\/yoast-seo-wordpress\/ -->\n<title>Couvrez-vous - Alexandre Cenis<\/title>\n<meta name=\"robots\" content=\"index, follow, max-snippet:-1, max-image-preview:large, max-video-preview:-1\" \/>\n<link rel=\"canonical\" href=\"https:\/\/alexandrecenis.com\/index.php\/2020\/10\/19\/couvrez-vous\/\" \/>\n<meta property=\"og:locale\" content=\"fr_FR\" \/>\n<meta property=\"og:type\" content=\"article\" \/>\n<meta property=\"og:title\" content=\"Couvrez-vous - Alexandre Cenis\" \/>\n<meta property=\"og:description\" content=\"Bien le bonjour le monde digital ! Depuis samedi dernier, les grandes villes fran\u00e7aises font l\u2019objet d\u2019un couvre-feu historique interdisant les populations \u00e0 se d\u00e9placer entre 21h et 6h du matin avec pour objectif de limiter la propagation du Covid-19. Une d\u00e9cision qui a visiblement inspir\u00e9 une \u00e9tudiante en communication pour une campagne simple mais [&hellip;]\" \/>\n<meta property=\"og:url\" content=\"https:\/\/alexandrecenis.com\/index.php\/2020\/10\/19\/couvrez-vous\/\" \/>\n<meta property=\"og:site_name\" content=\"Alexandre Cenis\" \/>\n<meta property=\"article:published_time\" content=\"2020-10-19T12:22:07+00:00\" \/>\n<meta property=\"og:image\" content=\"https:\/\/alexandrecenis.com\/wp-content\/uploads\/2020\/10\/fondation-abbe-pierre-couvre-feu-3.jpg\" \/>\n\t<meta property=\"og:image:width\" content=\"736\" \/>\n\t<meta property=\"og:image:height\" content=\"491\" \/>\n\t<meta property=\"og:image:type\" content=\"image\/jpeg\" \/>\n<meta name=\"author\" content=\"admin8497\" \/>\n<meta name=\"twitter:card\" content=\"summary_large_image\" \/>\n<meta name=\"twitter:creator\" content=\"@alexandrecenis\" \/>\n<meta name=\"twitter:site\" content=\"@alexandrecenis\" \/>\n<meta name=\"twitter:label1\" content=\"\u00c9crit par\" \/>\n\t<meta name=\"twitter:data1\" content=\"admin8497\" \/>\n\t<meta name=\"twitter:label2\" content=\"Dur\u00e9e de lecture estim\u00e9e\" \/>\n\t<meta name=\"twitter:data2\" content=\"1 minute\" \/>\n<script type=\"application\/ld+json\" class=\"yoast-schema-graph\">{\"@context\":\"https:\\\/\\\/schema.org\",\"@graph\":[{\"@type\":\"Article\",\"@id\":\"https:\\\/\\\/alexandrecenis.com\\\/index.php\\\/2020\\\/10\\\/19\\\/couvrez-vous\\\/#article\",\"isPartOf\":{\"@id\":\"https:\\\/\\\/alexandrecenis.com\\\/index.php\\\/2020\\\/10\\\/19\\\/couvrez-vous\\\/\"},\"author\":{\"name\":\"admin8497\",\"@id\":\"https:\\\/\\\/alexandrecenis.com\\\/#\\\/schema\\\/person\\\/cb034178deaf60a8602f9c700c5b1c83\"},\"headline\":\"Couvrez-vous\",\"datePublished\":\"2020-10-19T12:22:07+00:00\",\"mainEntityOfPage\":{\"@id\":\"https:\\\/\\\/alexandrecenis.com\\\/index.php\\\/2020\\\/10\\\/19\\\/couvrez-vous\\\/\"},\"wordCount\":186,\"image\":{\"@id\":\"https:\\\/\\\/alexandrecenis.com\\\/index.php\\\/2020\\\/10\\\/19\\\/couvrez-vous\\\/#primaryimage\"},\"thumbnailUrl\":\"https:\\\/\\\/alexandrecenis.com\\\/wp-content\\\/uploads\\\/2020\\\/10\\\/fondation-abbe-pierre-couvre-feu-3.jpg\",\"keywords\":[\"abb\u00e9 pierre\",\"couvre feu\",\"dehors\",\"dormir\",\"fondation abb\u00e9 pierre\",\"le quatre\",\"sans abris\"],\"articleSection\":[\"Communication\",\"Marketing\"],\"inLanguage\":\"fr-FR\"},{\"@type\":\"WebPage\",\"@id\":\"https:\\\/\\\/alexandrecenis.com\\\/index.php\\\/2020\\\/10\\\/19\\\/couvrez-vous\\\/\",\"url\":\"https:\\\/\\\/alexandrecenis.com\\\/index.php\\\/2020\\\/10\\\/19\\\/couvrez-vous\\\/\",\"name\":\"Couvrez-vous - Alexandre Cenis\",\"isPartOf\":{\"@id\":\"https:\\\/\\\/alexandrecenis.com\\\/#website\"},\"primaryImageOfPage\":{\"@id\":\"https:\\\/\\\/alexandrecenis.com\\\/index.php\\\/2020\\\/10\\\/19\\\/couvrez-vous\\\/#primaryimage\"},\"image\":{\"@id\":\"https:\\\/\\\/alexandrecenis.com\\\/index.php\\\/2020\\\/10\\\/19\\\/couvrez-vous\\\/#primaryimage\"},\"thumbnailUrl\":\"https:\\\/\\\/alexandrecenis.com\\\/wp-content\\\/uploads\\\/2020\\\/10\\\/fondation-abbe-pierre-couvre-feu-3.jpg\",\"datePublished\":\"2020-10-19T12:22:07+00:00\",\"author\":{\"@id\":\"https:\\\/\\\/alexandrecenis.com\\\/#\\\/schema\\\/person\\\/cb034178deaf60a8602f9c700c5b1c83\"},\"breadcrumb\":{\"@id\":\"https:\\\/\\\/alexandrecenis.com\\\/index.php\\\/2020\\\/10\\\/19\\\/couvrez-vous\\\/#breadcrumb\"},\"inLanguage\":\"fr-FR\",\"potentialAction\":[{\"@type\":\"ReadAction\",\"target\":[\"https:\\\/\\\/alexandrecenis.com\\\/index.php\\\/2020\\\/10\\\/19\\\/couvrez-vous\\\/\"]}]},{\"@type\":\"ImageObject\",\"inLanguage\":\"fr-FR\",\"@id\":\"https:\\\/\\\/alexandrecenis.com\\\/index.php\\\/2020\\\/10\\\/19\\\/couvrez-vous\\\/#primaryimage\",\"url\":\"https:\\\/\\\/alexandrecenis.com\\\/wp-content\\\/uploads\\\/2020\\\/10\\\/fondation-abbe-pierre-couvre-feu-3.jpg\",\"contentUrl\":\"https:\\\/\\\/alexandrecenis.com\\\/wp-content\\\/uploads\\\/2020\\\/10\\\/fondation-abbe-pierre-couvre-feu-3.jpg\",\"width\":736,\"height\":491},{\"@type\":\"BreadcrumbList\",\"@id\":\"https:\\\/\\\/alexandrecenis.com\\\/index.php\\\/2020\\\/10\\\/19\\\/couvrez-vous\\\/#breadcrumb\",\"itemListElement\":[{\"@type\":\"ListItem\",\"position\":1,\"name\":\"Home\",\"item\":\"https:\\\/\\\/alexandrecenis.com\\\/\"},{\"@type\":\"ListItem\",\"position\":2,\"name\":\"Couvrez-vous\"}]},{\"@type\":\"WebSite\",\"@id\":\"https:\\\/\\\/alexandrecenis.com\\\/#website\",\"url\":\"https:\\\/\\\/alexandrecenis.com\\\/\",\"name\":\"Alexandre Cenis\",\"description\":\"Intelligence Cr\u00e9ative\",\"potentialAction\":[{\"@type\":\"SearchAction\",\"target\":{\"@type\":\"EntryPoint\",\"urlTemplate\":\"https:\\\/\\\/alexandrecenis.com\\\/?s={search_term_string}\"},\"query-input\":{\"@type\":\"PropertyValueSpecification\",\"valueRequired\":true,\"valueName\":\"search_term_string\"}}],\"inLanguage\":\"fr-FR\"},{\"@type\":\"Person\",\"@id\":\"https:\\\/\\\/alexandrecenis.com\\\/#\\\/schema\\\/person\\\/cb034178deaf60a8602f9c700c5b1c83\",\"name\":\"admin8497\",\"image\":{\"@type\":\"ImageObject\",\"inLanguage\":\"fr-FR\",\"@id\":\"https:\\\/\\\/secure.gravatar.com\\\/avatar\\\/9586a1b4e51047e1977e647153ddd075f143e741c8e5ba4d03f6cfa4c61126fd?s=96&d=mm&r=g\",\"url\":\"https:\\\/\\\/secure.gravatar.com\\\/avatar\\\/9586a1b4e51047e1977e647153ddd075f143e741c8e5ba4d03f6cfa4c61126fd?s=96&d=mm&r=g\",\"contentUrl\":\"https:\\\/\\\/secure.gravatar.com\\\/avatar\\\/9586a1b4e51047e1977e647153ddd075f143e741c8e5ba4d03f6cfa4c61126fd?s=96&d=mm&r=g\",\"caption\":\"admin8497\"},\"url\":\"https:\\\/\\\/alexandrecenis.com\\\/index.php\\\/author\\\/admin8497\\\/\"}]}<\/script>\n<!-- \/ Yoast SEO plugin. -->","yoast_head_json":{"title":"Couvrez-vous - Alexandre Cenis","robots":{"index":"index","follow":"follow","max-snippet":"max-snippet:-1","max-image-preview":"max-image-preview:large","max-video-preview":"max-video-preview:-1"},"canonical":"https:\/\/alexandrecenis.com\/index.php\/2020\/10\/19\/couvrez-vous\/","og_locale":"fr_FR","og_type":"article","og_title":"Couvrez-vous - Alexandre Cenis","og_description":"Bien le bonjour le monde digital ! Depuis samedi dernier, les grandes villes fran\u00e7aises font l\u2019objet d\u2019un couvre-feu historique interdisant les populations \u00e0 se d\u00e9placer entre 21h et 6h du matin avec pour objectif de limiter la propagation du Covid-19. Une d\u00e9cision qui a visiblement inspir\u00e9 une \u00e9tudiante en communication pour une campagne simple mais [&hellip;]","og_url":"https:\/\/alexandrecenis.com\/index.php\/2020\/10\/19\/couvrez-vous\/","og_site_name":"Alexandre Cenis","article_published_time":"2020-10-19T12:22:07+00:00","og_image":[{"width":736,"height":491,"url":"https:\/\/alexandrecenis.com\/wp-content\/uploads\/2020\/10\/fondation-abbe-pierre-couvre-feu-3.jpg","type":"image\/jpeg"}],"author":"admin8497","twitter_card":"summary_large_image","twitter_creator":"@alexandrecenis","twitter_site":"@alexandrecenis","twitter_misc":{"\u00c9crit par":"admin8497","Dur\u00e9e de lecture estim\u00e9e":"1 minute"},"schema":{"@context":"https:\/\/schema.org","@graph":[{"@type":"Article","@id":"https:\/\/alexandrecenis.com\/index.php\/2020\/10\/19\/couvrez-vous\/#article","isPartOf":{"@id":"https:\/\/alexandrecenis.com\/index.php\/2020\/10\/19\/couvrez-vous\/"},"author":{"name":"admin8497","@id":"https:\/\/alexandrecenis.com\/#\/schema\/person\/cb034178deaf60a8602f9c700c5b1c83"},"headline":"Couvrez-vous","datePublished":"2020-10-19T12:22:07+00:00","mainEntityOfPage":{"@id":"https:\/\/alexandrecenis.com\/index.php\/2020\/10\/19\/couvrez-vous\/"},"wordCount":186,"image":{"@id":"https:\/\/alexandrecenis.com\/index.php\/2020\/10\/19\/couvrez-vous\/#primaryimage"},"thumbnailUrl":"https:\/\/alexandrecenis.com\/wp-content\/uploads\/2020\/10\/fondation-abbe-pierre-couvre-feu-3.jpg","keywords":["abb\u00e9 pierre","couvre feu","dehors","dormir","fondation abb\u00e9 pierre","le quatre","sans abris"],"articleSection":["Communication","Marketing"],"inLanguage":"fr-FR"},{"@type":"WebPage","@id":"https:\/\/alexandrecenis.com\/index.php\/2020\/10\/19\/couvrez-vous\/","url":"https:\/\/alexandrecenis.com\/index.php\/2020\/10\/19\/couvrez-vous\/","name":"Couvrez-vous - Alexandre Cenis","isPartOf":{"@id":"https:\/\/alexandrecenis.com\/#website"},"primaryImageOfPage":{"@id":"https:\/\/alexandrecenis.com\/index.php\/2020\/10\/19\/couvrez-vous\/#primaryimage"},"image":{"@id":"https:\/\/alexandrecenis.com\/index.php\/2020\/10\/19\/couvrez-vous\/#primaryimage"},"thumbnailUrl":"https:\/\/alexandrecenis.com\/wp-content\/uploads\/2020\/10\/fondation-abbe-pierre-couvre-feu-3.jpg","datePublished":"2020-10-19T12:22:07+00:00","author":{"@id":"https:\/\/alexandrecenis.com\/#\/schema\/person\/cb034178deaf60a8602f9c700c5b1c83"},"breadcrumb":{"@id":"https:\/\/alexandrecenis.com\/index.php\/2020\/10\/19\/couvrez-vous\/#breadcrumb"},"inLanguage":"fr-FR","potentialAction":[{"@type":"ReadAction","target":["https:\/\/alexandrecenis.com\/index.php\/2020\/10\/19\/couvrez-vous\/"]}]},{"@type":"ImageObject","inLanguage":"fr-FR","@id":"https:\/\/alexandrecenis.com\/index.php\/2020\/10\/19\/couvrez-vous\/#primaryimage","url":"https:\/\/alexandrecenis.com\/wp-content\/uploads\/2020\/10\/fondation-abbe-pierre-couvre-feu-3.jpg","contentUrl":"https:\/\/alexandrecenis.com\/wp-content\/uploads\/2020\/10\/fondation-abbe-pierre-couvre-feu-3.jpg","width":736,"height":491},{"@type":"BreadcrumbList","@id":"https:\/\/alexandrecenis.com\/index.php\/2020\/10\/19\/couvrez-vous\/#breadcrumb","itemListElement":[{"@type":"ListItem","position":1,"name":"Home","item":"https:\/\/alexandrecenis.com\/"},{"@type":"ListItem","position":2,"name":"Couvrez-vous"}]},{"@type":"WebSite","@id":"https:\/\/alexandrecenis.com\/#website","url":"https:\/\/alexandrecenis.com\/","name":"Alexandre Cenis","description":"Intelligence Cr\u00e9ative","potentialAction":[{"@type":"SearchAction","target":{"@type":"EntryPoint","urlTemplate":"https:\/\/alexandrecenis.com\/?s={search_term_string}"},"query-input":{"@type":"PropertyValueSpecification","valueRequired":true,"valueName":"search_term_string"}}],"inLanguage":"fr-FR"},{"@type":"Person","@id":"https:\/\/alexandrecenis.com\/#\/schema\/person\/cb034178deaf60a8602f9c700c5b1c83","name":"admin8497","image":{"@type":"ImageObject","inLanguage":"fr-FR","@id":"https:\/\/secure.gravatar.com\/avatar\/9586a1b4e51047e1977e647153ddd075f143e741c8e5ba4d03f6cfa4c61126fd?s=96&d=mm&r=g","url":"https:\/\/secure.gravatar.com\/avatar\/9586a1b4e51047e1977e647153ddd075f143e741c8e5ba4d03f6cfa4c61126fd?s=96&d=mm&r=g","contentUrl":"https:\/\/secure.gravatar.com\/avatar\/9586a1b4e51047e1977e647153ddd075f143e741c8e5ba4d03f6cfa4c61126fd?s=96&d=mm&r=g","caption":"admin8497"},"url":"https:\/\/alexandrecenis.com\/index.php\/author\/admin8497\/"}]}},"_links":{"self":[{"href":"https:\/\/alexandrecenis.com\/index.php\/wp-json\/wp\/v2\/posts\/2878","targetHints":{"allow":["GET"]}}],"collection":[{"href":"https:\/\/alexandrecenis.com\/index.php\/wp-json\/wp\/v2\/posts"}],"about":[{"href":"https:\/\/alexandrecenis.com\/index.php\/wp-json\/wp\/v2\/types\/post"}],"author":[{"embeddable":true,"href":"https:\/\/alexandrecenis.com\/index.php\/wp-json\/wp\/v2\/users\/1"}],"replies":[{"embeddable":true,"href":"https:\/\/alexandrecenis.com\/index.php\/wp-json\/wp\/v2\/comments?post=2878"}],"version-history":[{"count":4,"href":"https:\/\/alexandrecenis.com\/index.php\/wp-json\/wp\/v2\/posts\/2878\/revisions"}],"predecessor-version":[{"id":2885,"href":"https:\/\/alexandrecenis.com\/index.php\/wp-json\/wp\/v2\/posts\/2878\/revisions\/2885"}],"wp:featuredmedia":[{"embeddable":true,"href":"https:\/\/alexandrecenis.com\/index.php\/wp-json\/wp\/v2\/media\/2883"}],"wp:attachment":[{"href":"https:\/\/alexandrecenis.com\/index.php\/wp-json\/wp\/v2\/media?parent=2878"}],"wp:term":[{"taxonomy":"category","embeddable":true,"href":"https:\/\/alexandrecenis.com\/index.php\/wp-json\/wp\/v2\/categories?post=2878"},{"taxonomy":"post_tag","embeddable":true,"href":"https:\/\/alexandrecenis.com\/index.php\/wp-json\/wp\/v2\/tags?post=2878"}],"curies":[{"name":"wp","href":"https:\/\/api.w.org\/{rel}","templated":true}]}}