{"id":2834,"date":"2020-10-12T08:17:37","date_gmt":"2020-10-12T06:17:37","guid":{"rendered":"https:\/\/alexandrecenis.com\/?p=2834"},"modified":"2020-10-12T08:17:37","modified_gmt":"2020-10-12T06:17:37","slug":"laffaire-est-dans-le-sac","status":"publish","type":"post","link":"https:\/\/alexandrecenis.com\/index.php\/2020\/10\/12\/laffaire-est-dans-le-sac\/","title":{"rendered":"L&rsquo;affaire est dans le sac"},"content":{"rendered":"<p style=\"text-align: justify;\">Bien le bonjour le monde digital ! Si en temps normal, il est insupportable de voir une personne qui pose son sac sur le si\u00e8ge vide situ\u00e9 \u00e0 c\u00f4t\u00e9 d\u2019elle alors m\u00eame que le m\u00e9tro (ou le bus) est bond\u00e9, en ces temps de Covid-19 c\u2019est devenu commun\u2026et m\u00eame recommand\u00e9.<\/p>\n<p style=\"text-align: justify;\">Voici la derni\u00e8re communication de V\u00e4sttrafik, l\u2019\u00e9quivalent de la RATP \u00e0 Paris pour le comt\u00e9 de V\u00e4stra G\u00f6taland en Su\u00e8de. Cette entreprise responsable des transports publics a collabor\u00e9 avec l\u2019agence Forsman &amp; Bodenfos pour mettre au point des tote bags tr\u00e8s parlants.<\/p>\n<p><img loading=\"lazy\" decoding=\"async\" class=\"aligncenter wp-image-2839 size-full\" src=\"https:\/\/alexandrecenis.com\/wp-content\/uploads\/2020\/10\/suede-distances-covid-sac-14.jpg\" alt=\"\" width=\"736\" height=\"491\" srcset=\"https:\/\/alexandrecenis.com\/wp-content\/uploads\/2020\/10\/suede-distances-covid-sac-14.jpg 736w, https:\/\/alexandrecenis.com\/wp-content\/uploads\/2020\/10\/suede-distances-covid-sac-14-480x320.jpg 480w\" sizes=\"(min-width: 0px) and (max-width: 480px) 480px, (min-width: 481px) 736px, 100vw\" \/><\/p>\n<p style=\"text-align: justify;\">De couleur jaune ou rouge (donc plut\u00f4t voyants), ces sacs comportent la m\u00eame phrase : \u201cI\u2019d love to sit next to you, just not right now. Thank you for keeping your distance\u201d (traduisez par \u201cJ\u2019adorerais vous avoir \u00e0 c\u00f4t\u00e9 de moi, mais pas maintenant. Merci de garder vos distances\u201d).<\/p>\n<p><img loading=\"lazy\" decoding=\"async\" class=\"aligncenter wp-image-2838 size-full\" src=\"https:\/\/alexandrecenis.com\/wp-content\/uploads\/2020\/10\/suede-distances-covid-sac-13.jpg\" alt=\"\" width=\"736\" height=\"491\" srcset=\"https:\/\/alexandrecenis.com\/wp-content\/uploads\/2020\/10\/suede-distances-covid-sac-13.jpg 736w, https:\/\/alexandrecenis.com\/wp-content\/uploads\/2020\/10\/suede-distances-covid-sac-13-480x320.jpg 480w\" sizes=\"(min-width: 0px) and (max-width: 480px) 480px, (min-width: 481px) 736px, 100vw\" \/><\/p>\n<p><img loading=\"lazy\" decoding=\"async\" class=\"aligncenter wp-image-2837 size-full\" src=\"https:\/\/alexandrecenis.com\/wp-content\/uploads\/2020\/10\/suede-distances-covid-sac-12.jpg\" alt=\"\" width=\"736\" height=\"491\" srcset=\"https:\/\/alexandrecenis.com\/wp-content\/uploads\/2020\/10\/suede-distances-covid-sac-12.jpg 736w, https:\/\/alexandrecenis.com\/wp-content\/uploads\/2020\/10\/suede-distances-covid-sac-12-480x320.jpg 480w\" sizes=\"(min-width: 0px) and (max-width: 480px) 480px, (min-width: 481px) 736px, 100vw\" \/><\/p>\n<p style=\"text-align: justify;\">De quoi d\u00e9clencher un petit sourire en entrant dans le m\u00e9tro\u2026 sauf pour tous ces usagers qui n\u2019ont d\u2019autres choix le matin que de s\u2019entasser dans un wagon pour arriver \u00e0 l\u2019heure au travail malgr\u00e9 les risques.<\/p>\n","protected":false},"excerpt":{"rendered":"<p>Bien le bonjour le monde digital ! Si en temps normal, il est insupportable de voir une personne qui pose son sac sur le si\u00e8ge vide situ\u00e9 \u00e0 c\u00f4t\u00e9 d\u2019elle alors m\u00eame que le m\u00e9tro (ou le bus) est bond\u00e9, en ces temps de Covid-19 c\u2019est devenu commun\u2026et m\u00eame recommand\u00e9. Voici la derni\u00e8re communication de [&hellip;]<\/p>\n","protected":false},"author":1,"featured_media":2836,"comment_status":"closed","ping_status":"open","sticky":false,"template":"","format":"standard","meta":{"_et_pb_use_builder":"","_et_pb_old_content":"","_et_gb_content_width":"","footnotes":""},"categories":[113,4],"tags":[565,570,893,991,992,990],"class_list":["post-2834","post","type-post","status-publish","format-standard","has-post-thumbnail","hentry","category-communication","category-marketing","tag-covid-19","tag-distance-sociale","tag-suede","tag-tote-bags","tag-transports-publics","tag-vasttrafik"],"yoast_head":"<!-- This site is optimized with the Yoast SEO plugin v27.3 - https:\/\/yoast.com\/product\/yoast-seo-wordpress\/ -->\n<title>L&#039;affaire est dans le sac - Alexandre Cenis<\/title>\n<meta name=\"robots\" content=\"index, follow, max-snippet:-1, max-image-preview:large, max-video-preview:-1\" \/>\n<link rel=\"canonical\" href=\"https:\/\/alexandrecenis.com\/index.php\/2020\/10\/12\/laffaire-est-dans-le-sac\/\" \/>\n<meta property=\"og:locale\" content=\"fr_FR\" \/>\n<meta property=\"og:type\" content=\"article\" \/>\n<meta property=\"og:title\" content=\"L&#039;affaire est dans le sac - Alexandre Cenis\" \/>\n<meta property=\"og:description\" content=\"Bien le bonjour le monde digital ! Si en temps normal, il est insupportable de voir une personne qui pose son sac sur le si\u00e8ge vide situ\u00e9 \u00e0 c\u00f4t\u00e9 d\u2019elle alors m\u00eame que le m\u00e9tro (ou le bus) est bond\u00e9, en ces temps de Covid-19 c\u2019est devenu commun\u2026et m\u00eame recommand\u00e9. Voici la derni\u00e8re communication de [&hellip;]\" \/>\n<meta property=\"og:url\" content=\"https:\/\/alexandrecenis.com\/index.php\/2020\/10\/12\/laffaire-est-dans-le-sac\/\" \/>\n<meta property=\"og:site_name\" content=\"Alexandre Cenis\" \/>\n<meta property=\"article:published_time\" content=\"2020-10-12T06:17:37+00:00\" \/>\n<meta property=\"og:image\" content=\"https:\/\/alexandrecenis.com\/wp-content\/uploads\/2020\/10\/suede-distances-covid-sac-11.jpg\" \/>\n\t<meta property=\"og:image:width\" content=\"736\" \/>\n\t<meta property=\"og:image:height\" content=\"491\" \/>\n\t<meta property=\"og:image:type\" content=\"image\/jpeg\" \/>\n<meta name=\"author\" content=\"admin8497\" \/>\n<meta name=\"twitter:card\" content=\"summary_large_image\" \/>\n<meta name=\"twitter:creator\" content=\"@alexandrecenis\" \/>\n<meta name=\"twitter:site\" content=\"@alexandrecenis\" \/>\n<meta name=\"twitter:label1\" content=\"\u00c9crit par\" \/>\n\t<meta name=\"twitter:data1\" content=\"admin8497\" \/>\n\t<meta name=\"twitter:label2\" content=\"Dur\u00e9e de lecture estim\u00e9e\" \/>\n\t<meta name=\"twitter:data2\" content=\"1 minute\" \/>\n<script type=\"application\/ld+json\" class=\"yoast-schema-graph\">{\"@context\":\"https:\\\/\\\/schema.org\",\"@graph\":[{\"@type\":\"Article\",\"@id\":\"https:\\\/\\\/alexandrecenis.com\\\/index.php\\\/2020\\\/10\\\/12\\\/laffaire-est-dans-le-sac\\\/#article\",\"isPartOf\":{\"@id\":\"https:\\\/\\\/alexandrecenis.com\\\/index.php\\\/2020\\\/10\\\/12\\\/laffaire-est-dans-le-sac\\\/\"},\"author\":{\"name\":\"admin8497\",\"@id\":\"https:\\\/\\\/alexandrecenis.com\\\/#\\\/schema\\\/person\\\/cb034178deaf60a8602f9c700c5b1c83\"},\"headline\":\"L&rsquo;affaire est dans le sac\",\"datePublished\":\"2020-10-12T06:17:37+00:00\",\"mainEntityOfPage\":{\"@id\":\"https:\\\/\\\/alexandrecenis.com\\\/index.php\\\/2020\\\/10\\\/12\\\/laffaire-est-dans-le-sac\\\/\"},\"wordCount\":204,\"image\":{\"@id\":\"https:\\\/\\\/alexandrecenis.com\\\/index.php\\\/2020\\\/10\\\/12\\\/laffaire-est-dans-le-sac\\\/#primaryimage\"},\"thumbnailUrl\":\"https:\\\/\\\/alexandrecenis.com\\\/wp-content\\\/uploads\\\/2020\\\/10\\\/suede-distances-covid-sac-11.jpg\",\"keywords\":[\"Covid-19\",\"distance sociale\",\"su\u00e8de\",\"tote bags\",\"transports publics\",\"V\u00e4sttrafik\"],\"articleSection\":[\"Communication\",\"Marketing\"],\"inLanguage\":\"fr-FR\"},{\"@type\":\"WebPage\",\"@id\":\"https:\\\/\\\/alexandrecenis.com\\\/index.php\\\/2020\\\/10\\\/12\\\/laffaire-est-dans-le-sac\\\/\",\"url\":\"https:\\\/\\\/alexandrecenis.com\\\/index.php\\\/2020\\\/10\\\/12\\\/laffaire-est-dans-le-sac\\\/\",\"name\":\"L'affaire est dans le sac - Alexandre Cenis\",\"isPartOf\":{\"@id\":\"https:\\\/\\\/alexandrecenis.com\\\/#website\"},\"primaryImageOfPage\":{\"@id\":\"https:\\\/\\\/alexandrecenis.com\\\/index.php\\\/2020\\\/10\\\/12\\\/laffaire-est-dans-le-sac\\\/#primaryimage\"},\"image\":{\"@id\":\"https:\\\/\\\/alexandrecenis.com\\\/index.php\\\/2020\\\/10\\\/12\\\/laffaire-est-dans-le-sac\\\/#primaryimage\"},\"thumbnailUrl\":\"https:\\\/\\\/alexandrecenis.com\\\/wp-content\\\/uploads\\\/2020\\\/10\\\/suede-distances-covid-sac-11.jpg\",\"datePublished\":\"2020-10-12T06:17:37+00:00\",\"author\":{\"@id\":\"https:\\\/\\\/alexandrecenis.com\\\/#\\\/schema\\\/person\\\/cb034178deaf60a8602f9c700c5b1c83\"},\"breadcrumb\":{\"@id\":\"https:\\\/\\\/alexandrecenis.com\\\/index.php\\\/2020\\\/10\\\/12\\\/laffaire-est-dans-le-sac\\\/#breadcrumb\"},\"inLanguage\":\"fr-FR\",\"potentialAction\":[{\"@type\":\"ReadAction\",\"target\":[\"https:\\\/\\\/alexandrecenis.com\\\/index.php\\\/2020\\\/10\\\/12\\\/laffaire-est-dans-le-sac\\\/\"]}]},{\"@type\":\"ImageObject\",\"inLanguage\":\"fr-FR\",\"@id\":\"https:\\\/\\\/alexandrecenis.com\\\/index.php\\\/2020\\\/10\\\/12\\\/laffaire-est-dans-le-sac\\\/#primaryimage\",\"url\":\"https:\\\/\\\/alexandrecenis.com\\\/wp-content\\\/uploads\\\/2020\\\/10\\\/suede-distances-covid-sac-11.jpg\",\"contentUrl\":\"https:\\\/\\\/alexandrecenis.com\\\/wp-content\\\/uploads\\\/2020\\\/10\\\/suede-distances-covid-sac-11.jpg\",\"width\":736,\"height\":491},{\"@type\":\"BreadcrumbList\",\"@id\":\"https:\\\/\\\/alexandrecenis.com\\\/index.php\\\/2020\\\/10\\\/12\\\/laffaire-est-dans-le-sac\\\/#breadcrumb\",\"itemListElement\":[{\"@type\":\"ListItem\",\"position\":1,\"name\":\"Home\",\"item\":\"https:\\\/\\\/alexandrecenis.com\\\/\"},{\"@type\":\"ListItem\",\"position\":2,\"name\":\"L&rsquo;affaire est dans le sac\"}]},{\"@type\":\"WebSite\",\"@id\":\"https:\\\/\\\/alexandrecenis.com\\\/#website\",\"url\":\"https:\\\/\\\/alexandrecenis.com\\\/\",\"name\":\"Alexandre Cenis\",\"description\":\"Intelligence Cr\u00e9ative\",\"potentialAction\":[{\"@type\":\"SearchAction\",\"target\":{\"@type\":\"EntryPoint\",\"urlTemplate\":\"https:\\\/\\\/alexandrecenis.com\\\/?s={search_term_string}\"},\"query-input\":{\"@type\":\"PropertyValueSpecification\",\"valueRequired\":true,\"valueName\":\"search_term_string\"}}],\"inLanguage\":\"fr-FR\"},{\"@type\":\"Person\",\"@id\":\"https:\\\/\\\/alexandrecenis.com\\\/#\\\/schema\\\/person\\\/cb034178deaf60a8602f9c700c5b1c83\",\"name\":\"admin8497\",\"image\":{\"@type\":\"ImageObject\",\"inLanguage\":\"fr-FR\",\"@id\":\"https:\\\/\\\/secure.gravatar.com\\\/avatar\\\/9586a1b4e51047e1977e647153ddd075f143e741c8e5ba4d03f6cfa4c61126fd?s=96&d=mm&r=g\",\"url\":\"https:\\\/\\\/secure.gravatar.com\\\/avatar\\\/9586a1b4e51047e1977e647153ddd075f143e741c8e5ba4d03f6cfa4c61126fd?s=96&d=mm&r=g\",\"contentUrl\":\"https:\\\/\\\/secure.gravatar.com\\\/avatar\\\/9586a1b4e51047e1977e647153ddd075f143e741c8e5ba4d03f6cfa4c61126fd?s=96&d=mm&r=g\",\"caption\":\"admin8497\"},\"url\":\"https:\\\/\\\/alexandrecenis.com\\\/index.php\\\/author\\\/admin8497\\\/\"}]}<\/script>\n<!-- \/ Yoast SEO plugin. -->","yoast_head_json":{"title":"L'affaire est dans le sac - Alexandre Cenis","robots":{"index":"index","follow":"follow","max-snippet":"max-snippet:-1","max-image-preview":"max-image-preview:large","max-video-preview":"max-video-preview:-1"},"canonical":"https:\/\/alexandrecenis.com\/index.php\/2020\/10\/12\/laffaire-est-dans-le-sac\/","og_locale":"fr_FR","og_type":"article","og_title":"L'affaire est dans le sac - Alexandre Cenis","og_description":"Bien le bonjour le monde digital ! Si en temps normal, il est insupportable de voir une personne qui pose son sac sur le si\u00e8ge vide situ\u00e9 \u00e0 c\u00f4t\u00e9 d\u2019elle alors m\u00eame que le m\u00e9tro (ou le bus) est bond\u00e9, en ces temps de Covid-19 c\u2019est devenu commun\u2026et m\u00eame recommand\u00e9. Voici la derni\u00e8re communication de [&hellip;]","og_url":"https:\/\/alexandrecenis.com\/index.php\/2020\/10\/12\/laffaire-est-dans-le-sac\/","og_site_name":"Alexandre Cenis","article_published_time":"2020-10-12T06:17:37+00:00","og_image":[{"width":736,"height":491,"url":"https:\/\/alexandrecenis.com\/wp-content\/uploads\/2020\/10\/suede-distances-covid-sac-11.jpg","type":"image\/jpeg"}],"author":"admin8497","twitter_card":"summary_large_image","twitter_creator":"@alexandrecenis","twitter_site":"@alexandrecenis","twitter_misc":{"\u00c9crit par":"admin8497","Dur\u00e9e de lecture estim\u00e9e":"1 minute"},"schema":{"@context":"https:\/\/schema.org","@graph":[{"@type":"Article","@id":"https:\/\/alexandrecenis.com\/index.php\/2020\/10\/12\/laffaire-est-dans-le-sac\/#article","isPartOf":{"@id":"https:\/\/alexandrecenis.com\/index.php\/2020\/10\/12\/laffaire-est-dans-le-sac\/"},"author":{"name":"admin8497","@id":"https:\/\/alexandrecenis.com\/#\/schema\/person\/cb034178deaf60a8602f9c700c5b1c83"},"headline":"L&rsquo;affaire est dans le sac","datePublished":"2020-10-12T06:17:37+00:00","mainEntityOfPage":{"@id":"https:\/\/alexandrecenis.com\/index.php\/2020\/10\/12\/laffaire-est-dans-le-sac\/"},"wordCount":204,"image":{"@id":"https:\/\/alexandrecenis.com\/index.php\/2020\/10\/12\/laffaire-est-dans-le-sac\/#primaryimage"},"thumbnailUrl":"https:\/\/alexandrecenis.com\/wp-content\/uploads\/2020\/10\/suede-distances-covid-sac-11.jpg","keywords":["Covid-19","distance sociale","su\u00e8de","tote bags","transports publics","V\u00e4sttrafik"],"articleSection":["Communication","Marketing"],"inLanguage":"fr-FR"},{"@type":"WebPage","@id":"https:\/\/alexandrecenis.com\/index.php\/2020\/10\/12\/laffaire-est-dans-le-sac\/","url":"https:\/\/alexandrecenis.com\/index.php\/2020\/10\/12\/laffaire-est-dans-le-sac\/","name":"L'affaire est dans le sac - Alexandre Cenis","isPartOf":{"@id":"https:\/\/alexandrecenis.com\/#website"},"primaryImageOfPage":{"@id":"https:\/\/alexandrecenis.com\/index.php\/2020\/10\/12\/laffaire-est-dans-le-sac\/#primaryimage"},"image":{"@id":"https:\/\/alexandrecenis.com\/index.php\/2020\/10\/12\/laffaire-est-dans-le-sac\/#primaryimage"},"thumbnailUrl":"https:\/\/alexandrecenis.com\/wp-content\/uploads\/2020\/10\/suede-distances-covid-sac-11.jpg","datePublished":"2020-10-12T06:17:37+00:00","author":{"@id":"https:\/\/alexandrecenis.com\/#\/schema\/person\/cb034178deaf60a8602f9c700c5b1c83"},"breadcrumb":{"@id":"https:\/\/alexandrecenis.com\/index.php\/2020\/10\/12\/laffaire-est-dans-le-sac\/#breadcrumb"},"inLanguage":"fr-FR","potentialAction":[{"@type":"ReadAction","target":["https:\/\/alexandrecenis.com\/index.php\/2020\/10\/12\/laffaire-est-dans-le-sac\/"]}]},{"@type":"ImageObject","inLanguage":"fr-FR","@id":"https:\/\/alexandrecenis.com\/index.php\/2020\/10\/12\/laffaire-est-dans-le-sac\/#primaryimage","url":"https:\/\/alexandrecenis.com\/wp-content\/uploads\/2020\/10\/suede-distances-covid-sac-11.jpg","contentUrl":"https:\/\/alexandrecenis.com\/wp-content\/uploads\/2020\/10\/suede-distances-covid-sac-11.jpg","width":736,"height":491},{"@type":"BreadcrumbList","@id":"https:\/\/alexandrecenis.com\/index.php\/2020\/10\/12\/laffaire-est-dans-le-sac\/#breadcrumb","itemListElement":[{"@type":"ListItem","position":1,"name":"Home","item":"https:\/\/alexandrecenis.com\/"},{"@type":"ListItem","position":2,"name":"L&rsquo;affaire est dans le sac"}]},{"@type":"WebSite","@id":"https:\/\/alexandrecenis.com\/#website","url":"https:\/\/alexandrecenis.com\/","name":"Alexandre Cenis","description":"Intelligence Cr\u00e9ative","potentialAction":[{"@type":"SearchAction","target":{"@type":"EntryPoint","urlTemplate":"https:\/\/alexandrecenis.com\/?s={search_term_string}"},"query-input":{"@type":"PropertyValueSpecification","valueRequired":true,"valueName":"search_term_string"}}],"inLanguage":"fr-FR"},{"@type":"Person","@id":"https:\/\/alexandrecenis.com\/#\/schema\/person\/cb034178deaf60a8602f9c700c5b1c83","name":"admin8497","image":{"@type":"ImageObject","inLanguage":"fr-FR","@id":"https:\/\/secure.gravatar.com\/avatar\/9586a1b4e51047e1977e647153ddd075f143e741c8e5ba4d03f6cfa4c61126fd?s=96&d=mm&r=g","url":"https:\/\/secure.gravatar.com\/avatar\/9586a1b4e51047e1977e647153ddd075f143e741c8e5ba4d03f6cfa4c61126fd?s=96&d=mm&r=g","contentUrl":"https:\/\/secure.gravatar.com\/avatar\/9586a1b4e51047e1977e647153ddd075f143e741c8e5ba4d03f6cfa4c61126fd?s=96&d=mm&r=g","caption":"admin8497"},"url":"https:\/\/alexandrecenis.com\/index.php\/author\/admin8497\/"}]}},"_links":{"self":[{"href":"https:\/\/alexandrecenis.com\/index.php\/wp-json\/wp\/v2\/posts\/2834","targetHints":{"allow":["GET"]}}],"collection":[{"href":"https:\/\/alexandrecenis.com\/index.php\/wp-json\/wp\/v2\/posts"}],"about":[{"href":"https:\/\/alexandrecenis.com\/index.php\/wp-json\/wp\/v2\/types\/post"}],"author":[{"embeddable":true,"href":"https:\/\/alexandrecenis.com\/index.php\/wp-json\/wp\/v2\/users\/1"}],"replies":[{"embeddable":true,"href":"https:\/\/alexandrecenis.com\/index.php\/wp-json\/wp\/v2\/comments?post=2834"}],"version-history":[{"count":3,"href":"https:\/\/alexandrecenis.com\/index.php\/wp-json\/wp\/v2\/posts\/2834\/revisions"}],"predecessor-version":[{"id":2841,"href":"https:\/\/alexandrecenis.com\/index.php\/wp-json\/wp\/v2\/posts\/2834\/revisions\/2841"}],"wp:featuredmedia":[{"embeddable":true,"href":"https:\/\/alexandrecenis.com\/index.php\/wp-json\/wp\/v2\/media\/2836"}],"wp:attachment":[{"href":"https:\/\/alexandrecenis.com\/index.php\/wp-json\/wp\/v2\/media?parent=2834"}],"wp:term":[{"taxonomy":"category","embeddable":true,"href":"https:\/\/alexandrecenis.com\/index.php\/wp-json\/wp\/v2\/categories?post=2834"},{"taxonomy":"post_tag","embeddable":true,"href":"https:\/\/alexandrecenis.com\/index.php\/wp-json\/wp\/v2\/tags?post=2834"}],"curies":[{"name":"wp","href":"https:\/\/api.w.org\/{rel}","templated":true}]}}