{"id":2697,"date":"2020-09-10T06:29:41","date_gmt":"2020-09-10T04:29:41","guid":{"rendered":"https:\/\/alexandrecenis.com\/?p=2697"},"modified":"2020-09-10T06:29:41","modified_gmt":"2020-09-10T04:29:41","slug":"ca-va-etre-de-vote-faute","status":"publish","type":"post","link":"https:\/\/alexandrecenis.com\/index.php\/2020\/09\/10\/ca-va-etre-de-vote-faute\/","title":{"rendered":"\u00c7a va \u00eatre de vote faute"},"content":{"rendered":"<p style=\"text-align: justify;\">Bien le bonjour le monde digital ! Aux \u00c9tats-Unis, les initiatives pour encourager les \u00e9lecteurs \u00e0 voter se multiplient \u00e0 maintenant 2 mois de l\u2019\u00e9lection pr\u00e9sidentielle. Lutter contre l\u2019abstention est devenu un v\u00e9ritable combat dans les d\u00e9mocraties modernes et il est ici men\u00e9 non pas par les pouvoirs publics mais par\u2026 un r\u00e9seau social.<\/p>\n<p><img loading=\"lazy\" decoding=\"async\" class=\"aligncenter wp-image-2698 size-large\" src=\"https:\/\/alexandrecenis.com\/wp-content\/uploads\/2020\/09\/reddit-vote-presidentielle-2-768x1024.jpg\" alt=\"\" width=\"768\" height=\"1024\" srcset=\"https:\/\/alexandrecenis.com\/wp-content\/uploads\/2020\/09\/reddit-vote-presidentielle-2-768x1024.jpg 768w, https:\/\/alexandrecenis.com\/wp-content\/uploads\/2020\/09\/reddit-vote-presidentielle-2-480x640.jpg 480w\" sizes=\"(min-width: 0px) and (max-width: 480px) 480px, (min-width: 481px) 768px, 100vw\" \/><\/p>\n<p style=\"text-align: justify;\">Reddit n\u2019est pas le r\u00e9seau le plus populaire en France, mais il fait partie des plus grands sites am\u00e9ricains avec plus de 430 millions d\u2019utilisateurs chaque mois (dans le monde). Sur ce site, les gens partagent du contenu (des photos par exemple) et les utilisateurs votent. Plus le contenu est vot\u00e9, plus il est mis en avant : fonctionnement en somme tr\u00e8s classique.<\/p>\n<p><img loading=\"lazy\" decoding=\"async\" class=\"aligncenter wp-image-2699 size-full\" src=\"https:\/\/alexandrecenis.com\/wp-content\/uploads\/2020\/09\/reddit-vote-presidentielle-3.jpg\" alt=\"\" width=\"770\" height=\"578\" srcset=\"https:\/\/alexandrecenis.com\/wp-content\/uploads\/2020\/09\/reddit-vote-presidentielle-3.jpg 770w, https:\/\/alexandrecenis.com\/wp-content\/uploads\/2020\/09\/reddit-vote-presidentielle-3-480x360.jpg 480w\" sizes=\"(min-width: 0px) and (max-width: 480px) 480px, (min-width: 481px) 770px, 100vw\" \/><\/p>\n<p style=\"text-align: justify;\">Alors pour motiver les am\u00e9ricains \u00e0 voter dans le vie r\u00e9elle, la soci\u00e9t\u00e9 a lanc\u00e9 sa premi\u00e8re campagne d\u2019affichage dans plusieurs grandes villes. Jusqu\u2019au 3 novembre (jour du vote), les habitants de New York, Houston, Chicago et Los Angeles d\u00e9couvrent des affiches amusantes comparant les votes sur Reddit aux votes r\u00e9els.<\/p>\n<p><img loading=\"lazy\" decoding=\"async\" class=\"aligncenter wp-image-2700 size-large\" src=\"https:\/\/alexandrecenis.com\/wp-content\/uploads\/2020\/09\/reddit-vote-presidentielle-4-768x1024.jpg\" alt=\"\" width=\"768\" height=\"1024\" srcset=\"https:\/\/alexandrecenis.com\/wp-content\/uploads\/2020\/09\/reddit-vote-presidentielle-4-768x1024.jpg 768w, https:\/\/alexandrecenis.com\/wp-content\/uploads\/2020\/09\/reddit-vote-presidentielle-4-480x640.jpg 480w\" sizes=\"(min-width: 0px) and (max-width: 480px) 480px, (min-width: 481px) 768px, 100vw\" \/><\/p>\n<p style=\"text-align: justify;\">Ainsi, on d\u00e9couvre qu\u2019une photo de chat pos\u00e9 sur un lit miniature a totalis\u00e9 plus de 170 000 votes sur Reddit avec la phrase : \u201cSi vous pouvez voter pour un chat sur un lit, vous pouvez utiliser votre bulletin de vote pour la pr\u00e9sidentielle\u201d.<\/p>\n<p><img loading=\"lazy\" decoding=\"async\" class=\"aligncenter wp-image-2701 size-large\" src=\"https:\/\/alexandrecenis.com\/wp-content\/uploads\/2020\/09\/reddit-vote-presidentielle-5-768x1024.jpg\" alt=\"\" width=\"768\" height=\"1024\" srcset=\"https:\/\/alexandrecenis.com\/wp-content\/uploads\/2020\/09\/reddit-vote-presidentielle-5-768x1024.jpg 768w, https:\/\/alexandrecenis.com\/wp-content\/uploads\/2020\/09\/reddit-vote-presidentielle-5-480x640.jpg 480w\" sizes=\"(min-width: 0px) and (max-width: 480px) 480px, (min-width: 481px) 768px, 100vw\" \/><\/p>\n<p style=\"text-align: justify;\">De nombreux visuels existent qui reprennent des photos tr\u00e8s populaires sur le r\u00e9seau social, \u00e0 l\u2019image de ce steak qui a la forme des \u00c9tats-Unis (voir ci-dessous) avec le texte : \u201cSi vous pouvez voter pour le United Steak of America sur Reddit, alors vous pouvez voter pour l\u2019Am\u00e9rique (en vrai)\u201d. Une campagne qui donne le sourire mais qui fait aussi grandement r\u00e9fl\u00e9chir sur le destin des d\u00e9mocraties dans un monde toujours plus connect\u00e9.<\/p>\n<p><img loading=\"lazy\" decoding=\"async\" class=\"aligncenter wp-image-2702 size-full\" src=\"https:\/\/alexandrecenis.com\/wp-content\/uploads\/2020\/09\/reddit-vote-presidentielle-6.jpg\" alt=\"\" width=\"540\" height=\"304\" srcset=\"https:\/\/alexandrecenis.com\/wp-content\/uploads\/2020\/09\/reddit-vote-presidentielle-6.jpg 540w, https:\/\/alexandrecenis.com\/wp-content\/uploads\/2020\/09\/reddit-vote-presidentielle-6-480x270.jpg 480w\" sizes=\"(min-width: 0px) and (max-width: 480px) 480px, (min-width: 481px) 540px, 100vw\" \/><\/p>\n<p style=\"text-align: justify;\">\u00c9videmment, comparer le vote \u201cdivertissement\u201d au vote politique n\u2019est pas vraiment pertinent mais peut soulever des questions sur les pr\u00e9occupations, surtout quand on sait que Reddit \u00e0 lui tout seul d\u00e9clare recevoir plus de 165 millions de votes par jour sur ses posts.<\/p>\n<p>&nbsp;<\/p>\n<p>&nbsp;<\/p>\n","protected":false},"excerpt":{"rendered":"<p>Bien le bonjour le monde digital ! Aux \u00c9tats-Unis, les initiatives pour encourager les \u00e9lecteurs \u00e0 voter se multiplient \u00e0 maintenant 2 mois de l\u2019\u00e9lection pr\u00e9sidentielle. Lutter contre l\u2019abstention est devenu un v\u00e9ritable combat dans les d\u00e9mocraties modernes et il est ici men\u00e9 non pas par les pouvoirs publics mais par\u2026 un r\u00e9seau social. Reddit [&hellip;]<\/p>\n","protected":false},"author":1,"featured_media":2705,"comment_status":"closed","ping_status":"open","sticky":false,"template":"","format":"standard","meta":{"_et_pb_use_builder":"","_et_pb_old_content":"","_et_gb_content_width":"","footnotes":""},"categories":[113],"tags":[946,944,945,948,947],"class_list":["post-2697","post","type-post","status-publish","format-standard","has-post-thumbnail","hentry","category-communication","tag-election","tag-reddit","tag-sensibilisation","tag-usa","tag-votes"],"yoast_head":"<!-- This site is optimized with the Yoast SEO plugin v27.3 - https:\/\/yoast.com\/product\/yoast-seo-wordpress\/ -->\n<title>\u00c7a va \u00eatre de vote faute - Alexandre Cenis<\/title>\n<meta name=\"robots\" content=\"index, follow, max-snippet:-1, max-image-preview:large, max-video-preview:-1\" \/>\n<link rel=\"canonical\" href=\"https:\/\/alexandrecenis.com\/index.php\/2020\/09\/10\/ca-va-etre-de-vote-faute\/\" \/>\n<meta property=\"og:locale\" content=\"fr_FR\" \/>\n<meta property=\"og:type\" content=\"article\" \/>\n<meta property=\"og:title\" content=\"\u00c7a va \u00eatre de vote faute - Alexandre Cenis\" \/>\n<meta property=\"og:description\" content=\"Bien le bonjour le monde digital ! Aux \u00c9tats-Unis, les initiatives pour encourager les \u00e9lecteurs \u00e0 voter se multiplient \u00e0 maintenant 2 mois de l\u2019\u00e9lection pr\u00e9sidentielle. Lutter contre l\u2019abstention est devenu un v\u00e9ritable combat dans les d\u00e9mocraties modernes et il est ici men\u00e9 non pas par les pouvoirs publics mais par\u2026 un r\u00e9seau social. Reddit [&hellip;]\" \/>\n<meta property=\"og:url\" content=\"https:\/\/alexandrecenis.com\/index.php\/2020\/09\/10\/ca-va-etre-de-vote-faute\/\" \/>\n<meta property=\"og:site_name\" content=\"Alexandre Cenis\" \/>\n<meta property=\"article:published_time\" content=\"2020-09-10T04:29:41+00:00\" \/>\n<meta property=\"og:image\" content=\"https:\/\/alexandrecenis.com\/wp-content\/uploads\/2020\/09\/reddit-vote-presidentielle-9.jpeg\" \/>\n\t<meta property=\"og:image:width\" content=\"770\" \/>\n\t<meta property=\"og:image:height\" content=\"747\" \/>\n\t<meta property=\"og:image:type\" content=\"image\/jpeg\" \/>\n<meta name=\"author\" content=\"admin8497\" \/>\n<meta name=\"twitter:card\" content=\"summary_large_image\" \/>\n<meta name=\"twitter:creator\" content=\"@alexandrecenis\" \/>\n<meta name=\"twitter:site\" content=\"@alexandrecenis\" \/>\n<meta name=\"twitter:label1\" content=\"\u00c9crit par\" \/>\n\t<meta name=\"twitter:data1\" content=\"admin8497\" \/>\n\t<meta name=\"twitter:label2\" content=\"Dur\u00e9e de lecture estim\u00e9e\" \/>\n\t<meta name=\"twitter:data2\" content=\"2 minutes\" \/>\n<script type=\"application\/ld+json\" class=\"yoast-schema-graph\">{\"@context\":\"https:\\\/\\\/schema.org\",\"@graph\":[{\"@type\":\"Article\",\"@id\":\"https:\\\/\\\/alexandrecenis.com\\\/index.php\\\/2020\\\/09\\\/10\\\/ca-va-etre-de-vote-faute\\\/#article\",\"isPartOf\":{\"@id\":\"https:\\\/\\\/alexandrecenis.com\\\/index.php\\\/2020\\\/09\\\/10\\\/ca-va-etre-de-vote-faute\\\/\"},\"author\":{\"name\":\"admin8497\",\"@id\":\"https:\\\/\\\/alexandrecenis.com\\\/#\\\/schema\\\/person\\\/cb034178deaf60a8602f9c700c5b1c83\"},\"headline\":\"\u00c7a va \u00eatre de vote faute\",\"datePublished\":\"2020-09-10T04:29:41+00:00\",\"mainEntityOfPage\":{\"@id\":\"https:\\\/\\\/alexandrecenis.com\\\/index.php\\\/2020\\\/09\\\/10\\\/ca-va-etre-de-vote-faute\\\/\"},\"wordCount\":356,\"image\":{\"@id\":\"https:\\\/\\\/alexandrecenis.com\\\/index.php\\\/2020\\\/09\\\/10\\\/ca-va-etre-de-vote-faute\\\/#primaryimage\"},\"thumbnailUrl\":\"https:\\\/\\\/alexandrecenis.com\\\/wp-content\\\/uploads\\\/2020\\\/09\\\/reddit-vote-presidentielle-9.jpeg\",\"keywords\":[\"\u00e9lection\",\"Reddit\",\"sensibilisation\",\"USA\",\"votes\"],\"articleSection\":[\"Communication\"],\"inLanguage\":\"fr-FR\"},{\"@type\":\"WebPage\",\"@id\":\"https:\\\/\\\/alexandrecenis.com\\\/index.php\\\/2020\\\/09\\\/10\\\/ca-va-etre-de-vote-faute\\\/\",\"url\":\"https:\\\/\\\/alexandrecenis.com\\\/index.php\\\/2020\\\/09\\\/10\\\/ca-va-etre-de-vote-faute\\\/\",\"name\":\"\u00c7a va \u00eatre de vote faute - Alexandre Cenis\",\"isPartOf\":{\"@id\":\"https:\\\/\\\/alexandrecenis.com\\\/#website\"},\"primaryImageOfPage\":{\"@id\":\"https:\\\/\\\/alexandrecenis.com\\\/index.php\\\/2020\\\/09\\\/10\\\/ca-va-etre-de-vote-faute\\\/#primaryimage\"},\"image\":{\"@id\":\"https:\\\/\\\/alexandrecenis.com\\\/index.php\\\/2020\\\/09\\\/10\\\/ca-va-etre-de-vote-faute\\\/#primaryimage\"},\"thumbnailUrl\":\"https:\\\/\\\/alexandrecenis.com\\\/wp-content\\\/uploads\\\/2020\\\/09\\\/reddit-vote-presidentielle-9.jpeg\",\"datePublished\":\"2020-09-10T04:29:41+00:00\",\"author\":{\"@id\":\"https:\\\/\\\/alexandrecenis.com\\\/#\\\/schema\\\/person\\\/cb034178deaf60a8602f9c700c5b1c83\"},\"breadcrumb\":{\"@id\":\"https:\\\/\\\/alexandrecenis.com\\\/index.php\\\/2020\\\/09\\\/10\\\/ca-va-etre-de-vote-faute\\\/#breadcrumb\"},\"inLanguage\":\"fr-FR\",\"potentialAction\":[{\"@type\":\"ReadAction\",\"target\":[\"https:\\\/\\\/alexandrecenis.com\\\/index.php\\\/2020\\\/09\\\/10\\\/ca-va-etre-de-vote-faute\\\/\"]}]},{\"@type\":\"ImageObject\",\"inLanguage\":\"fr-FR\",\"@id\":\"https:\\\/\\\/alexandrecenis.com\\\/index.php\\\/2020\\\/09\\\/10\\\/ca-va-etre-de-vote-faute\\\/#primaryimage\",\"url\":\"https:\\\/\\\/alexandrecenis.com\\\/wp-content\\\/uploads\\\/2020\\\/09\\\/reddit-vote-presidentielle-9.jpeg\",\"contentUrl\":\"https:\\\/\\\/alexandrecenis.com\\\/wp-content\\\/uploads\\\/2020\\\/09\\\/reddit-vote-presidentielle-9.jpeg\",\"width\":770,\"height\":747},{\"@type\":\"BreadcrumbList\",\"@id\":\"https:\\\/\\\/alexandrecenis.com\\\/index.php\\\/2020\\\/09\\\/10\\\/ca-va-etre-de-vote-faute\\\/#breadcrumb\",\"itemListElement\":[{\"@type\":\"ListItem\",\"position\":1,\"name\":\"Home\",\"item\":\"https:\\\/\\\/alexandrecenis.com\\\/\"},{\"@type\":\"ListItem\",\"position\":2,\"name\":\"\u00c7a va \u00eatre de vote faute\"}]},{\"@type\":\"WebSite\",\"@id\":\"https:\\\/\\\/alexandrecenis.com\\\/#website\",\"url\":\"https:\\\/\\\/alexandrecenis.com\\\/\",\"name\":\"Alexandre Cenis\",\"description\":\"Intelligence Cr\u00e9ative\",\"potentialAction\":[{\"@type\":\"SearchAction\",\"target\":{\"@type\":\"EntryPoint\",\"urlTemplate\":\"https:\\\/\\\/alexandrecenis.com\\\/?s={search_term_string}\"},\"query-input\":{\"@type\":\"PropertyValueSpecification\",\"valueRequired\":true,\"valueName\":\"search_term_string\"}}],\"inLanguage\":\"fr-FR\"},{\"@type\":\"Person\",\"@id\":\"https:\\\/\\\/alexandrecenis.com\\\/#\\\/schema\\\/person\\\/cb034178deaf60a8602f9c700c5b1c83\",\"name\":\"admin8497\",\"image\":{\"@type\":\"ImageObject\",\"inLanguage\":\"fr-FR\",\"@id\":\"https:\\\/\\\/secure.gravatar.com\\\/avatar\\\/9586a1b4e51047e1977e647153ddd075f143e741c8e5ba4d03f6cfa4c61126fd?s=96&d=mm&r=g\",\"url\":\"https:\\\/\\\/secure.gravatar.com\\\/avatar\\\/9586a1b4e51047e1977e647153ddd075f143e741c8e5ba4d03f6cfa4c61126fd?s=96&d=mm&r=g\",\"contentUrl\":\"https:\\\/\\\/secure.gravatar.com\\\/avatar\\\/9586a1b4e51047e1977e647153ddd075f143e741c8e5ba4d03f6cfa4c61126fd?s=96&d=mm&r=g\",\"caption\":\"admin8497\"},\"url\":\"https:\\\/\\\/alexandrecenis.com\\\/index.php\\\/author\\\/admin8497\\\/\"}]}<\/script>\n<!-- \/ Yoast SEO plugin. -->","yoast_head_json":{"title":"\u00c7a va \u00eatre de vote faute - Alexandre Cenis","robots":{"index":"index","follow":"follow","max-snippet":"max-snippet:-1","max-image-preview":"max-image-preview:large","max-video-preview":"max-video-preview:-1"},"canonical":"https:\/\/alexandrecenis.com\/index.php\/2020\/09\/10\/ca-va-etre-de-vote-faute\/","og_locale":"fr_FR","og_type":"article","og_title":"\u00c7a va \u00eatre de vote faute - Alexandre Cenis","og_description":"Bien le bonjour le monde digital ! Aux \u00c9tats-Unis, les initiatives pour encourager les \u00e9lecteurs \u00e0 voter se multiplient \u00e0 maintenant 2 mois de l\u2019\u00e9lection pr\u00e9sidentielle. Lutter contre l\u2019abstention est devenu un v\u00e9ritable combat dans les d\u00e9mocraties modernes et il est ici men\u00e9 non pas par les pouvoirs publics mais par\u2026 un r\u00e9seau social. Reddit [&hellip;]","og_url":"https:\/\/alexandrecenis.com\/index.php\/2020\/09\/10\/ca-va-etre-de-vote-faute\/","og_site_name":"Alexandre Cenis","article_published_time":"2020-09-10T04:29:41+00:00","og_image":[{"width":770,"height":747,"url":"https:\/\/alexandrecenis.com\/wp-content\/uploads\/2020\/09\/reddit-vote-presidentielle-9.jpeg","type":"image\/jpeg"}],"author":"admin8497","twitter_card":"summary_large_image","twitter_creator":"@alexandrecenis","twitter_site":"@alexandrecenis","twitter_misc":{"\u00c9crit par":"admin8497","Dur\u00e9e de lecture estim\u00e9e":"2 minutes"},"schema":{"@context":"https:\/\/schema.org","@graph":[{"@type":"Article","@id":"https:\/\/alexandrecenis.com\/index.php\/2020\/09\/10\/ca-va-etre-de-vote-faute\/#article","isPartOf":{"@id":"https:\/\/alexandrecenis.com\/index.php\/2020\/09\/10\/ca-va-etre-de-vote-faute\/"},"author":{"name":"admin8497","@id":"https:\/\/alexandrecenis.com\/#\/schema\/person\/cb034178deaf60a8602f9c700c5b1c83"},"headline":"\u00c7a va \u00eatre de vote faute","datePublished":"2020-09-10T04:29:41+00:00","mainEntityOfPage":{"@id":"https:\/\/alexandrecenis.com\/index.php\/2020\/09\/10\/ca-va-etre-de-vote-faute\/"},"wordCount":356,"image":{"@id":"https:\/\/alexandrecenis.com\/index.php\/2020\/09\/10\/ca-va-etre-de-vote-faute\/#primaryimage"},"thumbnailUrl":"https:\/\/alexandrecenis.com\/wp-content\/uploads\/2020\/09\/reddit-vote-presidentielle-9.jpeg","keywords":["\u00e9lection","Reddit","sensibilisation","USA","votes"],"articleSection":["Communication"],"inLanguage":"fr-FR"},{"@type":"WebPage","@id":"https:\/\/alexandrecenis.com\/index.php\/2020\/09\/10\/ca-va-etre-de-vote-faute\/","url":"https:\/\/alexandrecenis.com\/index.php\/2020\/09\/10\/ca-va-etre-de-vote-faute\/","name":"\u00c7a va \u00eatre de vote faute - Alexandre Cenis","isPartOf":{"@id":"https:\/\/alexandrecenis.com\/#website"},"primaryImageOfPage":{"@id":"https:\/\/alexandrecenis.com\/index.php\/2020\/09\/10\/ca-va-etre-de-vote-faute\/#primaryimage"},"image":{"@id":"https:\/\/alexandrecenis.com\/index.php\/2020\/09\/10\/ca-va-etre-de-vote-faute\/#primaryimage"},"thumbnailUrl":"https:\/\/alexandrecenis.com\/wp-content\/uploads\/2020\/09\/reddit-vote-presidentielle-9.jpeg","datePublished":"2020-09-10T04:29:41+00:00","author":{"@id":"https:\/\/alexandrecenis.com\/#\/schema\/person\/cb034178deaf60a8602f9c700c5b1c83"},"breadcrumb":{"@id":"https:\/\/alexandrecenis.com\/index.php\/2020\/09\/10\/ca-va-etre-de-vote-faute\/#breadcrumb"},"inLanguage":"fr-FR","potentialAction":[{"@type":"ReadAction","target":["https:\/\/alexandrecenis.com\/index.php\/2020\/09\/10\/ca-va-etre-de-vote-faute\/"]}]},{"@type":"ImageObject","inLanguage":"fr-FR","@id":"https:\/\/alexandrecenis.com\/index.php\/2020\/09\/10\/ca-va-etre-de-vote-faute\/#primaryimage","url":"https:\/\/alexandrecenis.com\/wp-content\/uploads\/2020\/09\/reddit-vote-presidentielle-9.jpeg","contentUrl":"https:\/\/alexandrecenis.com\/wp-content\/uploads\/2020\/09\/reddit-vote-presidentielle-9.jpeg","width":770,"height":747},{"@type":"BreadcrumbList","@id":"https:\/\/alexandrecenis.com\/index.php\/2020\/09\/10\/ca-va-etre-de-vote-faute\/#breadcrumb","itemListElement":[{"@type":"ListItem","position":1,"name":"Home","item":"https:\/\/alexandrecenis.com\/"},{"@type":"ListItem","position":2,"name":"\u00c7a va \u00eatre de vote faute"}]},{"@type":"WebSite","@id":"https:\/\/alexandrecenis.com\/#website","url":"https:\/\/alexandrecenis.com\/","name":"Alexandre Cenis","description":"Intelligence Cr\u00e9ative","potentialAction":[{"@type":"SearchAction","target":{"@type":"EntryPoint","urlTemplate":"https:\/\/alexandrecenis.com\/?s={search_term_string}"},"query-input":{"@type":"PropertyValueSpecification","valueRequired":true,"valueName":"search_term_string"}}],"inLanguage":"fr-FR"},{"@type":"Person","@id":"https:\/\/alexandrecenis.com\/#\/schema\/person\/cb034178deaf60a8602f9c700c5b1c83","name":"admin8497","image":{"@type":"ImageObject","inLanguage":"fr-FR","@id":"https:\/\/secure.gravatar.com\/avatar\/9586a1b4e51047e1977e647153ddd075f143e741c8e5ba4d03f6cfa4c61126fd?s=96&d=mm&r=g","url":"https:\/\/secure.gravatar.com\/avatar\/9586a1b4e51047e1977e647153ddd075f143e741c8e5ba4d03f6cfa4c61126fd?s=96&d=mm&r=g","contentUrl":"https:\/\/secure.gravatar.com\/avatar\/9586a1b4e51047e1977e647153ddd075f143e741c8e5ba4d03f6cfa4c61126fd?s=96&d=mm&r=g","caption":"admin8497"},"url":"https:\/\/alexandrecenis.com\/index.php\/author\/admin8497\/"}]}},"_links":{"self":[{"href":"https:\/\/alexandrecenis.com\/index.php\/wp-json\/wp\/v2\/posts\/2697","targetHints":{"allow":["GET"]}}],"collection":[{"href":"https:\/\/alexandrecenis.com\/index.php\/wp-json\/wp\/v2\/posts"}],"about":[{"href":"https:\/\/alexandrecenis.com\/index.php\/wp-json\/wp\/v2\/types\/post"}],"author":[{"embeddable":true,"href":"https:\/\/alexandrecenis.com\/index.php\/wp-json\/wp\/v2\/users\/1"}],"replies":[{"embeddable":true,"href":"https:\/\/alexandrecenis.com\/index.php\/wp-json\/wp\/v2\/comments?post=2697"}],"version-history":[{"count":5,"href":"https:\/\/alexandrecenis.com\/index.php\/wp-json\/wp\/v2\/posts\/2697\/revisions"}],"predecessor-version":[{"id":2710,"href":"https:\/\/alexandrecenis.com\/index.php\/wp-json\/wp\/v2\/posts\/2697\/revisions\/2710"}],"wp:featuredmedia":[{"embeddable":true,"href":"https:\/\/alexandrecenis.com\/index.php\/wp-json\/wp\/v2\/media\/2705"}],"wp:attachment":[{"href":"https:\/\/alexandrecenis.com\/index.php\/wp-json\/wp\/v2\/media?parent=2697"}],"wp:term":[{"taxonomy":"category","embeddable":true,"href":"https:\/\/alexandrecenis.com\/index.php\/wp-json\/wp\/v2\/categories?post=2697"},{"taxonomy":"post_tag","embeddable":true,"href":"https:\/\/alexandrecenis.com\/index.php\/wp-json\/wp\/v2\/tags?post=2697"}],"curies":[{"name":"wp","href":"https:\/\/api.w.org\/{rel}","templated":true}]}}