{"id":2526,"date":"2020-07-13T07:43:09","date_gmt":"2020-07-13T05:43:09","guid":{"rendered":"https:\/\/alexandrecenis.com\/?p=2526"},"modified":"2020-07-13T07:45:26","modified_gmt":"2020-07-13T05:45:26","slug":"bmw-cest-pour-toit-emois","status":"publish","type":"post","link":"https:\/\/alexandrecenis.com\/index.php\/2020\/07\/13\/bmw-cest-pour-toit-emois\/","title":{"rendered":"BMW c&rsquo;est pour toit \u00e9mois"},"content":{"rendered":"<p style=\"text-align: justify;\">Bien le bonjour le monde digital ! En 2018, BMW Canada d\u00e9couvrait que 33 % des personnes d\u00e9sirant acheter une voiture de luxe \u00e9taient \u00e9galement \u00e0 la recherche d\u2019une maison haut de gamme. Et inversement.<\/p>\n<p><img loading=\"lazy\" decoding=\"async\" class=\"aligncenter wp-image-2531 size-large\" src=\"https:\/\/alexandrecenis.com\/wp-content\/uploads\/2020\/07\/2-5-1024x576.png\" alt=\"\" width=\"1024\" height=\"576\" srcset=\"https:\/\/alexandrecenis.com\/wp-content\/uploads\/2020\/07\/2-5-980x551.png 980w, https:\/\/alexandrecenis.com\/wp-content\/uploads\/2020\/07\/2-5-480x270.png 480w\" sizes=\"(min-width: 0px) and (max-width: 480px) 480px, (min-width: 481px) and (max-width: 980px) 980px, (min-width: 981px) 1024px, 100vw\" \/><\/p>\n<p><img loading=\"lazy\" decoding=\"async\" class=\"aligncenter wp-image-2530 size-large\" src=\"https:\/\/alexandrecenis.com\/wp-content\/uploads\/2020\/07\/1-4-1024x576.png\" alt=\"\" width=\"1024\" height=\"576\" srcset=\"https:\/\/alexandrecenis.com\/wp-content\/uploads\/2020\/07\/1-4-980x551.png 980w, https:\/\/alexandrecenis.com\/wp-content\/uploads\/2020\/07\/1-4-480x270.png 480w\" sizes=\"(min-width: 0px) and (max-width: 480px) 480px, (min-width: 481px) and (max-width: 980px) 980px, (min-width: 981px) 1024px, 100vw\" \/><\/p>\n<p style=\"text-align: justify;\">C\u2019est alors que le constructeur automobile a utilis\u00e9 cette corr\u00e9lation pour attirer des milliers de prospects pour un co\u00fbt d\u2019acquisition r\u00e9duit de moiti\u00e9. Cette campagne est appel\u00e9e \u201cStage Your Driveway\u201d. La marque s\u2019est associ\u00e9e l\u2019agence de communication FCB Toronto pour mener son action.<\/p>\n<p style=\"text-align: justify;\"><img loading=\"lazy\" decoding=\"async\" class=\"aligncenter wp-image-2532 size-large\" src=\"https:\/\/alexandrecenis.com\/wp-content\/uploads\/2020\/07\/3-5-1024x576.png\" alt=\"\" width=\"1024\" height=\"576\" srcset=\"https:\/\/alexandrecenis.com\/wp-content\/uploads\/2020\/07\/3-5-980x551.png 980w, https:\/\/alexandrecenis.com\/wp-content\/uploads\/2020\/07\/3-5-480x270.png 480w\" sizes=\"(min-width: 0px) and (max-width: 480px) 480px, (min-width: 481px) and (max-width: 980px) 980px, (min-width: 981px) 1024px, 100vw\" \/><\/p>\n<p><img loading=\"lazy\" decoding=\"async\" class=\"aligncenter wp-image-2533 size-large\" src=\"https:\/\/alexandrecenis.com\/wp-content\/uploads\/2020\/07\/4-4-1024x576.png\" alt=\"\" width=\"1024\" height=\"576\" srcset=\"https:\/\/alexandrecenis.com\/wp-content\/uploads\/2020\/07\/4-4-980x551.png 980w, https:\/\/alexandrecenis.com\/wp-content\/uploads\/2020\/07\/4-4-480x270.png 480w\" sizes=\"(min-width: 0px) and (max-width: 480px) 480px, (min-width: 481px) and (max-width: 980px) 980px, (min-width: 981px) 1024px, 100vw\" \/><\/p>\n<p style=\"text-align: justify;\">L\u2019id\u00e9e ? Sugg\u00e9rer subtilement aux futurs acheteurs d\u2019une maison de luxe que la voiture de leurs r\u00eaves est une BMW. Pour cela, en partenariat avec l\u2019agence immobili\u00e8re Heaps Estrin, le constructeur a incrust\u00e9 ses voitures les plus prestigieuses sur les annonces de maisons.<\/p>\n<p><img loading=\"lazy\" decoding=\"async\" class=\"aligncenter wp-image-2534 size-large\" src=\"https:\/\/alexandrecenis.com\/wp-content\/uploads\/2020\/07\/5-3-1024x576.png\" alt=\"\" width=\"1024\" height=\"576\" srcset=\"https:\/\/alexandrecenis.com\/wp-content\/uploads\/2020\/07\/5-3-980x551.png 980w, https:\/\/alexandrecenis.com\/wp-content\/uploads\/2020\/07\/5-3-480x270.png 480w\" sizes=\"(min-width: 0px) and (max-width: 480px) 480px, (min-width: 481px) and (max-width: 980px) 980px, (min-width: 981px) 1024px, 100vw\" \/><\/p>\n<p><img loading=\"lazy\" decoding=\"async\" class=\"aligncenter wp-image-2535 size-large\" src=\"https:\/\/alexandrecenis.com\/wp-content\/uploads\/2020\/07\/6-2-1024x576.png\" alt=\"\" width=\"1024\" height=\"576\" srcset=\"https:\/\/alexandrecenis.com\/wp-content\/uploads\/2020\/07\/6-2-980x551.png 980w, https:\/\/alexandrecenis.com\/wp-content\/uploads\/2020\/07\/6-2-480x270.png 480w\" sizes=\"(min-width: 0px) and (max-width: 480px) 480px, (min-width: 481px) and (max-width: 980px) 980px, (min-width: 981px) 1024px, 100vw\" \/><\/p>\n<p style=\"text-align: justify;\">Mieux encore, lorsque le client arrivait pour visiter la maison, la voiture en question \u00e9tait gar\u00e9e devant. Les prospects fortun\u00e9s ne pouvaient alors s\u2019emp\u00eacher d\u2019y jeter un coup d\u2019oeil, et le tour \u00e9tait (presque) jou\u00e9. Et pourquoi ne toucher que les acheteurs de foncier quand on peut aussi sugg\u00e9rer \u00e0 leurs futurs voisins de craquer pour une i8, X7 ou M5 ? (des mod\u00e8les tr\u00e8s haut de gamme de \u00ab BM \u00bb).<\/p>\n<p><img loading=\"lazy\" decoding=\"async\" class=\"aligncenter wp-image-2536 size-large\" src=\"https:\/\/alexandrecenis.com\/wp-content\/uploads\/2020\/07\/7-2-1024x576.png\" alt=\"\" width=\"1024\" height=\"576\" srcset=\"https:\/\/alexandrecenis.com\/wp-content\/uploads\/2020\/07\/7-2-980x551.png 980w, https:\/\/alexandrecenis.com\/wp-content\/uploads\/2020\/07\/7-2-480x270.png 480w\" sizes=\"(min-width: 0px) and (max-width: 480px) 480px, (min-width: 481px) and (max-width: 980px) 980px, (min-width: 981px) 1024px, 100vw\" \/><\/p>\n<p><img loading=\"lazy\" decoding=\"async\" class=\"aligncenter wp-image-2537 size-large\" src=\"https:\/\/alexandrecenis.com\/wp-content\/uploads\/2020\/07\/8-2-1024x576.png\" alt=\"\" width=\"1024\" height=\"576\" srcset=\"https:\/\/alexandrecenis.com\/wp-content\/uploads\/2020\/07\/8-2-980x551.png 980w, https:\/\/alexandrecenis.com\/wp-content\/uploads\/2020\/07\/8-2-480x270.png 480w\" sizes=\"(min-width: 0px) and (max-width: 480px) 480px, (min-width: 481px) and (max-width: 980px) 980px, (min-width: 981px) 1024px, 100vw\" \/><\/p>\n<p style=\"text-align: justify;\">Pour cela, l\u2019agence a d\u00e9clin\u00e9 son concept dans une campagne en ligne g\u00e9olocalis\u00e9e ciblant les quartiers o\u00f9 les demeures de son partenaire immobilier \u00e9taient vendues.<\/p>\n<p style=\"text-align: justify;\"><img loading=\"lazy\" decoding=\"async\" class=\"aligncenter wp-image-2538 size-large\" src=\"https:\/\/alexandrecenis.com\/wp-content\/uploads\/2020\/07\/9-1024x576.png\" alt=\"\" width=\"1024\" height=\"576\" srcset=\"https:\/\/alexandrecenis.com\/wp-content\/uploads\/2020\/07\/9-980x551.png 980w, https:\/\/alexandrecenis.com\/wp-content\/uploads\/2020\/07\/9-480x270.png 480w\" sizes=\"(min-width: 0px) and (max-width: 480px) 480px, (min-width: 481px) and (max-width: 980px) 980px, (min-width: 981px) 1024px, 100vw\" \/><\/p>\n<p style=\"text-align: justify;\">Puis cette technique fut r\u00e9p\u00e9t\u00e9e dans d\u2019autres secteurs similaires. R\u00e9sultats : d\u2019avril \u00e0 juillet 2019 \u201cStage Your Driveway\u201d a r\u00e9duit le co\u00fbt par lead de BMW de 56% et a g\u00e9n\u00e9r\u00e9 37000 nouveaux prospects. Simple et efficace non ?<\/p>\n<p style=\"text-align: center;\"><iframe loading=\"lazy\" src=\"https:\/\/www.youtube.com\/embed\/DNgdscI7Tc4\" width=\"560\" height=\"315\" frameborder=\"0\" allowfullscreen=\"allowfullscreen\"><\/iframe><\/p>\n","protected":false},"excerpt":{"rendered":"<p>Bien le bonjour le monde digital ! En 2018, BMW Canada d\u00e9couvrait que 33 % des personnes d\u00e9sirant acheter une voiture de luxe \u00e9taient \u00e9galement \u00e0 la recherche d\u2019une maison haut de gamme. Et inversement. C\u2019est alors que le constructeur automobile a utilis\u00e9 cette corr\u00e9lation pour attirer des milliers de prospects pour un co\u00fbt d\u2019acquisition [&hellip;]<\/p>\n","protected":false},"author":1,"featured_media":2537,"comment_status":"closed","ping_status":"open","sticky":false,"template":"","format":"standard","meta":{"_et_pb_use_builder":"","_et_pb_old_content":"","_et_gb_content_width":"","footnotes":""},"categories":[113,4],"tags":[887,157,889,890,888],"class_list":["post-2526","post","type-post","status-publish","format-standard","has-post-thumbnail","hentry","category-communication","category-marketing","tag-annonces","tag-bmw","tag-fcb-toronto","tag-heaps-estrin","tag-stage-your-driveway"],"yoast_head":"<!-- This site is optimized with the Yoast SEO plugin v27.3 - https:\/\/yoast.com\/product\/yoast-seo-wordpress\/ -->\n<title>BMW c&#039;est pour toit \u00e9mois - Alexandre Cenis<\/title>\n<meta name=\"robots\" content=\"index, follow, max-snippet:-1, max-image-preview:large, max-video-preview:-1\" \/>\n<link rel=\"canonical\" href=\"https:\/\/alexandrecenis.com\/index.php\/2020\/07\/13\/bmw-cest-pour-toit-emois\/\" \/>\n<meta property=\"og:locale\" content=\"fr_FR\" \/>\n<meta property=\"og:type\" content=\"article\" \/>\n<meta property=\"og:title\" content=\"BMW c&#039;est pour toit \u00e9mois - Alexandre Cenis\" \/>\n<meta property=\"og:description\" content=\"Bien le bonjour le monde digital ! En 2018, BMW Canada d\u00e9couvrait que 33 % des personnes d\u00e9sirant acheter une voiture de luxe \u00e9taient \u00e9galement \u00e0 la recherche d\u2019une maison haut de gamme. Et inversement. C\u2019est alors que le constructeur automobile a utilis\u00e9 cette corr\u00e9lation pour attirer des milliers de prospects pour un co\u00fbt d\u2019acquisition [&hellip;]\" \/>\n<meta property=\"og:url\" content=\"https:\/\/alexandrecenis.com\/index.php\/2020\/07\/13\/bmw-cest-pour-toit-emois\/\" \/>\n<meta property=\"og:site_name\" content=\"Alexandre Cenis\" \/>\n<meta property=\"article:published_time\" content=\"2020-07-13T05:43:09+00:00\" \/>\n<meta property=\"article:modified_time\" content=\"2020-07-13T05:45:26+00:00\" \/>\n<meta property=\"og:image\" content=\"https:\/\/alexandrecenis.com\/wp-content\/uploads\/2020\/07\/8-2-1024x576.png\" \/>\n\t<meta property=\"og:image:width\" content=\"1024\" \/>\n\t<meta property=\"og:image:height\" content=\"576\" \/>\n\t<meta property=\"og:image:type\" content=\"image\/png\" \/>\n<meta name=\"author\" content=\"admin8497\" \/>\n<meta name=\"twitter:card\" content=\"summary_large_image\" \/>\n<meta name=\"twitter:creator\" content=\"@alexandrecenis\" \/>\n<meta name=\"twitter:site\" content=\"@alexandrecenis\" \/>\n<meta name=\"twitter:label1\" content=\"\u00c9crit par\" \/>\n\t<meta name=\"twitter:data1\" content=\"admin8497\" \/>\n\t<meta name=\"twitter:label2\" content=\"Dur\u00e9e de lecture estim\u00e9e\" \/>\n\t<meta name=\"twitter:data2\" content=\"1 minute\" \/>\n<script type=\"application\/ld+json\" class=\"yoast-schema-graph\">{\"@context\":\"https:\\\/\\\/schema.org\",\"@graph\":[{\"@type\":\"Article\",\"@id\":\"https:\\\/\\\/alexandrecenis.com\\\/index.php\\\/2020\\\/07\\\/13\\\/bmw-cest-pour-toit-emois\\\/#article\",\"isPartOf\":{\"@id\":\"https:\\\/\\\/alexandrecenis.com\\\/index.php\\\/2020\\\/07\\\/13\\\/bmw-cest-pour-toit-emois\\\/\"},\"author\":{\"name\":\"admin8497\",\"@id\":\"https:\\\/\\\/alexandrecenis.com\\\/#\\\/schema\\\/person\\\/cb034178deaf60a8602f9c700c5b1c83\"},\"headline\":\"BMW c&rsquo;est pour toit \u00e9mois\",\"datePublished\":\"2020-07-13T05:43:09+00:00\",\"dateModified\":\"2020-07-13T05:45:26+00:00\",\"mainEntityOfPage\":{\"@id\":\"https:\\\/\\\/alexandrecenis.com\\\/index.php\\\/2020\\\/07\\\/13\\\/bmw-cest-pour-toit-emois\\\/\"},\"wordCount\":288,\"image\":{\"@id\":\"https:\\\/\\\/alexandrecenis.com\\\/index.php\\\/2020\\\/07\\\/13\\\/bmw-cest-pour-toit-emois\\\/#primaryimage\"},\"thumbnailUrl\":\"https:\\\/\\\/alexandrecenis.com\\\/wp-content\\\/uploads\\\/2020\\\/07\\\/8-2.png\",\"keywords\":[\"annonces\",\"bmw\",\"FCB Toronto\",\"Heaps Estrin\",\"Stage Your Driveway\"],\"articleSection\":[\"Communication\",\"Marketing\"],\"inLanguage\":\"fr-FR\"},{\"@type\":\"WebPage\",\"@id\":\"https:\\\/\\\/alexandrecenis.com\\\/index.php\\\/2020\\\/07\\\/13\\\/bmw-cest-pour-toit-emois\\\/\",\"url\":\"https:\\\/\\\/alexandrecenis.com\\\/index.php\\\/2020\\\/07\\\/13\\\/bmw-cest-pour-toit-emois\\\/\",\"name\":\"BMW c'est pour toit \u00e9mois - Alexandre Cenis\",\"isPartOf\":{\"@id\":\"https:\\\/\\\/alexandrecenis.com\\\/#website\"},\"primaryImageOfPage\":{\"@id\":\"https:\\\/\\\/alexandrecenis.com\\\/index.php\\\/2020\\\/07\\\/13\\\/bmw-cest-pour-toit-emois\\\/#primaryimage\"},\"image\":{\"@id\":\"https:\\\/\\\/alexandrecenis.com\\\/index.php\\\/2020\\\/07\\\/13\\\/bmw-cest-pour-toit-emois\\\/#primaryimage\"},\"thumbnailUrl\":\"https:\\\/\\\/alexandrecenis.com\\\/wp-content\\\/uploads\\\/2020\\\/07\\\/8-2.png\",\"datePublished\":\"2020-07-13T05:43:09+00:00\",\"dateModified\":\"2020-07-13T05:45:26+00:00\",\"author\":{\"@id\":\"https:\\\/\\\/alexandrecenis.com\\\/#\\\/schema\\\/person\\\/cb034178deaf60a8602f9c700c5b1c83\"},\"breadcrumb\":{\"@id\":\"https:\\\/\\\/alexandrecenis.com\\\/index.php\\\/2020\\\/07\\\/13\\\/bmw-cest-pour-toit-emois\\\/#breadcrumb\"},\"inLanguage\":\"fr-FR\",\"potentialAction\":[{\"@type\":\"ReadAction\",\"target\":[\"https:\\\/\\\/alexandrecenis.com\\\/index.php\\\/2020\\\/07\\\/13\\\/bmw-cest-pour-toit-emois\\\/\"]}]},{\"@type\":\"ImageObject\",\"inLanguage\":\"fr-FR\",\"@id\":\"https:\\\/\\\/alexandrecenis.com\\\/index.php\\\/2020\\\/07\\\/13\\\/bmw-cest-pour-toit-emois\\\/#primaryimage\",\"url\":\"https:\\\/\\\/alexandrecenis.com\\\/wp-content\\\/uploads\\\/2020\\\/07\\\/8-2.png\",\"contentUrl\":\"https:\\\/\\\/alexandrecenis.com\\\/wp-content\\\/uploads\\\/2020\\\/07\\\/8-2.png\",\"width\":1920,\"height\":1080},{\"@type\":\"BreadcrumbList\",\"@id\":\"https:\\\/\\\/alexandrecenis.com\\\/index.php\\\/2020\\\/07\\\/13\\\/bmw-cest-pour-toit-emois\\\/#breadcrumb\",\"itemListElement\":[{\"@type\":\"ListItem\",\"position\":1,\"name\":\"Home\",\"item\":\"https:\\\/\\\/alexandrecenis.com\\\/\"},{\"@type\":\"ListItem\",\"position\":2,\"name\":\"BMW c&rsquo;est pour toit \u00e9mois\"}]},{\"@type\":\"WebSite\",\"@id\":\"https:\\\/\\\/alexandrecenis.com\\\/#website\",\"url\":\"https:\\\/\\\/alexandrecenis.com\\\/\",\"name\":\"Alexandre Cenis\",\"description\":\"Intelligence Cr\u00e9ative\",\"potentialAction\":[{\"@type\":\"SearchAction\",\"target\":{\"@type\":\"EntryPoint\",\"urlTemplate\":\"https:\\\/\\\/alexandrecenis.com\\\/?s={search_term_string}\"},\"query-input\":{\"@type\":\"PropertyValueSpecification\",\"valueRequired\":true,\"valueName\":\"search_term_string\"}}],\"inLanguage\":\"fr-FR\"},{\"@type\":\"Person\",\"@id\":\"https:\\\/\\\/alexandrecenis.com\\\/#\\\/schema\\\/person\\\/cb034178deaf60a8602f9c700c5b1c83\",\"name\":\"admin8497\",\"image\":{\"@type\":\"ImageObject\",\"inLanguage\":\"fr-FR\",\"@id\":\"https:\\\/\\\/secure.gravatar.com\\\/avatar\\\/9586a1b4e51047e1977e647153ddd075f143e741c8e5ba4d03f6cfa4c61126fd?s=96&d=mm&r=g\",\"url\":\"https:\\\/\\\/secure.gravatar.com\\\/avatar\\\/9586a1b4e51047e1977e647153ddd075f143e741c8e5ba4d03f6cfa4c61126fd?s=96&d=mm&r=g\",\"contentUrl\":\"https:\\\/\\\/secure.gravatar.com\\\/avatar\\\/9586a1b4e51047e1977e647153ddd075f143e741c8e5ba4d03f6cfa4c61126fd?s=96&d=mm&r=g\",\"caption\":\"admin8497\"},\"url\":\"https:\\\/\\\/alexandrecenis.com\\\/index.php\\\/author\\\/admin8497\\\/\"}]}<\/script>\n<!-- \/ Yoast SEO plugin. -->","yoast_head_json":{"title":"BMW c'est pour toit \u00e9mois - Alexandre Cenis","robots":{"index":"index","follow":"follow","max-snippet":"max-snippet:-1","max-image-preview":"max-image-preview:large","max-video-preview":"max-video-preview:-1"},"canonical":"https:\/\/alexandrecenis.com\/index.php\/2020\/07\/13\/bmw-cest-pour-toit-emois\/","og_locale":"fr_FR","og_type":"article","og_title":"BMW c'est pour toit \u00e9mois - Alexandre Cenis","og_description":"Bien le bonjour le monde digital ! En 2018, BMW Canada d\u00e9couvrait que 33 % des personnes d\u00e9sirant acheter une voiture de luxe \u00e9taient \u00e9galement \u00e0 la recherche d\u2019une maison haut de gamme. Et inversement. C\u2019est alors que le constructeur automobile a utilis\u00e9 cette corr\u00e9lation pour attirer des milliers de prospects pour un co\u00fbt d\u2019acquisition [&hellip;]","og_url":"https:\/\/alexandrecenis.com\/index.php\/2020\/07\/13\/bmw-cest-pour-toit-emois\/","og_site_name":"Alexandre Cenis","article_published_time":"2020-07-13T05:43:09+00:00","article_modified_time":"2020-07-13T05:45:26+00:00","og_image":[{"width":1024,"height":576,"url":"https:\/\/alexandrecenis.com\/wp-content\/uploads\/2020\/07\/8-2-1024x576.png","type":"image\/png"}],"author":"admin8497","twitter_card":"summary_large_image","twitter_creator":"@alexandrecenis","twitter_site":"@alexandrecenis","twitter_misc":{"\u00c9crit par":"admin8497","Dur\u00e9e de lecture estim\u00e9e":"1 minute"},"schema":{"@context":"https:\/\/schema.org","@graph":[{"@type":"Article","@id":"https:\/\/alexandrecenis.com\/index.php\/2020\/07\/13\/bmw-cest-pour-toit-emois\/#article","isPartOf":{"@id":"https:\/\/alexandrecenis.com\/index.php\/2020\/07\/13\/bmw-cest-pour-toit-emois\/"},"author":{"name":"admin8497","@id":"https:\/\/alexandrecenis.com\/#\/schema\/person\/cb034178deaf60a8602f9c700c5b1c83"},"headline":"BMW c&rsquo;est pour toit \u00e9mois","datePublished":"2020-07-13T05:43:09+00:00","dateModified":"2020-07-13T05:45:26+00:00","mainEntityOfPage":{"@id":"https:\/\/alexandrecenis.com\/index.php\/2020\/07\/13\/bmw-cest-pour-toit-emois\/"},"wordCount":288,"image":{"@id":"https:\/\/alexandrecenis.com\/index.php\/2020\/07\/13\/bmw-cest-pour-toit-emois\/#primaryimage"},"thumbnailUrl":"https:\/\/alexandrecenis.com\/wp-content\/uploads\/2020\/07\/8-2.png","keywords":["annonces","bmw","FCB Toronto","Heaps Estrin","Stage Your Driveway"],"articleSection":["Communication","Marketing"],"inLanguage":"fr-FR"},{"@type":"WebPage","@id":"https:\/\/alexandrecenis.com\/index.php\/2020\/07\/13\/bmw-cest-pour-toit-emois\/","url":"https:\/\/alexandrecenis.com\/index.php\/2020\/07\/13\/bmw-cest-pour-toit-emois\/","name":"BMW c'est pour toit \u00e9mois - Alexandre Cenis","isPartOf":{"@id":"https:\/\/alexandrecenis.com\/#website"},"primaryImageOfPage":{"@id":"https:\/\/alexandrecenis.com\/index.php\/2020\/07\/13\/bmw-cest-pour-toit-emois\/#primaryimage"},"image":{"@id":"https:\/\/alexandrecenis.com\/index.php\/2020\/07\/13\/bmw-cest-pour-toit-emois\/#primaryimage"},"thumbnailUrl":"https:\/\/alexandrecenis.com\/wp-content\/uploads\/2020\/07\/8-2.png","datePublished":"2020-07-13T05:43:09+00:00","dateModified":"2020-07-13T05:45:26+00:00","author":{"@id":"https:\/\/alexandrecenis.com\/#\/schema\/person\/cb034178deaf60a8602f9c700c5b1c83"},"breadcrumb":{"@id":"https:\/\/alexandrecenis.com\/index.php\/2020\/07\/13\/bmw-cest-pour-toit-emois\/#breadcrumb"},"inLanguage":"fr-FR","potentialAction":[{"@type":"ReadAction","target":["https:\/\/alexandrecenis.com\/index.php\/2020\/07\/13\/bmw-cest-pour-toit-emois\/"]}]},{"@type":"ImageObject","inLanguage":"fr-FR","@id":"https:\/\/alexandrecenis.com\/index.php\/2020\/07\/13\/bmw-cest-pour-toit-emois\/#primaryimage","url":"https:\/\/alexandrecenis.com\/wp-content\/uploads\/2020\/07\/8-2.png","contentUrl":"https:\/\/alexandrecenis.com\/wp-content\/uploads\/2020\/07\/8-2.png","width":1920,"height":1080},{"@type":"BreadcrumbList","@id":"https:\/\/alexandrecenis.com\/index.php\/2020\/07\/13\/bmw-cest-pour-toit-emois\/#breadcrumb","itemListElement":[{"@type":"ListItem","position":1,"name":"Home","item":"https:\/\/alexandrecenis.com\/"},{"@type":"ListItem","position":2,"name":"BMW c&rsquo;est pour toit \u00e9mois"}]},{"@type":"WebSite","@id":"https:\/\/alexandrecenis.com\/#website","url":"https:\/\/alexandrecenis.com\/","name":"Alexandre Cenis","description":"Intelligence Cr\u00e9ative","potentialAction":[{"@type":"SearchAction","target":{"@type":"EntryPoint","urlTemplate":"https:\/\/alexandrecenis.com\/?s={search_term_string}"},"query-input":{"@type":"PropertyValueSpecification","valueRequired":true,"valueName":"search_term_string"}}],"inLanguage":"fr-FR"},{"@type":"Person","@id":"https:\/\/alexandrecenis.com\/#\/schema\/person\/cb034178deaf60a8602f9c700c5b1c83","name":"admin8497","image":{"@type":"ImageObject","inLanguage":"fr-FR","@id":"https:\/\/secure.gravatar.com\/avatar\/9586a1b4e51047e1977e647153ddd075f143e741c8e5ba4d03f6cfa4c61126fd?s=96&d=mm&r=g","url":"https:\/\/secure.gravatar.com\/avatar\/9586a1b4e51047e1977e647153ddd075f143e741c8e5ba4d03f6cfa4c61126fd?s=96&d=mm&r=g","contentUrl":"https:\/\/secure.gravatar.com\/avatar\/9586a1b4e51047e1977e647153ddd075f143e741c8e5ba4d03f6cfa4c61126fd?s=96&d=mm&r=g","caption":"admin8497"},"url":"https:\/\/alexandrecenis.com\/index.php\/author\/admin8497\/"}]}},"_links":{"self":[{"href":"https:\/\/alexandrecenis.com\/index.php\/wp-json\/wp\/v2\/posts\/2526","targetHints":{"allow":["GET"]}}],"collection":[{"href":"https:\/\/alexandrecenis.com\/index.php\/wp-json\/wp\/v2\/posts"}],"about":[{"href":"https:\/\/alexandrecenis.com\/index.php\/wp-json\/wp\/v2\/types\/post"}],"author":[{"embeddable":true,"href":"https:\/\/alexandrecenis.com\/index.php\/wp-json\/wp\/v2\/users\/1"}],"replies":[{"embeddable":true,"href":"https:\/\/alexandrecenis.com\/index.php\/wp-json\/wp\/v2\/comments?post=2526"}],"version-history":[{"count":8,"href":"https:\/\/alexandrecenis.com\/index.php\/wp-json\/wp\/v2\/posts\/2526\/revisions"}],"predecessor-version":[{"id":2546,"href":"https:\/\/alexandrecenis.com\/index.php\/wp-json\/wp\/v2\/posts\/2526\/revisions\/2546"}],"wp:featuredmedia":[{"embeddable":true,"href":"https:\/\/alexandrecenis.com\/index.php\/wp-json\/wp\/v2\/media\/2537"}],"wp:attachment":[{"href":"https:\/\/alexandrecenis.com\/index.php\/wp-json\/wp\/v2\/media?parent=2526"}],"wp:term":[{"taxonomy":"category","embeddable":true,"href":"https:\/\/alexandrecenis.com\/index.php\/wp-json\/wp\/v2\/categories?post=2526"},{"taxonomy":"post_tag","embeddable":true,"href":"https:\/\/alexandrecenis.com\/index.php\/wp-json\/wp\/v2\/tags?post=2526"}],"curies":[{"name":"wp","href":"https:\/\/api.w.org\/{rel}","templated":true}]}}