{"id":2515,"date":"2020-07-10T07:41:28","date_gmt":"2020-07-10T05:41:28","guid":{"rendered":"https:\/\/alexandrecenis.com\/?p=2515"},"modified":"2020-07-10T07:41:28","modified_gmt":"2020-07-10T05:41:28","slug":"le-teletravail-sans-faille","status":"publish","type":"post","link":"https:\/\/alexandrecenis.com\/index.php\/2020\/07\/10\/le-teletravail-sans-faille\/","title":{"rendered":"Le t\u00e9l\u00e9travail sans faille"},"content":{"rendered":"<p style=\"text-align: justify;\">Bien le bonjour le monde digital ! La crise sanitaire a vu e\u0301merger de nouvelles tendances et initie\u0301 de profonds changements. Le plus marquant reste inde\u0301niablement le de\u0301veloppement rapide du te\u0301le\u0301travail, qui a emporte\u0301 l\u2019adhe\u0301sion de nombreux Franc\u0327ais. Une expe\u0301rience voue\u0301e a\u0300 se pe\u0301renniser, comme en te\u0301moignent les nombreuses e\u0301tudes, et impliquant, de\u0300s a\u0300 pre\u0301sent, de nouvelles habitudes de travail.<\/p>\n<p style=\"text-align: justify;\">Partant de ce constat, Pierre &amp; Vacances a souhait\u00e9 proposer une offre exclusive, permettant aux t\u00e9l\u00e9travailleurs de profiter de leur mobilit\u00e9 pour venir exercer leur profession dans un cadre exclusif et unique. Pour cela, Rosapark, son agence, l\u2019accompagne dans une campagne print forte de sens et \u00e0 la r\u00e9daction impeccable.<\/p>\n<p><img loading=\"lazy\" decoding=\"async\" class=\"aligncenter wp-image-2516 size-full\" src=\"https:\/\/alexandrecenis.com\/wp-content\/uploads\/2020\/07\/1.jpg\" alt=\"\" width=\"800\" height=\"600\" srcset=\"https:\/\/alexandrecenis.com\/wp-content\/uploads\/2020\/07\/1.jpg 800w, https:\/\/alexandrecenis.com\/wp-content\/uploads\/2020\/07\/1-480x360.jpg 480w\" sizes=\"(min-width: 0px) and (max-width: 480px) 480px, (min-width: 481px) 800px, 100vw\" \/><\/p>\n<p><img loading=\"lazy\" decoding=\"async\" class=\"aligncenter wp-image-2517 size-full\" src=\"https:\/\/alexandrecenis.com\/wp-content\/uploads\/2020\/07\/2.jpg\" alt=\"\" width=\"800\" height=\"600\" srcset=\"https:\/\/alexandrecenis.com\/wp-content\/uploads\/2020\/07\/2.jpg 800w, https:\/\/alexandrecenis.com\/wp-content\/uploads\/2020\/07\/2-480x360.jpg 480w\" sizes=\"(min-width: 0px) and (max-width: 480px) 480px, (min-width: 481px) 800px, 100vw\" \/><\/p>\n<p><img loading=\"lazy\" decoding=\"async\" class=\"aligncenter wp-image-2518 size-full\" src=\"https:\/\/alexandrecenis.com\/wp-content\/uploads\/2020\/07\/3.jpg\" alt=\"\" width=\"800\" height=\"600\" srcset=\"https:\/\/alexandrecenis.com\/wp-content\/uploads\/2020\/07\/3.jpg 800w, https:\/\/alexandrecenis.com\/wp-content\/uploads\/2020\/07\/3-480x360.jpg 480w\" sizes=\"(min-width: 0px) and (max-width: 480px) 480px, (min-width: 481px) 800px, 100vw\" \/><\/p>\n<p style=\"text-align: justify;\">\u201c<em>La ge\u0301ne\u0301ralisation du home office a pose\u0301 les jalons d\u2019une transformation profonde des habitudes de travail. Les salarie\u0301s ont envie de profiter d\u2019un cadre de travail agre\u0301able, hors de leur domicile. Une tendance forte dans nos e\u0301quipes e\u0301galement : plusieurs collaborateurs Pierre &amp; Vacances nous ont sollicite\u0301s de\u0300s le de\u0301confinement pour te\u0301le\u0301travailler dans nos propres re\u0301sidences ! Le client e\u0301tant au c\u0153ur de toutes nos re\u0301flexions, nous avons naturellement choisi de compter sur nos clients et salarie\u0301s pour identifier pre\u0301cise\u0301ment quels sont ces nouveaux besoins lie\u0301s au te\u0301le\u0301travail et comment, de fac\u0327on agile et en misant sur nos atouts, nous pourrons y re\u0301pondre<\/em>\u00bb\u00a0explique Gre\u0301gory Sion, Directeur Ge\u0301ne\u0301ral Pierre &amp; Vacances.<\/p>\n<p><img loading=\"lazy\" decoding=\"async\" class=\"aligncenter wp-image-2519 size-full\" src=\"https:\/\/alexandrecenis.com\/wp-content\/uploads\/2020\/07\/4.jpg\" alt=\"\" width=\"800\" height=\"600\" srcset=\"https:\/\/alexandrecenis.com\/wp-content\/uploads\/2020\/07\/4.jpg 800w, https:\/\/alexandrecenis.com\/wp-content\/uploads\/2020\/07\/4-480x360.jpg 480w\" sizes=\"(min-width: 0px) and (max-width: 480px) 480px, (min-width: 481px) 800px, 100vw\" \/><\/p>\n<p><img loading=\"lazy\" decoding=\"async\" class=\"aligncenter wp-image-2520 size-full\" src=\"https:\/\/alexandrecenis.com\/wp-content\/uploads\/2020\/07\/5.jpg\" alt=\"\" width=\"800\" height=\"600\" srcset=\"https:\/\/alexandrecenis.com\/wp-content\/uploads\/2020\/07\/5.jpg 800w, https:\/\/alexandrecenis.com\/wp-content\/uploads\/2020\/07\/5-480x360.jpg 480w\" sizes=\"(min-width: 0px) and (max-width: 480px) 480px, (min-width: 481px) 800px, 100vw\" \/><\/p>\n<p style=\"text-align: justify;\">\u201c<em>Le te\u0301le\u0301travail est le nouveau mode\u0300le de notre socie\u0301te\u0301 et Pierre &amp; Vacances est plus que jamais le\u0301gitime pour proposer des destinations ou\u0300 te\u0301le\u0301travail et expe\u0301riences pourront aller de pair. En testant le Wifi haut de\u0301bit avec les cle\u0301s 4G, Pierre &amp; Vacances adapte son offre aux nouveaux besoins des te\u0301le\u0301travailleurs pour leur permettre de concilier efficacite\u0301 et plaisir au quotidien<\/em>.\u201d\u00a0JP Chiquiar, Co-fondateur de Rosapark.<\/p>\n","protected":false},"excerpt":{"rendered":"<p>Bien le bonjour le monde digital ! La crise sanitaire a vu e\u0301merger de nouvelles tendances et initie\u0301 de profonds changements. Le plus marquant reste inde\u0301niablement le de\u0301veloppement rapide du te\u0301le\u0301travail, qui a emporte\u0301 l\u2019adhe\u0301sion de nombreux Franc\u0327ais. Une expe\u0301rience voue\u0301e a\u0300 se pe\u0301renniser, comme en te\u0301moignent les nombreuses e\u0301tudes, et impliquant, de\u0300s a\u0300 pre\u0301sent, [&hellip;]<\/p>\n","protected":false},"author":1,"featured_media":2521,"comment_status":"closed","ping_status":"open","sticky":false,"template":"","format":"standard","meta":{"_et_pb_use_builder":"","_et_pb_old_content":"","_et_gb_content_width":"","footnotes":""},"categories":[113,2],"tags":[884,885,886,454,883,882],"class_list":["post-2515","post","type-post","status-publish","format-standard","has-post-thumbnail","hentry","category-communication","category-publicite","tag-campagne-print","tag-pierre-vacances","tag-plaisir","tag-print","tag-rosapark","tag-teletravail"],"yoast_head":"<!-- This site is optimized with the Yoast SEO plugin v27.3 - https:\/\/yoast.com\/product\/yoast-seo-wordpress\/ -->\n<title>Le t\u00e9l\u00e9travail sans faille - Alexandre Cenis<\/title>\n<meta name=\"robots\" content=\"index, follow, max-snippet:-1, max-image-preview:large, max-video-preview:-1\" \/>\n<link rel=\"canonical\" href=\"https:\/\/alexandrecenis.com\/index.php\/2020\/07\/10\/le-teletravail-sans-faille\/\" \/>\n<meta property=\"og:locale\" content=\"fr_FR\" \/>\n<meta property=\"og:type\" content=\"article\" \/>\n<meta property=\"og:title\" content=\"Le t\u00e9l\u00e9travail sans faille - Alexandre Cenis\" \/>\n<meta property=\"og:description\" content=\"Bien le bonjour le monde digital ! La crise sanitaire a vu e\u0301merger de nouvelles tendances et initie\u0301 de profonds changements. Le plus marquant reste inde\u0301niablement le de\u0301veloppement rapide du te\u0301le\u0301travail, qui a emporte\u0301 l\u2019adhe\u0301sion de nombreux Franc\u0327ais. Une expe\u0301rience voue\u0301e a\u0300 se pe\u0301renniser, comme en te\u0301moignent les nombreuses e\u0301tudes, et impliquant, de\u0300s a\u0300 pre\u0301sent, [&hellip;]\" \/>\n<meta property=\"og:url\" content=\"https:\/\/alexandrecenis.com\/index.php\/2020\/07\/10\/le-teletravail-sans-faille\/\" \/>\n<meta property=\"og:site_name\" content=\"Alexandre Cenis\" \/>\n<meta property=\"article:published_time\" content=\"2020-07-10T05:41:28+00:00\" \/>\n<meta property=\"og:image\" content=\"https:\/\/alexandrecenis.com\/wp-content\/uploads\/2020\/07\/vignette.jpg\" \/>\n\t<meta property=\"og:image:width\" content=\"800\" \/>\n\t<meta property=\"og:image:height\" content=\"600\" \/>\n\t<meta property=\"og:image:type\" content=\"image\/jpeg\" \/>\n<meta name=\"author\" content=\"admin8497\" \/>\n<meta name=\"twitter:card\" content=\"summary_large_image\" \/>\n<meta name=\"twitter:creator\" content=\"@alexandrecenis\" \/>\n<meta name=\"twitter:site\" content=\"@alexandrecenis\" \/>\n<meta name=\"twitter:label1\" content=\"\u00c9crit par\" \/>\n\t<meta name=\"twitter:data1\" content=\"admin8497\" \/>\n\t<meta name=\"twitter:label2\" content=\"Dur\u00e9e de lecture estim\u00e9e\" \/>\n\t<meta name=\"twitter:data2\" content=\"2 minutes\" \/>\n<script type=\"application\/ld+json\" class=\"yoast-schema-graph\">{\"@context\":\"https:\\\/\\\/schema.org\",\"@graph\":[{\"@type\":\"Article\",\"@id\":\"https:\\\/\\\/alexandrecenis.com\\\/index.php\\\/2020\\\/07\\\/10\\\/le-teletravail-sans-faille\\\/#article\",\"isPartOf\":{\"@id\":\"https:\\\/\\\/alexandrecenis.com\\\/index.php\\\/2020\\\/07\\\/10\\\/le-teletravail-sans-faille\\\/\"},\"author\":{\"name\":\"admin8497\",\"@id\":\"https:\\\/\\\/alexandrecenis.com\\\/#\\\/schema\\\/person\\\/cb034178deaf60a8602f9c700c5b1c83\"},\"headline\":\"Le t\u00e9l\u00e9travail sans faille\",\"datePublished\":\"2020-07-10T05:41:28+00:00\",\"mainEntityOfPage\":{\"@id\":\"https:\\\/\\\/alexandrecenis.com\\\/index.php\\\/2020\\\/07\\\/10\\\/le-teletravail-sans-faille\\\/\"},\"wordCount\":348,\"image\":{\"@id\":\"https:\\\/\\\/alexandrecenis.com\\\/index.php\\\/2020\\\/07\\\/10\\\/le-teletravail-sans-faille\\\/#primaryimage\"},\"thumbnailUrl\":\"https:\\\/\\\/alexandrecenis.com\\\/wp-content\\\/uploads\\\/2020\\\/07\\\/vignette.jpg\",\"keywords\":[\"campagne print\",\"Pierre &amp; Vacances\",\"plaisir\",\"print\",\"Rosapark\",\"te\u0301le\u0301travail\"],\"articleSection\":[\"Communication\",\"Publicit\u00e9\"],\"inLanguage\":\"fr-FR\"},{\"@type\":\"WebPage\",\"@id\":\"https:\\\/\\\/alexandrecenis.com\\\/index.php\\\/2020\\\/07\\\/10\\\/le-teletravail-sans-faille\\\/\",\"url\":\"https:\\\/\\\/alexandrecenis.com\\\/index.php\\\/2020\\\/07\\\/10\\\/le-teletravail-sans-faille\\\/\",\"name\":\"Le t\u00e9l\u00e9travail sans faille - Alexandre Cenis\",\"isPartOf\":{\"@id\":\"https:\\\/\\\/alexandrecenis.com\\\/#website\"},\"primaryImageOfPage\":{\"@id\":\"https:\\\/\\\/alexandrecenis.com\\\/index.php\\\/2020\\\/07\\\/10\\\/le-teletravail-sans-faille\\\/#primaryimage\"},\"image\":{\"@id\":\"https:\\\/\\\/alexandrecenis.com\\\/index.php\\\/2020\\\/07\\\/10\\\/le-teletravail-sans-faille\\\/#primaryimage\"},\"thumbnailUrl\":\"https:\\\/\\\/alexandrecenis.com\\\/wp-content\\\/uploads\\\/2020\\\/07\\\/vignette.jpg\",\"datePublished\":\"2020-07-10T05:41:28+00:00\",\"author\":{\"@id\":\"https:\\\/\\\/alexandrecenis.com\\\/#\\\/schema\\\/person\\\/cb034178deaf60a8602f9c700c5b1c83\"},\"breadcrumb\":{\"@id\":\"https:\\\/\\\/alexandrecenis.com\\\/index.php\\\/2020\\\/07\\\/10\\\/le-teletravail-sans-faille\\\/#breadcrumb\"},\"inLanguage\":\"fr-FR\",\"potentialAction\":[{\"@type\":\"ReadAction\",\"target\":[\"https:\\\/\\\/alexandrecenis.com\\\/index.php\\\/2020\\\/07\\\/10\\\/le-teletravail-sans-faille\\\/\"]}]},{\"@type\":\"ImageObject\",\"inLanguage\":\"fr-FR\",\"@id\":\"https:\\\/\\\/alexandrecenis.com\\\/index.php\\\/2020\\\/07\\\/10\\\/le-teletravail-sans-faille\\\/#primaryimage\",\"url\":\"https:\\\/\\\/alexandrecenis.com\\\/wp-content\\\/uploads\\\/2020\\\/07\\\/vignette.jpg\",\"contentUrl\":\"https:\\\/\\\/alexandrecenis.com\\\/wp-content\\\/uploads\\\/2020\\\/07\\\/vignette.jpg\",\"width\":800,\"height\":600},{\"@type\":\"BreadcrumbList\",\"@id\":\"https:\\\/\\\/alexandrecenis.com\\\/index.php\\\/2020\\\/07\\\/10\\\/le-teletravail-sans-faille\\\/#breadcrumb\",\"itemListElement\":[{\"@type\":\"ListItem\",\"position\":1,\"name\":\"Home\",\"item\":\"https:\\\/\\\/alexandrecenis.com\\\/\"},{\"@type\":\"ListItem\",\"position\":2,\"name\":\"Le t\u00e9l\u00e9travail sans faille\"}]},{\"@type\":\"WebSite\",\"@id\":\"https:\\\/\\\/alexandrecenis.com\\\/#website\",\"url\":\"https:\\\/\\\/alexandrecenis.com\\\/\",\"name\":\"Alexandre Cenis\",\"description\":\"Intelligence Cr\u00e9ative\",\"potentialAction\":[{\"@type\":\"SearchAction\",\"target\":{\"@type\":\"EntryPoint\",\"urlTemplate\":\"https:\\\/\\\/alexandrecenis.com\\\/?s={search_term_string}\"},\"query-input\":{\"@type\":\"PropertyValueSpecification\",\"valueRequired\":true,\"valueName\":\"search_term_string\"}}],\"inLanguage\":\"fr-FR\"},{\"@type\":\"Person\",\"@id\":\"https:\\\/\\\/alexandrecenis.com\\\/#\\\/schema\\\/person\\\/cb034178deaf60a8602f9c700c5b1c83\",\"name\":\"admin8497\",\"image\":{\"@type\":\"ImageObject\",\"inLanguage\":\"fr-FR\",\"@id\":\"https:\\\/\\\/secure.gravatar.com\\\/avatar\\\/9586a1b4e51047e1977e647153ddd075f143e741c8e5ba4d03f6cfa4c61126fd?s=96&d=mm&r=g\",\"url\":\"https:\\\/\\\/secure.gravatar.com\\\/avatar\\\/9586a1b4e51047e1977e647153ddd075f143e741c8e5ba4d03f6cfa4c61126fd?s=96&d=mm&r=g\",\"contentUrl\":\"https:\\\/\\\/secure.gravatar.com\\\/avatar\\\/9586a1b4e51047e1977e647153ddd075f143e741c8e5ba4d03f6cfa4c61126fd?s=96&d=mm&r=g\",\"caption\":\"admin8497\"},\"url\":\"https:\\\/\\\/alexandrecenis.com\\\/index.php\\\/author\\\/admin8497\\\/\"}]}<\/script>\n<!-- \/ Yoast SEO plugin. -->","yoast_head_json":{"title":"Le t\u00e9l\u00e9travail sans faille - Alexandre Cenis","robots":{"index":"index","follow":"follow","max-snippet":"max-snippet:-1","max-image-preview":"max-image-preview:large","max-video-preview":"max-video-preview:-1"},"canonical":"https:\/\/alexandrecenis.com\/index.php\/2020\/07\/10\/le-teletravail-sans-faille\/","og_locale":"fr_FR","og_type":"article","og_title":"Le t\u00e9l\u00e9travail sans faille - Alexandre Cenis","og_description":"Bien le bonjour le monde digital ! La crise sanitaire a vu e\u0301merger de nouvelles tendances et initie\u0301 de profonds changements. Le plus marquant reste inde\u0301niablement le de\u0301veloppement rapide du te\u0301le\u0301travail, qui a emporte\u0301 l\u2019adhe\u0301sion de nombreux Franc\u0327ais. Une expe\u0301rience voue\u0301e a\u0300 se pe\u0301renniser, comme en te\u0301moignent les nombreuses e\u0301tudes, et impliquant, de\u0300s a\u0300 pre\u0301sent, [&hellip;]","og_url":"https:\/\/alexandrecenis.com\/index.php\/2020\/07\/10\/le-teletravail-sans-faille\/","og_site_name":"Alexandre Cenis","article_published_time":"2020-07-10T05:41:28+00:00","og_image":[{"width":800,"height":600,"url":"https:\/\/alexandrecenis.com\/wp-content\/uploads\/2020\/07\/vignette.jpg","type":"image\/jpeg"}],"author":"admin8497","twitter_card":"summary_large_image","twitter_creator":"@alexandrecenis","twitter_site":"@alexandrecenis","twitter_misc":{"\u00c9crit par":"admin8497","Dur\u00e9e de lecture estim\u00e9e":"2 minutes"},"schema":{"@context":"https:\/\/schema.org","@graph":[{"@type":"Article","@id":"https:\/\/alexandrecenis.com\/index.php\/2020\/07\/10\/le-teletravail-sans-faille\/#article","isPartOf":{"@id":"https:\/\/alexandrecenis.com\/index.php\/2020\/07\/10\/le-teletravail-sans-faille\/"},"author":{"name":"admin8497","@id":"https:\/\/alexandrecenis.com\/#\/schema\/person\/cb034178deaf60a8602f9c700c5b1c83"},"headline":"Le t\u00e9l\u00e9travail sans faille","datePublished":"2020-07-10T05:41:28+00:00","mainEntityOfPage":{"@id":"https:\/\/alexandrecenis.com\/index.php\/2020\/07\/10\/le-teletravail-sans-faille\/"},"wordCount":348,"image":{"@id":"https:\/\/alexandrecenis.com\/index.php\/2020\/07\/10\/le-teletravail-sans-faille\/#primaryimage"},"thumbnailUrl":"https:\/\/alexandrecenis.com\/wp-content\/uploads\/2020\/07\/vignette.jpg","keywords":["campagne print","Pierre &amp; Vacances","plaisir","print","Rosapark","te\u0301le\u0301travail"],"articleSection":["Communication","Publicit\u00e9"],"inLanguage":"fr-FR"},{"@type":"WebPage","@id":"https:\/\/alexandrecenis.com\/index.php\/2020\/07\/10\/le-teletravail-sans-faille\/","url":"https:\/\/alexandrecenis.com\/index.php\/2020\/07\/10\/le-teletravail-sans-faille\/","name":"Le t\u00e9l\u00e9travail sans faille - Alexandre Cenis","isPartOf":{"@id":"https:\/\/alexandrecenis.com\/#website"},"primaryImageOfPage":{"@id":"https:\/\/alexandrecenis.com\/index.php\/2020\/07\/10\/le-teletravail-sans-faille\/#primaryimage"},"image":{"@id":"https:\/\/alexandrecenis.com\/index.php\/2020\/07\/10\/le-teletravail-sans-faille\/#primaryimage"},"thumbnailUrl":"https:\/\/alexandrecenis.com\/wp-content\/uploads\/2020\/07\/vignette.jpg","datePublished":"2020-07-10T05:41:28+00:00","author":{"@id":"https:\/\/alexandrecenis.com\/#\/schema\/person\/cb034178deaf60a8602f9c700c5b1c83"},"breadcrumb":{"@id":"https:\/\/alexandrecenis.com\/index.php\/2020\/07\/10\/le-teletravail-sans-faille\/#breadcrumb"},"inLanguage":"fr-FR","potentialAction":[{"@type":"ReadAction","target":["https:\/\/alexandrecenis.com\/index.php\/2020\/07\/10\/le-teletravail-sans-faille\/"]}]},{"@type":"ImageObject","inLanguage":"fr-FR","@id":"https:\/\/alexandrecenis.com\/index.php\/2020\/07\/10\/le-teletravail-sans-faille\/#primaryimage","url":"https:\/\/alexandrecenis.com\/wp-content\/uploads\/2020\/07\/vignette.jpg","contentUrl":"https:\/\/alexandrecenis.com\/wp-content\/uploads\/2020\/07\/vignette.jpg","width":800,"height":600},{"@type":"BreadcrumbList","@id":"https:\/\/alexandrecenis.com\/index.php\/2020\/07\/10\/le-teletravail-sans-faille\/#breadcrumb","itemListElement":[{"@type":"ListItem","position":1,"name":"Home","item":"https:\/\/alexandrecenis.com\/"},{"@type":"ListItem","position":2,"name":"Le t\u00e9l\u00e9travail sans faille"}]},{"@type":"WebSite","@id":"https:\/\/alexandrecenis.com\/#website","url":"https:\/\/alexandrecenis.com\/","name":"Alexandre Cenis","description":"Intelligence Cr\u00e9ative","potentialAction":[{"@type":"SearchAction","target":{"@type":"EntryPoint","urlTemplate":"https:\/\/alexandrecenis.com\/?s={search_term_string}"},"query-input":{"@type":"PropertyValueSpecification","valueRequired":true,"valueName":"search_term_string"}}],"inLanguage":"fr-FR"},{"@type":"Person","@id":"https:\/\/alexandrecenis.com\/#\/schema\/person\/cb034178deaf60a8602f9c700c5b1c83","name":"admin8497","image":{"@type":"ImageObject","inLanguage":"fr-FR","@id":"https:\/\/secure.gravatar.com\/avatar\/9586a1b4e51047e1977e647153ddd075f143e741c8e5ba4d03f6cfa4c61126fd?s=96&d=mm&r=g","url":"https:\/\/secure.gravatar.com\/avatar\/9586a1b4e51047e1977e647153ddd075f143e741c8e5ba4d03f6cfa4c61126fd?s=96&d=mm&r=g","contentUrl":"https:\/\/secure.gravatar.com\/avatar\/9586a1b4e51047e1977e647153ddd075f143e741c8e5ba4d03f6cfa4c61126fd?s=96&d=mm&r=g","caption":"admin8497"},"url":"https:\/\/alexandrecenis.com\/index.php\/author\/admin8497\/"}]}},"_links":{"self":[{"href":"https:\/\/alexandrecenis.com\/index.php\/wp-json\/wp\/v2\/posts\/2515","targetHints":{"allow":["GET"]}}],"collection":[{"href":"https:\/\/alexandrecenis.com\/index.php\/wp-json\/wp\/v2\/posts"}],"about":[{"href":"https:\/\/alexandrecenis.com\/index.php\/wp-json\/wp\/v2\/types\/post"}],"author":[{"embeddable":true,"href":"https:\/\/alexandrecenis.com\/index.php\/wp-json\/wp\/v2\/users\/1"}],"replies":[{"embeddable":true,"href":"https:\/\/alexandrecenis.com\/index.php\/wp-json\/wp\/v2\/comments?post=2515"}],"version-history":[{"count":4,"href":"https:\/\/alexandrecenis.com\/index.php\/wp-json\/wp\/v2\/posts\/2515\/revisions"}],"predecessor-version":[{"id":2525,"href":"https:\/\/alexandrecenis.com\/index.php\/wp-json\/wp\/v2\/posts\/2515\/revisions\/2525"}],"wp:featuredmedia":[{"embeddable":true,"href":"https:\/\/alexandrecenis.com\/index.php\/wp-json\/wp\/v2\/media\/2521"}],"wp:attachment":[{"href":"https:\/\/alexandrecenis.com\/index.php\/wp-json\/wp\/v2\/media?parent=2515"}],"wp:term":[{"taxonomy":"category","embeddable":true,"href":"https:\/\/alexandrecenis.com\/index.php\/wp-json\/wp\/v2\/categories?post=2515"},{"taxonomy":"post_tag","embeddable":true,"href":"https:\/\/alexandrecenis.com\/index.php\/wp-json\/wp\/v2\/tags?post=2515"}],"curies":[{"name":"wp","href":"https:\/\/api.w.org\/{rel}","templated":true}]}}