{"id":2456,"date":"2020-07-03T08:48:27","date_gmt":"2020-07-03T06:48:27","guid":{"rendered":"https:\/\/alexandrecenis.com\/?p=2456"},"modified":"2020-07-03T08:50:30","modified_gmt":"2020-07-03T06:50:30","slug":"un-jour-il-sera-mien-oh-oui-il-sera-mien","status":"publish","type":"post","link":"https:\/\/alexandrecenis.com\/index.php\/2020\/07\/03\/un-jour-il-sera-mien-oh-oui-il-sera-mien\/","title":{"rendered":"Un jour il sera mien..oh oui..il sera mien&#8230;."},"content":{"rendered":"<p style=\"text-align: justify;\">Bien le bonjour le monde digital ! Dans son tout nouveau teaser de 30 secondes intitul\u00e9 \u201cla magie n\u2019existe pas sans vous\u201d, le parc d\u2019attraction Disneyland Paris annonce sa r\u00e9ouverture le 15 juillet, au plus grand plaisir de ses fans (d\u00e9dicace \u00e0 mon copain Bertrand.)<\/p>\n<p><img loading=\"lazy\" decoding=\"async\" class=\"aligncenter wp-image-2460 size-large\" src=\"https:\/\/alexandrecenis.com\/wp-content\/uploads\/2020\/07\/1-1-1024x576.png\" alt=\"\" width=\"1024\" height=\"576\" srcset=\"https:\/\/alexandrecenis.com\/wp-content\/uploads\/2020\/07\/1-1-980x551.png 980w, https:\/\/alexandrecenis.com\/wp-content\/uploads\/2020\/07\/1-1-480x270.png 480w\" sizes=\"(min-width: 0px) and (max-width: 480px) 480px, (min-width: 481px) and (max-width: 980px) 980px, (min-width: 981px) 1024px, 100vw\" \/><\/p>\n<p style=\"text-align: justify;\">Pour ceux qui ne l\u2019auraient pas remarqu\u00e9 \u00e0 la premi\u00e8re \u00e9coute, c\u2019est bien un homme qui chante la fameuse chanson de Blanche-Neige, \u201cUn jour mon prince viendra\u201d. Depuis l\u2019ann\u00e9e derni\u00e8re (seulement), le Gay Day qui c\u00e9l\u00e8bre la fiert\u00e9 LGBT au sein du parc Disney World depuis 1991 aux \u00c9tats-Unis a fait son apparition en France.<\/p>\n<p><img loading=\"lazy\" decoding=\"async\" class=\"aligncenter wp-image-2461 size-large\" src=\"https:\/\/alexandrecenis.com\/wp-content\/uploads\/2020\/07\/2-1-1024x576.png\" alt=\"\" width=\"1024\" height=\"576\" srcset=\"https:\/\/alexandrecenis.com\/wp-content\/uploads\/2020\/07\/2-1-980x551.png 980w, https:\/\/alexandrecenis.com\/wp-content\/uploads\/2020\/07\/2-1-480x270.png 480w\" sizes=\"(min-width: 0px) and (max-width: 480px) 480px, (min-width: 481px) and (max-width: 980px) 980px, (min-width: 981px) 1024px, 100vw\" \/><\/p>\n<p style=\"text-align: justify;\">La Magical Pride aurait d\u00fb se d\u00e9rouler le 6 juin cette ann\u00e9e \u00e0 Disneyland Paris, mais a \u00e9t\u00e9 report\u00e9e au 12 juin de l\u2019ann\u00e9e prochaine en raison de la pand\u00e9mie. Bien que ces petites prises de parole soient critiqu\u00e9es par certains car jug\u00e9es trop h\u00e9sitantes, les commentaires sous les vid\u00e9os YouTube et Facebook de la pub t\u00e9moignent de l\u2019appr\u00e9ciation du clin d\u2019\u0153il par les fans.<\/p>\n<p><img loading=\"lazy\" decoding=\"async\" class=\"aligncenter wp-image-2462 size-large\" src=\"https:\/\/alexandrecenis.com\/wp-content\/uploads\/2020\/07\/3-1-1024x576.png\" alt=\"\" width=\"1024\" height=\"576\" srcset=\"https:\/\/alexandrecenis.com\/wp-content\/uploads\/2020\/07\/3-1-980x551.png 980w, https:\/\/alexandrecenis.com\/wp-content\/uploads\/2020\/07\/3-1-480x270.png 480w\" sizes=\"(min-width: 0px) and (max-width: 480px) 480px, (min-width: 481px) and (max-width: 980px) 980px, (min-width: 981px) 1024px, 100vw\" \/><\/p>\n<p style=\"text-align: justify;\">Apr\u00e8s le court m\u00e9trage\u00a0Out\u00a0au personnage principal gay (produit par\u00a0Pixar, mais diffus\u00e9 sur la plateforme Disney+), c\u2019est donc un nouvel effort vers l\u2019acceptation et la repr\u00e9sentation de la communaut\u00e9 LGBT+ dans le monde de Mickey.<\/p>\n<p style=\"text-align: center;\"><iframe loading=\"lazy\" src=\"https:\/\/www.youtube.com\/embed\/2DrVnUSSB20\" width=\"560\" height=\"315\" frameborder=\"0\" allowfullscreen=\"allowfullscreen\"><\/iframe><\/p>\n<p>Et voici le court-m\u00e9trage \u00ab\u00a0OUT\u00a0\u00bb diffus\u00e9 sur la plate-forme Disney+&#8230;.les temps changent, les mentalit\u00e9s aussi et cela fait du bien&#8230;.non ?<\/p>\n<p style=\"text-align: center;\"><iframe loading=\"lazy\" src=\"https:\/\/www.youtube.com\/embed\/gDaZlFkr2FE\" width=\"560\" height=\"315\" frameborder=\"0\" allowfullscreen=\"allowfullscreen\"><\/iframe><\/p>\n","protected":false},"excerpt":{"rendered":"<p>Bien le bonjour le monde digital ! Dans son tout nouveau teaser de 30 secondes intitul\u00e9 \u201cla magie n\u2019existe pas sans vous\u201d, le parc d\u2019attraction Disneyland Paris annonce sa r\u00e9ouverture le 15 juillet, au plus grand plaisir de ses fans (d\u00e9dicace \u00e0 mon copain Bertrand.) Pour ceux qui ne l\u2019auraient pas remarqu\u00e9 \u00e0 la premi\u00e8re [&hellip;]<\/p>\n","protected":false},"author":1,"featured_media":2473,"comment_status":"closed","ping_status":"open","sticky":false,"template":"","format":"standard","meta":{"_et_pb_use_builder":"","_et_pb_old_content":"","_et_gb_content_width":"","footnotes":""},"categories":[113],"tags":[863,862,480,866,864,865],"class_list":["post-2456","post","type-post","status-publish","format-standard","has-post-thumbnail","hentry","category-communication","tag-disney","tag-disneyland-paris","tag-lgbt","tag-magie","tag-out","tag-prince"],"yoast_head":"<!-- This site is optimized with the Yoast SEO plugin v27.3 - https:\/\/yoast.com\/product\/yoast-seo-wordpress\/ -->\n<title>Un jour il sera mien..oh oui..il sera mien.... - Alexandre Cenis<\/title>\n<meta name=\"robots\" content=\"index, follow, max-snippet:-1, max-image-preview:large, max-video-preview:-1\" \/>\n<link rel=\"canonical\" href=\"https:\/\/alexandrecenis.com\/index.php\/2020\/07\/03\/un-jour-il-sera-mien-oh-oui-il-sera-mien\/\" \/>\n<meta property=\"og:locale\" content=\"fr_FR\" \/>\n<meta property=\"og:type\" content=\"article\" \/>\n<meta property=\"og:title\" content=\"Un jour il sera mien..oh oui..il sera mien.... - Alexandre Cenis\" \/>\n<meta property=\"og:description\" content=\"Bien le bonjour le monde digital ! Dans son tout nouveau teaser de 30 secondes intitul\u00e9 \u201cla magie n\u2019existe pas sans vous\u201d, le parc d\u2019attraction Disneyland Paris annonce sa r\u00e9ouverture le 15 juillet, au plus grand plaisir de ses fans (d\u00e9dicace \u00e0 mon copain Bertrand.) Pour ceux qui ne l\u2019auraient pas remarqu\u00e9 \u00e0 la premi\u00e8re [&hellip;]\" \/>\n<meta property=\"og:url\" content=\"https:\/\/alexandrecenis.com\/index.php\/2020\/07\/03\/un-jour-il-sera-mien-oh-oui-il-sera-mien\/\" \/>\n<meta property=\"og:site_name\" content=\"Alexandre Cenis\" \/>\n<meta property=\"article:published_time\" content=\"2020-07-03T06:48:27+00:00\" \/>\n<meta property=\"article:modified_time\" content=\"2020-07-03T06:50:30+00:00\" \/>\n<meta property=\"og:image\" content=\"https:\/\/alexandrecenis.com\/wp-content\/uploads\/2020\/07\/vignette-2.png\" \/>\n\t<meta property=\"og:image:width\" content=\"1048\" \/>\n\t<meta property=\"og:image:height\" content=\"442\" \/>\n\t<meta property=\"og:image:type\" content=\"image\/png\" \/>\n<meta name=\"author\" content=\"admin8497\" \/>\n<meta name=\"twitter:card\" content=\"summary_large_image\" \/>\n<meta name=\"twitter:creator\" content=\"@alexandrecenis\" \/>\n<meta name=\"twitter:site\" content=\"@alexandrecenis\" \/>\n<meta name=\"twitter:label1\" content=\"\u00c9crit par\" \/>\n\t<meta name=\"twitter:data1\" content=\"admin8497\" \/>\n\t<meta name=\"twitter:label2\" content=\"Dur\u00e9e de lecture estim\u00e9e\" \/>\n\t<meta name=\"twitter:data2\" content=\"1 minute\" \/>\n<script type=\"application\/ld+json\" class=\"yoast-schema-graph\">{\"@context\":\"https:\\\/\\\/schema.org\",\"@graph\":[{\"@type\":\"Article\",\"@id\":\"https:\\\/\\\/alexandrecenis.com\\\/index.php\\\/2020\\\/07\\\/03\\\/un-jour-il-sera-mien-oh-oui-il-sera-mien\\\/#article\",\"isPartOf\":{\"@id\":\"https:\\\/\\\/alexandrecenis.com\\\/index.php\\\/2020\\\/07\\\/03\\\/un-jour-il-sera-mien-oh-oui-il-sera-mien\\\/\"},\"author\":{\"name\":\"admin8497\",\"@id\":\"https:\\\/\\\/alexandrecenis.com\\\/#\\\/schema\\\/person\\\/cb034178deaf60a8602f9c700c5b1c83\"},\"headline\":\"Un jour il sera mien..oh oui..il sera mien&#8230;.\",\"datePublished\":\"2020-07-03T06:48:27+00:00\",\"dateModified\":\"2020-07-03T06:50:30+00:00\",\"mainEntityOfPage\":{\"@id\":\"https:\\\/\\\/alexandrecenis.com\\\/index.php\\\/2020\\\/07\\\/03\\\/un-jour-il-sera-mien-oh-oui-il-sera-mien\\\/\"},\"wordCount\":258,\"image\":{\"@id\":\"https:\\\/\\\/alexandrecenis.com\\\/index.php\\\/2020\\\/07\\\/03\\\/un-jour-il-sera-mien-oh-oui-il-sera-mien\\\/#primaryimage\"},\"thumbnailUrl\":\"https:\\\/\\\/alexandrecenis.com\\\/wp-content\\\/uploads\\\/2020\\\/07\\\/vignette-2.png\",\"keywords\":[\"disney+\",\"disneyland paris\",\"LGBT+\",\"magie\",\"out\",\"prince\"],\"articleSection\":[\"Communication\"],\"inLanguage\":\"fr-FR\"},{\"@type\":\"WebPage\",\"@id\":\"https:\\\/\\\/alexandrecenis.com\\\/index.php\\\/2020\\\/07\\\/03\\\/un-jour-il-sera-mien-oh-oui-il-sera-mien\\\/\",\"url\":\"https:\\\/\\\/alexandrecenis.com\\\/index.php\\\/2020\\\/07\\\/03\\\/un-jour-il-sera-mien-oh-oui-il-sera-mien\\\/\",\"name\":\"Un jour il sera mien..oh oui..il sera mien.... - Alexandre Cenis\",\"isPartOf\":{\"@id\":\"https:\\\/\\\/alexandrecenis.com\\\/#website\"},\"primaryImageOfPage\":{\"@id\":\"https:\\\/\\\/alexandrecenis.com\\\/index.php\\\/2020\\\/07\\\/03\\\/un-jour-il-sera-mien-oh-oui-il-sera-mien\\\/#primaryimage\"},\"image\":{\"@id\":\"https:\\\/\\\/alexandrecenis.com\\\/index.php\\\/2020\\\/07\\\/03\\\/un-jour-il-sera-mien-oh-oui-il-sera-mien\\\/#primaryimage\"},\"thumbnailUrl\":\"https:\\\/\\\/alexandrecenis.com\\\/wp-content\\\/uploads\\\/2020\\\/07\\\/vignette-2.png\",\"datePublished\":\"2020-07-03T06:48:27+00:00\",\"dateModified\":\"2020-07-03T06:50:30+00:00\",\"author\":{\"@id\":\"https:\\\/\\\/alexandrecenis.com\\\/#\\\/schema\\\/person\\\/cb034178deaf60a8602f9c700c5b1c83\"},\"breadcrumb\":{\"@id\":\"https:\\\/\\\/alexandrecenis.com\\\/index.php\\\/2020\\\/07\\\/03\\\/un-jour-il-sera-mien-oh-oui-il-sera-mien\\\/#breadcrumb\"},\"inLanguage\":\"fr-FR\",\"potentialAction\":[{\"@type\":\"ReadAction\",\"target\":[\"https:\\\/\\\/alexandrecenis.com\\\/index.php\\\/2020\\\/07\\\/03\\\/un-jour-il-sera-mien-oh-oui-il-sera-mien\\\/\"]}]},{\"@type\":\"ImageObject\",\"inLanguage\":\"fr-FR\",\"@id\":\"https:\\\/\\\/alexandrecenis.com\\\/index.php\\\/2020\\\/07\\\/03\\\/un-jour-il-sera-mien-oh-oui-il-sera-mien\\\/#primaryimage\",\"url\":\"https:\\\/\\\/alexandrecenis.com\\\/wp-content\\\/uploads\\\/2020\\\/07\\\/vignette-2.png\",\"contentUrl\":\"https:\\\/\\\/alexandrecenis.com\\\/wp-content\\\/uploads\\\/2020\\\/07\\\/vignette-2.png\",\"width\":1048,\"height\":442},{\"@type\":\"BreadcrumbList\",\"@id\":\"https:\\\/\\\/alexandrecenis.com\\\/index.php\\\/2020\\\/07\\\/03\\\/un-jour-il-sera-mien-oh-oui-il-sera-mien\\\/#breadcrumb\",\"itemListElement\":[{\"@type\":\"ListItem\",\"position\":1,\"name\":\"Home\",\"item\":\"https:\\\/\\\/alexandrecenis.com\\\/\"},{\"@type\":\"ListItem\",\"position\":2,\"name\":\"Un jour il sera mien..oh oui..il sera mien&#8230;.\"}]},{\"@type\":\"WebSite\",\"@id\":\"https:\\\/\\\/alexandrecenis.com\\\/#website\",\"url\":\"https:\\\/\\\/alexandrecenis.com\\\/\",\"name\":\"Alexandre Cenis\",\"description\":\"Intelligence Cr\u00e9ative\",\"potentialAction\":[{\"@type\":\"SearchAction\",\"target\":{\"@type\":\"EntryPoint\",\"urlTemplate\":\"https:\\\/\\\/alexandrecenis.com\\\/?s={search_term_string}\"},\"query-input\":{\"@type\":\"PropertyValueSpecification\",\"valueRequired\":true,\"valueName\":\"search_term_string\"}}],\"inLanguage\":\"fr-FR\"},{\"@type\":\"Person\",\"@id\":\"https:\\\/\\\/alexandrecenis.com\\\/#\\\/schema\\\/person\\\/cb034178deaf60a8602f9c700c5b1c83\",\"name\":\"admin8497\",\"image\":{\"@type\":\"ImageObject\",\"inLanguage\":\"fr-FR\",\"@id\":\"https:\\\/\\\/secure.gravatar.com\\\/avatar\\\/9586a1b4e51047e1977e647153ddd075f143e741c8e5ba4d03f6cfa4c61126fd?s=96&d=mm&r=g\",\"url\":\"https:\\\/\\\/secure.gravatar.com\\\/avatar\\\/9586a1b4e51047e1977e647153ddd075f143e741c8e5ba4d03f6cfa4c61126fd?s=96&d=mm&r=g\",\"contentUrl\":\"https:\\\/\\\/secure.gravatar.com\\\/avatar\\\/9586a1b4e51047e1977e647153ddd075f143e741c8e5ba4d03f6cfa4c61126fd?s=96&d=mm&r=g\",\"caption\":\"admin8497\"},\"url\":\"https:\\\/\\\/alexandrecenis.com\\\/index.php\\\/author\\\/admin8497\\\/\"}]}<\/script>\n<!-- \/ Yoast SEO plugin. -->","yoast_head_json":{"title":"Un jour il sera mien..oh oui..il sera mien.... - Alexandre Cenis","robots":{"index":"index","follow":"follow","max-snippet":"max-snippet:-1","max-image-preview":"max-image-preview:large","max-video-preview":"max-video-preview:-1"},"canonical":"https:\/\/alexandrecenis.com\/index.php\/2020\/07\/03\/un-jour-il-sera-mien-oh-oui-il-sera-mien\/","og_locale":"fr_FR","og_type":"article","og_title":"Un jour il sera mien..oh oui..il sera mien.... - Alexandre Cenis","og_description":"Bien le bonjour le monde digital ! Dans son tout nouveau teaser de 30 secondes intitul\u00e9 \u201cla magie n\u2019existe pas sans vous\u201d, le parc d\u2019attraction Disneyland Paris annonce sa r\u00e9ouverture le 15 juillet, au plus grand plaisir de ses fans (d\u00e9dicace \u00e0 mon copain Bertrand.) Pour ceux qui ne l\u2019auraient pas remarqu\u00e9 \u00e0 la premi\u00e8re [&hellip;]","og_url":"https:\/\/alexandrecenis.com\/index.php\/2020\/07\/03\/un-jour-il-sera-mien-oh-oui-il-sera-mien\/","og_site_name":"Alexandre Cenis","article_published_time":"2020-07-03T06:48:27+00:00","article_modified_time":"2020-07-03T06:50:30+00:00","og_image":[{"width":1048,"height":442,"url":"https:\/\/alexandrecenis.com\/wp-content\/uploads\/2020\/07\/vignette-2.png","type":"image\/png"}],"author":"admin8497","twitter_card":"summary_large_image","twitter_creator":"@alexandrecenis","twitter_site":"@alexandrecenis","twitter_misc":{"\u00c9crit par":"admin8497","Dur\u00e9e de lecture estim\u00e9e":"1 minute"},"schema":{"@context":"https:\/\/schema.org","@graph":[{"@type":"Article","@id":"https:\/\/alexandrecenis.com\/index.php\/2020\/07\/03\/un-jour-il-sera-mien-oh-oui-il-sera-mien\/#article","isPartOf":{"@id":"https:\/\/alexandrecenis.com\/index.php\/2020\/07\/03\/un-jour-il-sera-mien-oh-oui-il-sera-mien\/"},"author":{"name":"admin8497","@id":"https:\/\/alexandrecenis.com\/#\/schema\/person\/cb034178deaf60a8602f9c700c5b1c83"},"headline":"Un jour il sera mien..oh oui..il sera mien&#8230;.","datePublished":"2020-07-03T06:48:27+00:00","dateModified":"2020-07-03T06:50:30+00:00","mainEntityOfPage":{"@id":"https:\/\/alexandrecenis.com\/index.php\/2020\/07\/03\/un-jour-il-sera-mien-oh-oui-il-sera-mien\/"},"wordCount":258,"image":{"@id":"https:\/\/alexandrecenis.com\/index.php\/2020\/07\/03\/un-jour-il-sera-mien-oh-oui-il-sera-mien\/#primaryimage"},"thumbnailUrl":"https:\/\/alexandrecenis.com\/wp-content\/uploads\/2020\/07\/vignette-2.png","keywords":["disney+","disneyland paris","LGBT+","magie","out","prince"],"articleSection":["Communication"],"inLanguage":"fr-FR"},{"@type":"WebPage","@id":"https:\/\/alexandrecenis.com\/index.php\/2020\/07\/03\/un-jour-il-sera-mien-oh-oui-il-sera-mien\/","url":"https:\/\/alexandrecenis.com\/index.php\/2020\/07\/03\/un-jour-il-sera-mien-oh-oui-il-sera-mien\/","name":"Un jour il sera mien..oh oui..il sera mien.... - Alexandre Cenis","isPartOf":{"@id":"https:\/\/alexandrecenis.com\/#website"},"primaryImageOfPage":{"@id":"https:\/\/alexandrecenis.com\/index.php\/2020\/07\/03\/un-jour-il-sera-mien-oh-oui-il-sera-mien\/#primaryimage"},"image":{"@id":"https:\/\/alexandrecenis.com\/index.php\/2020\/07\/03\/un-jour-il-sera-mien-oh-oui-il-sera-mien\/#primaryimage"},"thumbnailUrl":"https:\/\/alexandrecenis.com\/wp-content\/uploads\/2020\/07\/vignette-2.png","datePublished":"2020-07-03T06:48:27+00:00","dateModified":"2020-07-03T06:50:30+00:00","author":{"@id":"https:\/\/alexandrecenis.com\/#\/schema\/person\/cb034178deaf60a8602f9c700c5b1c83"},"breadcrumb":{"@id":"https:\/\/alexandrecenis.com\/index.php\/2020\/07\/03\/un-jour-il-sera-mien-oh-oui-il-sera-mien\/#breadcrumb"},"inLanguage":"fr-FR","potentialAction":[{"@type":"ReadAction","target":["https:\/\/alexandrecenis.com\/index.php\/2020\/07\/03\/un-jour-il-sera-mien-oh-oui-il-sera-mien\/"]}]},{"@type":"ImageObject","inLanguage":"fr-FR","@id":"https:\/\/alexandrecenis.com\/index.php\/2020\/07\/03\/un-jour-il-sera-mien-oh-oui-il-sera-mien\/#primaryimage","url":"https:\/\/alexandrecenis.com\/wp-content\/uploads\/2020\/07\/vignette-2.png","contentUrl":"https:\/\/alexandrecenis.com\/wp-content\/uploads\/2020\/07\/vignette-2.png","width":1048,"height":442},{"@type":"BreadcrumbList","@id":"https:\/\/alexandrecenis.com\/index.php\/2020\/07\/03\/un-jour-il-sera-mien-oh-oui-il-sera-mien\/#breadcrumb","itemListElement":[{"@type":"ListItem","position":1,"name":"Home","item":"https:\/\/alexandrecenis.com\/"},{"@type":"ListItem","position":2,"name":"Un jour il sera mien..oh oui..il sera mien&#8230;."}]},{"@type":"WebSite","@id":"https:\/\/alexandrecenis.com\/#website","url":"https:\/\/alexandrecenis.com\/","name":"Alexandre Cenis","description":"Intelligence Cr\u00e9ative","potentialAction":[{"@type":"SearchAction","target":{"@type":"EntryPoint","urlTemplate":"https:\/\/alexandrecenis.com\/?s={search_term_string}"},"query-input":{"@type":"PropertyValueSpecification","valueRequired":true,"valueName":"search_term_string"}}],"inLanguage":"fr-FR"},{"@type":"Person","@id":"https:\/\/alexandrecenis.com\/#\/schema\/person\/cb034178deaf60a8602f9c700c5b1c83","name":"admin8497","image":{"@type":"ImageObject","inLanguage":"fr-FR","@id":"https:\/\/secure.gravatar.com\/avatar\/9586a1b4e51047e1977e647153ddd075f143e741c8e5ba4d03f6cfa4c61126fd?s=96&d=mm&r=g","url":"https:\/\/secure.gravatar.com\/avatar\/9586a1b4e51047e1977e647153ddd075f143e741c8e5ba4d03f6cfa4c61126fd?s=96&d=mm&r=g","contentUrl":"https:\/\/secure.gravatar.com\/avatar\/9586a1b4e51047e1977e647153ddd075f143e741c8e5ba4d03f6cfa4c61126fd?s=96&d=mm&r=g","caption":"admin8497"},"url":"https:\/\/alexandrecenis.com\/index.php\/author\/admin8497\/"}]}},"_links":{"self":[{"href":"https:\/\/alexandrecenis.com\/index.php\/wp-json\/wp\/v2\/posts\/2456","targetHints":{"allow":["GET"]}}],"collection":[{"href":"https:\/\/alexandrecenis.com\/index.php\/wp-json\/wp\/v2\/posts"}],"about":[{"href":"https:\/\/alexandrecenis.com\/index.php\/wp-json\/wp\/v2\/types\/post"}],"author":[{"embeddable":true,"href":"https:\/\/alexandrecenis.com\/index.php\/wp-json\/wp\/v2\/users\/1"}],"replies":[{"embeddable":true,"href":"https:\/\/alexandrecenis.com\/index.php\/wp-json\/wp\/v2\/comments?post=2456"}],"version-history":[{"count":12,"href":"https:\/\/alexandrecenis.com\/index.php\/wp-json\/wp\/v2\/posts\/2456\/revisions"}],"predecessor-version":[{"id":2472,"href":"https:\/\/alexandrecenis.com\/index.php\/wp-json\/wp\/v2\/posts\/2456\/revisions\/2472"}],"wp:featuredmedia":[{"embeddable":true,"href":"https:\/\/alexandrecenis.com\/index.php\/wp-json\/wp\/v2\/media\/2473"}],"wp:attachment":[{"href":"https:\/\/alexandrecenis.com\/index.php\/wp-json\/wp\/v2\/media?parent=2456"}],"wp:term":[{"taxonomy":"category","embeddable":true,"href":"https:\/\/alexandrecenis.com\/index.php\/wp-json\/wp\/v2\/categories?post=2456"},{"taxonomy":"post_tag","embeddable":true,"href":"https:\/\/alexandrecenis.com\/index.php\/wp-json\/wp\/v2\/tags?post=2456"}],"curies":[{"name":"wp","href":"https:\/\/api.w.org\/{rel}","templated":true}]}}