{"id":2398,"date":"2020-06-26T06:05:31","date_gmt":"2020-06-26T04:05:31","guid":{"rendered":"https:\/\/alexandrecenis.com\/?p=2398"},"modified":"2020-06-26T06:05:31","modified_gmt":"2020-06-26T04:05:31","slug":"noublions-pas-les-enfants","status":"publish","type":"post","link":"https:\/\/alexandrecenis.com\/index.php\/2020\/06\/26\/noublions-pas-les-enfants\/","title":{"rendered":"N\u2019oublions pas les enfants"},"content":{"rendered":"<p style=\"text-align: justify;\">Bien le bonjour le monde digital ! La re\u0301cente crise sanitaire a vu nos habitudes et nos modes de vie changer. L\u2019activite\u0301 de l\u2019association Tout le Monde contre le Cancer s\u2019est vue elle aussi bouleverser sans pour autant e\u0302tre stoppe\u0301e avec la mise en place de nouvelles actions spe\u0301cifiques vs le contexte sanitaire dans les ho\u0302pitaux aupre\u0300s des enfants, des familles et des soignants.<\/p>\n<p><img loading=\"lazy\" decoding=\"async\" class=\"aligncenter wp-image-2406 size-large\" src=\"https:\/\/alexandrecenis.com\/wp-content\/uploads\/2020\/06\/3-6-1024x576.png\" alt=\"\" width=\"1024\" height=\"576\" srcset=\"https:\/\/alexandrecenis.com\/wp-content\/uploads\/2020\/06\/3-6-980x551.png 980w, https:\/\/alexandrecenis.com\/wp-content\/uploads\/2020\/06\/3-6-480x270.png 480w\" sizes=\"(min-width: 0px) and (max-width: 480px) 480px, (min-width: 481px) and (max-width: 980px) 980px, (min-width: 981px) 1024px, 100vw\" \/><\/p>\n<p style=\"text-align: justify;\">Aujourd\u2019hui, la mission de Tout le monde contre le cancer se poursuit et l\u2019association se heurte a\u0300 un besoin urgent de financement pour pouvoir maintenir ses actions aupre\u0300s des enfants malades, alors me\u0302me que dans le contexte actuel tous les e\u0301v\u00e9nements qui permettaient de lever des fonds ont e\u0301te\u0301 annule\u0301s.<\/p>\n<p><img loading=\"lazy\" decoding=\"async\" class=\"aligncenter wp-image-2404 size-large\" src=\"https:\/\/alexandrecenis.com\/wp-content\/uploads\/2020\/06\/1-7-1024x576.png\" alt=\"\" width=\"1024\" height=\"576\" srcset=\"https:\/\/alexandrecenis.com\/wp-content\/uploads\/2020\/06\/1-7-980x551.png 980w, https:\/\/alexandrecenis.com\/wp-content\/uploads\/2020\/06\/1-7-480x270.png 480w\" sizes=\"(min-width: 0px) and (max-width: 480px) 480px, (min-width: 481px) and (max-width: 980px) 980px, (min-width: 981px) 1024px, 100vw\" \/><\/p>\n<p style=\"text-align: justify;\">Publicis Conseil qui accompagne Tout le Monde contre le Cancer depuis longtemps, toujours en pro bono, de cre\u0301er la premie\u0300re campagne te\u0301le\u0301vise\u0301e d\u2019appel aux dons de l\u2019association. Le film intitule\u0301 \u00abN\u2019oublions pas les enfants\u00bb met en valeur les nouvelles habitudes de chacun inte\u0301grant les dimensions sociales de soutien, de partage et d\u2019e\u0301change qui ont e\u0301te\u0301 si pre\u0301cieuses pendant cette pe\u0301riode.<\/p>\n<p><img loading=\"lazy\" decoding=\"async\" class=\"aligncenter wp-image-2405 size-large\" src=\"https:\/\/alexandrecenis.com\/wp-content\/uploads\/2020\/06\/2-6-1024x576.png\" alt=\"\" width=\"1024\" height=\"576\" srcset=\"https:\/\/alexandrecenis.com\/wp-content\/uploads\/2020\/06\/2-6-980x551.png 980w, https:\/\/alexandrecenis.com\/wp-content\/uploads\/2020\/06\/2-6-480x270.png 480w\" sizes=\"(min-width: 0px) and (max-width: 480px) 480px, (min-width: 481px) and (max-width: 980px) 980px, (min-width: 981px) 1024px, 100vw\" \/><\/p>\n<p style=\"text-align: justify;\">Il rappelle e\u0301galement que pour les enfants malades du cancer les choses n\u2019ont pas change\u0301, qu\u2019ils ont toujours besoin de nous et qu\u2019il ne faut donc pas les oublier. Le film, fide\u0300le a\u0300 la tonalite\u0301 positive de l\u2019association, est soutenu par la voix de Maurice Barthe\u0301lemy qui s\u2019est pre\u0302te\u0301 au jeu pour aider l\u2019association. Le film se conclut sur la note ultra positive de la signature de Tout le Monde contre le Cancer : \u00abTant qu\u2019il y a de la joie, il y a de la vie\u00bb.<\/p>\n<p style=\"text-align: center;\"><iframe loading=\"lazy\" src=\"https:\/\/www.youtube.com\/embed\/xjEH48ocuJ0\" width=\"560\" height=\"315\" frameborder=\"0\" allowfullscreen=\"allowfullscreen\"><\/iframe><\/p>\n","protected":false},"excerpt":{"rendered":"<p>Bien le bonjour le monde digital ! La re\u0301cente crise sanitaire a vu nos habitudes et nos modes de vie changer. L\u2019activite\u0301 de l\u2019association Tout le Monde contre le Cancer s\u2019est vue elle aussi bouleverser sans pour autant e\u0302tre stoppe\u0301e avec la mise en place de nouvelles actions spe\u0301cifiques vs le contexte sanitaire dans les [&hellip;]<\/p>\n","protected":false},"author":1,"featured_media":2406,"comment_status":"closed","ping_status":"open","sticky":false,"template":"","format":"standard","meta":{"_et_pb_use_builder":"","_et_pb_old_content":"","_et_gb_content_width":"","footnotes":""},"categories":[113],"tags":[841,844,846,843,842,845,840],"class_list":["post-2398","post","type-post","status-publish","format-standard","has-post-thumbnail","hentry","category-communication","tag-cancer","tag-enfants","tag-maurice-barthelemy","tag-noublions-pas-les-enfants","tag-publicis-conseil","tag-tant-quil-y-a-de-la-joie-il-y-a-de-la-vie","tag-tout-le-monde-contre-le-cancer"],"yoast_head":"<!-- This site is optimized with the Yoast SEO plugin v27.3 - https:\/\/yoast.com\/product\/yoast-seo-wordpress\/ -->\n<title>N\u2019oublions pas les enfants - Alexandre Cenis<\/title>\n<meta name=\"robots\" content=\"index, follow, max-snippet:-1, max-image-preview:large, max-video-preview:-1\" \/>\n<link rel=\"canonical\" href=\"https:\/\/alexandrecenis.com\/index.php\/2020\/06\/26\/noublions-pas-les-enfants\/\" \/>\n<meta property=\"og:locale\" content=\"fr_FR\" \/>\n<meta property=\"og:type\" content=\"article\" \/>\n<meta property=\"og:title\" content=\"N\u2019oublions pas les enfants - Alexandre Cenis\" \/>\n<meta property=\"og:description\" content=\"Bien le bonjour le monde digital ! La re\u0301cente crise sanitaire a vu nos habitudes et nos modes de vie changer. L\u2019activite\u0301 de l\u2019association Tout le Monde contre le Cancer s\u2019est vue elle aussi bouleverser sans pour autant e\u0302tre stoppe\u0301e avec la mise en place de nouvelles actions spe\u0301cifiques vs le contexte sanitaire dans les [&hellip;]\" \/>\n<meta property=\"og:url\" content=\"https:\/\/alexandrecenis.com\/index.php\/2020\/06\/26\/noublions-pas-les-enfants\/\" \/>\n<meta property=\"og:site_name\" content=\"Alexandre Cenis\" \/>\n<meta property=\"article:published_time\" content=\"2020-06-26T04:05:31+00:00\" \/>\n<meta property=\"og:image\" content=\"https:\/\/alexandrecenis.com\/wp-content\/uploads\/2020\/06\/3-6.png\" \/>\n\t<meta property=\"og:image:width\" content=\"1920\" \/>\n\t<meta property=\"og:image:height\" content=\"1080\" \/>\n\t<meta property=\"og:image:type\" content=\"image\/png\" \/>\n<meta name=\"author\" content=\"admin8497\" \/>\n<meta name=\"twitter:card\" content=\"summary_large_image\" \/>\n<meta name=\"twitter:creator\" content=\"@alexandrecenis\" \/>\n<meta name=\"twitter:site\" content=\"@alexandrecenis\" \/>\n<meta name=\"twitter:label1\" content=\"\u00c9crit par\" \/>\n\t<meta name=\"twitter:data1\" content=\"admin8497\" \/>\n\t<meta name=\"twitter:label2\" content=\"Dur\u00e9e de lecture estim\u00e9e\" \/>\n\t<meta name=\"twitter:data2\" content=\"2 minutes\" \/>\n<script type=\"application\/ld+json\" class=\"yoast-schema-graph\">{\"@context\":\"https:\\\/\\\/schema.org\",\"@graph\":[{\"@type\":\"Article\",\"@id\":\"https:\\\/\\\/alexandrecenis.com\\\/index.php\\\/2020\\\/06\\\/26\\\/noublions-pas-les-enfants\\\/#article\",\"isPartOf\":{\"@id\":\"https:\\\/\\\/alexandrecenis.com\\\/index.php\\\/2020\\\/06\\\/26\\\/noublions-pas-les-enfants\\\/\"},\"author\":{\"name\":\"admin8497\",\"@id\":\"https:\\\/\\\/alexandrecenis.com\\\/#\\\/schema\\\/person\\\/cb034178deaf60a8602f9c700c5b1c83\"},\"headline\":\"N\u2019oublions pas les enfants\",\"datePublished\":\"2020-06-26T04:05:31+00:00\",\"mainEntityOfPage\":{\"@id\":\"https:\\\/\\\/alexandrecenis.com\\\/index.php\\\/2020\\\/06\\\/26\\\/noublions-pas-les-enfants\\\/\"},\"wordCount\":306,\"image\":{\"@id\":\"https:\\\/\\\/alexandrecenis.com\\\/index.php\\\/2020\\\/06\\\/26\\\/noublions-pas-les-enfants\\\/#primaryimage\"},\"thumbnailUrl\":\"https:\\\/\\\/alexandrecenis.com\\\/wp-content\\\/uploads\\\/2020\\\/06\\\/3-6.png\",\"keywords\":[\"cancer\",\"enfants\",\"Maurice Barthe\u0301lemy\",\"N\u2019oublions pas les enfants\",\"Publicis Conseil\",\"Tant qu\u2019il y a de la joie il y a de la vie\",\"Tout le Monde contre le Cancer\"],\"articleSection\":[\"Communication\"],\"inLanguage\":\"fr-FR\"},{\"@type\":\"WebPage\",\"@id\":\"https:\\\/\\\/alexandrecenis.com\\\/index.php\\\/2020\\\/06\\\/26\\\/noublions-pas-les-enfants\\\/\",\"url\":\"https:\\\/\\\/alexandrecenis.com\\\/index.php\\\/2020\\\/06\\\/26\\\/noublions-pas-les-enfants\\\/\",\"name\":\"N\u2019oublions pas les enfants - Alexandre Cenis\",\"isPartOf\":{\"@id\":\"https:\\\/\\\/alexandrecenis.com\\\/#website\"},\"primaryImageOfPage\":{\"@id\":\"https:\\\/\\\/alexandrecenis.com\\\/index.php\\\/2020\\\/06\\\/26\\\/noublions-pas-les-enfants\\\/#primaryimage\"},\"image\":{\"@id\":\"https:\\\/\\\/alexandrecenis.com\\\/index.php\\\/2020\\\/06\\\/26\\\/noublions-pas-les-enfants\\\/#primaryimage\"},\"thumbnailUrl\":\"https:\\\/\\\/alexandrecenis.com\\\/wp-content\\\/uploads\\\/2020\\\/06\\\/3-6.png\",\"datePublished\":\"2020-06-26T04:05:31+00:00\",\"author\":{\"@id\":\"https:\\\/\\\/alexandrecenis.com\\\/#\\\/schema\\\/person\\\/cb034178deaf60a8602f9c700c5b1c83\"},\"breadcrumb\":{\"@id\":\"https:\\\/\\\/alexandrecenis.com\\\/index.php\\\/2020\\\/06\\\/26\\\/noublions-pas-les-enfants\\\/#breadcrumb\"},\"inLanguage\":\"fr-FR\",\"potentialAction\":[{\"@type\":\"ReadAction\",\"target\":[\"https:\\\/\\\/alexandrecenis.com\\\/index.php\\\/2020\\\/06\\\/26\\\/noublions-pas-les-enfants\\\/\"]}]},{\"@type\":\"ImageObject\",\"inLanguage\":\"fr-FR\",\"@id\":\"https:\\\/\\\/alexandrecenis.com\\\/index.php\\\/2020\\\/06\\\/26\\\/noublions-pas-les-enfants\\\/#primaryimage\",\"url\":\"https:\\\/\\\/alexandrecenis.com\\\/wp-content\\\/uploads\\\/2020\\\/06\\\/3-6.png\",\"contentUrl\":\"https:\\\/\\\/alexandrecenis.com\\\/wp-content\\\/uploads\\\/2020\\\/06\\\/3-6.png\",\"width\":1920,\"height\":1080},{\"@type\":\"BreadcrumbList\",\"@id\":\"https:\\\/\\\/alexandrecenis.com\\\/index.php\\\/2020\\\/06\\\/26\\\/noublions-pas-les-enfants\\\/#breadcrumb\",\"itemListElement\":[{\"@type\":\"ListItem\",\"position\":1,\"name\":\"Home\",\"item\":\"https:\\\/\\\/alexandrecenis.com\\\/\"},{\"@type\":\"ListItem\",\"position\":2,\"name\":\"N\u2019oublions pas les enfants\"}]},{\"@type\":\"WebSite\",\"@id\":\"https:\\\/\\\/alexandrecenis.com\\\/#website\",\"url\":\"https:\\\/\\\/alexandrecenis.com\\\/\",\"name\":\"Alexandre Cenis\",\"description\":\"Intelligence Cr\u00e9ative\",\"potentialAction\":[{\"@type\":\"SearchAction\",\"target\":{\"@type\":\"EntryPoint\",\"urlTemplate\":\"https:\\\/\\\/alexandrecenis.com\\\/?s={search_term_string}\"},\"query-input\":{\"@type\":\"PropertyValueSpecification\",\"valueRequired\":true,\"valueName\":\"search_term_string\"}}],\"inLanguage\":\"fr-FR\"},{\"@type\":\"Person\",\"@id\":\"https:\\\/\\\/alexandrecenis.com\\\/#\\\/schema\\\/person\\\/cb034178deaf60a8602f9c700c5b1c83\",\"name\":\"admin8497\",\"image\":{\"@type\":\"ImageObject\",\"inLanguage\":\"fr-FR\",\"@id\":\"https:\\\/\\\/secure.gravatar.com\\\/avatar\\\/9586a1b4e51047e1977e647153ddd075f143e741c8e5ba4d03f6cfa4c61126fd?s=96&d=mm&r=g\",\"url\":\"https:\\\/\\\/secure.gravatar.com\\\/avatar\\\/9586a1b4e51047e1977e647153ddd075f143e741c8e5ba4d03f6cfa4c61126fd?s=96&d=mm&r=g\",\"contentUrl\":\"https:\\\/\\\/secure.gravatar.com\\\/avatar\\\/9586a1b4e51047e1977e647153ddd075f143e741c8e5ba4d03f6cfa4c61126fd?s=96&d=mm&r=g\",\"caption\":\"admin8497\"},\"url\":\"https:\\\/\\\/alexandrecenis.com\\\/index.php\\\/author\\\/admin8497\\\/\"}]}<\/script>\n<!-- \/ Yoast SEO plugin. -->","yoast_head_json":{"title":"N\u2019oublions pas les enfants - Alexandre Cenis","robots":{"index":"index","follow":"follow","max-snippet":"max-snippet:-1","max-image-preview":"max-image-preview:large","max-video-preview":"max-video-preview:-1"},"canonical":"https:\/\/alexandrecenis.com\/index.php\/2020\/06\/26\/noublions-pas-les-enfants\/","og_locale":"fr_FR","og_type":"article","og_title":"N\u2019oublions pas les enfants - Alexandre Cenis","og_description":"Bien le bonjour le monde digital ! La re\u0301cente crise sanitaire a vu nos habitudes et nos modes de vie changer. L\u2019activite\u0301 de l\u2019association Tout le Monde contre le Cancer s\u2019est vue elle aussi bouleverser sans pour autant e\u0302tre stoppe\u0301e avec la mise en place de nouvelles actions spe\u0301cifiques vs le contexte sanitaire dans les [&hellip;]","og_url":"https:\/\/alexandrecenis.com\/index.php\/2020\/06\/26\/noublions-pas-les-enfants\/","og_site_name":"Alexandre Cenis","article_published_time":"2020-06-26T04:05:31+00:00","og_image":[{"width":1920,"height":1080,"url":"https:\/\/alexandrecenis.com\/wp-content\/uploads\/2020\/06\/3-6.png","type":"image\/png"}],"author":"admin8497","twitter_card":"summary_large_image","twitter_creator":"@alexandrecenis","twitter_site":"@alexandrecenis","twitter_misc":{"\u00c9crit par":"admin8497","Dur\u00e9e de lecture estim\u00e9e":"2 minutes"},"schema":{"@context":"https:\/\/schema.org","@graph":[{"@type":"Article","@id":"https:\/\/alexandrecenis.com\/index.php\/2020\/06\/26\/noublions-pas-les-enfants\/#article","isPartOf":{"@id":"https:\/\/alexandrecenis.com\/index.php\/2020\/06\/26\/noublions-pas-les-enfants\/"},"author":{"name":"admin8497","@id":"https:\/\/alexandrecenis.com\/#\/schema\/person\/cb034178deaf60a8602f9c700c5b1c83"},"headline":"N\u2019oublions pas les enfants","datePublished":"2020-06-26T04:05:31+00:00","mainEntityOfPage":{"@id":"https:\/\/alexandrecenis.com\/index.php\/2020\/06\/26\/noublions-pas-les-enfants\/"},"wordCount":306,"image":{"@id":"https:\/\/alexandrecenis.com\/index.php\/2020\/06\/26\/noublions-pas-les-enfants\/#primaryimage"},"thumbnailUrl":"https:\/\/alexandrecenis.com\/wp-content\/uploads\/2020\/06\/3-6.png","keywords":["cancer","enfants","Maurice Barthe\u0301lemy","N\u2019oublions pas les enfants","Publicis Conseil","Tant qu\u2019il y a de la joie il y a de la vie","Tout le Monde contre le Cancer"],"articleSection":["Communication"],"inLanguage":"fr-FR"},{"@type":"WebPage","@id":"https:\/\/alexandrecenis.com\/index.php\/2020\/06\/26\/noublions-pas-les-enfants\/","url":"https:\/\/alexandrecenis.com\/index.php\/2020\/06\/26\/noublions-pas-les-enfants\/","name":"N\u2019oublions pas les enfants - Alexandre Cenis","isPartOf":{"@id":"https:\/\/alexandrecenis.com\/#website"},"primaryImageOfPage":{"@id":"https:\/\/alexandrecenis.com\/index.php\/2020\/06\/26\/noublions-pas-les-enfants\/#primaryimage"},"image":{"@id":"https:\/\/alexandrecenis.com\/index.php\/2020\/06\/26\/noublions-pas-les-enfants\/#primaryimage"},"thumbnailUrl":"https:\/\/alexandrecenis.com\/wp-content\/uploads\/2020\/06\/3-6.png","datePublished":"2020-06-26T04:05:31+00:00","author":{"@id":"https:\/\/alexandrecenis.com\/#\/schema\/person\/cb034178deaf60a8602f9c700c5b1c83"},"breadcrumb":{"@id":"https:\/\/alexandrecenis.com\/index.php\/2020\/06\/26\/noublions-pas-les-enfants\/#breadcrumb"},"inLanguage":"fr-FR","potentialAction":[{"@type":"ReadAction","target":["https:\/\/alexandrecenis.com\/index.php\/2020\/06\/26\/noublions-pas-les-enfants\/"]}]},{"@type":"ImageObject","inLanguage":"fr-FR","@id":"https:\/\/alexandrecenis.com\/index.php\/2020\/06\/26\/noublions-pas-les-enfants\/#primaryimage","url":"https:\/\/alexandrecenis.com\/wp-content\/uploads\/2020\/06\/3-6.png","contentUrl":"https:\/\/alexandrecenis.com\/wp-content\/uploads\/2020\/06\/3-6.png","width":1920,"height":1080},{"@type":"BreadcrumbList","@id":"https:\/\/alexandrecenis.com\/index.php\/2020\/06\/26\/noublions-pas-les-enfants\/#breadcrumb","itemListElement":[{"@type":"ListItem","position":1,"name":"Home","item":"https:\/\/alexandrecenis.com\/"},{"@type":"ListItem","position":2,"name":"N\u2019oublions pas les enfants"}]},{"@type":"WebSite","@id":"https:\/\/alexandrecenis.com\/#website","url":"https:\/\/alexandrecenis.com\/","name":"Alexandre Cenis","description":"Intelligence Cr\u00e9ative","potentialAction":[{"@type":"SearchAction","target":{"@type":"EntryPoint","urlTemplate":"https:\/\/alexandrecenis.com\/?s={search_term_string}"},"query-input":{"@type":"PropertyValueSpecification","valueRequired":true,"valueName":"search_term_string"}}],"inLanguage":"fr-FR"},{"@type":"Person","@id":"https:\/\/alexandrecenis.com\/#\/schema\/person\/cb034178deaf60a8602f9c700c5b1c83","name":"admin8497","image":{"@type":"ImageObject","inLanguage":"fr-FR","@id":"https:\/\/secure.gravatar.com\/avatar\/9586a1b4e51047e1977e647153ddd075f143e741c8e5ba4d03f6cfa4c61126fd?s=96&d=mm&r=g","url":"https:\/\/secure.gravatar.com\/avatar\/9586a1b4e51047e1977e647153ddd075f143e741c8e5ba4d03f6cfa4c61126fd?s=96&d=mm&r=g","contentUrl":"https:\/\/secure.gravatar.com\/avatar\/9586a1b4e51047e1977e647153ddd075f143e741c8e5ba4d03f6cfa4c61126fd?s=96&d=mm&r=g","caption":"admin8497"},"url":"https:\/\/alexandrecenis.com\/index.php\/author\/admin8497\/"}]}},"_links":{"self":[{"href":"https:\/\/alexandrecenis.com\/index.php\/wp-json\/wp\/v2\/posts\/2398","targetHints":{"allow":["GET"]}}],"collection":[{"href":"https:\/\/alexandrecenis.com\/index.php\/wp-json\/wp\/v2\/posts"}],"about":[{"href":"https:\/\/alexandrecenis.com\/index.php\/wp-json\/wp\/v2\/types\/post"}],"author":[{"embeddable":true,"href":"https:\/\/alexandrecenis.com\/index.php\/wp-json\/wp\/v2\/users\/1"}],"replies":[{"embeddable":true,"href":"https:\/\/alexandrecenis.com\/index.php\/wp-json\/wp\/v2\/comments?post=2398"}],"version-history":[{"count":5,"href":"https:\/\/alexandrecenis.com\/index.php\/wp-json\/wp\/v2\/posts\/2398\/revisions"}],"predecessor-version":[{"id":2409,"href":"https:\/\/alexandrecenis.com\/index.php\/wp-json\/wp\/v2\/posts\/2398\/revisions\/2409"}],"wp:featuredmedia":[{"embeddable":true,"href":"https:\/\/alexandrecenis.com\/index.php\/wp-json\/wp\/v2\/media\/2406"}],"wp:attachment":[{"href":"https:\/\/alexandrecenis.com\/index.php\/wp-json\/wp\/v2\/media?parent=2398"}],"wp:term":[{"taxonomy":"category","embeddable":true,"href":"https:\/\/alexandrecenis.com\/index.php\/wp-json\/wp\/v2\/categories?post=2398"},{"taxonomy":"post_tag","embeddable":true,"href":"https:\/\/alexandrecenis.com\/index.php\/wp-json\/wp\/v2\/tags?post=2398"}],"curies":[{"name":"wp","href":"https:\/\/api.w.org\/{rel}","templated":true}]}}